{"id":8745,"date":"2023-09-18T13:39:16","date_gmt":"2023-09-18T10:39:16","guid":{"rendered":"http:\/\/aynakol.org\/?p=8745"},"modified":"2023-09-18T14:19:08","modified_gmt":"2023-09-18T11:19:08","slug":"la-vuelta-a-espana-2023-21-etap-son","status":"publish","type":"post","link":"http:\/\/aynakol.org\/?p=8745","title":{"rendered":"La Vuelta a Espana 2023 21. ve de Kapan\u0131\u015f Etab\u0131: Madrid de Son Ka\u00e7\u0131\u015f!"},"content":{"rendered":"<p><span style=\"font-family: georgia, palatino, serif; font-size: 12pt;\">Madrid kentinni binalar aras\u0131nda uzanan geni\u015f bulvarlar\u0131nda sona eren kapan\u0131\u015f etab\u0131nda Kaden Groves kimseye yar etmedi zaferini! G\u00fc\u00e7l\u00fc rakipleri Ganna, Evenepoel Denz \u00f6n\u00fcnde a\u00e7\u0131k ara kazanarak \u00fc\u00e7\u00fcnc\u00fc etap zaferine ula\u015ft\u0131, ye\u015fil mayosunu ta\u00e7land\u0131rd\u0131.<br \/>\n<\/span><\/p>\n<div id=\"attachment_8733\" style=\"width: 870px\" class=\"wp-caption aligncenter\"><img data-recalc-dims=\"1\" loading=\"lazy\" decoding=\"async\" aria-describedby=\"caption-attachment-8733\" data-attachment-id=\"8733\" data-permalink=\"http:\/\/aynakol.org\/?attachment_id=8733\" data-orig-file=\"https:\/\/i0.wp.com\/aynakol.org\/wp-content\/uploads\/2023\/09\/screenshot_20230917_211350_instagram758032246410277514.jpg?fit=1079%2C1077\" data-orig-size=\"1079,1077\" data-comments-opened=\"1\" data-image-meta=\"{&quot;aperture&quot;:&quot;0&quot;,&quot;credit&quot;:&quot;&quot;,&quot;camera&quot;:&quot;&quot;,&quot;caption&quot;:&quot;&quot;,&quot;created_timestamp&quot;:&quot;0&quot;,&quot;copyright&quot;:&quot;&quot;,&quot;focal_length&quot;:&quot;0&quot;,&quot;iso&quot;:&quot;0&quot;,&quot;shutter_speed&quot;:&quot;0&quot;,&quot;title&quot;:&quot;&quot;,&quot;orientation&quot;:&quot;0&quot;}\" data-image-title=\"screenshot_20230917_211350_instagram758032246410277514\" data-image-description=\"\" data-image-caption=\"\" data-large-file=\"https:\/\/i0.wp.com\/aynakol.org\/wp-content\/uploads\/2023\/09\/screenshot_20230917_211350_instagram758032246410277514.jpg?fit=860%2C858\" class=\"wp-image-8733 size-large\" src=\"https:\/\/i0.wp.com\/aynakol.org\/wp-content\/uploads\/2023\/09\/screenshot_20230917_211350_instagram758032246410277514.jpg?resize=860%2C858\" alt=\"\" width=\"860\" height=\"858\" srcset=\"https:\/\/i0.wp.com\/aynakol.org\/wp-content\/uploads\/2023\/09\/screenshot_20230917_211350_instagram758032246410277514.jpg?resize=1024%2C1022 1024w, https:\/\/i0.wp.com\/aynakol.org\/wp-content\/uploads\/2023\/09\/screenshot_20230917_211350_instagram758032246410277514.jpg?resize=300%2C300 300w, https:\/\/i0.wp.com\/aynakol.org\/wp-content\/uploads\/2023\/09\/screenshot_20230917_211350_instagram758032246410277514.jpg?resize=150%2C150 150w, https:\/\/i0.wp.com\/aynakol.org\/wp-content\/uploads\/2023\/09\/screenshot_20230917_211350_instagram758032246410277514.jpg?resize=768%2C767 768w, https:\/\/i0.wp.com\/aynakol.org\/wp-content\/uploads\/2023\/09\/screenshot_20230917_211350_instagram758032246410277514.jpg?w=1079 1079w\" sizes=\"auto, (max-width: 860px) 100vw, 860px\" \/><p id=\"caption-attachment-8733\" class=\"wp-caption-text\">\u00dc\u00e7\u00fcnc\u00fc etap zaferi ile birlikte ye\u015fil mayo teker fark\u0131yla kazan\u0131ld\u0131!<\/p><\/div>\n<p>&nbsp;<\/p>\n<p><span style=\"font-family: georgia, palatino, serif; font-size: 12pt;\"><span class=\"css-901oao css-16my406 r-poiln3 r-bcqeeo r-qvutc0\">Remco Evenepoel, ne zaman ki Madrid tabelas\u0131 g\u00f6r\u00fcnd\u00fc peloton i\u00e7inden ok gibi f\u0131rlayarak \u00f6ne at\u0131ld\u0131 ve neredeyse <a href=\"https:\/\/dai.ly\/x8o4wbj\" target=\"_blank\" rel=\"noopener\">bir tur tek ki\u015filik bir ka\u00e7\u0131\u015fa ba\u015flad\u0131.<\/a> <\/span><\/span><span style=\"font-family: georgia, palatino, serif; font-size: 12pt;\"><span class=\"css-901oao css-16my406 r-poiln3 r-bcqeeo r-qvutc0\">Kendisini yakalayan Nico Denz, Filippo Ganna, Kaden Groves Madrid de at\u0131lan turlar boyunca ka\u00e7arak etap kazanma f\u0131rsat\u0131 yaratmak isteseler de 15 saniyeden fazla bir fazla a\u00e7may\u0131nca son tur Remco pedaldan aya\u011f\u0131n\u0131 \u00e7ekti, peloton da heresi yakalamak i\u00e7in gaza y\u00fcklendi! <\/span><\/span><\/p>\n<p>&nbsp;<\/p>\n<div id=\"attachment_8753\" style=\"width: 870px\" class=\"wp-caption aligncenter\"><img data-recalc-dims=\"1\" loading=\"lazy\" decoding=\"async\" aria-describedby=\"caption-attachment-8753\" data-attachment-id=\"8753\" data-permalink=\"http:\/\/aynakol.org\/?attachment_id=8753\" data-orig-file=\"https:\/\/i0.wp.com\/aynakol.org\/wp-content\/uploads\/2023\/09\/LaVuelta2023_stage21_final_breakway_0-scaled.jpeg?fit=2560%2C1707\" data-orig-size=\"2560,1707\" data-comments-opened=\"1\" data-image-meta=\"{&quot;aperture&quot;:&quot;0&quot;,&quot;credit&quot;:&quot;&quot;,&quot;camera&quot;:&quot;&quot;,&quot;caption&quot;:&quot;&quot;,&quot;created_timestamp&quot;:&quot;0&quot;,&quot;copyright&quot;:&quot;&quot;,&quot;focal_length&quot;:&quot;0&quot;,&quot;iso&quot;:&quot;0&quot;,&quot;shutter_speed&quot;:&quot;0&quot;,&quot;title&quot;:&quot;&quot;,&quot;orientation&quot;:&quot;0&quot;}\" data-image-title=\"LaVuelta2023_stage21_final_breakway_0\" data-image-description=\"\" data-image-caption=\"\" data-large-file=\"https:\/\/i0.wp.com\/aynakol.org\/wp-content\/uploads\/2023\/09\/LaVuelta2023_stage21_final_breakway_0-scaled.jpeg?fit=860%2C574\" class=\"wp-image-8753 size-large\" src=\"https:\/\/i0.wp.com\/aynakol.org\/wp-content\/uploads\/2023\/09\/LaVuelta2023_stage21_final_breakway_0.jpeg?resize=860%2C574\" alt=\"\" width=\"860\" height=\"574\" srcset=\"https:\/\/i0.wp.com\/aynakol.org\/wp-content\/uploads\/2023\/09\/LaVuelta2023_stage21_final_breakway_0-scaled.jpeg?resize=1024%2C683 1024w, https:\/\/i0.wp.com\/aynakol.org\/wp-content\/uploads\/2023\/09\/LaVuelta2023_stage21_final_breakway_0-scaled.jpeg?resize=300%2C200 300w, https:\/\/i0.wp.com\/aynakol.org\/wp-content\/uploads\/2023\/09\/LaVuelta2023_stage21_final_breakway_0-scaled.jpeg?resize=768%2C512 768w, https:\/\/i0.wp.com\/aynakol.org\/wp-content\/uploads\/2023\/09\/LaVuelta2023_stage21_final_breakway_0-scaled.jpeg?resize=1536%2C1024 1536w, https:\/\/i0.wp.com\/aynakol.org\/wp-content\/uploads\/2023\/09\/LaVuelta2023_stage21_final_breakway_0-scaled.jpeg?resize=2048%2C1366 2048w, https:\/\/i0.wp.com\/aynakol.org\/wp-content\/uploads\/2023\/09\/LaVuelta2023_stage21_final_breakway_0-scaled.jpeg?w=1720 1720w\" sizes=\"auto, (max-width: 860px) 100vw, 860px\" \/><p id=\"caption-attachment-8753\" class=\"wp-caption-text\">Remco \u00e7ok \u00e7al\u0131\u015fsa da etap zaferi i\u00e7in, Kaden Groves daha g\u00fc\u00e7l\u00fc bacaklara sahipti.<\/p><\/div>\n<p>&nbsp;<\/p>\n<p>&nbsp;<\/p>\n<p><span style=\"font-family: georgia, palatino, serif; font-size: 12pt;\"><span class=\"css-901oao css-16my406 r-poiln3 r-bcqeeo r-qvutc0\">Silkelenememi\u015f bir Kaden Groves ve Filippo Ganna ile sprintte ba\u015f edemeyece\u011fini anlayan Remco son 500 metrede iyice yava\u015flasa da atak yap\u0131p kopmaya \u00e7al\u0131\u015fmaktan da geri durmad\u0131, ancak hem Ganna hem de Groves kendisinden olduk\u00e7a g\u00fc\u00e7l\u00fcyd\u00fc ve Remconun bedava lead-out man g\u00f6revini iyi de\u011ferlendiren Kaden Groves s\u0131rt\u0131ndaki ye\u015fil mayonun hakk\u0131n\u0131 bir kez daha vererek etab\u0131 kazand\u0131! Bu zaferle birlikte tak\u0131m i\u00e7inde gelecek sezon herkes yerinde kal\u0131rsa, Jasper Philipsen, Mathieu van der Poel ve Kaden Groves aras\u0131nda s\u0131k\u0131 bir sprinter m\u00fccadelesini g\u00f6rece\u011fiz!<br \/>\n<\/span><\/span><\/p>\n<p>&nbsp;<\/p>\n<p><span style=\"font-size: 14pt; font-family: georgia, palatino, serif;\"><strong>El Ultimo Kilometro<\/strong><\/span><\/p>\n<p><iframe loading=\"lazy\" title=\"YouTube video player\" src=\"\/\/www.youtube.com\/embed\/SfaYF8fuyHY?si=PsGG8neT5nd_F__M\" width=\"560\" height=\"315\" frameborder=\"0\" allowfullscreen=\"allowfullscreen\"><\/iframe><\/p>\n<p>&nbsp;<\/p>\n<p>&nbsp;<\/p>\n<div id=\"attachment_8760\" style=\"width: 870px\" class=\"wp-caption aligncenter\"><img data-recalc-dims=\"1\" loading=\"lazy\" decoding=\"async\" aria-describedby=\"caption-attachment-8760\" data-attachment-id=\"8760\" data-permalink=\"http:\/\/aynakol.org\/?attachment_id=8760\" data-orig-file=\"https:\/\/i0.wp.com\/aynakol.org\/wp-content\/uploads\/2023\/09\/LaVuelta2023_all_jersey_leaders_ride_together.jpeg?fit=2000%2C1333\" data-orig-size=\"2000,1333\" data-comments-opened=\"1\" data-image-meta=\"{&quot;aperture&quot;:&quot;0&quot;,&quot;credit&quot;:&quot;&quot;,&quot;camera&quot;:&quot;&quot;,&quot;caption&quot;:&quot;&quot;,&quot;created_timestamp&quot;:&quot;0&quot;,&quot;copyright&quot;:&quot;&quot;,&quot;focal_length&quot;:&quot;0&quot;,&quot;iso&quot;:&quot;0&quot;,&quot;shutter_speed&quot;:&quot;0&quot;,&quot;title&quot;:&quot;&quot;,&quot;orientation&quot;:&quot;0&quot;}\" data-image-title=\"LaVuelta2023_all_jersey_leaders_ride_together\" data-image-description=\"\" data-image-caption=\"\" data-large-file=\"https:\/\/i0.wp.com\/aynakol.org\/wp-content\/uploads\/2023\/09\/LaVuelta2023_all_jersey_leaders_ride_together.jpeg?fit=860%2C573\" class=\"wp-image-8760 size-large\" src=\"https:\/\/i0.wp.com\/aynakol.org\/wp-content\/uploads\/2023\/09\/LaVuelta2023_all_jersey_leaders_ride_together.jpeg?resize=860%2C573\" alt=\"\" width=\"860\" height=\"573\" srcset=\"https:\/\/i0.wp.com\/aynakol.org\/wp-content\/uploads\/2023\/09\/LaVuelta2023_all_jersey_leaders_ride_together.jpeg?resize=1024%2C682 1024w, https:\/\/i0.wp.com\/aynakol.org\/wp-content\/uploads\/2023\/09\/LaVuelta2023_all_jersey_leaders_ride_together.jpeg?resize=300%2C200 300w, https:\/\/i0.wp.com\/aynakol.org\/wp-content\/uploads\/2023\/09\/LaVuelta2023_all_jersey_leaders_ride_together.jpeg?resize=768%2C512 768w, https:\/\/i0.wp.com\/aynakol.org\/wp-content\/uploads\/2023\/09\/LaVuelta2023_all_jersey_leaders_ride_together.jpeg?resize=1536%2C1024 1536w, https:\/\/i0.wp.com\/aynakol.org\/wp-content\/uploads\/2023\/09\/LaVuelta2023_all_jersey_leaders_ride_together.jpeg?w=2000 2000w, https:\/\/i0.wp.com\/aynakol.org\/wp-content\/uploads\/2023\/09\/LaVuelta2023_all_jersey_leaders_ride_together.jpeg?w=1720 1720w\" sizes=\"auto, (max-width: 860px) 100vw, 860px\" \/><p id=\"caption-attachment-8760\" class=\"wp-caption-text\">Da\u011flar\u0131n Kral\u0131 Remco Evenepoel, La Roja Sepp Kuss, Beyaz Mayo Juan Ayuso ve en h\u0131zl\u0131 pedal Ye\u015fil Mayo Kaden Groves!<\/p><\/div>\n<p>&nbsp;<\/p>\n<p><span style=\"font-size: 12pt; font-family: georgia, palatino, serif;\">Etab\u0131n ba\u015f\u0131nda adettendir mayo liderleri Sepp Kuss, Kaden Groves, Remco Evenepoel ve Juan Ayuso <a href=\"https:\/\/dai.ly\/x8o4txw\" target=\"_blank\" rel=\"noopener\">kol kola zafer pozlar\u0131 verip<\/a> pedallarken bir sonraki zafer turu s\u0131ras\u0131 2023 sezonunu An\u0131tsal Klasikler hari\u00e7 dolu dolu ve de rakipsiz ge\u00e7iren \u00fc\u00e7 b\u00fcy\u00fck turu da tek bir sezonda \u00fc\u00e7 farkl\u0131 isimle kazanan <a href=\"https:\/\/dai.ly\/x8o4u27\" target=\"_blank\" rel=\"noopener\">Jumbo-Visma i\u00e7indi. <\/a><\/span><\/p>\n<p>&nbsp;<\/p>\n<div id=\"attachment_8757\" style=\"width: 870px\" class=\"wp-caption aligncenter\"><img data-recalc-dims=\"1\" loading=\"lazy\" decoding=\"async\" aria-describedby=\"caption-attachment-8757\" data-attachment-id=\"8757\" data-permalink=\"http:\/\/aynakol.org\/?attachment_id=8757\" data-orig-file=\"https:\/\/i0.wp.com\/aynakol.org\/wp-content\/uploads\/2023\/09\/colouring_history_2023_jumbovisma_1.jpeg?fit=2000%2C1205\" data-orig-size=\"2000,1205\" data-comments-opened=\"1\" data-image-meta=\"{&quot;aperture&quot;:&quot;0&quot;,&quot;credit&quot;:&quot;&quot;,&quot;camera&quot;:&quot;&quot;,&quot;caption&quot;:&quot;&quot;,&quot;created_timestamp&quot;:&quot;0&quot;,&quot;copyright&quot;:&quot;&quot;,&quot;focal_length&quot;:&quot;0&quot;,&quot;iso&quot;:&quot;0&quot;,&quot;shutter_speed&quot;:&quot;0&quot;,&quot;title&quot;:&quot;&quot;,&quot;orientation&quot;:&quot;0&quot;}\" data-image-title=\"colouring_history_2023_jumbovisma_1\" data-image-description=\"\" data-image-caption=\"\" data-large-file=\"https:\/\/i0.wp.com\/aynakol.org\/wp-content\/uploads\/2023\/09\/colouring_history_2023_jumbovisma_1.jpeg?fit=860%2C518\" class=\"wp-image-8757 size-large\" src=\"https:\/\/i0.wp.com\/aynakol.org\/wp-content\/uploads\/2023\/09\/colouring_history_2023_jumbovisma_1.jpeg?resize=860%2C518\" alt=\"\" width=\"860\" height=\"518\" srcset=\"https:\/\/i0.wp.com\/aynakol.org\/wp-content\/uploads\/2023\/09\/colouring_history_2023_jumbovisma_1.jpeg?resize=1024%2C617 1024w, https:\/\/i0.wp.com\/aynakol.org\/wp-content\/uploads\/2023\/09\/colouring_history_2023_jumbovisma_1.jpeg?resize=300%2C181 300w, https:\/\/i0.wp.com\/aynakol.org\/wp-content\/uploads\/2023\/09\/colouring_history_2023_jumbovisma_1.jpeg?resize=768%2C463 768w, https:\/\/i0.wp.com\/aynakol.org\/wp-content\/uploads\/2023\/09\/colouring_history_2023_jumbovisma_1.jpeg?resize=1536%2C925 1536w, https:\/\/i0.wp.com\/aynakol.org\/wp-content\/uploads\/2023\/09\/colouring_history_2023_jumbovisma_1.jpeg?w=2000 2000w, https:\/\/i0.wp.com\/aynakol.org\/wp-content\/uploads\/2023\/09\/colouring_history_2023_jumbovisma_1.jpeg?w=1720 1720w\" sizes=\"auto, (max-width: 860px) 100vw, 860px\" \/><p id=\"caption-attachment-8757\" class=\"wp-caption-text\">Jumbo-Visma \u00fc\u00e7 b\u00fcy\u00fck turu da tek bir sezonda kazanman\u0131n an\u0131s\u0131na, pembe, sar\u0131 ve k\u0131rm\u0131z\u0131 \u00e7izlilerle tamamlanm\u0131\u015f, cezas\u0131 neyse \u00f6denerek, tabii \u00f6nceden haber verdilerse ba\u015fka, \u00f6zel tasarlanan Colouring History 2023 temal\u0131 formalarla etaba ba\u015flad\u0131.<\/p><\/div>\n<p>&nbsp;<\/p>\n<p><span style=\"font-size: 12pt; font-family: georgia, palatino, serif;\">Madrid \u015fehrinin geni\u015f bulvarlar\u0131nda at\u0131lacak son zafer turuna dek yar\u0131\u015fmay\u0131 bir kenara b\u0131rakan pelotonda tak\u0131m arabalar\u0131ndan bira ve \u015fampanyalar elden ele uzat\u0131ld\u0131, vedala\u015fmalar, sezon kapan\u0131\u015f\u0131, emeklilik, kutlamalar i\u00e7inde pedallad\u0131.<\/span><\/p>\n<p>&nbsp;<\/p>\n<p><span style=\"font-size: 14pt; font-family: georgia, palatino, serif;\"><strong>Etab\u0131n \u00d6ne \u00c7\u0131kan Anlar\u0131<\/strong><\/span><\/p>\n<p><iframe loading=\"lazy\" title=\"YouTube video player\" src=\"\/\/www.youtube.com\/embed\/3QtyYy8Gx6s?si=EJ-oSsujgtTjLumC\" width=\"560\" height=\"315\" frameborder=\"0\" allowfullscreen=\"allowfullscreen\"><\/iframe><\/p>\n<p>&nbsp;<\/p>\n<p><span style=\"font-size: 12pt; font-family: georgia, palatino, serif;\">21 g\u00fcn\u00fcn sonunda Sepp Kuss, kazand\u0131\u011f\u0131 <a href=\"http:\/\/aynakol.org\/2023\/09\/01\/la-vuelta-a-espana-2023-7-etap\/\" target=\"_blank\" rel=\"noopener\">6. Etap<\/a> sonras\u0131 elde etti\u011fi zaman fark\u0131n\u0131 avantaja \u00e7evirip <a href=\"http:\/\/aynakol.org\/2023\/09\/03\/la-vuelta-a-espana-2023-9-etap\/\" target=\"_blank\" rel=\"noopener\">8. Etapta<\/a> emanet\u00e7i Lenny Martinezin s\u0131rt\u0131ndan \u00e7ekip ald\u0131\u011f\u0131 Maillot Rojay\u0131, di\u011fer tak\u0131mlardan \u00e7ok kendi tak\u0131m arkada\u015flar\u0131 Jonas Vingegaard ve Primoz Roglicin ataklar\u0131na kar\u015f\u0131 kah zaman kaybederek, kah tutunarak Madride dek ta\u015f\u0131mas\u0131n\u0131 bildi. <\/span><\/p>\n<div id=\"attachment_8771\" style=\"width: 870px\" class=\"wp-caption aligncenter\"><img data-recalc-dims=\"1\" loading=\"lazy\" decoding=\"async\" aria-describedby=\"caption-attachment-8771\" data-attachment-id=\"8771\" data-permalink=\"http:\/\/aynakol.org\/?attachment_id=8771\" data-orig-file=\"https:\/\/i0.wp.com\/aynakol.org\/wp-content\/uploads\/2023\/09\/LaVuelta2023_stage21_la_roja_Sepp_Kuss_1.jpeg?fit=2048%2C1366\" data-orig-size=\"2048,1366\" data-comments-opened=\"1\" data-image-meta=\"{&quot;aperture&quot;:&quot;0&quot;,&quot;credit&quot;:&quot;&quot;,&quot;camera&quot;:&quot;&quot;,&quot;caption&quot;:&quot;&quot;,&quot;created_timestamp&quot;:&quot;0&quot;,&quot;copyright&quot;:&quot;&quot;,&quot;focal_length&quot;:&quot;0&quot;,&quot;iso&quot;:&quot;0&quot;,&quot;shutter_speed&quot;:&quot;0&quot;,&quot;title&quot;:&quot;&quot;,&quot;orientation&quot;:&quot;0&quot;}\" data-image-title=\"LaVuelta2023_stage21_la_roja_Sepp_Kuss_1\" data-image-description=\"\" data-image-caption=\"\" data-large-file=\"https:\/\/i0.wp.com\/aynakol.org\/wp-content\/uploads\/2023\/09\/LaVuelta2023_stage21_la_roja_Sepp_Kuss_1.jpeg?fit=860%2C574\" class=\"wp-image-8771 size-large\" src=\"https:\/\/i0.wp.com\/aynakol.org\/wp-content\/uploads\/2023\/09\/LaVuelta2023_stage21_la_roja_Sepp_Kuss_1.jpeg?resize=860%2C574\" alt=\"\" width=\"860\" height=\"574\" srcset=\"https:\/\/i0.wp.com\/aynakol.org\/wp-content\/uploads\/2023\/09\/LaVuelta2023_stage21_la_roja_Sepp_Kuss_1.jpeg?resize=1024%2C683 1024w, https:\/\/i0.wp.com\/aynakol.org\/wp-content\/uploads\/2023\/09\/LaVuelta2023_stage21_la_roja_Sepp_Kuss_1.jpeg?resize=300%2C200 300w, https:\/\/i0.wp.com\/aynakol.org\/wp-content\/uploads\/2023\/09\/LaVuelta2023_stage21_la_roja_Sepp_Kuss_1.jpeg?resize=768%2C512 768w, https:\/\/i0.wp.com\/aynakol.org\/wp-content\/uploads\/2023\/09\/LaVuelta2023_stage21_la_roja_Sepp_Kuss_1.jpeg?resize=1536%2C1025 1536w, https:\/\/i0.wp.com\/aynakol.org\/wp-content\/uploads\/2023\/09\/LaVuelta2023_stage21_la_roja_Sepp_Kuss_1.jpeg?w=2048 2048w, https:\/\/i0.wp.com\/aynakol.org\/wp-content\/uploads\/2023\/09\/LaVuelta2023_stage21_la_roja_Sepp_Kuss_1.jpeg?w=1720 1720w\" sizes=\"auto, (max-width: 860px) 100vw, 860px\" \/><p id=\"caption-attachment-8771\" class=\"wp-caption-text\">Domestiksin sen, domestik kal diyenlere inat, kariyerinin tam ortas\u0131nda \u015fampiyonluklar yaratmaktan kendi \u015fampiyonlu\u011funa&#8230; Sepp Kuss, La Vuelta a Espana 2023 \u015fampiyonu!<\/p><\/div>\n<p>&nbsp;<\/p>\n<p><span style=\"font-size: 12pt; font-family: georgia, palatino, serif;\">Podyumu komple kapatan Hollandal\u0131 ekip Jumbo-Visma tak\u0131m olarak muzaffer olsa da podyumun di\u011fer iki basama\u011f\u0131ndaki Jonas Vingegaard ve Primoz Roglicin i\u00e7leri so\u011fumu\u015f mudur bilemiyoruz. \u0130kincinin iki kez Le Tour de France, \u00fc\u00e7\u00fcnc\u00fcn\u00fcn de \u00fc\u00e7 kez La Vuelta a Espana ve bir de Giro d&#8217;Italia kazanm\u0131\u015fken, bu \u015fampiyonluklarda eme\u011finin b\u00fcy\u00fck oldu\u011funu s\u00fcrekli dile getirdikleri <em>s\u00fcper domestik <\/em>Sepp Kussun arkas\u0131nda kalmak tabii ki yeni bir rakibin kendi i\u00e7lerinden \u00e7\u0131kmas\u0131yla garip hissettirmi\u015ftir. Ama bisikletin, sporun do\u011fas\u0131nda rekabet var ve f\u0131rsat kap\u0131s\u0131n\u0131 g\u00f6r\u00fcp de aralayan tabii ki zafer yolunda pedallayacak. Bu kez, zafer yolu Sepp Kussun \u00f6n\u00fcnde araland\u0131.<br \/>\n<\/span><\/p>\n<p>&nbsp;<\/p>\n<p><img data-recalc-dims=\"1\" loading=\"lazy\" decoding=\"async\" data-attachment-id=\"8748\" data-permalink=\"http:\/\/aynakol.org\/?attachment_id=8748\" data-orig-file=\"https:\/\/i0.wp.com\/aynakol.org\/wp-content\/uploads\/2023\/09\/LaVuelta2023_overall_podium_vingegaard_kuss_roglic.jpeg?fit=2000%2C1333\" data-orig-size=\"2000,1333\" data-comments-opened=\"1\" data-image-meta=\"{&quot;aperture&quot;:&quot;0&quot;,&quot;credit&quot;:&quot;&quot;,&quot;camera&quot;:&quot;&quot;,&quot;caption&quot;:&quot;&quot;,&quot;created_timestamp&quot;:&quot;0&quot;,&quot;copyright&quot;:&quot;&quot;,&quot;focal_length&quot;:&quot;0&quot;,&quot;iso&quot;:&quot;0&quot;,&quot;shutter_speed&quot;:&quot;0&quot;,&quot;title&quot;:&quot;&quot;,&quot;orientation&quot;:&quot;0&quot;}\" data-image-title=\"LaVuelta2023_overall_podium_vingegaard_kuss_roglic\" data-image-description=\"\" data-image-caption=\"\" data-large-file=\"https:\/\/i0.wp.com\/aynakol.org\/wp-content\/uploads\/2023\/09\/LaVuelta2023_overall_podium_vingegaard_kuss_roglic.jpeg?fit=860%2C573\" class=\"aligncenter size-large wp-image-8748\" src=\"https:\/\/i0.wp.com\/aynakol.org\/wp-content\/uploads\/2023\/09\/LaVuelta2023_overall_podium_vingegaard_kuss_roglic.jpeg?resize=860%2C573\" alt=\"\" width=\"860\" height=\"573\" srcset=\"https:\/\/i0.wp.com\/aynakol.org\/wp-content\/uploads\/2023\/09\/LaVuelta2023_overall_podium_vingegaard_kuss_roglic.jpeg?resize=1024%2C682 1024w, https:\/\/i0.wp.com\/aynakol.org\/wp-content\/uploads\/2023\/09\/LaVuelta2023_overall_podium_vingegaard_kuss_roglic.jpeg?resize=300%2C200 300w, https:\/\/i0.wp.com\/aynakol.org\/wp-content\/uploads\/2023\/09\/LaVuelta2023_overall_podium_vingegaard_kuss_roglic.jpeg?resize=768%2C512 768w, https:\/\/i0.wp.com\/aynakol.org\/wp-content\/uploads\/2023\/09\/LaVuelta2023_overall_podium_vingegaard_kuss_roglic.jpeg?resize=1536%2C1024 1536w, https:\/\/i0.wp.com\/aynakol.org\/wp-content\/uploads\/2023\/09\/LaVuelta2023_overall_podium_vingegaard_kuss_roglic.jpeg?w=2000 2000w, https:\/\/i0.wp.com\/aynakol.org\/wp-content\/uploads\/2023\/09\/LaVuelta2023_overall_podium_vingegaard_kuss_roglic.jpeg?w=1720 1720w\" sizes=\"auto, (max-width: 860px) 100vw, 860px\" \/><\/p>\n<p>&nbsp;<\/p>\n<p><span style=\"font-size: 12pt; font-family: georgia, palatino, serif;\">Remco Evenepoel, da\u011flar\u0131n kral\u0131 mayosu ve son haftada yapt\u0131\u011f\u0131 hatta son etab\u0131n son metrelerine dek devam ettirdi\u011fi ataklar, ka\u00e7\u0131\u015flar ve zaferlerle en m\u00fccadeleci sporcu \u00f6d\u00fcl\u00fcne lay\u0131k g\u00f6r\u00fcl\u00fcrken, pek parlak bir yar\u0131\u015f pedallamasa da Juan Ayuso da beyaz mayo klasman\u0131n\u0131 lider tamamlad\u0131. <\/span><\/p>\n<p>&nbsp;<\/p>\n<div id=\"attachment_8739\" style=\"width: 870px\" class=\"wp-caption aligncenter\"><img data-recalc-dims=\"1\" loading=\"lazy\" decoding=\"async\" aria-describedby=\"caption-attachment-8739\" data-attachment-id=\"8739\" data-permalink=\"http:\/\/aynakol.org\/?attachment_id=8739\" data-orig-file=\"https:\/\/i0.wp.com\/aynakol.org\/wp-content\/uploads\/2023\/09\/screenshot_20230917_215102_blutv1083586964819319813.jpg?fit=2280%2C1080\" data-orig-size=\"2280,1080\" data-comments-opened=\"1\" data-image-meta=\"{&quot;aperture&quot;:&quot;0&quot;,&quot;credit&quot;:&quot;&quot;,&quot;camera&quot;:&quot;&quot;,&quot;caption&quot;:&quot;&quot;,&quot;created_timestamp&quot;:&quot;0&quot;,&quot;copyright&quot;:&quot;&quot;,&quot;focal_length&quot;:&quot;0&quot;,&quot;iso&quot;:&quot;0&quot;,&quot;shutter_speed&quot;:&quot;0&quot;,&quot;title&quot;:&quot;&quot;,&quot;orientation&quot;:&quot;0&quot;}\" data-image-title=\"screenshot_20230917_215102_blutv1083586964819319813\" data-image-description=\"\" data-image-caption=\"\" data-large-file=\"https:\/\/i0.wp.com\/aynakol.org\/wp-content\/uploads\/2023\/09\/screenshot_20230917_215102_blutv1083586964819319813.jpg?fit=860%2C407\" class=\"wp-image-8739 size-large\" src=\"https:\/\/i0.wp.com\/aynakol.org\/wp-content\/uploads\/2023\/09\/screenshot_20230917_215102_blutv1083586964819319813.jpg?resize=860%2C407\" alt=\"\" width=\"860\" height=\"407\" srcset=\"https:\/\/i0.wp.com\/aynakol.org\/wp-content\/uploads\/2023\/09\/screenshot_20230917_215102_blutv1083586964819319813.jpg?resize=1024%2C485 1024w, https:\/\/i0.wp.com\/aynakol.org\/wp-content\/uploads\/2023\/09\/screenshot_20230917_215102_blutv1083586964819319813.jpg?resize=300%2C142 300w, https:\/\/i0.wp.com\/aynakol.org\/wp-content\/uploads\/2023\/09\/screenshot_20230917_215102_blutv1083586964819319813.jpg?resize=768%2C364 768w, https:\/\/i0.wp.com\/aynakol.org\/wp-content\/uploads\/2023\/09\/screenshot_20230917_215102_blutv1083586964819319813.jpg?resize=1536%2C728 1536w, https:\/\/i0.wp.com\/aynakol.org\/wp-content\/uploads\/2023\/09\/screenshot_20230917_215102_blutv1083586964819319813.jpg?resize=2048%2C970 2048w, https:\/\/i0.wp.com\/aynakol.org\/wp-content\/uploads\/2023\/09\/screenshot_20230917_215102_blutv1083586964819319813.jpg?w=1720 1720w\" sizes=\"auto, (max-width: 860px) 100vw, 860px\" \/><p id=\"caption-attachment-8739\" class=\"wp-caption-text\">B\u00fct\u00fcn mayo liderleri karde\u015ftir!<\/p><\/div>\n<p>&nbsp;<\/p>\n<p><span style=\"font-size: 12pt; font-family: georgia, palatino, serif;\">Kaden Groves i\u00e7in fazla bir \u015fey yazmaya gerek yok, \u00fc\u00e7 etap zaferinin yan\u0131 s\u0131ra ilk iki hafta t\u00fcm ara sprint kap\u0131lar\u0131nda puanlar\u0131 kimselere kapt\u0131rmazken, son hafta da\u011flar\u0131n aras\u0131ndaki sprint kap\u0131lar\u0131ndaki puanlar\u0131 kah kendisi, kah tak\u0131m arkada\u015flar\u0131yla organize olarak Remco Evenepoel tehdidinden koruyarak ye\u015fil mayoyu kazand\u0131.<br \/>\n<\/span><\/p>\n<p>&nbsp;<\/p>\n<p><span style=\"font-size: 14pt; font-family: georgia, palatino, serif;\"><strong>S\u0131ral\u0131 Tam Liste<\/strong><\/span><\/p>\n<p><iframe loading=\"lazy\" src=\"https:\/\/www.procyclingstats.com\/widgets\/result.php?h=650f364b4a6ac2344befcec4218277961831ab1b\" width=\"520\" height=\"320\"><\/iframe><\/p>\n<p>&nbsp;<\/p>\n<p><img data-recalc-dims=\"1\" loading=\"lazy\" decoding=\"async\" data-attachment-id=\"8747\" data-permalink=\"http:\/\/aynakol.org\/?attachment_id=8747\" data-orig-file=\"https:\/\/i0.wp.com\/aynakol.org\/wp-content\/uploads\/2023\/09\/LaVuelta2023_overall_winner_Sepp_Kuss_0-scaled.jpeg?fit=2048%2C2560\" data-orig-size=\"2048,2560\" data-comments-opened=\"1\" data-image-meta=\"{&quot;aperture&quot;:&quot;0&quot;,&quot;credit&quot;:&quot;&quot;,&quot;camera&quot;:&quot;&quot;,&quot;caption&quot;:&quot;&quot;,&quot;created_timestamp&quot;:&quot;0&quot;,&quot;copyright&quot;:&quot;&quot;,&quot;focal_length&quot;:&quot;0&quot;,&quot;iso&quot;:&quot;0&quot;,&quot;shutter_speed&quot;:&quot;0&quot;,&quot;title&quot;:&quot;&quot;,&quot;orientation&quot;:&quot;0&quot;}\" data-image-title=\"LaVuelta2023_overall_winner_Sepp_Kuss_0\" data-image-description=\"\" data-image-caption=\"\" data-large-file=\"https:\/\/i0.wp.com\/aynakol.org\/wp-content\/uploads\/2023\/09\/LaVuelta2023_overall_winner_Sepp_Kuss_0-scaled.jpeg?fit=819%2C1024\" class=\"aligncenter size-large wp-image-8747\" src=\"https:\/\/i0.wp.com\/aynakol.org\/wp-content\/uploads\/2023\/09\/LaVuelta2023_overall_winner_Sepp_Kuss_0.jpeg?resize=819%2C1024\" alt=\"\" width=\"819\" height=\"1024\" srcset=\"https:\/\/i0.wp.com\/aynakol.org\/wp-content\/uploads\/2023\/09\/LaVuelta2023_overall_winner_Sepp_Kuss_0-scaled.jpeg?resize=819%2C1024 819w, https:\/\/i0.wp.com\/aynakol.org\/wp-content\/uploads\/2023\/09\/LaVuelta2023_overall_winner_Sepp_Kuss_0-scaled.jpeg?resize=240%2C300 240w, https:\/\/i0.wp.com\/aynakol.org\/wp-content\/uploads\/2023\/09\/LaVuelta2023_overall_winner_Sepp_Kuss_0-scaled.jpeg?resize=768%2C960 768w, https:\/\/i0.wp.com\/aynakol.org\/wp-content\/uploads\/2023\/09\/LaVuelta2023_overall_winner_Sepp_Kuss_0-scaled.jpeg?resize=1229%2C1536 1229w, https:\/\/i0.wp.com\/aynakol.org\/wp-content\/uploads\/2023\/09\/LaVuelta2023_overall_winner_Sepp_Kuss_0-scaled.jpeg?resize=1638%2C2048 1638w, https:\/\/i0.wp.com\/aynakol.org\/wp-content\/uploads\/2023\/09\/LaVuelta2023_overall_winner_Sepp_Kuss_0-scaled.jpeg?w=2048 2048w, https:\/\/i0.wp.com\/aynakol.org\/wp-content\/uploads\/2023\/09\/LaVuelta2023_overall_winner_Sepp_Kuss_0-scaled.jpeg?w=1720 1720w\" sizes=\"auto, (max-width: 819px) 100vw, 819px\" \/><\/p>\n","protected":false},"excerpt":{"rendered":"<p>Madrid kentinni binalar aras\u0131nda uzanan geni\u015f bulvarlar\u0131nda sona eren kapan\u0131\u015f etab\u0131nda Kaden Groves kimseye yar etmedi zaferini! G\u00fc\u00e7l\u00fc rakipleri Ganna, Evenepoel Denz \u00f6n\u00fcnde a\u00e7\u0131k ara [&#8230;]<\/p>\n","protected":false},"author":1,"featured_media":0,"comment_status":"open","ping_status":"open","sticky":false,"template":"","format":"standard","meta":{"jetpack_post_was_ever_published":false,"_jetpack_newsletter_access":"","_jetpack_dont_email_post_to_subs":false,"_jetpack_newsletter_tier_id":0,"_jetpack_memberships_contains_paywalled_content":false,"_jetpack_memberships_contains_paid_content":false,"footnotes":"","jetpack_publicize_message":"","jetpack_publicize_feature_enabled":true,"jetpack_social_post_already_shared":true,"jetpack_social_options":{"image_generator_settings":{"template":"highway","default_image_id":0,"font":"","enabled":false},"version":2}},"categories":[91],"tags":[],"class_list":["post-8745","post","type-post","status-publish","format-standard","hentry","category-vuelta-2"],"jetpack_publicize_connections":[],"jetpack_featured_media_url":"","jetpack_sharing_enabled":true,"jetpack_shortlink":"https:\/\/wp.me\/p51p4O-2h3","jetpack_likes_enabled":true,"jetpack-related-posts":[{"id":8581,"url":"http:\/\/aynakol.org\/?p=8581","url_meta":{"origin":8745,"position":0},"title":"La Vuelta a Espana 2023 21. Etap: Hip\u00f3dromo de la Zarzuela > Madrid. Paisaje de la Luz, 101,5 km","author":"Ayd\u0131n Bez","date":"17 Eyl\u00fcl 2023","format":false,"excerpt":"D\u00fcnk\u00fc Etapta Neler Olmu\u015ftu? Manzanares El Real kentinden ba\u015flad\u0131ktan sonra 208 km boyunca da\u011flarla y\u00fczle\u015filen zorlu 20. Etab\u0131n sonunda Guadarramada ka\u00e7\u0131\u015ftan geriye kalanlar\u0131n giri\u015fti\u011fi sprint m\u00fccadelesine teker fark\u0131 ile Remco Evenepoel \u00f6n\u00fcnde kazanan isim Wout Poels! \u00a0 Bahrain - Victorious tak\u0131m\u0131n\u0131n 35 ya\u015f\u0131ndaki Hollandal\u0131 pedal\u0131, Le Tour de France 2023\u2026","rel":"","context":"&quot;Vuelta a Espana&quot; i\u00e7inde","block_context":{"text":"Vuelta a Espana","link":"http:\/\/aynakol.org\/?cat=91"},"img":{"alt_text":"","src":"https:\/\/i0.wp.com\/aynakol.org\/wp-content\/uploads\/2023\/09\/20230916_190621248301387089315784.jpg?fit=1080%2C360&resize=350%2C200","width":350,"height":200,"srcset":"https:\/\/i0.wp.com\/aynakol.org\/wp-content\/uploads\/2023\/09\/20230916_190621248301387089315784.jpg?fit=1080%2C360&resize=350%2C200 1x, https:\/\/i0.wp.com\/aynakol.org\/wp-content\/uploads\/2023\/09\/20230916_190621248301387089315784.jpg?fit=1080%2C360&resize=525%2C300 1.5x, https:\/\/i0.wp.com\/aynakol.org\/wp-content\/uploads\/2023\/09\/20230916_190621248301387089315784.jpg?fit=1080%2C360&resize=700%2C400 2x, https:\/\/i0.wp.com\/aynakol.org\/wp-content\/uploads\/2023\/09\/20230916_190621248301387089315784.jpg?fit=1080%2C360&resize=1050%2C600 3x"},"classes":[]},{"id":8577,"url":"http:\/\/aynakol.org\/?p=8577","url_meta":{"origin":8745,"position":1},"title":"La Vuelta a Espana 2023 19. Etap: La Ba\u00f1eza > \u00cdscar, 177,5 km","author":"Ayd\u0131n Bez","date":"15 Eyl\u00fcl 2023","format":false,"excerpt":"D\u00fcnk\u00fc Etapta Neler Olmu\u015ftu? 179 km uzunlu\u011fundaki 18. Etab\u0131n sonunda Linares Da\u011f Ge\u00e7idinden zafere yine uzun soluklu ka\u00e7\u0131\u015f\u0131n\u0131 ta\u00e7land\u0131rarak pedallayan isim Remco Evenepoel! \u00a0 Soudal - Quick Step tak\u0131m\u0131n\u0131n Bel\u00e7ikal\u0131 pedal\u0131 hen\u00fcz 23 ya\u015f\u0131nda kariyerinin 50. zaferine uzan\u0131rken da\u011flar\u0131n kral\u0131 mayosunu da garantiledi. \u00a0 El Ultimo Kilometro \u00a0 Etap ba\u015flad\u0131ktan\u2026","rel":"","context":"&quot;Vuelta a Espana&quot; i\u00e7inde","block_context":{"text":"Vuelta a Espana","link":"http:\/\/aynakol.org\/?cat=91"},"img":{"alt_text":"","src":"https:\/\/i0.wp.com\/aynakol.org\/wp-content\/uploads\/2023\/09\/screenshot_20230914_185230_blutv4755751375808854427.jpg?fit=1200%2C568&resize=350%2C200","width":350,"height":200,"srcset":"https:\/\/i0.wp.com\/aynakol.org\/wp-content\/uploads\/2023\/09\/screenshot_20230914_185230_blutv4755751375808854427.jpg?fit=1200%2C568&resize=350%2C200 1x, https:\/\/i0.wp.com\/aynakol.org\/wp-content\/uploads\/2023\/09\/screenshot_20230914_185230_blutv4755751375808854427.jpg?fit=1200%2C568&resize=525%2C300 1.5x, https:\/\/i0.wp.com\/aynakol.org\/wp-content\/uploads\/2023\/09\/screenshot_20230914_185230_blutv4755751375808854427.jpg?fit=1200%2C568&resize=700%2C400 2x, https:\/\/i0.wp.com\/aynakol.org\/wp-content\/uploads\/2023\/09\/screenshot_20230914_185230_blutv4755751375808854427.jpg?fit=1200%2C568&resize=1050%2C600 3x"},"classes":[]},{"id":8225,"url":"http:\/\/aynakol.org\/?p=8225","url_meta":{"origin":8745,"position":2},"title":"La Vuelta Ciclista a Espa\u00f1a 2023 \u00f6n incelemesi","author":"Ayd\u0131n Bez","date":"25 A\u011fustos 2023","format":false,"excerpt":"Ge\u00e7en ay Bask B\u00f6lgesinden ba\u015flayan Tour de France inat, Katalan topraklar\u0131nday\u0131z! \u0130ber Yar\u0131madas\u0131 bu sene b\u00fcy\u00fck turlar\u0131n g\u00f6zdesi oldu desek yeridir. Katalonyan\u0131n ba\u015fkenti Barselonadan ba\u015flay\u0131p 3157 km sonunda \u0130ber Yar\u0131madas\u0131n\u0131 bir s\u00fcnnet ku\u015fa\u011f\u0131 misali boydan boya dolan\u0131p Madrid de sona erecek tam ad\u0131 ile La Vuelta Ciclista a Espa\u00f1a, bu\u2026","rel":"","context":"&quot;Grand Tour&quot; i\u00e7inde","block_context":{"text":"Grand Tour","link":"http:\/\/aynakol.org\/?cat=92"},"img":{"alt_text":"","src":"https:\/\/i0.wp.com\/aynakol.org\/wp-content\/uploads\/2023\/08\/vuelta2023_stage1_crowd.jpg?fit=1200%2C414&resize=350%2C200","width":350,"height":200,"srcset":"https:\/\/i0.wp.com\/aynakol.org\/wp-content\/uploads\/2023\/08\/vuelta2023_stage1_crowd.jpg?fit=1200%2C414&resize=350%2C200 1x, https:\/\/i0.wp.com\/aynakol.org\/wp-content\/uploads\/2023\/08\/vuelta2023_stage1_crowd.jpg?fit=1200%2C414&resize=525%2C300 1.5x, https:\/\/i0.wp.com\/aynakol.org\/wp-content\/uploads\/2023\/08\/vuelta2023_stage1_crowd.jpg?fit=1200%2C414&resize=700%2C400 2x, https:\/\/i0.wp.com\/aynakol.org\/wp-content\/uploads\/2023\/08\/vuelta2023_stage1_crowd.jpg?fit=1200%2C414&resize=1050%2C600 3x"},"classes":[]},{"id":5613,"url":"http:\/\/aynakol.org\/?p=5613","url_meta":{"origin":8745,"position":3},"title":"#LV2017 21. Etap: Arroyomolinos \u2192 Madrid, 118 km","author":"Ayd\u0131n Bez","date":"10 Eyl\u00fcl 2017","format":false,"excerpt":"21 g\u00fcn, 3325 km geride kal\u0131r, bir \u00fclke kom\u015fular\u0131ndan kendi i\u00e7ine do\u011fru boydan boya pedallan\u0131rken yorulan bacaklar, kazan\u0131lan zaferler, kaybedilen umutlar, gelece\u011fe umutla bakmalar... Hepsinin d\u00fc\u011f\u00fcm\u00fc bug\u00fcn Madridin sokaklar\u0131nda bir \u015fenlik havas\u0131nda pedallanacak 118 \u00a0km uzunlu\u011fundaki La Vuelta a Espana'n\u0131n kapan\u0131\u015f etab\u0131nda \u00e7\u00f6z\u00fclecek. Madrid sokaklar\u0131na ak\u0131n edecek bisiklet sevdal\u0131s\u0131 \u0130spanyollar\u2026","rel":"","context":"&quot;Vuelta a Espana&quot; i\u00e7inde","block_context":{"text":"Vuelta a Espana","link":"http:\/\/aynakol.org\/?cat=91"},"img":{"alt_text":"","src":"https:\/\/i0.wp.com\/aynakol.org\/wp-content\/uploads\/2017\/09\/Screenshot_20170909_184553.png?fit=1200%2C675&resize=350%2C200","width":350,"height":200,"srcset":"https:\/\/i0.wp.com\/aynakol.org\/wp-content\/uploads\/2017\/09\/Screenshot_20170909_184553.png?fit=1200%2C675&resize=350%2C200 1x, https:\/\/i0.wp.com\/aynakol.org\/wp-content\/uploads\/2017\/09\/Screenshot_20170909_184553.png?fit=1200%2C675&resize=525%2C300 1.5x, https:\/\/i0.wp.com\/aynakol.org\/wp-content\/uploads\/2017\/09\/Screenshot_20170909_184553.png?fit=1200%2C675&resize=700%2C400 2x, https:\/\/i0.wp.com\/aynakol.org\/wp-content\/uploads\/2017\/09\/Screenshot_20170909_184553.png?fit=1200%2C675&resize=1050%2C600 3x"},"classes":[]},{"id":8446,"url":"http:\/\/aynakol.org\/?p=8446","url_meta":{"origin":8745,"position":4},"title":"La Vuelta a Espana 2023 13. etap: Formigal. Huesca la Magia > Col du Tourmalet, 134,7 km","author":"Ayd\u0131n Bez","date":"8 Eyl\u00fcl 2023","format":false,"excerpt":"D\u00fcnk\u00fc Etapta Neler Olmu\u015ftu? Zaragoza kentinde sona eren 151 km uzunlu\u011fundaki 12. Etab\u0131n sonunda zafere a\u00e7\u0131k ara pedallayan isim Juan Sebastian Molano! Ge\u00e7 kalm\u0131\u015f ama hak edilmi\u015f bir zafer! UAE Team Emirates tak\u0131m\u0131n\u0131n 28 ya\u015f\u0131ndaki Kolombiyal\u0131 sprinter pedal\u0131 Molano bu seneki edisyonda tak\u0131m\u0131na ilk etap zaferini kazand\u0131r\u0131rken ge\u00e7en sene de\u2026","rel":"","context":"&quot;Vuelta a Espana&quot; i\u00e7inde","block_context":{"text":"Vuelta a Espana","link":"http:\/\/aynakol.org\/?cat=91"},"img":{"alt_text":"","src":"https:\/\/i0.wp.com\/aynakol.org\/wp-content\/uploads\/2023\/09\/vuelta2023_stage12_peloton.jpg?fit=1000%2C667&resize=350%2C200","width":350,"height":200,"srcset":"https:\/\/i0.wp.com\/aynakol.org\/wp-content\/uploads\/2023\/09\/vuelta2023_stage12_peloton.jpg?fit=1000%2C667&resize=350%2C200 1x, https:\/\/i0.wp.com\/aynakol.org\/wp-content\/uploads\/2023\/09\/vuelta2023_stage12_peloton.jpg?fit=1000%2C667&resize=525%2C300 1.5x, https:\/\/i0.wp.com\/aynakol.org\/wp-content\/uploads\/2023\/09\/vuelta2023_stage12_peloton.jpg?fit=1000%2C667&resize=700%2C400 2x"},"classes":[]},{"id":1987,"url":"http:\/\/aynakol.org\/?p=1987","url_meta":{"origin":8745,"position":5},"title":"#LV2015 La Vuelta a Espana 21. Etap: Alcal\u00e1 de Henares \u2192 Madrid","author":"Ayd\u0131n Bez","date":"12 Eyl\u00fcl 2015","format":false,"excerpt":"20. etab\u0131 izlerken hop oturduk hop kalkt\u0131k, Ruben Plaza'n\u0131n solo ata\u011f\u0131 acaba De Marchi ve Gon\u00e7alves taraf\u0131ndan sona erdirilecek mi derken Plaza etab\u0131 kazan\u0131rken, Aru'nun \u00f6l\u00fcmc\u00fcl ata\u011f\u0131 Dumoulin'i silkelerken k\u0131rm\u0131z\u0131 mayodan ve podyumdan da etti. Etap Plaza'n\u0131n, maglia rojo Fabio Aru'nun. Etap hakk\u0131nda Alcal\u00e1 de Henares \u2192 Madrid\u00a0aras\u0131nda pedallanacak 21.\u2026","rel":"","context":"&quot;Grand Tour&quot; i\u00e7inde","block_context":{"text":"Grand Tour","link":"http:\/\/aynakol.org\/?cat=92"},"img":{"alt_text":"","src":"https:\/\/i0.wp.com\/aynakol.org\/wp-content\/uploads\/2015\/09\/Vuelta2015_Stage21_Aru_in_podium_1.jpg?fit=1200%2C800&resize=350%2C200","width":350,"height":200,"srcset":"https:\/\/i0.wp.com\/aynakol.org\/wp-content\/uploads\/2015\/09\/Vuelta2015_Stage21_Aru_in_podium_1.jpg?fit=1200%2C800&resize=350%2C200 1x, https:\/\/i0.wp.com\/aynakol.org\/wp-content\/uploads\/2015\/09\/Vuelta2015_Stage21_Aru_in_podium_1.jpg?fit=1200%2C800&resize=525%2C300 1.5x, https:\/\/i0.wp.com\/aynakol.org\/wp-content\/uploads\/2015\/09\/Vuelta2015_Stage21_Aru_in_podium_1.jpg?fit=1200%2C800&resize=700%2C400 2x, https:\/\/i0.wp.com\/aynakol.org\/wp-content\/uploads\/2015\/09\/Vuelta2015_Stage21_Aru_in_podium_1.jpg?fit=1200%2C800&resize=1050%2C600 3x"},"classes":[]}],"_links":{"self":[{"href":"http:\/\/aynakol.org\/index.php?rest_route=\/wp\/v2\/posts\/8745","targetHints":{"allow":["GET"]}}],"collection":[{"href":"http:\/\/aynakol.org\/index.php?rest_route=\/wp\/v2\/posts"}],"about":[{"href":"http:\/\/aynakol.org\/index.php?rest_route=\/wp\/v2\/types\/post"}],"author":[{"embeddable":true,"href":"http:\/\/aynakol.org\/index.php?rest_route=\/wp\/v2\/users\/1"}],"replies":[{"embeddable":true,"href":"http:\/\/aynakol.org\/index.php?rest_route=%2Fwp%2Fv2%2Fcomments&post=8745"}],"version-history":[{"count":5,"href":"http:\/\/aynakol.org\/index.php?rest_route=\/wp\/v2\/posts\/8745\/revisions"}],"predecessor-version":[{"id":8780,"href":"http:\/\/aynakol.org\/index.php?rest_route=\/wp\/v2\/posts\/8745\/revisions\/8780"}],"wp:attachment":[{"href":"http:\/\/aynakol.org\/index.php?rest_route=%2Fwp%2Fv2%2Fmedia&parent=8745"}],"wp:term":[{"taxonomy":"category","embeddable":true,"href":"http:\/\/aynakol.org\/index.php?rest_route=%2Fwp%2Fv2%2Fcategories&post=8745"},{"taxonomy":"post_tag","embeddable":true,"href":"http:\/\/aynakol.org\/index.php?rest_route=%2Fwp%2Fv2%2Ftags&post=8745"}],"curies":[{"name":"wp","href":"https:\/\/api.w.org\/{rel}","templated":true}]}}