{"id":8818,"date":"2024-02-24T08:02:44","date_gmt":"2024-02-24T05:02:44","guid":{"rendered":"https:\/\/aynakol.org\/2024\/02\/24\/bahar-klasikleri-omloop-het-nieuwsblad\/"},"modified":"2024-02-24T08:07:42","modified_gmt":"2024-02-24T05:07:42","slug":"bahar-klasikleri-omloop-het-nieuwsblad","status":"publish","type":"post","link":"http:\/\/aynakol.org\/?p=8818","title":{"rendered":"Bahar Klasikleri: Omloop Het Nieuwsblad"},"content":{"rendered":"\n<p>Hakikatin, yani ter, kan, g\u00f6zya\u015f\u0131 ve ac\u0131yla yo\u011frulmu\u015f zaferin, g\u00fcn \u0131\u015f\u0131\u011f\u0131na \u00e7\u0131kt\u0131\u011f\u0131 g\u00fcnlerdeyiz! <\/p>\n\n\n\n<p>D\u00fcnyan\u0131n dibinden Avustralyadan, Arap ve Iber yar\u0131madalar\u0131na uzanan yalanc\u0131 sezon a\u00e7\u0131l\u0131\u015f\u0131 sonras\u0131 \u00f6z be \u00f6z sezon a\u00e7\u0131l\u0131\u015f\u0131 bug\u00fcn Bahar Klasiklerinin (<em>Spring<\/em> <em>Classics<\/em>) ilki Omloop Het Nieuwsblad&nbsp;ile ba\u015fl\u0131yor!<\/p>\n\n\n\n<p>Bel\u00e7ikan\u0131n kuzeyindeyiz, Ghent kentinden ba\u015flayacak tek g\u00fcnl\u00fck yar\u0131\u015f <a href=\"https:\/\/www.procyclingstats.com\/race\/omloop-het-nieuwsblad\/2024\/result\/live\">erkekler<\/a> i\u00e7in 202.2 km, <a href=\"https:\/\/www.procyclingstats.com\/race\/omloop-het-nieuwsblad-we\/2024\/result\/live\">kad\u0131nlar<\/a> i\u00e7in 127.1 km sonunda Ninove kentinde sona erecek. Asl\u0131nda her iki kent aras\u0131 hepi topu 40 km filan, ama dola dolana yol almak bir ata sporu oldu\u011fundan tarla ve bah\u00e7eleri k\u00f6ylere, k\u00f6yleri kasabalara, kasabalar\u0131 da \u015fehirlere ba\u011flayan yollar\u0131 kesen tepecikleri parke ta\u015fl\u0131 (berg) d\u00f6\u015fenmi\u015f sa\u00e7ma sapan e\u011fimli yoku\u015fcuklar\u0131 (hellingen) a\u015fa pedallaya biti\u015f \u00e7izgisine varmak bir zafer an\u0131nda.<\/p>\n\n\n\n<p>Ge\u00e7en sene erkeklerde kazanan Dylan Van Barlee ve kad\u0131nlarda Lotte Kopecky, bu sene de sele \u00fczerinde iddial\u0131; hatta ki\u015fi baz\u0131nda de\u011fil tak\u0131m baz\u0131nda da hem <a href=\"https:\/\/www.procyclingstats.com\/race\/omloop-het-nieuwsblad\/2024\/startlist\">Team Visma |Lease a Bike<\/a> ve <a href=\"https:\/\/www.procyclingstats.com\/race\/omloop-het-nieuwsblad-we\/2024\/startlist\">SD Worx &#8211; Protime<\/a> pelotonun geri kalan\u0131na g\u00f6re son derece iddial\u0131. <\/p>\n\n\n\n<p>Ancak iddial\u0131 ve g\u00fc\u00e7l\u00fc olsa da s\u00f6z konusu Bahar Klasikleri, hele ki d\u00fcz\u00fc ya da yoku\u015fu fark etmez parke ta\u015flarla d\u00f6\u015fenmi\u015f bir Bahar Klasi\u011fi yar\u0131\u015f\u0131 ise g\u00fcn\u00fcn sonunda kazanan hellingenlerin izin verdi\u011fi pedal oluyor.<\/p>\n\n\n\n<p>Sezon a\u00e7\u0131l\u0131\u015f\u0131m\u0131z hay\u0131rl\u0131 olsun.<\/p>\n\n\n\n<p>Amen! <\/p>\n\n\n\n<p><\/p>\n","protected":false},"excerpt":{"rendered":"<p>Hakikatin, yani ter, kan, g\u00f6zya\u015f\u0131 ve ac\u0131yla yo\u011frulmu\u015f zaferin, g\u00fcn \u0131\u015f\u0131\u011f\u0131na \u00e7\u0131kt\u0131\u011f\u0131 g\u00fcnlerdeyiz! D\u00fcnyan\u0131n dibinden Avustralyadan, Arap ve Iber yar\u0131madalar\u0131na uzanan yalanc\u0131 sezon a\u00e7\u0131l\u0131\u015f\u0131 sonras\u0131 [&#8230;]<\/p>\n","protected":false},"author":1,"featured_media":0,"comment_status":"open","ping_status":"open","sticky":false,"template":"","format":"standard","meta":{"jetpack_post_was_ever_published":false,"_jetpack_newsletter_access":"","_jetpack_dont_email_post_to_subs":false,"_jetpack_newsletter_tier_id":0,"_jetpack_memberships_contains_paywalled_content":false,"_jetpack_memberships_contains_paid_content":false,"footnotes":"","jetpack_publicize_message":"","jetpack_publicize_feature_enabled":true,"jetpack_social_post_already_shared":true,"jetpack_social_options":{"image_generator_settings":{"template":"highway","default_image_id":0,"font":"","enabled":false},"version":2}},"categories":[91],"tags":[641,580],"class_list":["post-8818","post","type-post","status-publish","format-standard","hentry","category-vuelta-2","tag-bahar-klasikleri","tag-spring-classics"],"jetpack_publicize_connections":[],"jetpack_featured_media_url":"","jetpack_sharing_enabled":true,"jetpack_shortlink":"https:\/\/wp.me\/p51p4O-2ie","jetpack_likes_enabled":true,"jetpack-related-posts":[{"id":4617,"url":"http:\/\/aynakol.org\/?p=4617","url_meta":{"origin":8818,"position":0},"title":"Omloop Het Nieuwsblad 2017","author":"Ayd\u0131n Bez","date":"24 \u015eubat 2017","format":false,"excerpt":"Sezon a\u00e7\u0131l\u0131\u015f\u0131n\u0131 g\u00fcney yar\u0131m k\u00fcrede, Tour Down Under ile yap\u0131p, Arap Yar\u0131madas\u0131n\u0131n \u00e7\u00f6l manzaral\u0131 yollar\u0131ndan \u0130spanyan\u0131n, Portekizin g\u00fcneyine, Akdenize do\u011fru indi\u011fimiz \u015fu g\u00fcnlerde bizi \u00e7a\u011f\u0131ran ba\u015fka bir heyecan var: Bahar Klasikleri! \u00a0 End\u00fcl\u00fcsde Alejandro Valverde, Algarvede Primoz Roglic, Umman da \u015fa\u015f\u0131rt\u0131c\u0131 bir \u015fekilde Ben Hermans zaferiyle geride b\u0131rakt\u0131\u011f\u0131m\u0131z haftal\u0131k turlar\u2026","rel":"","context":"&quot;Cobbled Classics&quot; i\u00e7inde","block_context":{"text":"Cobbled Classics","link":"http:\/\/aynakol.org\/?cat=1219"},"img":{"alt_text":"","src":"https:\/\/i0.wp.com\/aynakol.org\/wp-content\/uploads\/2017\/02\/Omloop_Het_Nieuwsblad_elite_men_2016_winner.jpg?fit=1200%2C400&resize=350%2C200","width":350,"height":200,"srcset":"https:\/\/i0.wp.com\/aynakol.org\/wp-content\/uploads\/2017\/02\/Omloop_Het_Nieuwsblad_elite_men_2016_winner.jpg?fit=1200%2C400&resize=350%2C200 1x, https:\/\/i0.wp.com\/aynakol.org\/wp-content\/uploads\/2017\/02\/Omloop_Het_Nieuwsblad_elite_men_2016_winner.jpg?fit=1200%2C400&resize=525%2C300 1.5x, https:\/\/i0.wp.com\/aynakol.org\/wp-content\/uploads\/2017\/02\/Omloop_Het_Nieuwsblad_elite_men_2016_winner.jpg?fit=1200%2C400&resize=700%2C400 2x, https:\/\/i0.wp.com\/aynakol.org\/wp-content\/uploads\/2017\/02\/Omloop_Het_Nieuwsblad_elite_men_2016_winner.jpg?fit=1200%2C400&resize=1050%2C600 3x"},"classes":[]},{"id":752,"url":"http:\/\/aynakol.org\/?p=752","url_meta":{"origin":8818,"position":1},"title":"Kad\u0131nlar ve Erkekler Bahar Klasikleri: Strade Bianchi 2015","author":"Ayd\u0131n Bez","date":"6 Mart 2015","format":false,"excerpt":"Dallara su y\u00fcr\u00fcmeye ba\u015flad\u0131\u011f\u0131nda \u00e7i\u00e7ekler a\u00e7ar da bo\u015f durur mu ar\u0131lar? Bisiklet spor-k\u00fclt\u00fcr\u00fcn\u00fc sevenler olarak ar\u0131 gibi \u00fc\u015f\u00fc\u015ft\u00fck ekran ba\u015f\u0131na klasikler ba\u015flar ba\u015flamaz! Ge\u00e7en hafta Omloop Het Nieuwsblad 2015 ve Kuurne-Brussels-Kuurne 2015 ile a\u00e7\u0131lan k\u0131ta Avrupas\u0131ndaki bisiklet sezonu h\u0131z kesmeden Strade Bianchi ile devam ediyor. Omloop Het Nieuwsblad ile \u015fimdilik\u2026","rel":"","context":"&quot;Bisiklet k\u00fclt\u00fcr\u00fc&quot; i\u00e7inde","block_context":{"text":"Bisiklet k\u00fclt\u00fcr\u00fc","link":"http:\/\/aynakol.org\/?cat=7"},"img":{"alt_text":"","src":"https:\/\/i0.wp.com\/aynakol.org\/wp-content\/uploads\/2015\/03\/230-PIC440625259.jpg?fit=1001%2C340&resize=350%2C200","width":350,"height":200,"srcset":"https:\/\/i0.wp.com\/aynakol.org\/wp-content\/uploads\/2015\/03\/230-PIC440625259.jpg?fit=1001%2C340&resize=350%2C200 1x, https:\/\/i0.wp.com\/aynakol.org\/wp-content\/uploads\/2015\/03\/230-PIC440625259.jpg?fit=1001%2C340&resize=525%2C300 1.5x, https:\/\/i0.wp.com\/aynakol.org\/wp-content\/uploads\/2015\/03\/230-PIC440625259.jpg?fit=1001%2C340&resize=700%2C400 2x"},"classes":[]},{"id":2521,"url":"http:\/\/aynakol.org\/?p=2521","url_meta":{"origin":8818,"position":2},"title":"Omloop Het Nieuwsblad 2016","author":"Ayd\u0131n Bez","date":"27 \u015eubat 2016","format":false,"excerpt":"Avrupan\u0131n Kuzeyinde tek g\u00fcnl\u00fck yar\u0131\u015flar, bahar klasikleri ve An\u0131tsal Klasik Yar\u0131\u015flarla sezona merhaba diyoruz. Tamam sezon g\u00fcney yar\u0131m k\u00fcrede ve Arap yar\u0131madas\u0131nda a\u00e7\u0131lm\u0131\u015f olabilir, ancak as\u0131l zorlu s\u0131nav klasik yar\u0131\u015flarla birlikte verilecek, ta ki Giro d'Italia'ya kadar! Bir Bel\u00e7ika klasi\u011fi Belgian Cobbles\u00a0olan Omloop Het Nieuwsblad bu sene 71. kez pedallanacak.\u2026","rel":"","context":"&quot;One Day Races&quot; i\u00e7inde","block_context":{"text":"One Day Races","link":"http:\/\/aynakol.org\/?cat=1139"},"img":{"alt_text":"","src":"https:\/\/i0.wp.com\/aynakol.org\/wp-content\/uploads\/2016\/02\/Omloop_Het_Hieuwblad_bradley_wiggins_lead-team_sky_on_cobbles_secteur-e1456508304551.jpeg?fit=944%2C493&resize=350%2C200","width":350,"height":200,"srcset":"https:\/\/i0.wp.com\/aynakol.org\/wp-content\/uploads\/2016\/02\/Omloop_Het_Hieuwblad_bradley_wiggins_lead-team_sky_on_cobbles_secteur-e1456508304551.jpeg?fit=944%2C493&resize=350%2C200 1x, https:\/\/i0.wp.com\/aynakol.org\/wp-content\/uploads\/2016\/02\/Omloop_Het_Hieuwblad_bradley_wiggins_lead-team_sky_on_cobbles_secteur-e1456508304551.jpeg?fit=944%2C493&resize=525%2C300 1.5x, https:\/\/i0.wp.com\/aynakol.org\/wp-content\/uploads\/2016\/02\/Omloop_Het_Hieuwblad_bradley_wiggins_lead-team_sky_on_cobbles_secteur-e1456508304551.jpeg?fit=944%2C493&resize=700%2C400 2x"},"classes":[]},{"id":718,"url":"http:\/\/aynakol.org\/?p=718","url_meta":{"origin":8818,"position":3},"title":"Omloop Het Nieuwsblad 2015","author":"Ayd\u0131n Bez","date":"27 \u015eubat 2015","format":false,"excerpt":"\u00c7\u00f6l s\u0131caklar\u0131n\u0131 geride b\u0131rak\u0131p k\u0131ta Avrupas\u0131na gitme zaman\u0131 geldi. Huzurlar\u0131n\u0131zda klasiklerin a\u00e7\u0131l\u0131\u015f\u0131:\u00a0Omloop Het Nieuwsblad! Bu sene 69. kez pedallanacak tek g\u00fcnl\u00fck \u201ck\u0131sa\u201d klasi\u011fin \u00e7etin ge\u00e7ece\u011fini s\u00f6yleyebiliriz; zira \u0130stanbulda hava b\u00f6ylesi yanar d\u00f6ner iken Avrupan\u0131n kuzeyinde hi\u00e7 de i\u00e7 ac\u0131c\u0131 olmayacakt\u0131r. Bu bizler i\u00e7in enfes, sporcular i\u00e7in ise \u00e7etin bir yar\u0131\u015f\u2026","rel":"","context":"&quot;Cobbled Classics&quot; i\u00e7inde","block_context":{"text":"Cobbled Classics","link":"http:\/\/aynakol.org\/?cat=1219"},"img":{"alt_text":"","src":"https:\/\/i0.wp.com\/aynakol.org\/wp-content\/uploads\/2015\/02\/omloop-het-nieuwsblad-web.jpg?fit=800%2C450&resize=350%2C200","width":350,"height":200,"srcset":"https:\/\/i0.wp.com\/aynakol.org\/wp-content\/uploads\/2015\/02\/omloop-het-nieuwsblad-web.jpg?fit=800%2C450&resize=350%2C200 1x, https:\/\/i0.wp.com\/aynakol.org\/wp-content\/uploads\/2015\/02\/omloop-het-nieuwsblad-web.jpg?fit=800%2C450&resize=525%2C300 1.5x, https:\/\/i0.wp.com\/aynakol.org\/wp-content\/uploads\/2015\/02\/omloop-het-nieuwsblad-web.jpg?fit=800%2C450&resize=700%2C400 2x"},"classes":[]},{"id":8827,"url":"http:\/\/aynakol.org\/?p=8827","url_meta":{"origin":8818,"position":4},"title":"Milano-Sanremo 2024","author":"Ayd\u0131n Bez","date":"15 Mart 2024","format":false,"excerpt":"D\u00fcnyan\u0131n \u00f6b\u00fcr ucundan bisikletin ana vatan\u0131 ya\u015fl\u0131 k\u0131ta Avrupaya uzanal\u0131 \u00e7ok oldu; aradaki Arap yar\u0131madas\u0131 molas\u0131n\u0131 saymazsak genel klasman favorileri haftal\u0131k turlarda boy g\u00f6sterip tak\u0131mlar\u0131na g\u00fcven rakiplerine g\u00f6zda\u011f\u0131 verirken tek g\u00fcnl\u00fck yar\u0131\u015flar\u0131n ustas\u0131, gediklisi ya da acemileri de Bahar Klasiklerinde yer ald\u0131. Omloop Het Nieuwsblad ile a\u00e7\u0131lan hakikat sezonu bahar\u0131n\u2026","rel":"","context":"&quot;Monument Classics&quot; i\u00e7inde","block_context":{"text":"Monument Classics","link":"http:\/\/aynakol.org\/?cat=1164"},"img":{"alt_text":"","src":"https:\/\/i0.wp.com\/aynakol.org\/wp-content\/uploads\/2017\/03\/Milano_Sanremo_2016_peloton_near_the_sea-e1489777896643.jpg?fit=993%2C342&resize=350%2C200","width":350,"height":200,"srcset":"https:\/\/i0.wp.com\/aynakol.org\/wp-content\/uploads\/2017\/03\/Milano_Sanremo_2016_peloton_near_the_sea-e1489777896643.jpg?fit=993%2C342&resize=350%2C200 1x, https:\/\/i0.wp.com\/aynakol.org\/wp-content\/uploads\/2017\/03\/Milano_Sanremo_2016_peloton_near_the_sea-e1489777896643.jpg?fit=993%2C342&resize=525%2C300 1.5x, https:\/\/i0.wp.com\/aynakol.org\/wp-content\/uploads\/2017\/03\/Milano_Sanremo_2016_peloton_near_the_sea-e1489777896643.jpg?fit=993%2C342&resize=700%2C400 2x"},"classes":[]},{"id":5650,"url":"http:\/\/aynakol.org\/?p=5650","url_meta":{"origin":8818,"position":5},"title":"Strade Bianche 2018: Tozlu Yollar\u0131nda Pedallad\u0131m da Geldim!","author":"Ayd\u0131n Bez","date":"3 Mart 2018","format":false,"excerpt":"Arap ve \u0130ber Yar\u0131madalar\u0131ndaki haftal\u0131k turlarda genel klasman liderleri boy g\u00f6sterir ge\u00e7en haftaki Gelgian Cobbles Classics yar\u0131\u015flar\u0131yla da ger\u00e7ek anlamda sezon a\u00e7\u0131lm\u0131\u015fken \u015fimdi K\u0131ta Avurpas\u0131n\u0131n ucuna, \u00e7izmeye uzan\u0131yoruz: \u0130talyan\u0131n me\u015fhur \u015farap ba\u011flar\u0131 aras\u0131nda toz, toprak, so\u011fuk ve \u00e7amurla dolu bir m\u00fccadele var kar\u015f\u0131m\u0131zda. Huzurlar\u0131n\u0131zda:\u00a0Strade Bianche! 12 y\u0131l \u00f6nce Siena B\u00f6lgesindeki\u2026","rel":"","context":"&quot;One Day Races&quot; i\u00e7inde","block_context":{"text":"One Day Races","link":"http:\/\/aynakol.org\/?cat=1139"},"img":{"alt_text":"","src":"https:\/\/i0.wp.com\/aynakol.org\/wp-content\/uploads\/2018\/03\/2017_Strade_Bianchi_breakaway_0.jpg?fit=1001%2C665&resize=350%2C200","width":350,"height":200,"srcset":"https:\/\/i0.wp.com\/aynakol.org\/wp-content\/uploads\/2018\/03\/2017_Strade_Bianchi_breakaway_0.jpg?fit=1001%2C665&resize=350%2C200 1x, https:\/\/i0.wp.com\/aynakol.org\/wp-content\/uploads\/2018\/03\/2017_Strade_Bianchi_breakaway_0.jpg?fit=1001%2C665&resize=525%2C300 1.5x, https:\/\/i0.wp.com\/aynakol.org\/wp-content\/uploads\/2018\/03\/2017_Strade_Bianchi_breakaway_0.jpg?fit=1001%2C665&resize=700%2C400 2x"},"classes":[]}],"_links":{"self":[{"href":"http:\/\/aynakol.org\/index.php?rest_route=\/wp\/v2\/posts\/8818","targetHints":{"allow":["GET"]}}],"collection":[{"href":"http:\/\/aynakol.org\/index.php?rest_route=\/wp\/v2\/posts"}],"about":[{"href":"http:\/\/aynakol.org\/index.php?rest_route=\/wp\/v2\/types\/post"}],"author":[{"embeddable":true,"href":"http:\/\/aynakol.org\/index.php?rest_route=\/wp\/v2\/users\/1"}],"replies":[{"embeddable":true,"href":"http:\/\/aynakol.org\/index.php?rest_route=%2Fwp%2Fv2%2Fcomments&post=8818"}],"version-history":[{"count":1,"href":"http:\/\/aynakol.org\/index.php?rest_route=\/wp\/v2\/posts\/8818\/revisions"}],"predecessor-version":[{"id":8819,"href":"http:\/\/aynakol.org\/index.php?rest_route=\/wp\/v2\/posts\/8818\/revisions\/8819"}],"wp:attachment":[{"href":"http:\/\/aynakol.org\/index.php?rest_route=%2Fwp%2Fv2%2Fmedia&parent=8818"}],"wp:term":[{"taxonomy":"category","embeddable":true,"href":"http:\/\/aynakol.org\/index.php?rest_route=%2Fwp%2Fv2%2Fcategories&post=8818"},{"taxonomy":"post_tag","embeddable":true,"href":"http:\/\/aynakol.org\/index.php?rest_route=%2Fwp%2Fv2%2Ftags&post=8818"}],"curies":[{"name":"wp","href":"https:\/\/api.w.org\/{rel}","templated":true}]}}