{"id":8881,"date":"2024-05-08T09:00:13","date_gmt":"2024-05-08T06:00:13","guid":{"rendered":"http:\/\/aynakol.org\/?p=8881"},"modified":"2024-05-08T22:29:51","modified_gmt":"2024-05-08T19:29:51","slug":"giro-ditalia-2024-5-etap-genova-lucca-178-km","status":"publish","type":"post","link":"http:\/\/aynakol.org\/?p=8881","title":{"rendered":"Giro d&#8217;Italia 2024 5. Etap: Genova > Lucca, 178 km"},"content":{"rendered":"<p><span style=\"font-size: 14pt; font-family: georgia, palatino, serif;\"><strong>D\u00fcnk\u00fc etapta neler olmu\u015ftu?<\/strong><\/span><\/p>\n<p><span style=\"font-size: 12pt; font-family: georgia, palatino, serif;\">Zafer benim olacak diyen t\u00fcm di\u015fli rakiplerinin aras\u0131ndan g\u00fc\u00e7l\u00fc, \u00e7ok g\u00fc\u00e7l\u00fc bir sprintle teker fark\u0131yla kazanan isim Jonathan Milan! <\/span><\/p>\n<p><span style=\"font-size: 12pt; font-family: georgia, palatino, serif;\"><strong><span style=\"font-size: 14pt;\">Ultimo Kilometro<\/span><br \/>\n<\/strong><\/span><\/p>\n<p><iframe loading=\"lazy\" title=\"YouTube video player\" src=\"\/\/www.youtube.com\/embed\/NgQOOM3MHWc?si=L2YUoaKxMqM_U6ch\" width=\"560\" height=\"315\" frameborder=\"0\" allowfullscreen=\"allowfullscreen\"><\/iframe><\/p>\n<p>&nbsp;<\/p>\n<p><span style=\"font-size: 12pt; font-family: georgia, palatino, serif;\">Lidl-TREK tak\u0131m\u0131n\u0131n 23 ya\u015f\u0131ndaki \u0130talyan devi, 193 cm&#8217;lik c\u00fcssesiyle Kaden Groves, Caleb Ewan, Olav Kooij, d\u00fcn\u00fcn kazanan\u0131 Tim Merlier, Fernando Gaviria gibi rakiplerini adeta silkeldi; sprinti \u00e7ok \u00f6nceden a\u00e7an gen\u00e7 \u0130talyan, biraz daha ge\u00e7 a\u00e7sa yan\u0131na kimseyi yakla\u015ft\u0131rmayacakt\u0131 neredeyse!<\/span><\/p>\n<div id=\"attachment_8883\" style=\"width: 870px\" class=\"wp-caption aligncenter\"><img data-recalc-dims=\"1\" loading=\"lazy\" decoding=\"async\" aria-describedby=\"caption-attachment-8883\" data-attachment-id=\"8883\" data-permalink=\"http:\/\/aynakol.org\/?attachment_id=8883\" data-orig-file=\"https:\/\/i0.wp.com\/aynakol.org\/wp-content\/uploads\/2024\/05\/Giro2024_Stage4_winner_jonathan_milan-scaled.jpg?fit=2560%2C1708\" data-orig-size=\"2560,1708\" data-comments-opened=\"1\" data-image-meta=\"{&quot;aperture&quot;:&quot;0&quot;,&quot;credit&quot;:&quot;&quot;,&quot;camera&quot;:&quot;&quot;,&quot;caption&quot;:&quot;&quot;,&quot;created_timestamp&quot;:&quot;0&quot;,&quot;copyright&quot;:&quot;&quot;,&quot;focal_length&quot;:&quot;0&quot;,&quot;iso&quot;:&quot;0&quot;,&quot;shutter_speed&quot;:&quot;0&quot;,&quot;title&quot;:&quot;&quot;,&quot;orientation&quot;:&quot;0&quot;}\" data-image-title=\"Giro2024_Stage4_winner_jonathan_milan\" data-image-description=\"\" data-image-caption=\"\" data-large-file=\"https:\/\/i0.wp.com\/aynakol.org\/wp-content\/uploads\/2024\/05\/Giro2024_Stage4_winner_jonathan_milan-scaled.jpg?fit=860%2C574\" class=\"wp-image-8883 size-large\" src=\"https:\/\/i0.wp.com\/aynakol.org\/wp-content\/uploads\/2024\/05\/Giro2024_Stage4_winner_jonathan_milan.jpg?resize=860%2C574\" alt=\"\" width=\"860\" height=\"574\" srcset=\"https:\/\/i0.wp.com\/aynakol.org\/wp-content\/uploads\/2024\/05\/Giro2024_Stage4_winner_jonathan_milan-scaled.jpg?resize=1024%2C683 1024w, https:\/\/i0.wp.com\/aynakol.org\/wp-content\/uploads\/2024\/05\/Giro2024_Stage4_winner_jonathan_milan-scaled.jpg?resize=300%2C200 300w, https:\/\/i0.wp.com\/aynakol.org\/wp-content\/uploads\/2024\/05\/Giro2024_Stage4_winner_jonathan_milan-scaled.jpg?resize=768%2C513 768w, https:\/\/i0.wp.com\/aynakol.org\/wp-content\/uploads\/2024\/05\/Giro2024_Stage4_winner_jonathan_milan-scaled.jpg?resize=1536%2C1025 1536w, https:\/\/i0.wp.com\/aynakol.org\/wp-content\/uploads\/2024\/05\/Giro2024_Stage4_winner_jonathan_milan-scaled.jpg?resize=2048%2C1367 2048w, https:\/\/i0.wp.com\/aynakol.org\/wp-content\/uploads\/2024\/05\/Giro2024_Stage4_winner_jonathan_milan-scaled.jpg?w=1720 1720w\" sizes=\"auto, (max-width: 860px) 100vw, 860px\" \/><p id=\"caption-attachment-8883\" class=\"wp-caption-text\">Ge\u00e7en sene kapan\u0131\u015f etab\u0131n\u0131 kazanan Milan, bugun ikinci Giro zaferine ula\u015f\u0131rken, Maglia Ciclaminoyu da s\u0131rt\u0131na ge\u00f6irdi.<\/p><\/div>\n<p>&nbsp;<\/p>\n<p><span style=\"font-size: 12pt; font-family: georgia, palatino, serif;\">Etapta etkisiz Colle del Melango ge\u00e7idi a\u015f\u0131l\u0131rken ya\u011fmur bulutlar\u0131n\u0131n \u00e7\u00f6kmesiyle olu\u015fan sis ve \u0131slak zemin ini\u015fte pelotonu risk almaya itip zorlarken \u00e7ok say\u0131da kaza ya\u015fand\u0131, d\u00fc\u015fenler oldu: \u00d6yle ki sprint i\u00e7in favori Biniam Girmay d\u00fc\u015fe kalka indi ge\u00e7itten.<\/span><\/p>\n<p>&nbsp;<\/p>\n<p><span style=\"font-size: 12pt; font-family: georgia, palatino, serif;\"><span style=\"font-size: 14pt;\"><strong>Etab\u0131n \u00f6ne \u00e7\u0131kan anlar\u0131<\/strong><\/span><br \/>\n<\/span><\/p>\n<p><iframe loading=\"lazy\" title=\"YouTube video player\" src=\"\/\/www.youtube.com\/embed\/_jxewpEf7K0?si=ZKuQ1z0RH6KD5bkY\" width=\"560\" height=\"315\" frameborder=\"0\" allowfullscreen=\"allowfullscreen\"><\/iframe><\/p>\n<p>&nbsp;<\/p>\n<p><span style=\"font-size: 12pt; font-family: georgia, palatino, serif;\">Ka\u00e7\u0131\u015f\u0131n bir umuttur zafere pedallamak eylemiyle yol ald\u0131\u011f\u0131 ama son 5 km kala yakalanmas\u0131yla b\u00fct\u00fcnle\u015fen pelotondan Filippo Gannan\u0131n g\u00fcn\u00fcn son t\u0131rman\u0131\u015f\u0131 Capo Mele ba\u015flar ba\u015flamaz atak yapmas\u0131yla heyecan y\u00fckselse de peloton tez davrand\u0131 ve d\u00fcnk\u00fc hataya d\u00fc\u015fmedi: Sprint trenleri kuruldu, lead-out man s\u0131k\u0131 \u00e7al\u0131\u015ft\u0131 ve sprinteler kozlar\u0131n\u0131 payla\u015ft\u0131! Jonathan Milan galip gelirken di\u011fer herkes h\u00fcsran i\u00e7indeydi. <\/span><\/p>\n<p><span style=\"font-size: 12pt; font-family: georgia, palatino, serif;\"><span style=\"font-size: 14pt;\"><strong>S\u0131ral\u0131 tam liste<br \/>\n<\/strong><\/span><\/span><\/p>\n<p><iframe loading=\"lazy\" src=\"https:\/\/www.procyclingstats.com\/widgets\/result.php?h=daf886dd26129daa5b236178cc60310e1fdb2b45\" width=\"520\" height=\"320\"><\/iframe><\/p>\n<p>&nbsp;<\/p>\n<p><span style=\"font-size: 12pt; font-family: georgia, palatino, serif;\">Maglia Rosa Tadej Pogacar ve genel klasman favorilerinin etab\u0131n kontrol\u00fcn\u00fc sprint tak\u0131mlar\u0131na b\u0131rakmas\u0131yla bir de\u011fi\u015fiklik olmad\u0131 mayo sahiplerinde.<\/span><\/p>\n<p>&nbsp;<\/p>\n<p><span style=\"font-size: 12pt; font-family: georgia, palatino, serif;\"><span style=\"font-size: 14pt;\"><strong>Bug\u00fcnk\u00fc etaba bakal\u0131m<\/strong><\/span><br \/>\n<\/span><\/p>\n<p><span style=\"font-size: 12pt; font-family: georgia, palatino, serif;\">Piedmontese b\u00f6lgesindeki misafirli\u011fi sona eren Pembe Karavan \u0130lurya Denizinin bir ba\u015fka \u015fehrinden Cenevizden yola \u00e7\u0131k\u0131p 178 km sonunda kolay bir profili takip ederek tepelerin ard\u0131na saklanm\u0131\u015f Lucca kasabas\u0131na varacak. <\/span><\/p>\n<div id=\"attachment_8889\" style=\"width: 870px\" class=\"wp-caption aligncenter\"><img data-recalc-dims=\"1\" loading=\"lazy\" decoding=\"async\" aria-describedby=\"caption-attachment-8889\" data-attachment-id=\"8889\" data-permalink=\"http:\/\/aynakol.org\/?attachment_id=8889\" data-orig-file=\"https:\/\/i0.wp.com\/aynakol.org\/wp-content\/uploads\/2024\/05\/Giro2024_Stage5_profile.jpg?fit=1250%2C625\" data-orig-size=\"1250,625\" data-comments-opened=\"1\" data-image-meta=\"{&quot;aperture&quot;:&quot;0&quot;,&quot;credit&quot;:&quot;&quot;,&quot;camera&quot;:&quot;&quot;,&quot;caption&quot;:&quot;&quot;,&quot;created_timestamp&quot;:&quot;0&quot;,&quot;copyright&quot;:&quot;&quot;,&quot;focal_length&quot;:&quot;0&quot;,&quot;iso&quot;:&quot;0&quot;,&quot;shutter_speed&quot;:&quot;0&quot;,&quot;title&quot;:&quot;&quot;,&quot;orientation&quot;:&quot;0&quot;}\" data-image-title=\"Giro2024_Stage5_profile\" data-image-description=\"\" data-image-caption=\"\" data-large-file=\"https:\/\/i0.wp.com\/aynakol.org\/wp-content\/uploads\/2024\/05\/Giro2024_Stage5_profile.jpg?fit=860%2C430\" class=\"wp-image-8889 size-large\" src=\"https:\/\/i0.wp.com\/aynakol.org\/wp-content\/uploads\/2024\/05\/Giro2024_Stage5_profile.jpg?resize=860%2C430\" alt=\"\" width=\"860\" height=\"430\" srcset=\"https:\/\/i0.wp.com\/aynakol.org\/wp-content\/uploads\/2024\/05\/Giro2024_Stage5_profile.jpg?resize=1024%2C512 1024w, https:\/\/i0.wp.com\/aynakol.org\/wp-content\/uploads\/2024\/05\/Giro2024_Stage5_profile.jpg?resize=300%2C150 300w, https:\/\/i0.wp.com\/aynakol.org\/wp-content\/uploads\/2024\/05\/Giro2024_Stage5_profile.jpg?resize=768%2C384 768w, https:\/\/i0.wp.com\/aynakol.org\/wp-content\/uploads\/2024\/05\/Giro2024_Stage5_profile.jpg?w=1250 1250w\" sizes=\"auto, (max-width: 860px) 100vw, 860px\" \/><p id=\"caption-attachment-8889\" class=\"wp-caption-text\">4. Etab\u0131n profili dinlenme m\u00fcsait.<\/p><\/div>\n<p>&nbsp;<\/p>\n<p><span style=\"font-size: 12pt; font-family: georgia, palatino, serif;\">Kolayc\u0131 bir profildeki 178 km uzunlu\u011fundaki 5. Etap \u00f6n\u00fcm\u00fczdeki etaplar i\u00e7in pe\u015fin \u00f6denmi\u015f bir sele \u00fczeri dinlenme g\u00fcn\u00fc asl\u0131nda. Etab\u0131n ilk yar\u0131s\u0131 deniz k\u0131y\u0131s\u0131ndan gezelim g\u00f6relim, mavi bayrakl\u0131 sahillerimizle \u00f6v\u00fcnelim tad\u0131nda, ikinci yar\u0131s\u0131 da bacaklar\u0131 yormayacak tepeciklerin a\u015f\u0131lmas\u0131ndan ibaret. Tepesinden biti\u015fe 20 km kala ge\u00e7ilecek Montemagno beli geride kal\u0131r kalmaz biti\u015f \u00e7izgisine dek dini\u015f uzan\u0131yor pelotonun \u00f6n\u00fcnde. D\u00fcnk\u00fc etab\u0131n sonunda tan\u0131k oldu\u011fumuz gibi bir toplu sprint m\u00fccadelesi ya\u015fanabilir.<\/span><\/p>\n<div id=\"simple-translate\" class=\"simple-translate-dark-theme\">\n<div>\n<div class=\"simple-translate-button \" style=\"background-image: url('moz-extension:\/\/f167619f-b275-4d40-8658-1c62fed97981\/icons\/512.png'); height: 22px; width: 22px; top: 10px; left: 10px;\"><\/div>\n<div class=\"simple-translate-panel isShow\" style=\"width: 157px; height: 53px; top: 1223.1px; left: 94.925px; font-size: 15px;\">\n<div class=\"simple-translate-result-wrapper\" style=\"overflow: hidden;\">\n<div class=\"simple-translate-move\" draggable=\"true\"><\/div>\n<div class=\"simple-translate-result-contents\">\n<p class=\"simple-translate-result\" dir=\"auto\">Colle del Melango<\/p>\n<p class=\"simple-translate-candidate\" dir=\"auto\">\n<\/div>\n<\/div>\n<\/div>\n<\/div>\n<\/div>\n","protected":false},"excerpt":{"rendered":"<p>D\u00fcnk\u00fc etapta neler olmu\u015ftu? Zafer benim olacak diyen t\u00fcm di\u015fli rakiplerinin aras\u0131ndan g\u00fc\u00e7l\u00fc, \u00e7ok g\u00fc\u00e7l\u00fc bir sprintle teker fark\u0131yla kazanan isim Jonathan Milan! Ultimo Kilometro [&#8230;]<\/p>\n","protected":false},"author":1,"featured_media":0,"comment_status":"open","ping_status":"open","sticky":false,"template":"","format":"standard","meta":{"jetpack_post_was_ever_published":false,"_jetpack_newsletter_access":"","_jetpack_dont_email_post_to_subs":false,"_jetpack_newsletter_tier_id":0,"_jetpack_memberships_contains_paywalled_content":false,"_jetpack_memberships_contains_paid_content":false,"footnotes":"","jetpack_publicize_message":"","jetpack_publicize_feature_enabled":true,"jetpack_social_post_already_shared":true,"jetpack_social_options":{"image_generator_settings":{"template":"highway","default_image_id":0,"font":"","enabled":false},"version":2}},"categories":[1239],"tags":[32,1513],"class_list":["post-8881","post","type-post","status-publish","format-standard","hentry","category-giro-ditalia","tag-giro","tag-jonathan-milan"],"jetpack_publicize_connections":[],"jetpack_featured_media_url":"","jetpack_sharing_enabled":true,"jetpack_shortlink":"https:\/\/wp.me\/p51p4O-2jf","jetpack_likes_enabled":true,"jetpack-related-posts":[{"id":9454,"url":"http:\/\/aynakol.org\/?p=9454","url_meta":{"origin":8881,"position":0},"title":"Tour de France 2025 8. etap: Saint-M\u00e9en-le-Grand  \u203a  Laval, 171,4 km","author":"Ayd\u0131n Bez","date":"11 Temmuz 2025","format":false,"excerpt":"Etab\u0131n \u00f6ncesini, sonras\u0131n\u0131 ve yaz\u0131lanlardan farkl\u0131 c\u00fcmlelerle incelemesini dinlemek isterseniz podcast burada! Ancak belirteyim, yaz\u0131l\u0131s\u0131 da s\u00f6zl\u00fcs\u00fc de birbirinden farkl\u0131, ikisinin tad\u0131 ayn\u0131! 8. Etab\u0131n incelemesi Denize elveda dedi\u011fimiz 8. Etapla birlikte art\u0131k Fransan\u0131n kalbine, Massif Central b\u00f6lgesine do\u011fru ge\u00e7iyoruz, ama bu ge\u00e7i\u015f kap\u0131dan \u015f\u00f6yle bir bak\u0131p gitmek \u015feklinde, y\u00f6n\u00fcm\u00fcz\u2026","rel":"","context":"&quot;Tour de France&quot; i\u00e7inde","block_context":{"text":"Tour de France","link":"http:\/\/aynakol.org\/?cat=89"},"img":{"alt_text":"","src":"https:\/\/i0.wp.com\/aynakol.org\/wp-content\/uploads\/2025\/07\/tdf2025_stage7_3.jpg?fit=1000%2C667&resize=350%2C200","width":350,"height":200,"srcset":"https:\/\/i0.wp.com\/aynakol.org\/wp-content\/uploads\/2025\/07\/tdf2025_stage7_3.jpg?fit=1000%2C667&resize=350%2C200 1x, https:\/\/i0.wp.com\/aynakol.org\/wp-content\/uploads\/2025\/07\/tdf2025_stage7_3.jpg?fit=1000%2C667&resize=525%2C300 1.5x, https:\/\/i0.wp.com\/aynakol.org\/wp-content\/uploads\/2025\/07\/tdf2025_stage7_3.jpg?fit=1000%2C667&resize=700%2C400 2x"},"classes":[]},{"id":7414,"url":"http:\/\/aynakol.org\/?p=7414","url_meta":{"origin":8881,"position":1},"title":"#giro106tr 18. Etap: Oberze \u2192 Val di Zoldo, 161 km","author":"Ayd\u0131n Bez","date":"25 May\u0131s 2023","format":false,"excerpt":"D\u00fcnk\u00fc etapta neler olmu\u015ftu? Beklendi\u011fi gibi favorilerin yatt\u0131\u011f\u0131 sprinter pedallar\u0131n ise zafer i\u00e7in m\u00fccadele etti\u011fi bir etap sonu izledik: 197 km sonunda Matthews mi, Milan m\u0131, Dainese mi derken fotofini\u015f DSM tak\u0131m\u0131n\u0131n 25 ya\u015f\u0131ndaki gen\u00e7 \u0130talyan pedal\u0131na zaferi yazd\u0131. \u00a0 Ultimo Kilometro \u00a0 197 km uzunlu\u011fundaki etab\u0131 4:25 saatte pedallayan\u2026","rel":"","context":"&quot;Giro d'Italia&quot; i\u00e7inde","block_context":{"text":"Giro d'Italia","link":"http:\/\/aynakol.org\/?cat=1239"},"img":{"alt_text":"","src":"https:\/\/i0.wp.com\/aynakol.org\/wp-content\/uploads\/2023\/05\/giro106_stage17_peloton-e1684957647528.jpg?fit=1200%2C555&resize=350%2C200","width":350,"height":200,"srcset":"https:\/\/i0.wp.com\/aynakol.org\/wp-content\/uploads\/2023\/05\/giro106_stage17_peloton-e1684957647528.jpg?fit=1200%2C555&resize=350%2C200 1x, https:\/\/i0.wp.com\/aynakol.org\/wp-content\/uploads\/2023\/05\/giro106_stage17_peloton-e1684957647528.jpg?fit=1200%2C555&resize=525%2C300 1.5x, https:\/\/i0.wp.com\/aynakol.org\/wp-content\/uploads\/2023\/05\/giro106_stage17_peloton-e1684957647528.jpg?fit=1200%2C555&resize=700%2C400 2x, https:\/\/i0.wp.com\/aynakol.org\/wp-content\/uploads\/2023\/05\/giro106_stage17_peloton-e1684957647528.jpg?fit=1200%2C555&resize=1050%2C600 3x"},"classes":[]},{"id":7270,"url":"http:\/\/aynakol.org\/?p=7270","url_meta":{"origin":8881,"position":2},"title":"#giro106tr 7. Etap: Capua \u2192 Gran Sasso d\u2019Italia, 218 km","author":"Ayd\u0131n Bez","date":"12 May\u0131s 2023","format":false,"excerpt":"D\u00fcnk\u00fc etapta neler olmu\u015ftu? Napoli r\u0131ht\u0131m\u0131nda sona eren 6. Etab\u0131n sonuna kazanan Mads Pedersen olurken kaybedenler de ka\u00e7\u0131\u015ftan geriye kalan iki isim, Alessandro de Marchi ve Simon Clark oldu. Son 10 km i\u00e7ine girildi\u011finde INEOS tak\u0131m\u0131n\u0131n kime yarad\u0131\u011f\u0131 me\u00e7hul temposu fark\u0131 1 dakika s\u0131n\u0131r\u0131na \u00e7ekince ka\u00e7aklar\u0131n da \u015fans\u0131 azald\u0131k\u00e7a azald\u0131...\u2026","rel":"","context":"&quot;Giro d'Italia&quot; i\u00e7inde","block_context":{"text":"Giro d'Italia","link":"http:\/\/aynakol.org\/?cat=1239"},"img":{"alt_text":"","src":"https:\/\/i0.wp.com\/aynakol.org\/wp-content\/uploads\/2023\/05\/giro106_stage3_remco-scaled-e1683812479139.jpg?fit=1200%2C561&resize=350%2C200","width":350,"height":200,"srcset":"https:\/\/i0.wp.com\/aynakol.org\/wp-content\/uploads\/2023\/05\/giro106_stage3_remco-scaled-e1683812479139.jpg?fit=1200%2C561&resize=350%2C200 1x, https:\/\/i0.wp.com\/aynakol.org\/wp-content\/uploads\/2023\/05\/giro106_stage3_remco-scaled-e1683812479139.jpg?fit=1200%2C561&resize=525%2C300 1.5x, https:\/\/i0.wp.com\/aynakol.org\/wp-content\/uploads\/2023\/05\/giro106_stage3_remco-scaled-e1683812479139.jpg?fit=1200%2C561&resize=700%2C400 2x, https:\/\/i0.wp.com\/aynakol.org\/wp-content\/uploads\/2023\/05\/giro106_stage3_remco-scaled-e1683812479139.jpg?fit=1200%2C561&resize=1050%2C600 3x"},"classes":[]},{"id":7225,"url":"http:\/\/aynakol.org\/?p=7225","url_meta":{"origin":8881,"position":3},"title":"#giro106 3. Etap: Vasto \u2192 Melfi, 213km","author":"Ayd\u0131n Bez","date":"8 May\u0131s 2023","format":false,"excerpt":"D\u00fcnk\u00fc etapta neler olmu\u015ftu San Salvo kom\u00fcn\u00fcnde sona eren 204 km uzunlu\u011fundaki etapta kazanan isim Jonahtan Milan! Toplu Sprint m\u00fccadelesini neredeyse bir boy bisiklet fak\u0131yla rahat\u00e7a kazanan Bahrain - Victorious tak\u0131m\u0131n\u0131n 22 ya\u015f\u0131ndaki sprinter pedal\u0131 hem kendisine hem de \u0130talyanlara ilk Giro d'Italia zaferini arma\u011fan etti. \u00a0 Son 1 km\u2026","rel":"","context":"&quot;Giro d'Italia&quot; i\u00e7inde","block_context":{"text":"Giro d'Italia","link":"http:\/\/aynakol.org\/?cat=1239"},"img":{"alt_text":"","src":"https:\/\/i0.wp.com\/aynakol.org\/wp-content\/uploads\/2023\/05\/giro106_stage2_bunch_sprint1.jpg?fit=1200%2C498&resize=350%2C200","width":350,"height":200,"srcset":"https:\/\/i0.wp.com\/aynakol.org\/wp-content\/uploads\/2023\/05\/giro106_stage2_bunch_sprint1.jpg?fit=1200%2C498&resize=350%2C200 1x, https:\/\/i0.wp.com\/aynakol.org\/wp-content\/uploads\/2023\/05\/giro106_stage2_bunch_sprint1.jpg?fit=1200%2C498&resize=525%2C300 1.5x, https:\/\/i0.wp.com\/aynakol.org\/wp-content\/uploads\/2023\/05\/giro106_stage2_bunch_sprint1.jpg?fit=1200%2C498&resize=700%2C400 2x, https:\/\/i0.wp.com\/aynakol.org\/wp-content\/uploads\/2023\/05\/giro106_stage2_bunch_sprint1.jpg?fit=1200%2C498&resize=1050%2C600 3x"},"classes":[]},{"id":8871,"url":"http:\/\/aynakol.org\/?p=8871","url_meta":{"origin":8881,"position":4},"title":"Giro d&#8217;Italia 2024 4. Etap: Acqui Terme > Andora, 190 km","author":"Ayd\u0131n Bez","date":"7 May\u0131s 2024","format":false,"excerpt":"D\u00fcnk\u00fc etapta neler olmu\u015ftu? Fossano da sona eren 166 km uzunlu\u011fundaki 3. etab\u0131n sonunda ya\u015fanan toplu sprint m\u00fccadelesinde yar\u0131m teker farkla kazanan isim Tim Merlier! Ultimo kilometro Soudal Quick Step tak\u0131m\u0131n\u0131n 31 ya\u015f\u0131ndaki Bel\u00e7ikal\u0131 pedal\u0131 \u00e7ok iyi pozisyon ald\u0131 ve toplu sprintte zor olsa da kazanmas\u0131n\u0131 bildi; bu zaferle birlikte\u2026","rel":"","context":"&quot;Giro d'Italia&quot; i\u00e7inde","block_context":{"text":"Giro d'Italia","link":"http:\/\/aynakol.org\/?cat=1239"},"img":{"alt_text":"","src":"https:\/\/i0.wp.com\/aynakol.org\/wp-content\/uploads\/2024\/05\/Giro2024_Stage3_peloton-scaled-e1715024239630.jpg?fit=1200%2C662&resize=350%2C200","width":350,"height":200,"srcset":"https:\/\/i0.wp.com\/aynakol.org\/wp-content\/uploads\/2024\/05\/Giro2024_Stage3_peloton-scaled-e1715024239630.jpg?fit=1200%2C662&resize=350%2C200 1x, https:\/\/i0.wp.com\/aynakol.org\/wp-content\/uploads\/2024\/05\/Giro2024_Stage3_peloton-scaled-e1715024239630.jpg?fit=1200%2C662&resize=525%2C300 1.5x, https:\/\/i0.wp.com\/aynakol.org\/wp-content\/uploads\/2024\/05\/Giro2024_Stage3_peloton-scaled-e1715024239630.jpg?fit=1200%2C662&resize=700%2C400 2x, https:\/\/i0.wp.com\/aynakol.org\/wp-content\/uploads\/2024\/05\/Giro2024_Stage3_peloton-scaled-e1715024239630.jpg?fit=1200%2C662&resize=1050%2C600 3x"},"classes":[]},{"id":7336,"url":"http:\/\/aynakol.org\/?p=7336","url_meta":{"origin":8881,"position":5},"title":"#giro106tr 12. Etap: Bra \u2192 Rivoli, 186 km","author":"Ayd\u0131n Bez","date":"18 May\u0131s 2023","format":false,"excerpt":"D\u00fcnk\u00fc etapta neler oldu? \u00a0 Ka\u00e7\u0131\u015fa y\u00e2r edilmeyen 219 km uzunlu\u011fuyla 11. Etab\u0131n sonunda zafere g\u00fc\u00e7l\u00fc pedallarla uzanan isim Pascal Ackermann! \u00a0 Ultimo Kilometro \u00a0 UAE Team Emirates tak\u0131m\u0131n\u0131n 29 ya\u015f\u0131ndaki Alman pedal\u0131 biti\u015f \u00e7izgisi bir 50 mt ileride olsa s\u0131rt\u0131nda Maglia Ciclamino ile geriden yard\u0131ra yard\u0131ra pedallayan Jonathan Milana\u2026","rel":"","context":"&quot;Giro d'Italia&quot; i\u00e7inde","block_context":{"text":"Giro d'Italia","link":"http:\/\/aynakol.org\/?cat=1239"},"img":{"alt_text":"","src":"https:\/\/i0.wp.com\/aynakol.org\/wp-content\/uploads\/2023\/05\/giro106_stage11_peloton_1.jpg?fit=1200%2C801&resize=350%2C200","width":350,"height":200,"srcset":"https:\/\/i0.wp.com\/aynakol.org\/wp-content\/uploads\/2023\/05\/giro106_stage11_peloton_1.jpg?fit=1200%2C801&resize=350%2C200 1x, https:\/\/i0.wp.com\/aynakol.org\/wp-content\/uploads\/2023\/05\/giro106_stage11_peloton_1.jpg?fit=1200%2C801&resize=525%2C300 1.5x, https:\/\/i0.wp.com\/aynakol.org\/wp-content\/uploads\/2023\/05\/giro106_stage11_peloton_1.jpg?fit=1200%2C801&resize=700%2C400 2x, https:\/\/i0.wp.com\/aynakol.org\/wp-content\/uploads\/2023\/05\/giro106_stage11_peloton_1.jpg?fit=1200%2C801&resize=1050%2C600 3x"},"classes":[]}],"_links":{"self":[{"href":"http:\/\/aynakol.org\/index.php?rest_route=\/wp\/v2\/posts\/8881","targetHints":{"allow":["GET"]}}],"collection":[{"href":"http:\/\/aynakol.org\/index.php?rest_route=\/wp\/v2\/posts"}],"about":[{"href":"http:\/\/aynakol.org\/index.php?rest_route=\/wp\/v2\/types\/post"}],"author":[{"embeddable":true,"href":"http:\/\/aynakol.org\/index.php?rest_route=\/wp\/v2\/users\/1"}],"replies":[{"embeddable":true,"href":"http:\/\/aynakol.org\/index.php?rest_route=%2Fwp%2Fv2%2Fcomments&post=8881"}],"version-history":[{"count":4,"href":"http:\/\/aynakol.org\/index.php?rest_route=\/wp\/v2\/posts\/8881\/revisions"}],"predecessor-version":[{"id":8892,"href":"http:\/\/aynakol.org\/index.php?rest_route=\/wp\/v2\/posts\/8881\/revisions\/8892"}],"wp:attachment":[{"href":"http:\/\/aynakol.org\/index.php?rest_route=%2Fwp%2Fv2%2Fmedia&parent=8881"}],"wp:term":[{"taxonomy":"category","embeddable":true,"href":"http:\/\/aynakol.org\/index.php?rest_route=%2Fwp%2Fv2%2Fcategories&post=8881"},{"taxonomy":"post_tag","embeddable":true,"href":"http:\/\/aynakol.org\/index.php?rest_route=%2Fwp%2Fv2%2Ftags&post=8881"}],"curies":[{"name":"wp","href":"https:\/\/api.w.org\/{rel}","templated":true}]}}