{"id":8913,"date":"2024-05-10T08:15:24","date_gmt":"2024-05-10T05:15:24","guid":{"rendered":"http:\/\/aynakol.org\/?p=8913"},"modified":"2024-05-10T08:15:26","modified_gmt":"2024-05-10T05:15:26","slug":"giro-ditalia-2024-7-etap-foligno-perugia-406-km-itt","status":"publish","type":"post","link":"http:\/\/aynakol.org\/?p=8913","title":{"rendered":"G\u0130ro d&#8217;italia 2024 7. Etap: Foligno > Perugia, 40,6 km (ITT)"},"content":{"rendered":"<p><span style=\"font-size: 14pt;\"><strong><span style=\"font-family: georgia, palatino, serif;\">D\u00fcnk\u00fc etapta neler olmu\u015ftu?<\/span><\/strong><\/span><\/p>\n<p><span style=\"font-size: 12pt; font-family: georgia, palatino, serif;\">K\u0131sa \u00f6zet: Etab\u0131n kazanan\u0131 Pelayo Sanchez, kaybedeni Julian Alaphilippe! <\/span><\/p>\n<p><span style=\"font-size: 14pt; font-family: georgia, palatino, serif;\"><strong>Ultimo Kiloemtro<\/strong><\/span><\/p>\n<p><iframe loading=\"lazy\" title=\"YouTube video player\" src=\"\/\/www.youtube.com\/embed\/KvyivFwpiIw?si=bZl1J_tZs1xd5Wp_\" width=\"560\" height=\"315\" frameborder=\"0\" allowfullscreen=\"allowfullscreen\"><\/iframe><\/p>\n<p><span style=\"font-size: 12pt; font-family: georgia, palatino, serif;\">Tozlu yollar\u0131n vaadetti\u011fi heyecan ve ata\u011f\u0131n sadece ka\u011f\u0131t \u00fczerinde kald\u0131\u011f\u0131 bir etap izledik. Pelotonun, dahas\u0131 UAE Emirates tak\u0131m\u0131n\u0131n Pogacar\u0131n yapaca\u011f\u0131 atak u\u011fruna ka\u00e7\u0131\u015fa izin vermedi\u011fi, INEO Grenadiers tak\u0131m\u0131n\u0131n da s\u00fcrekli Maglia Rosa ve fedailerini g\u00f6zetip takip etti\u011fi, haliyle ka\u00e7\u0131\u015f\u0131n yine engelledi\u011fi g\u00fcnde nihayet ka\u00e7\u0131\u015f, ilk tozlu yola girmeden Alaphilippe \u00f6nc\u00fcl\u00fc\u011f\u00fcnde olu\u015fabildi. <\/span><\/p>\n<p><img data-recalc-dims=\"1\" loading=\"lazy\" decoding=\"async\" data-attachment-id=\"8920\" data-permalink=\"http:\/\/aynakol.org\/?attachment_id=8920\" data-orig-file=\"https:\/\/i0.wp.com\/aynakol.org\/wp-content\/uploads\/2024\/05\/Giro2024_Stage6_peloton2.jpg?fit=2560%2C1707\" data-orig-size=\"2560,1707\" data-comments-opened=\"1\" data-image-meta=\"{&quot;aperture&quot;:&quot;2.8&quot;,&quot;credit&quot;:&quot;Zac Williams&quot;,&quot;camera&quot;:&quot;ILCE-9M2&quot;,&quot;caption&quot;:&quot;giro d&#039;italia 2024, stage 6, marketing, Williams&quot;,&quot;created_timestamp&quot;:&quot;1715269012&quot;,&quot;copyright&quot;:&quot;&quot;,&quot;focal_length&quot;:&quot;200&quot;,&quot;iso&quot;:&quot;160&quot;,&quot;shutter_speed&quot;:&quot;0.0004&quot;,&quot;title&quot;:&quot;giro d&#039;italia 2024, stage 6, marketing, Williams&quot;,&quot;orientation&quot;:&quot;0&quot;}\" data-image-title=\"giro d&amp;#8217;italia 2024, stage 6, marketing, Williams\" data-image-description=\"\" data-image-caption=\"&lt;p&gt;giro d&amp;#8217;italia 2024, stage 6, marketing, Williams&lt;\/p&gt;\n\" data-large-file=\"https:\/\/i0.wp.com\/aynakol.org\/wp-content\/uploads\/2024\/05\/Giro2024_Stage6_peloton2.jpg?fit=860%2C574\" class=\"size-large wp-image-8920\" src=\"https:\/\/i0.wp.com\/aynakol.org\/wp-content\/uploads\/2024\/05\/Giro2024_Stage6_peloton2.jpg?resize=860%2C574\" alt=\"\" width=\"860\" height=\"574\" srcset=\"https:\/\/i0.wp.com\/aynakol.org\/wp-content\/uploads\/2024\/05\/Giro2024_Stage6_peloton2.jpg?resize=1024%2C683 1024w, https:\/\/i0.wp.com\/aynakol.org\/wp-content\/uploads\/2024\/05\/Giro2024_Stage6_peloton2.jpg?resize=300%2C200 300w, https:\/\/i0.wp.com\/aynakol.org\/wp-content\/uploads\/2024\/05\/Giro2024_Stage6_peloton2.jpg?resize=768%2C512 768w, https:\/\/i0.wp.com\/aynakol.org\/wp-content\/uploads\/2024\/05\/Giro2024_Stage6_peloton2.jpg?resize=1536%2C1024 1536w, https:\/\/i0.wp.com\/aynakol.org\/wp-content\/uploads\/2024\/05\/Giro2024_Stage6_peloton2.jpg?resize=2048%2C1366 2048w, https:\/\/i0.wp.com\/aynakol.org\/wp-content\/uploads\/2024\/05\/Giro2024_Stage6_peloton2.jpg?w=1720 1720w\" sizes=\"auto, (max-width: 860px) 100vw, 860px\" \/><\/p>\n<p><span style=\"font-size: 12pt; font-family: georgia, palatino, serif;\">Olu\u015fsa ne gam! S\u00fcrekli 20 saniye geriden pelotonun nmeffesinin hissedilmesi ancak tozlu yollar\u0131n ikincisi, t\u0131rman\u0131u\u015fta sona erdi ki, zaten buradan sonra orjinal ka\u00e7\u0131\u015ftan geriye bir Alaphilippe kald\u0131, o gitti bu geldi derken sonradan ka\u00e7\u0131\u015fa kat\u0131lan Pelayo Sanchez son d\u00fczl\u00fckte zafer i\u00e7in g\u00fcn boyu \u00e7al\u0131\u015fan Alaphilippe dize getirip etab\u0131 kazand\u0131. <\/span><\/p>\n<p>&nbsp;<\/p>\n<p><img data-recalc-dims=\"1\" loading=\"lazy\" decoding=\"async\" data-attachment-id=\"8922\" data-permalink=\"http:\/\/aynakol.org\/?attachment_id=8922\" data-orig-file=\"https:\/\/i0.wp.com\/aynakol.org\/wp-content\/uploads\/2024\/05\/Giro2024_Stage6_winner_pelayo_sanchez.jpg?fit=2048%2C1366\" data-orig-size=\"2048,1366\" data-comments-opened=\"1\" data-image-meta=\"{&quot;aperture&quot;:&quot;0&quot;,&quot;credit&quot;:&quot;&quot;,&quot;camera&quot;:&quot;&quot;,&quot;caption&quot;:&quot;&quot;,&quot;created_timestamp&quot;:&quot;0&quot;,&quot;copyright&quot;:&quot;&quot;,&quot;focal_length&quot;:&quot;0&quot;,&quot;iso&quot;:&quot;0&quot;,&quot;shutter_speed&quot;:&quot;0&quot;,&quot;title&quot;:&quot;&quot;,&quot;orientation&quot;:&quot;0&quot;}\" data-image-title=\"Giro2024_Stage6_winner_pelayo_sanchez\" data-image-description=\"\" data-image-caption=\"\" data-large-file=\"https:\/\/i0.wp.com\/aynakol.org\/wp-content\/uploads\/2024\/05\/Giro2024_Stage6_winner_pelayo_sanchez.jpg?fit=860%2C574\" class=\"aligncenter size-large wp-image-8922\" src=\"https:\/\/i0.wp.com\/aynakol.org\/wp-content\/uploads\/2024\/05\/Giro2024_Stage6_winner_pelayo_sanchez.jpg?resize=860%2C574\" alt=\"\" width=\"860\" height=\"574\" srcset=\"https:\/\/i0.wp.com\/aynakol.org\/wp-content\/uploads\/2024\/05\/Giro2024_Stage6_winner_pelayo_sanchez.jpg?resize=1024%2C683 1024w, https:\/\/i0.wp.com\/aynakol.org\/wp-content\/uploads\/2024\/05\/Giro2024_Stage6_winner_pelayo_sanchez.jpg?resize=300%2C200 300w, https:\/\/i0.wp.com\/aynakol.org\/wp-content\/uploads\/2024\/05\/Giro2024_Stage6_winner_pelayo_sanchez.jpg?resize=768%2C512 768w, https:\/\/i0.wp.com\/aynakol.org\/wp-content\/uploads\/2024\/05\/Giro2024_Stage6_winner_pelayo_sanchez.jpg?resize=1536%2C1025 1536w, https:\/\/i0.wp.com\/aynakol.org\/wp-content\/uploads\/2024\/05\/Giro2024_Stage6_winner_pelayo_sanchez.jpg?w=2048 2048w, https:\/\/i0.wp.com\/aynakol.org\/wp-content\/uploads\/2024\/05\/Giro2024_Stage6_winner_pelayo_sanchez.jpg?w=1720 1720w\" sizes=\"auto, (max-width: 860px) 100vw, 860px\" \/><\/p>\n<p>&nbsp;<\/p>\n<p><span style=\"font-size: 12pt; font-family: georgia, palatino, serif;\">Movistar tak\u0131m\u0131n\u0131n 24 ya\u015f\u0131ndaki taze \u0130spanyol pedal\u0131 Pelayo Sanchez 88 km s\u00fcren ka\u00e7\u0131\u015f\u0131n\u0131 zaferle ta\u00e7land\u0131r\u0131ken ilk profesyonel etap zaferine imza att\u0131; 105 km s\u00fcren m\u00fccadelesinde Alaphilippe \u00fcz\u00fclse de kendisini yine yeniden m\u00fccadele i\u00e7inde g\u00f6rmek eski g\u00fcnlerindeki gibi, herkesi heyecanland\u0131rd\u0131. <\/span><\/p>\n<p>&nbsp;<\/p>\n<p><span style=\"font-size: 12pt; font-family: georgia, palatino, serif;\"><span style=\"font-size: 14pt;\"><strong>Etab\u0131n \u00f6ne \u00e7\u0131kan anlar\u0131<\/strong><\/span><\/span><\/p>\n<p><iframe loading=\"lazy\" title=\"YouTube video player\" src=\"\/\/www.youtube.com\/embed\/qFBzkdaq6rE?si=0Hy6ZlRdc888OBYj\" width=\"560\" height=\"315\" frameborder=\"0\" allowfullscreen=\"allowfullscreen\"><\/iframe><\/p>\n<p>&nbsp;<\/p>\n<p><span style=\"font-size: 14pt;\"><strong><span style=\"font-family: georgia, palatino, serif;\">S\u0131ral\u0131 tam liste<\/span><\/strong><\/span><\/p>\n<p><iframe loading=\"lazy\" src=\"https:\/\/www.procyclingstats.com\/widgets\/result.php?h=9ee360c02ac820881a8727564ebabd8d6f44eee3\" width=\"520\" height=\"320\"><\/iframe><\/p>\n<p><span style=\"font-size: 14pt;\"><strong><span style=\"font-family: georgia, palatino, serif;\">Bug\u00fcnk\u00fc etab\u0131 incelersek<\/span><\/strong><\/span><\/p>\n<p><span style=\"font-size: 12pt; font-family: georgia, palatino, serif;\">Genel klasman m\u00fccadelesinde ta\u015flar\u0131n yerine oturaca\u011f\u0131 bir etap var kar\u015f\u0131m\u0131zda. Asl\u0131nda ilk haftadan Maglia Rosa b\u00f6ylesine s\u0131k\u0131 s\u0131k\u0131ya bir pedal\u0131n s\u0131rt\u0131na yap\u0131\u015fmaz ortak ya\u015far misali ama bu sene RCS s\u0131rf Tadej Pogacar \u00e7ekimine kap\u0131lmak ad\u0131na b\u00f6yle bir etaplar dizisiyle yol ald\u0131. <\/span><\/p>\n<p><span style=\"font-size: 12pt; font-family: georgia, palatino, serif;\">Ykala\u015f\u0131k 41 km uzunlu\u011fundaki bireysel zamana kar\u015f\u0131 m\u00fccadelesi \u015feklinde pedallanacak 7. Etab\u0131n sonunda favorilerin ortaya koyaca\u011f\u0131 performans ve takiben alev alan bacaklar\u0131 iyice yang\u0131n yerine \u00e7evirecek zirve biti\u015fine ev sahipli\u011fi yapan 8. Etap sonunda Maglia Rosan\u0131n kaderi tayin edilmi\u015f olacak. <\/span><\/p>\n<div id=\"attachment_8914\" style=\"width: 870px\" class=\"wp-caption aligncenter\"><img data-recalc-dims=\"1\" loading=\"lazy\" decoding=\"async\" aria-describedby=\"caption-attachment-8914\" data-attachment-id=\"8914\" data-permalink=\"http:\/\/aynakol.org\/?attachment_id=8914\" data-orig-file=\"https:\/\/i0.wp.com\/aynakol.org\/wp-content\/uploads\/2024\/05\/Giro2024_Stage7_profile.jpg?fit=1250%2C625\" data-orig-size=\"1250,625\" data-comments-opened=\"1\" data-image-meta=\"{&quot;aperture&quot;:&quot;0&quot;,&quot;credit&quot;:&quot;&quot;,&quot;camera&quot;:&quot;&quot;,&quot;caption&quot;:&quot;&quot;,&quot;created_timestamp&quot;:&quot;0&quot;,&quot;copyright&quot;:&quot;&quot;,&quot;focal_length&quot;:&quot;0&quot;,&quot;iso&quot;:&quot;0&quot;,&quot;shutter_speed&quot;:&quot;0&quot;,&quot;title&quot;:&quot;&quot;,&quot;orientation&quot;:&quot;0&quot;}\" data-image-title=\"Giro2024_Stage7_profile\" data-image-description=\"\" data-image-caption=\"\" data-large-file=\"https:\/\/i0.wp.com\/aynakol.org\/wp-content\/uploads\/2024\/05\/Giro2024_Stage7_profile.jpg?fit=860%2C430\" class=\"wp-image-8914 size-large\" src=\"https:\/\/i0.wp.com\/aynakol.org\/wp-content\/uploads\/2024\/05\/Giro2024_Stage7_profile.jpg?resize=860%2C430\" alt=\"\" width=\"860\" height=\"430\" srcset=\"https:\/\/i0.wp.com\/aynakol.org\/wp-content\/uploads\/2024\/05\/Giro2024_Stage7_profile.jpg?resize=1024%2C512 1024w, https:\/\/i0.wp.com\/aynakol.org\/wp-content\/uploads\/2024\/05\/Giro2024_Stage7_profile.jpg?resize=300%2C150 300w, https:\/\/i0.wp.com\/aynakol.org\/wp-content\/uploads\/2024\/05\/Giro2024_Stage7_profile.jpg?resize=768%2C384 768w, https:\/\/i0.wp.com\/aynakol.org\/wp-content\/uploads\/2024\/05\/Giro2024_Stage7_profile.jpg?w=1250 1250w\" sizes=\"auto, (max-width: 860px) 100vw, 860px\" \/><p id=\"caption-attachment-8914\" class=\"wp-caption-text\">D\u00fczde \u00e7ok doland\u0131m \u015f\u00f6yle bir y\u00fccesinde seyran eyleyeyim etab\u0131&#8230;<\/p><\/div>\n<p><span style=\"font-size: 12pt; font-family: georgia, palatino, serif;\">Etab\u0131n sonunda 6.6 km uzunlu\u011funda bir t\u0131rman\u0131\u015f yer al\u0131yor, \u00f6n\u00fc yani 34 km ise d\u00fcmd\u00fcz diyebiliriz. Foligno kasabas\u0131ndan ba\u015flayan etap 34 km boyunca ovalardan ge\u00e7e ge\u00e7e Perugia tepesinin eteklerine uzan\u0131yor; sonras\u0131nda ise 6.6 km uzunlu\u011funda Cat 4 s\u0131n\u0131f\u0131 Perugia da\u011f ge\u00e7idi a\u015f\u0131lacak. <\/span><\/p>\n<p><span style=\"font-size: 12pt; font-family: georgia, palatino, serif;\">Ge\u00e7idin a\u00e7\u0131l\u0131\u015f\u0131 fazlas\u0131yle sert: %10 e\u011fim 1. km sonras\u0131 yerini kademeli olarak d\u00fc\u015fe d\u00fc\u015fe %5 seviyesine b\u0131raksa da g\u00fcn\u00fcn yorgunu\u011fu son metrelere dek hissedilecektir. Ge\u00e7en senenin 20. Etab\u0131nda neler ya\u015fand\u0131\u011f\u0131n\u0131 bir biz bir Velomimnati bir de Rogiic biliyor! 2020 ve sonras\u0131 hem Giro hem de Le Tour da \u015fampiyonlu\u011fu bireysel zamana kar\u015f\u0131 m\u00fccadelelerinin belirledi\u011fi yads\u0131nmaz bir ger\u00e7ek: Roglic (Le Tour 2020, Pogacar), Hindley (Geoghegan Hart, Giro 2020) Thomas (Giro, Roglic 2023) Pogacar (Vingegaard, Le Tour 2023) hep bireysel zamana kar\u015f\u0131 etaplar\u0131nda \u015fampiyonlu\u011fu kaybettiler.<\/span><\/p>\n<p><span style=\"font-size: 12pt; font-family: georgia, palatino, serif;\">G\u00fcn\u00fcn favorisi tabii ki s\u0131rt\u0131nda Maglia Rosa ile Tadej Pogacar olsa da takip\u00e7isi Geraint Thomas\u0131n da ya\u015f itibariyle kart tavuk olsa da iradesel a\u00e7\u0131dan ke\u00e7i gibi, bu ikisi d\u0131\u015f\u0131nda favorilerden kimsenin \u00f6ne ge\u00e7ip di\u011ferlerini silkeleyece\u011fini bizi de \u015fa\u015f\u0131rtaca\u011f\u0131n\u0131 sanm\u0131yorum. <\/span><\/p>\n","protected":false},"excerpt":{"rendered":"<p>D\u00fcnk\u00fc etapta neler olmu\u015ftu? K\u0131sa \u00f6zet: Etab\u0131n kazanan\u0131 Pelayo Sanchez, kaybedeni Julian Alaphilippe! Ultimo Kiloemtro Tozlu yollar\u0131n vaadetti\u011fi heyecan ve ata\u011f\u0131n sadece ka\u011f\u0131t \u00fczerinde kald\u0131\u011f\u0131 [&#8230;]<\/p>\n","protected":false},"author":1,"featured_media":8919,"comment_status":"open","ping_status":"open","sticky":false,"template":"","format":"standard","meta":{"jetpack_post_was_ever_published":false,"_jetpack_newsletter_access":"","_jetpack_dont_email_post_to_subs":false,"_jetpack_newsletter_tier_id":0,"_jetpack_memberships_contains_paywalled_content":false,"_jetpack_memberships_contains_paid_content":false,"footnotes":"","jetpack_publicize_message":"","jetpack_publicize_feature_enabled":true,"jetpack_social_post_already_shared":true,"jetpack_social_options":{"image_generator_settings":{"template":"highway","default_image_id":0,"font":"","enabled":false},"version":2}},"categories":[1239],"tags":[],"class_list":["post-8913","post","type-post","status-publish","format-standard","has-post-thumbnail","hentry","category-giro-ditalia"],"jetpack_publicize_connections":[],"jetpack_featured_media_url":"https:\/\/i0.wp.com\/aynakol.org\/wp-content\/uploads\/2024\/05\/Giro2024_Stage6_peloton1.jpg?fit=2560%2C1707","jetpack_sharing_enabled":true,"jetpack_shortlink":"https:\/\/wp.me\/p51p4O-2jL","jetpack_likes_enabled":true,"jetpack-related-posts":[{"id":8901,"url":"http:\/\/aynakol.org\/?p=8901","url_meta":{"origin":8913,"position":0},"title":"Giro d&#8217;italia 2024 6. Etap: Viareggio > Rapolano terme, 180 km","author":"Ayd\u0131n Bez","date":"9 May\u0131s 2024","format":false,"excerpt":"D\u00fcnk\u00fc etapta neler olmu\u015ftu? Sprint trenlerinin yar\u0131\u015fmay\u0131 unuttu\u011fu g\u00fcnde etap umudunu yitirmeyen ka\u00e7\u0131\u015f\u0131n oldu! Cofidis tak\u0131m\u0131n\u0131n 28 ya\u015f\u0131ndaki Frans\u0131z pedal\u0131 Thomas Benjamin 4 ki\u015filik ka\u00e7\u0131\u015f grubu i\u00e7inden son 100 metrede g\u00fcc\u00fcn\u00fc ortaya koyup kazanmas\u0131n\u0131 bildi. \u00a0 Ultimo Kilometro \u00a0 Pelotonun uyuyr uyan\u0131k pedallad\u0131\u011f\u0131, genel klasmdan ilk 10'da yer alan tak\u0131mlar\u0131n\u2026","rel":"","context":"&quot;Giro d'Italia&quot; i\u00e7inde","block_context":{"text":"Giro d'Italia","link":"http:\/\/aynakol.org\/?cat=1239"},"img":{"alt_text":"","src":"https:\/\/i0.wp.com\/aynakol.org\/wp-content\/uploads\/2024\/05\/Giro2024_Stage5_pogacar_in_pink.jpg?fit=1200%2C800&resize=350%2C200","width":350,"height":200,"srcset":"https:\/\/i0.wp.com\/aynakol.org\/wp-content\/uploads\/2024\/05\/Giro2024_Stage5_pogacar_in_pink.jpg?fit=1200%2C800&resize=350%2C200 1x, https:\/\/i0.wp.com\/aynakol.org\/wp-content\/uploads\/2024\/05\/Giro2024_Stage5_pogacar_in_pink.jpg?fit=1200%2C800&resize=525%2C300 1.5x, https:\/\/i0.wp.com\/aynakol.org\/wp-content\/uploads\/2024\/05\/Giro2024_Stage5_pogacar_in_pink.jpg?fit=1200%2C800&resize=700%2C400 2x, https:\/\/i0.wp.com\/aynakol.org\/wp-content\/uploads\/2024\/05\/Giro2024_Stage5_pogacar_in_pink.jpg?fit=1200%2C800&resize=1050%2C600 3x"},"classes":[]},{"id":7588,"url":"http:\/\/aynakol.org\/?p=7588","url_meta":{"origin":8913,"position":1},"title":"#TdF2023 6. Etap: Tarbes > Cauterets-Cambasque, 144,9 km","author":"Ayd\u0131n Bez","date":"6 Temmuz 2023","format":false,"excerpt":"D\u00fcnk\u00fc etapta neler olmu\u015ftu? Pirenelerin kalibne do\u011fru pedallanan 5. etab\u0131n sonunda Laruns kom\u00fcn\u00fcnde zafere ka\u00e7an isim Jai Hindley! La Flamme Rouge \u00a0 BORA - hansgrohe tak\u0131m\u0131n\u0131n 27 ya\u015f\u0131ndaki Avustralyal\u0131 pedal\u0131 g\u00fcn\u00fcn orjinal ka\u00e7\u0131\u015f grubundan geriye kalan tek isimdi. Gariplikte burada zaten! Giro d'Italia 2020'de ikinci, 2023'de Maglia Rosaya uzan\u0131p \u015fampiyon\u2026","rel":"","context":"&quot;Tour de France&quot; i\u00e7inde","block_context":{"text":"Tour de France","link":"http:\/\/aynakol.org\/?cat=89"},"img":{"alt_text":"","src":"https:\/\/i0.wp.com\/aynakol.org\/wp-content\/uploads\/2023\/07\/tdf2023_2023_stage5_winner_jai_hindley.jpg?resize=350%2C200","width":350,"height":200,"srcset":"https:\/\/i0.wp.com\/aynakol.org\/wp-content\/uploads\/2023\/07\/tdf2023_2023_stage5_winner_jai_hindley.jpg?resize=350%2C200 1x, https:\/\/i0.wp.com\/aynakol.org\/wp-content\/uploads\/2023\/07\/tdf2023_2023_stage5_winner_jai_hindley.jpg?resize=525%2C300 1.5x, https:\/\/i0.wp.com\/aynakol.org\/wp-content\/uploads\/2023\/07\/tdf2023_2023_stage5_winner_jai_hindley.jpg?resize=700%2C400 2x"},"classes":[]},{"id":6632,"url":"http:\/\/aynakol.org\/?p=6632","url_meta":{"origin":8913,"position":2},"title":"Giro2021 12. Etap: Siena \u2192 Bagno di Romagna, 209 km","author":"Ayd\u0131n Bez","date":"20 May\u0131s 2021","format":false,"excerpt":"D\u00fcnk\u00fc etapta neler olmu\u015ftu? Strade Bianche klasi\u011finden bir kuple bar\u0131nd\u0131ran 11. etab\u0131n sonunda zafere pedallayan isim Team Qhubeka Assos tak\u0131m\u0131n\u0131n \u0130svi\u00e7reli pedal\u0131 Mauro Schmid! Son 1 km \u00a0 21 ya\u015f\u0131ndaki Schmid, kendisi gibi g\u00fcn\u00fcn orijinal ka\u00e7\u0131\u015f grubundan geriye kalan son metrelere kadar karde\u015f biti\u015f \u00e7izgisinde d\u00fc\u015fman Alessandro Covi ile uzun\u2026","rel":"","context":"&quot;Giro d'Italia&quot; i\u00e7inde","block_context":{"text":"Giro d'Italia","link":"http:\/\/aynakol.org\/?cat=1239"},"img":{"alt_text":"","src":"https:\/\/i0.wp.com\/aynakol.org\/wp-content\/uploads\/2021\/05\/Stage7_peloton3.jpg?fit=1200%2C800&resize=350%2C200","width":350,"height":200,"srcset":"https:\/\/i0.wp.com\/aynakol.org\/wp-content\/uploads\/2021\/05\/Stage7_peloton3.jpg?fit=1200%2C800&resize=350%2C200 1x, https:\/\/i0.wp.com\/aynakol.org\/wp-content\/uploads\/2021\/05\/Stage7_peloton3.jpg?fit=1200%2C800&resize=525%2C300 1.5x, https:\/\/i0.wp.com\/aynakol.org\/wp-content\/uploads\/2021\/05\/Stage7_peloton3.jpg?fit=1200%2C800&resize=700%2C400 2x, https:\/\/i0.wp.com\/aynakol.org\/wp-content\/uploads\/2021\/05\/Stage7_peloton3.jpg?fit=1200%2C800&resize=1050%2C600 3x"},"classes":[]},{"id":3956,"url":"http:\/\/aynakol.org\/?p=3956","url_meta":{"origin":8913,"position":3},"title":"TdF2016 16. Etap: Moirans-en-Montagne \u2192 Bern, 206 km","author":"Ayd\u0131n Bez","date":"18 Temmuz 2016","format":false,"excerpt":"D\u00fcnk\u00fc etapta neler oldu? Rafal Majka'n\u0131n da\u011flar\u0131n kral\u0131 mayosu i\u00e7in pelotona kar\u015f\u0131 meydan okumas\u0131na \u015fahit olurken etap zaferi de tak\u0131m\u0131n sezon sonunda kapanaca\u011f\u0131 haberi geldikten sonra \u00f6nce Giro sonra da d\u00fcn Le Tour etap zaferine ula\u015fan IAM Cycling tak\u0131m\u0131ndan jarlinson Pantano'nun oldu. Genel klasmanda ise i\u015fler bildi\u011finiz gibi: Sar\u0131 Mayo\u2026","rel":"","context":"&quot;Tour de France&quot; i\u00e7inde","block_context":{"text":"Tour de France","link":"http:\/\/aynakol.org\/?cat=89"},"img":{"alt_text":"","src":"https:\/\/i0.wp.com\/aynakol.org\/wp-content\/uploads\/2016\/07\/TDF2016_stage16_winner_Peter_Sagan_1.jpg?fit=1200%2C444&resize=350%2C200","width":350,"height":200,"srcset":"https:\/\/i0.wp.com\/aynakol.org\/wp-content\/uploads\/2016\/07\/TDF2016_stage16_winner_Peter_Sagan_1.jpg?fit=1200%2C444&resize=350%2C200 1x, https:\/\/i0.wp.com\/aynakol.org\/wp-content\/uploads\/2016\/07\/TDF2016_stage16_winner_Peter_Sagan_1.jpg?fit=1200%2C444&resize=525%2C300 1.5x, https:\/\/i0.wp.com\/aynakol.org\/wp-content\/uploads\/2016\/07\/TDF2016_stage16_winner_Peter_Sagan_1.jpg?fit=1200%2C444&resize=700%2C400 2x, https:\/\/i0.wp.com\/aynakol.org\/wp-content\/uploads\/2016\/07\/TDF2016_stage16_winner_Peter_Sagan_1.jpg?fit=1200%2C444&resize=1050%2C600 3x"},"classes":[]},{"id":6627,"url":"http:\/\/aynakol.org\/?p=6627","url_meta":{"origin":8913,"position":4},"title":"Giro2021 11. Etap: Perugia \u2192 Montalcino, 163 km","author":"Ayd\u0131n Bez","date":"19 May\u0131s 2021","format":false,"excerpt":"D\u00fcnk\u00fc etapta neler olmu\u015ftu? Peter Sagan\u0131n tertemiz bir sprint ile rakiplerini alt edip zafere uzand\u0131\u011f\u0131 10. etapta peki bir \u015fey olmad\u0131 desek yeridir... Egan Bernalin 9. etap zaferiyle s\u0131rt\u0131na ge\u00e7irdi\u011fi Maglia Rosa ile dinlenme g\u00fcn\u00fcne girmesiyle 10 g\u00fcnl\u00fck pedal maratonuna k\u0131sa bir ara verdik. Son 1 km \u00a0 Dinlenme g\u00fcn\u00fc\u2026","rel":"","context":"&quot;Giro d'Italia&quot; i\u00e7inde","block_context":{"text":"Giro d'Italia","link":"http:\/\/aynakol.org\/?cat=1239"},"img":{"alt_text":"","src":"https:\/\/i0.wp.com\/aynakol.org\/wp-content\/uploads\/2021\/05\/Stage_peloton2-e1621365293254.jpg?fit=1200%2C529&resize=350%2C200","width":350,"height":200,"srcset":"https:\/\/i0.wp.com\/aynakol.org\/wp-content\/uploads\/2021\/05\/Stage_peloton2-e1621365293254.jpg?fit=1200%2C529&resize=350%2C200 1x, https:\/\/i0.wp.com\/aynakol.org\/wp-content\/uploads\/2021\/05\/Stage_peloton2-e1621365293254.jpg?fit=1200%2C529&resize=525%2C300 1.5x, https:\/\/i0.wp.com\/aynakol.org\/wp-content\/uploads\/2021\/05\/Stage_peloton2-e1621365293254.jpg?fit=1200%2C529&resize=700%2C400 2x, https:\/\/i0.wp.com\/aynakol.org\/wp-content\/uploads\/2021\/05\/Stage_peloton2-e1621365293254.jpg?fit=1200%2C529&resize=1050%2C600 3x"},"classes":[]},{"id":7287,"url":"http:\/\/aynakol.org\/?p=7287","url_meta":{"origin":8913,"position":5},"title":"#giro106tr 9. Etap: Savignano sul Rubicone \u2192 Cesena, 33.6km [ITT]","author":"Ayd\u0131n Bez","date":"13 May\u0131s 2023","format":false,"excerpt":"Bug\u00fcnk\u00fc etapta neler olmu\u015ftu? Nas\u0131l da ters k\u00f6\u015fe olduk ama? Fare do\u011furacak dedi\u011fimiz 8. etap da\u011f do\u011furdu resmen! Teri \u2192 Fossombrone kom\u00fcnleri aras\u0131nda pedallanan 207 km uzunlu\u011fundaki etap g\u00f6rece kolay ve bireysel zamana kar\u015f\u0131 etab\u0131 \u00f6ncesi dinlene dinle ge\u00e7ilir derken Ben Healy oyunu bozdu, ka\u00e7\u0131\u015f karde\u015fli\u011fi bir yere kadar dedi\u2026","rel":"","context":"&quot;Giro d'Italia&quot; i\u00e7inde","block_context":{"text":"Giro d'Italia","link":"http:\/\/aynakol.org\/?cat=1239"},"img":{"alt_text":"","src":"https:\/\/i0.wp.com\/aynakol.org\/wp-content\/uploads\/2023\/05\/giro106_stage8_peloton-1-scaled.jpg?fit=1200%2C800&resize=350%2C200","width":350,"height":200,"srcset":"https:\/\/i0.wp.com\/aynakol.org\/wp-content\/uploads\/2023\/05\/giro106_stage8_peloton-1-scaled.jpg?fit=1200%2C800&resize=350%2C200 1x, https:\/\/i0.wp.com\/aynakol.org\/wp-content\/uploads\/2023\/05\/giro106_stage8_peloton-1-scaled.jpg?fit=1200%2C800&resize=525%2C300 1.5x, https:\/\/i0.wp.com\/aynakol.org\/wp-content\/uploads\/2023\/05\/giro106_stage8_peloton-1-scaled.jpg?fit=1200%2C800&resize=700%2C400 2x, https:\/\/i0.wp.com\/aynakol.org\/wp-content\/uploads\/2023\/05\/giro106_stage8_peloton-1-scaled.jpg?fit=1200%2C800&resize=1050%2C600 3x"},"classes":[]}],"_links":{"self":[{"href":"http:\/\/aynakol.org\/index.php?rest_route=\/wp\/v2\/posts\/8913","targetHints":{"allow":["GET"]}}],"collection":[{"href":"http:\/\/aynakol.org\/index.php?rest_route=\/wp\/v2\/posts"}],"about":[{"href":"http:\/\/aynakol.org\/index.php?rest_route=\/wp\/v2\/types\/post"}],"author":[{"embeddable":true,"href":"http:\/\/aynakol.org\/index.php?rest_route=\/wp\/v2\/users\/1"}],"replies":[{"embeddable":true,"href":"http:\/\/aynakol.org\/index.php?rest_route=%2Fwp%2Fv2%2Fcomments&post=8913"}],"version-history":[{"count":1,"href":"http:\/\/aynakol.org\/index.php?rest_route=\/wp\/v2\/posts\/8913\/revisions"}],"predecessor-version":[{"id":8923,"href":"http:\/\/aynakol.org\/index.php?rest_route=\/wp\/v2\/posts\/8913\/revisions\/8923"}],"wp:featuredmedia":[{"embeddable":true,"href":"http:\/\/aynakol.org\/index.php?rest_route=\/wp\/v2\/media\/8919"}],"wp:attachment":[{"href":"http:\/\/aynakol.org\/index.php?rest_route=%2Fwp%2Fv2%2Fmedia&parent=8913"}],"wp:term":[{"taxonomy":"category","embeddable":true,"href":"http:\/\/aynakol.org\/index.php?rest_route=%2Fwp%2Fv2%2Fcategories&post=8913"},{"taxonomy":"post_tag","embeddable":true,"href":"http:\/\/aynakol.org\/index.php?rest_route=%2Fwp%2Fv2%2Ftags&post=8913"}],"curies":[{"name":"wp","href":"https:\/\/api.w.org\/{rel}","templated":true}]}}