{"id":8924,"date":"2024-05-11T09:00:06","date_gmt":"2024-05-11T06:00:06","guid":{"rendered":"http:\/\/aynakol.org\/?p=8924"},"modified":"2024-05-10T23:36:24","modified_gmt":"2024-05-10T20:36:24","slug":"giro-ditalia-2024-8-etap-spoleto-prati-di-tivo-152-km","status":"publish","type":"post","link":"http:\/\/aynakol.org\/?p=8924","title":{"rendered":"Giro d&#8217;italia 2024 8. Etap: Spoleto > Prati di Tivo, 152 km"},"content":{"rendered":"<p><span style=\"font-size: 14pt; font-family: georgia, palatino, serif;\"><strong>D\u00fcnk\u00fc etapta neler olmu\u015ftu?<\/strong><\/span><\/p>\n<p><span style=\"font-size: 12pt; font-family: georgia, palatino, serif;\">Adam kazand\u0131! Yani Pogacar sadece yoku\u015f zamana kar\u015f\u0131 etab\u0131n\u0131 de\u011fil Giroyu kazand\u0131. <\/span><\/p>\n<p><img data-recalc-dims=\"1\" loading=\"lazy\" decoding=\"async\" data-attachment-id=\"8926\" data-permalink=\"http:\/\/aynakol.org\/?attachment_id=8926\" data-orig-file=\"https:\/\/i0.wp.com\/aynakol.org\/wp-content\/uploads\/2024\/05\/Giro2024_Stage7_pogacar.jpg?fit=2560%2C1707\" data-orig-size=\"2560,1707\" data-comments-opened=\"1\" data-image-meta=\"{&quot;aperture&quot;:&quot;4&quot;,&quot;credit&quot;:&quot;&quot;,&quot;camera&quot;:&quot;ILCE-1&quot;,&quot;caption&quot;:&quot;&quot;,&quot;created_timestamp&quot;:&quot;1715360823&quot;,&quot;copyright&quot;:&quot;&quot;,&quot;focal_length&quot;:&quot;76&quot;,&quot;iso&quot;:&quot;125&quot;,&quot;shutter_speed&quot;:&quot;0.0002&quot;,&quot;title&quot;:&quot;&quot;,&quot;orientation&quot;:&quot;1&quot;}\" data-image-title=\"Giro2024_Stage7_pogacar\" data-image-description=\"\" data-image-caption=\"\" data-large-file=\"https:\/\/i0.wp.com\/aynakol.org\/wp-content\/uploads\/2024\/05\/Giro2024_Stage7_pogacar.jpg?fit=860%2C574\" class=\"aligncenter size-large wp-image-8926\" src=\"https:\/\/i0.wp.com\/aynakol.org\/wp-content\/uploads\/2024\/05\/Giro2024_Stage7_pogacar.jpg?resize=860%2C574\" alt=\"\" width=\"860\" height=\"574\" srcset=\"https:\/\/i0.wp.com\/aynakol.org\/wp-content\/uploads\/2024\/05\/Giro2024_Stage7_pogacar.jpg?resize=1024%2C683 1024w, https:\/\/i0.wp.com\/aynakol.org\/wp-content\/uploads\/2024\/05\/Giro2024_Stage7_pogacar.jpg?resize=300%2C200 300w, https:\/\/i0.wp.com\/aynakol.org\/wp-content\/uploads\/2024\/05\/Giro2024_Stage7_pogacar.jpg?resize=768%2C512 768w, https:\/\/i0.wp.com\/aynakol.org\/wp-content\/uploads\/2024\/05\/Giro2024_Stage7_pogacar.jpg?resize=1536%2C1024 1536w, https:\/\/i0.wp.com\/aynakol.org\/wp-content\/uploads\/2024\/05\/Giro2024_Stage7_pogacar.jpg?resize=2048%2C1366 2048w, https:\/\/i0.wp.com\/aynakol.org\/wp-content\/uploads\/2024\/05\/Giro2024_Stage7_pogacar.jpg?w=1720 1720w\" sizes=\"auto, (max-width: 860px) 100vw, 860px\" \/><\/p>\n<p>&nbsp;<\/p>\n<p><span style=\"font-size: 12pt; font-family: georgia, palatino, serif;\">Bundan sonra geriye kalan etaplar\u0131n son 3 km&#8217;sini izlemeniz yeterli, zira bug\u00fcnk\u00fc bask\u0131n zaferi sonras\u0131 P\u0131gacar, genel klasmanda kendi alt\u0131nda s\u0131ralanan rakiperline 2:30 dakikadan fazla fark att\u0131. <\/span><\/p>\n<p><span style=\"font-size: 12pt; font-family: georgia, palatino, serif;\"><strong>Ultimo Kilometro<\/strong><br \/>\n<\/span><\/p>\n<p><iframe loading=\"lazy\" title=\"YouTube video player\" src=\"\/\/www.youtube.com\/embed\/RsCW58r9trA?si=y-GABdsDbztIrEGO\" width=\"560\" height=\"315\" frameborder=\"0\" allowfullscreen=\"allowfullscreen\"><\/iframe><\/p>\n<p>&nbsp;<\/p>\n<p><span style=\"font-size: 12pt; font-family: georgia, palatino, serif;\">Pogacar\u0131n var\u0131n\u0131 yo\u011funu ortaya koyup ilk haftadan Maglia Rosa sava\u015f\u0131n\u0131 kazanaca\u011f\u0131n\u0131, bunun i\u00e7in de bug\u00fcnk\u00fc bireysel yoku\u015f zamana kar\u015f\u0131 etab\u0131n\u0131 <em>ilk kur\u015fun <\/em>belledi\u011fini biliyorduk; as\u0131l merak edilen Thomas, Martinez, O&#8217;Connor neler yapacakt\u0131. Nitekim havlu att\u0131klar\u0131n\u0131 g\u00f6rd\u00fck. <\/span><\/p>\n<p><span style=\"font-size: 12pt; font-family: georgia, palatino, serif;\"><strong>Etab\u0131n \u00f6ne \u00e7\u0131kan anlar\u0131<br \/>\n<\/strong><\/span><\/p>\n<p><iframe loading=\"lazy\" title=\"YouTube video player\" src=\"\/\/www.youtube.com\/embed\/5MG8WMjQCXc?si=VOBktKC9uiA0R2yo\" width=\"560\" height=\"315\" frameborder=\"0\" allowfullscreen=\"allowfullscreen\"><\/iframe><\/p>\n<p>&nbsp;<\/p>\n<p><span style=\"font-size: 12pt; font-family: georgia, palatino, serif;\">Etab\u0131n favorisi Filippo Ganna adeta herkesi s\u00fcp\u00fcren bir performansla uzun bir s\u00fcre <em>hot seat<\/em> yani fokurdayan koltukta otursa da Tadej Pogacar kendisine 17 saniye fark atarak etab\u0131 kazand\u0131. Thomas 2 dakika, Martinez de 1:49 dakika gerisinde kal\u0131nca Pogacar\u0131n Maglia Rosa ger\u00e7e\u011fi bir ba\u015fka bahara kald\u0131. <\/span><\/p>\n<p><span style=\"font-size: 12pt; font-family: georgia, palatino, serif;\"><strong>S\u0131ral\u0131 tam liste<\/strong><br \/>\n<\/span><\/p>\n<p><iframe loading=\"lazy\" src=\"https:\/\/www.procyclingstats.com\/widgets\/result.php?h=95cac00f134b824103860910e40ad39800cbe75c\" width=\"520\" height=\"320\"><\/iframe><\/p>\n<p>&nbsp;<\/p>\n<p><span style=\"font-size: 14pt; font-family: georgia, palatino, serif;\"><strong>Bug\u00fcnk\u00fc etaba bakal\u0131m<\/strong><\/span><\/p>\n<p><span style=\"font-size: 12pt; font-family: georgia, palatino, serif;\">Hesab\u0131n da\u011flarda g\u00f6r\u00fclece\u011fi g\u00fcnlerin habercisi bir etap var kar\u015f\u0131m\u0131zda: Oropadan sonra ikinci zirve biri\u015fine ev sahipli\u011fi yapan 8. etab\u0131n biri\u015f \u00e7izgisi 152 km&#8217;nin sonunda Prati di Tivo zirvesine \u00e7ekilmi\u015f.<\/span><\/p>\n<p><img data-recalc-dims=\"1\" loading=\"lazy\" decoding=\"async\" data-attachment-id=\"8929\" data-permalink=\"http:\/\/aynakol.org\/?attachment_id=8929\" data-orig-file=\"https:\/\/i0.wp.com\/aynakol.org\/wp-content\/uploads\/2024\/05\/Giro2024_Stage8_profile.jpg?fit=1250%2C625\" data-orig-size=\"1250,625\" data-comments-opened=\"1\" data-image-meta=\"{&quot;aperture&quot;:&quot;0&quot;,&quot;credit&quot;:&quot;&quot;,&quot;camera&quot;:&quot;&quot;,&quot;caption&quot;:&quot;&quot;,&quot;created_timestamp&quot;:&quot;0&quot;,&quot;copyright&quot;:&quot;&quot;,&quot;focal_length&quot;:&quot;0&quot;,&quot;iso&quot;:&quot;0&quot;,&quot;shutter_speed&quot;:&quot;0&quot;,&quot;title&quot;:&quot;&quot;,&quot;orientation&quot;:&quot;0&quot;}\" data-image-title=\"Giro2024_Stage8_profile\" data-image-description=\"\" data-image-caption=\"\" data-large-file=\"https:\/\/i0.wp.com\/aynakol.org\/wp-content\/uploads\/2024\/05\/Giro2024_Stage8_profile.jpg?fit=860%2C430\" class=\"aligncenter size-large wp-image-8929\" src=\"https:\/\/i0.wp.com\/aynakol.org\/wp-content\/uploads\/2024\/05\/Giro2024_Stage8_profile.jpg?resize=860%2C430\" alt=\"\" width=\"860\" height=\"430\" srcset=\"https:\/\/i0.wp.com\/aynakol.org\/wp-content\/uploads\/2024\/05\/Giro2024_Stage8_profile.jpg?resize=1024%2C512 1024w, https:\/\/i0.wp.com\/aynakol.org\/wp-content\/uploads\/2024\/05\/Giro2024_Stage8_profile.jpg?resize=300%2C150 300w, https:\/\/i0.wp.com\/aynakol.org\/wp-content\/uploads\/2024\/05\/Giro2024_Stage8_profile.jpg?resize=768%2C384 768w, https:\/\/i0.wp.com\/aynakol.org\/wp-content\/uploads\/2024\/05\/Giro2024_Stage8_profile.jpg?w=1250 1250w\" sizes=\"auto, (max-width: 860px) 100vw, 860px\" \/><\/p>\n<p>&nbsp;<\/p>\n<p><span style=\"font-size: 12pt; font-family: georgia, palatino, serif;\">Bacaklar\u0131n hala yang\u0131n yeri olmas\u0131na ald\u0131r\u0131\u015f etmeden engebesi bol bir etap var pelotonun \u00f6n\u00fcnde: \u00c7izmenin ortas\u0131na do\u011fru ilerlerken Apenin Alplerinin ete\u011finden yola \u00e7\u0131k\u0131yoruz: Spoleto &gt; Prati di Tivo aras\u0131nda pedallanacak 8. Etap 152 km k\u0131sal\u0131\u011f\u0131nda olsa da konsantre t\u0131rman\u0131\u015flar silsilesiyle genel klasmanda a\u00e7\u0131lan farklar\u0131 zelzeleyecek gibi. <\/span><\/p>\n<p><span style=\"font-size: 12pt; font-family: georgia, palatino, serif;\">Yine Pogacar\u0131n bildi\u011fi, tan\u0131d\u0131\u011f\u0131 bir t\u0131rman\u0131\u015f var: Tirreno-Adriatico 2021 de Adam Yates \u00f6n\u00fcnde kazanm\u0131\u015ft\u0131. Bug\u00fcn de benzer bir senaryo olursa ilk haftadan Giro \u015fampiyonunu ilan edebiliriz. <\/span><\/p>\n<p><span style=\"font-size: 12pt; font-family: georgia, palatino, serif;\">G\u00fcn\u00fcn son t\u0131rman\u0131\u015f\u0131 Prati di Tivo, yakla\u015f\u0131k 15 km uzunlu\u011funda %8 prtalama e\u011fimde Cat1 s\u0131n\u0131f\u0131 bir t\u0131rman\u0131\u015f; ka\u00e7\u0131\u015f zirvenin eteklerine fark yaratarak gelirse etab\u0131 kazanmas\u0131 i\u00e7in hi\u00e7bir neden yok; favoriler etab\u0131 ka\u00e7\u0131\u015fa b\u0131rak\u0131rsa 300 mt rak\u0131mda birbirilerine atak yap\u0131p zaman \u00e7almaya \u00e7al\u0131\u015facaklard\u0131r.<\/span><\/p>\n","protected":false},"excerpt":{"rendered":"<p>D\u00fcnk\u00fc etapta neler olmu\u015ftu? Adam kazand\u0131! Yani Pogacar sadece yoku\u015f zamana kar\u015f\u0131 etab\u0131n\u0131 de\u011fil Giroyu kazand\u0131. &nbsp; Bundan sonra geriye kalan etaplar\u0131n son 3 km&#8217;sini [&#8230;]<\/p>\n","protected":false},"author":1,"featured_media":8925,"comment_status":"open","ping_status":"open","sticky":false,"template":"","format":"standard","meta":{"jetpack_post_was_ever_published":false,"_jetpack_newsletter_access":"","_jetpack_dont_email_post_to_subs":false,"_jetpack_newsletter_tier_id":0,"_jetpack_memberships_contains_paywalled_content":false,"_jetpack_memberships_contains_paid_content":false,"footnotes":"","jetpack_publicize_message":"","jetpack_publicize_feature_enabled":true,"jetpack_social_post_already_shared":true,"jetpack_social_options":{"image_generator_settings":{"template":"highway","default_image_id":0,"font":"","enabled":false},"version":2}},"categories":[1239],"tags":[],"class_list":["post-8924","post","type-post","status-publish","format-standard","has-post-thumbnail","hentry","category-giro-ditalia"],"jetpack_publicize_connections":[],"jetpack_featured_media_url":"https:\/\/i0.wp.com\/aynakol.org\/wp-content\/uploads\/2024\/05\/Giro2024_Stage7_thomas_and_pogacar-scaled.jpg?fit=2560%2C1707","jetpack_sharing_enabled":true,"jetpack_shortlink":"https:\/\/wp.me\/p51p4O-2jW","jetpack_likes_enabled":true,"jetpack-related-posts":[{"id":1098,"url":"http:\/\/aynakol.org\/?p=1098","url_meta":{"origin":8924,"position":0},"title":"#Giro2015 7. Etap: Grosseto \u2192 Fiuggi 264 km","author":"Ayd\u0131n Bez","date":"15 May\u0131s 2015","format":false,"excerpt":"7. etap hakk\u0131nda konu\u015fmaya ba\u015flamamadan \u00f6nce 6. etab\u0131n k\u0131sa bir \u00f6zeti: 183 km uzunlu\u011funda Di\u015fe dokunur s\u0131n\u0131fland\u0131r\u0131lm\u0131\u015f t\u0131rman\u0131\u015f\u0131 olmayan d\u00fcz ve dinlencelik bir etap, Etab\u0131n bitimine son 200 metre kala b\u00fcy\u00fck bir kaza ya\u015fand\u0131: Nippo Vini-Fantini tak\u0131m\u0131ndan Daniele Colli umars\u0131z bir seyirciye \u00e7arp\u0131p d\u00fc\u015ft\u00fc ve dirse\u011fi ters d\u00f6nd\u00fc, Alberto Contador\u2026","rel":"","context":"&quot;Grand Tour&quot; i\u00e7inde","block_context":{"text":"Grand Tour","link":"http:\/\/aynakol.org\/?cat=92"},"img":{"alt_text":"","src":"https:\/\/i0.wp.com\/aynakol.org\/wp-content\/uploads\/2015\/05\/wpid-img_20150510_072533.jpg?fit=1200%2C400&resize=350%2C200","width":350,"height":200,"srcset":"https:\/\/i0.wp.com\/aynakol.org\/wp-content\/uploads\/2015\/05\/wpid-img_20150510_072533.jpg?fit=1200%2C400&resize=350%2C200 1x, https:\/\/i0.wp.com\/aynakol.org\/wp-content\/uploads\/2015\/05\/wpid-img_20150510_072533.jpg?fit=1200%2C400&resize=525%2C300 1.5x, https:\/\/i0.wp.com\/aynakol.org\/wp-content\/uploads\/2015\/05\/wpid-img_20150510_072533.jpg?fit=1200%2C400&resize=700%2C400 2x, https:\/\/i0.wp.com\/aynakol.org\/wp-content\/uploads\/2015\/05\/wpid-img_20150510_072533.jpg?fit=1200%2C400&resize=1050%2C600 3x"},"classes":[]},{"id":1213,"url":"http:\/\/aynakol.org\/?p=1213","url_meta":{"origin":8924,"position":1},"title":"#Giro2015 17. Etap Tirano \u2192 Lugano 134 km","author":"Ayd\u0131n Bez","date":"27 May\u0131s 2015","format":false,"excerpt":"K\u0131sac\u0131k 17. etap hakk\u0131nda konu\u015fmadan \u00f6nce krali\u00e7e etab\u0131n k\u0131sa \u00f6zeti: 174 km uzunlu\u011funda, Peloton 2 adet Cat2, iki adet Cat3 ve bir de Mortirolo Ge\u00e7idine kar\u015f\u0131 g\u00f6\u011f\u00fcs gerdi, Aprica t\u0131rman\u0131\u015f\u0131 sonunda biten etab\u0131 Astanan\u0131n isyankar pedal\u0131 Mikel Landa al\u0131rken etab\u0131n bitmesine 67 km kala ya\u015fad\u0131\u011f\u0131 mekanik ar\u0131za nedeniyle geride kalan\u2026","rel":"","context":"&quot;Grand Tour&quot; i\u00e7inde","block_context":{"text":"Grand Tour","link":"http:\/\/aynakol.org\/?cat=92"},"img":{"alt_text":"","src":"https:\/\/i0.wp.com\/aynakol.org\/wp-content\/uploads\/2015\/05\/wpid-img_20150510_072533.jpg?fit=1200%2C400&resize=350%2C200","width":350,"height":200,"srcset":"https:\/\/i0.wp.com\/aynakol.org\/wp-content\/uploads\/2015\/05\/wpid-img_20150510_072533.jpg?fit=1200%2C400&resize=350%2C200 1x, https:\/\/i0.wp.com\/aynakol.org\/wp-content\/uploads\/2015\/05\/wpid-img_20150510_072533.jpg?fit=1200%2C400&resize=525%2C300 1.5x, https:\/\/i0.wp.com\/aynakol.org\/wp-content\/uploads\/2015\/05\/wpid-img_20150510_072533.jpg?fit=1200%2C400&resize=700%2C400 2x, https:\/\/i0.wp.com\/aynakol.org\/wp-content\/uploads\/2015\/05\/wpid-img_20150510_072533.jpg?fit=1200%2C400&resize=1050%2C600 3x"},"classes":[]},{"id":7254,"url":"http:\/\/aynakol.org\/?p=7254","url_meta":{"origin":8924,"position":2},"title":"#giro106tr 6. Etap: Napoli \u2192 Napoli, 156km","author":"Ayd\u0131n Bez","date":"11 May\u0131s 2023","format":false,"excerpt":"D\u00fcnk\u00fc etapta neler oldu? Kaza, kaza, kaza, kaza, kazalar... \u00d6yle felaket bir g\u00fcnd\u00fc ki, biti\u015f \u00e7izgisinde bile kaza oldu! Napoliye be\u015f kala ya\u011fmur alt\u0131nda Salerno K\u00f6rfezinde sona eren 171 km uzunlu\u011fundaki 5. Etapta zaferin ad\u0131 Kaden Groves! Alpecin-Deceuninck tak\u0131m\u0131n\u0131n 24 ya\u015f\u0131ndaki Avustralyal\u0131 pedal\u0131 bu zaferle ilk Giro zaferine uzan\u0131rken, Avustralyal\u0131\u2026","rel":"","context":"&quot;Giro d'Italia&quot; i\u00e7inde","block_context":{"text":"Giro d'Italia","link":"http:\/\/aynakol.org\/?cat=1239"},"img":{"alt_text":"","src":"https:\/\/i0.wp.com\/aynakol.org\/wp-content\/uploads\/2023\/05\/giro106_stage5_peloton-scaled-e1683744710480.jpg?fit=1200%2C588&resize=350%2C200","width":350,"height":200,"srcset":"https:\/\/i0.wp.com\/aynakol.org\/wp-content\/uploads\/2023\/05\/giro106_stage5_peloton-scaled-e1683744710480.jpg?fit=1200%2C588&resize=350%2C200 1x, https:\/\/i0.wp.com\/aynakol.org\/wp-content\/uploads\/2023\/05\/giro106_stage5_peloton-scaled-e1683744710480.jpg?fit=1200%2C588&resize=525%2C300 1.5x, https:\/\/i0.wp.com\/aynakol.org\/wp-content\/uploads\/2023\/05\/giro106_stage5_peloton-scaled-e1683744710480.jpg?fit=1200%2C588&resize=700%2C400 2x, https:\/\/i0.wp.com\/aynakol.org\/wp-content\/uploads\/2023\/05\/giro106_stage5_peloton-scaled-e1683744710480.jpg?fit=1200%2C588&resize=1050%2C600 3x"},"classes":[]},{"id":6674,"url":"http:\/\/aynakol.org\/?p=6674","url_meta":{"origin":8924,"position":3},"title":"Giro2021 18. Etap: Rovereto \u2192 Stradella, 228 km","author":"Ayd\u0131n Bez","date":"27 May\u0131s 2021","format":false,"excerpt":"D\u00fcnk\u00fc etapta neler olu\u015ftu? Sega di Ala zirvesinde sona eren 193 km uzunlu\u011fundaki etab\u0131n sonunda zafere uzanan isim Dan Martin! Son 1 km Israel Start-Up Nation tak\u0131m\u0131n\u0131n \u0130rlandal\u0131 pedal\u0131na kariyerindeki ilk Giro zaferini getiren ata\u011f\u0131 Sega di Ala t\u0131rman\u0131\u015f\u0131n\u0131n hen\u00fcz ba\u015f\u0131nda, biti\u015fe 10.4 km kala, i\u00e7inde yer ald\u0131\u011f\u0131 g\u00fcn\u00fcn orijinal\u2026","rel":"","context":"&quot;Giro d'Italia&quot; i\u00e7inde","block_context":{"text":"Giro d'Italia","link":"http:\/\/aynakol.org\/?cat=1239"},"img":{"alt_text":"","src":"https:\/\/i0.wp.com\/aynakol.org\/wp-content\/uploads\/2021\/05\/stage16_peloton1.jpg?fit=1200%2C800&resize=350%2C200","width":350,"height":200,"srcset":"https:\/\/i0.wp.com\/aynakol.org\/wp-content\/uploads\/2021\/05\/stage16_peloton1.jpg?fit=1200%2C800&resize=350%2C200 1x, https:\/\/i0.wp.com\/aynakol.org\/wp-content\/uploads\/2021\/05\/stage16_peloton1.jpg?fit=1200%2C800&resize=525%2C300 1.5x, https:\/\/i0.wp.com\/aynakol.org\/wp-content\/uploads\/2021\/05\/stage16_peloton1.jpg?fit=1200%2C800&resize=700%2C400 2x, https:\/\/i0.wp.com\/aynakol.org\/wp-content\/uploads\/2021\/05\/stage16_peloton1.jpg?fit=1200%2C800&resize=1050%2C600 3x"},"classes":[]},{"id":7378,"url":"http:\/\/aynakol.org\/?p=7378","url_meta":{"origin":8924,"position":4},"title":"#giro106tr 15. Etap: Seregno \u2192 Bergamo, 195 km","author":"Ayd\u0131n Bez","date":"21 May\u0131s 2023","format":false,"excerpt":"D\u00fcnk\u00fc etapta neler olmu\u015ftu? Son metreye dek heyecan i\u00e7inde ge\u00e7en 193 km uzunlu\u011fundaki 14. etab\u0131n biti\u015f \u00e7izgisinden teker boyu farkla zafere uzanan isim Nico Denz! BORA - hansgrohe tak\u0131m\u0131n\u0131n Alman pedal\u0131 g\u00fcn boyu en \u00e7ok \u00e7al\u0131\u015fan isimdi diyebiliriz: Takibe girmesi, s\u00fcrekli tempo vermesi, fark\u0131 azaltmas\u0131, biti\u015fe son 200 metre kala\u2026","rel":"","context":"&quot;Giro d'Italia&quot; i\u00e7inde","block_context":{"text":"Giro d'Italia","link":"http:\/\/aynakol.org\/?cat=1239"},"img":{"alt_text":"","src":"https:\/\/i0.wp.com\/aynakol.org\/wp-content\/uploads\/2023\/05\/giro106_stage14_peloton_3.jpg?fit=1200%2C675&resize=350%2C200","width":350,"height":200,"srcset":"https:\/\/i0.wp.com\/aynakol.org\/wp-content\/uploads\/2023\/05\/giro106_stage14_peloton_3.jpg?fit=1200%2C675&resize=350%2C200 1x, https:\/\/i0.wp.com\/aynakol.org\/wp-content\/uploads\/2023\/05\/giro106_stage14_peloton_3.jpg?fit=1200%2C675&resize=525%2C300 1.5x, https:\/\/i0.wp.com\/aynakol.org\/wp-content\/uploads\/2023\/05\/giro106_stage14_peloton_3.jpg?fit=1200%2C675&resize=700%2C400 2x, https:\/\/i0.wp.com\/aynakol.org\/wp-content\/uploads\/2023\/05\/giro106_stage14_peloton_3.jpg?fit=1200%2C675&resize=1050%2C600 3x"},"classes":[]},{"id":9259,"url":"http:\/\/aynakol.org\/?p=9259","url_meta":{"origin":8924,"position":5},"title":"Giro d&#8217;Italia 2025 10. Etap: Lucca\u203aPisa, 28,6 km","author":"Ayd\u0131n Bez","date":"19 May\u0131s 2025","format":false,"excerpt":"D\u00fcnk\u00fc etapta neler olmu\u015ftu? Ve \u015feytan\u0131n pedal\u0131 k\u0131r\u0131ld\u0131! Uzun, upuzun bir zafersizlikten sonra Wout van Aert sonunda bir etap kazand\u0131! Isaac del Toro ile ya\u015fanan dahas\u0131 Carapazdan Bernale dek uzanan G\u00fcney Amerika liginde tek Avrupal\u0131 olarak verdi\u011fi m\u00fccadele sonras\u0131 zafere uzanan van Aert mental esaret zincirini de k\u0131rm\u0131\u015f oldu! Kolay\u2026","rel":"","context":"&quot;Giro d'Italia&quot; i\u00e7inde","block_context":{"text":"Giro d'Italia","link":"http:\/\/aynakol.org\/?cat=1239"},"img":{"alt_text":"","src":"","width":0,"height":0},"classes":[]}],"_links":{"self":[{"href":"http:\/\/aynakol.org\/index.php?rest_route=\/wp\/v2\/posts\/8924","targetHints":{"allow":["GET"]}}],"collection":[{"href":"http:\/\/aynakol.org\/index.php?rest_route=\/wp\/v2\/posts"}],"about":[{"href":"http:\/\/aynakol.org\/index.php?rest_route=\/wp\/v2\/types\/post"}],"author":[{"embeddable":true,"href":"http:\/\/aynakol.org\/index.php?rest_route=\/wp\/v2\/users\/1"}],"replies":[{"embeddable":true,"href":"http:\/\/aynakol.org\/index.php?rest_route=%2Fwp%2Fv2%2Fcomments&post=8924"}],"version-history":[{"count":2,"href":"http:\/\/aynakol.org\/index.php?rest_route=\/wp\/v2\/posts\/8924\/revisions"}],"predecessor-version":[{"id":8930,"href":"http:\/\/aynakol.org\/index.php?rest_route=\/wp\/v2\/posts\/8924\/revisions\/8930"}],"wp:featuredmedia":[{"embeddable":true,"href":"http:\/\/aynakol.org\/index.php?rest_route=\/wp\/v2\/media\/8925"}],"wp:attachment":[{"href":"http:\/\/aynakol.org\/index.php?rest_route=%2Fwp%2Fv2%2Fmedia&parent=8924"}],"wp:term":[{"taxonomy":"category","embeddable":true,"href":"http:\/\/aynakol.org\/index.php?rest_route=%2Fwp%2Fv2%2Fcategories&post=8924"},{"taxonomy":"post_tag","embeddable":true,"href":"http:\/\/aynakol.org\/index.php?rest_route=%2Fwp%2Fv2%2Ftags&post=8924"}],"curies":[{"name":"wp","href":"https:\/\/api.w.org\/{rel}","templated":true}]}}