{"id":8931,"date":"2024-05-14T00:17:16","date_gmt":"2024-05-13T21:17:16","guid":{"rendered":"http:\/\/aynakol.org\/?p=8931"},"modified":"2024-05-14T00:17:16","modified_gmt":"2024-05-13T21:17:16","slug":"giro-ditalia-2024-10-etap-pompei-bocca-della-selva-142-km","status":"publish","type":"post","link":"http:\/\/aynakol.org\/?p=8931","title":{"rendered":"Giro d&#8217;italia 2024 10. Etap: Pompei > Bocca della Selva, 142 km"},"content":{"rendered":"<p><span style=\"font-size: 14pt; font-family: georgia, palatino, serif;\"><strong>9. Etapta neler olmu\u015ftu?<\/strong><\/span><\/p>\n<p><span style=\"font-family: georgia, palatino, serif; font-size: 12pt;\">Sakin ge\u00e7en ve son d\u00fczl\u00fckte toprlu sprint m\u00fccadelesi beklenen 9. Etab\u0131n sonunda ka\u00e7\u0131\u015f\u0131n yakalan\u0131p pelotona kar\u015f\u0131 atak \u00e7eken Narvarez ikinci etap zaferine pedallayazarken Pogacar karma sprinter pedallar\u0131n \u00f6n\u00fcnde tempo yap\u0131p ortal\u0131\u011f\u0131 \u015fenlendirmi\u015fti. <\/span><\/p>\n<p><span style=\"font-family: georgia, palatino, serif; font-size: 12pt;\"><strong>Ultimo Kilometro<\/strong><br \/>\n<\/span><\/p>\n<p><iframe loading=\"lazy\" title=\"YouTube video player\" src=\"\/\/www.youtube.com\/embed\/wVfNbI8jfVY?si=LFE5OITNSA3ninqX\" width=\"560\" height=\"315\" frameborder=\"0\" allowfullscreen=\"allowfullscreen\"><\/iframe><\/p>\n<p>&nbsp;<\/p>\n<p><span style=\"font-family: georgia, palatino, serif; font-size: 12pt;\">\u00d6nce pelotonu \u00e7ekip ka\u00e7\u0131\u015f\u0131, sonra da Narvarezi yakalatan Pogacar geriye \u00e7ekilip sprinter pedallar ortaya \u00e7\u0131kt\u0131 ve herkesten g\u00fc\u00e7l\u00fc Visma-Lease a Bike tak\u0131m\u0131n\u0131n gelecek vaadeden sprinter pedal\u0131 Olav Kooij etab\u0131 kazand\u0131. Sevinen Kooij, \u00fcz\u00fclen Narvarez olmu\u015ftu.\u00a0<\/span><\/p>\n<p>&nbsp;<\/p>\n<p><span style=\"font-family: georgia, palatino, serif; font-size: 12pt;\"><strong>9. etab\u0131n \u00f6ne \u00e7\u0131kan anlar\u0131<\/strong><\/span><\/p>\n<p><iframe loading=\"lazy\" title=\"YouTube video player\" src=\"\/\/www.youtube.com\/embed\/dds28Ij0rBY?si=71fUmbRyre-N_0-Y\" width=\"560\" height=\"315\" frameborder=\"0\" allowfullscreen=\"allowfullscreen\"><\/iframe><\/p>\n<p>&nbsp;<\/p>\n<p><span style=\"font-size: 14pt; font-family: georgia, palatino, serif;\"><strong>S\u0131ral\u0131 tam liste <\/strong><\/span><\/p>\n<p><iframe loading=\"lazy\" src=\"https:\/\/www.procyclingstats.com\/widgets\/result.php?h=6e67c8e745a3dc6e6e4d7b1c09873cbd43f769a2\" width=\"520\" height=\"320\"><\/iframe><\/p>\n<p>&nbsp;<\/p>\n<p><span style=\"font-size: 14pt; font-family: georgia, palatino, serif;\"><strong>Bug\u00fcne bakal\u0131m&#8230;<\/strong><\/span><\/p>\n<p><span style=\"font-family: georgia, palatino, serif; font-size: 12pt;\">Napolide ge\u00e7en dinlenme g\u00fcn\u00fc sonras\u0131 Vez\u00fcv\u00fcn gazab\u0131na u\u011frayan Pompei kentinden ba\u015flayan etap k\u0131sal\u0131\u011f\u0131yla bir dinlenme g\u00fcn\u00fc sonras\u0131 olabilirmi\u015f ama profilinin \u015fiddetiyle hi\u00e7 de \u00f6yle g\u00f6r\u00fcnm\u00fcyor. <\/span><\/p>\n<p><img data-recalc-dims=\"1\" loading=\"lazy\" decoding=\"async\" data-attachment-id=\"8932\" data-permalink=\"http:\/\/aynakol.org\/?attachment_id=8932\" data-orig-file=\"https:\/\/i0.wp.com\/aynakol.org\/wp-content\/uploads\/2024\/05\/Giro2024_Stage10_profile.jpg?fit=1250%2C625\" data-orig-size=\"1250,625\" data-comments-opened=\"1\" data-image-meta=\"{&quot;aperture&quot;:&quot;0&quot;,&quot;credit&quot;:&quot;&quot;,&quot;camera&quot;:&quot;&quot;,&quot;caption&quot;:&quot;&quot;,&quot;created_timestamp&quot;:&quot;0&quot;,&quot;copyright&quot;:&quot;&quot;,&quot;focal_length&quot;:&quot;0&quot;,&quot;iso&quot;:&quot;0&quot;,&quot;shutter_speed&quot;:&quot;0&quot;,&quot;title&quot;:&quot;&quot;,&quot;orientation&quot;:&quot;0&quot;}\" data-image-title=\"Giro2024_Stage10_profile\" data-image-description=\"\" data-image-caption=\"\" data-large-file=\"https:\/\/i0.wp.com\/aynakol.org\/wp-content\/uploads\/2024\/05\/Giro2024_Stage10_profile.jpg?fit=860%2C430\" class=\"aligncenter size-large wp-image-8932\" src=\"https:\/\/i0.wp.com\/aynakol.org\/wp-content\/uploads\/2024\/05\/Giro2024_Stage10_profile.jpg?resize=860%2C430\" alt=\"\" width=\"860\" height=\"430\" srcset=\"https:\/\/i0.wp.com\/aynakol.org\/wp-content\/uploads\/2024\/05\/Giro2024_Stage10_profile.jpg?resize=1024%2C512 1024w, https:\/\/i0.wp.com\/aynakol.org\/wp-content\/uploads\/2024\/05\/Giro2024_Stage10_profile.jpg?resize=300%2C150 300w, https:\/\/i0.wp.com\/aynakol.org\/wp-content\/uploads\/2024\/05\/Giro2024_Stage10_profile.jpg?resize=768%2C384 768w, https:\/\/i0.wp.com\/aynakol.org\/wp-content\/uploads\/2024\/05\/Giro2024_Stage10_profile.jpg?w=1250 1250w\" sizes=\"auto, (max-width: 860px) 100vw, 860px\" \/><\/p>\n<p><span style=\"font-family: georgia, palatino, serif; font-size: 12pt;\">142 km k\u0131sal\u0131\u011f\u0131ndaki etab\u0131n profili dinlenme g\u00fcn\u00fc sonras\u0131 i\u00e7in olduk\u00e7a sert: ilk 60 km i\u00e7in d\u00fcz ve kendi halinde diyebiliriz, geni\u015f bir alana yay\u0131lan Partenio ulusal park\u0131 k\u0131y\u0131s\u0131ndan k\u0131y\u0131s\u0131ndan pedallayacak peloto; buras\u0131 ilk k\u0131s\u0131m. \u0130kinci k\u0131s\u0131mda Cat2 s\u0131n\u0131f\u0131 800 mt rak\u0131ml\u0131 Compasauro tepesi a\u015f\u0131l\u0131p yeniden ovaya 100 mt rak\u0131ma inilecek. <\/span><\/p>\n<p><span style=\"font-family: georgia, palatino, serif; font-size: 12pt;\">Bundan sonras\u0131 \u00fc\u00e7\u00fcnc\u00fc k\u0131s\u0131m ki, s\u00fcrekli g\u00f6klerde arar oldum Mevlam seni diye diye pedallayacak Peloton: Aray\u0131\u015f\u0131n nihayeti Bocca della Selva zirvesi ki, kendisi istikrarl\u0131 bir 18 km oluyor, %5-6 civar\u0131 e\u011fimle y\u00fckselen. Genel klasman i\u00e7in fark yarat\u0131r m\u0131? 8. etapta g\u00f6rd\u00fck ki kimse Tadej Pogacar\u0131n yan\u0131na yakla\u015fam\u0131yor, <a href=\"https:\/\/youtu.be\/yew8ZfOtf4Y?si=fO3grhl0bi2NZ9YD\" target=\"_blank\" rel=\"noopener\">7. Etaptaki TT etab\u0131nda yutulan tozlar h\u00e2l\u00e2 b\u00fcnyede.<\/a><\/span><\/p>\n<p>&nbsp;<\/p>\n<p>&nbsp;<\/p>\n","protected":false},"excerpt":{"rendered":"<p>9. Etapta neler olmu\u015ftu? Sakin ge\u00e7en ve son d\u00fczl\u00fckte toprlu sprint m\u00fccadelesi beklenen 9. Etab\u0131n sonunda ka\u00e7\u0131\u015f\u0131n yakalan\u0131p pelotona kar\u015f\u0131 atak \u00e7eken Narvarez ikinci etap [&#8230;]<\/p>\n","protected":false},"author":1,"featured_media":0,"comment_status":"open","ping_status":"open","sticky":false,"template":"","format":"standard","meta":{"jetpack_post_was_ever_published":false,"_jetpack_newsletter_access":"","_jetpack_dont_email_post_to_subs":false,"_jetpack_newsletter_tier_id":0,"_jetpack_memberships_contains_paywalled_content":false,"_jetpack_memberships_contains_paid_content":false,"footnotes":"","jetpack_publicize_message":"","jetpack_publicize_feature_enabled":true,"jetpack_social_post_already_shared":true,"jetpack_social_options":{"image_generator_settings":{"template":"highway","default_image_id":0,"font":"","enabled":false},"version":2}},"categories":[1239],"tags":[],"class_list":["post-8931","post","type-post","status-publish","format-standard","hentry","category-giro-ditalia"],"jetpack_publicize_connections":[],"jetpack_featured_media_url":"","jetpack_sharing_enabled":true,"jetpack_shortlink":"https:\/\/wp.me\/p51p4O-2k3","jetpack_likes_enabled":true,"jetpack-related-posts":[{"id":8861,"url":"http:\/\/aynakol.org\/?p=8861","url_meta":{"origin":8931,"position":0},"title":"Giro d&#8217;Italia 2024 3. Etap: Novara > Fossano, 166 km","author":"Ayd\u0131n Bez","date":"6 May\u0131s 2024","format":false,"excerpt":"Beklenen oldu ve d\u00fcn santimle kaybetti\u011fi etap ve Maglia Rosan\u0131n ac\u0131s\u0131n\u0131 bug\u00fcn misliyle \u00e7\u0131kartt\u0131 Pogacar! Kutsal Oropa Zirvesinde sona eren 2. etab\u0131n sonunda zafer de Maglia Rosa da Tadej Pogacar\u0131n! Pelotonun s\u00fcper star\u0131 UAE Emirates tak\u0131m\u0131n\u0131n Sloven pedal\u0131 hen\u00fcz 25 ya\u015f\u0131nda \u00fc\u00e7 b\u00fcy\u00fck turda etap kazanmay\u0131 ba\u015fard\u0131; \u00fcstelik eksik kalan\u2026","rel":"","context":"&quot;Giro d'Italia&quot; i\u00e7inde","block_context":{"text":"Giro d'Italia","link":"http:\/\/aynakol.org\/?cat=1239"},"img":{"alt_text":"","src":"https:\/\/i0.wp.com\/aynakol.org\/wp-content\/uploads\/2024\/05\/Giro2024_Stage2_fans.jpg?fit=1200%2C800&resize=350%2C200","width":350,"height":200,"srcset":"https:\/\/i0.wp.com\/aynakol.org\/wp-content\/uploads\/2024\/05\/Giro2024_Stage2_fans.jpg?fit=1200%2C800&resize=350%2C200 1x, https:\/\/i0.wp.com\/aynakol.org\/wp-content\/uploads\/2024\/05\/Giro2024_Stage2_fans.jpg?fit=1200%2C800&resize=525%2C300 1.5x, https:\/\/i0.wp.com\/aynakol.org\/wp-content\/uploads\/2024\/05\/Giro2024_Stage2_fans.jpg?fit=1200%2C800&resize=700%2C400 2x, https:\/\/i0.wp.com\/aynakol.org\/wp-content\/uploads\/2024\/05\/Giro2024_Stage2_fans.jpg?fit=1200%2C800&resize=1050%2C600 3x"},"classes":[]},{"id":8975,"url":"http:\/\/aynakol.org\/?p=8975","url_meta":{"origin":8931,"position":1},"title":"Tour de France 2024 3. Etap: Piacenza > Torino, 231 km","author":"Ayd\u0131n Bez","date":"30 Haziran 2024","format":false,"excerpt":"D\u00fcnk\u00fc etapta Neler Olmu\u015ftu? Bolonyada sona eren 2. Etab\u0131n sonunda zafer ka\u00e7\u0131\u015fa yaz\u0131ld\u0131! Arkea B&B Hotels tak\u0131m\u0131n\u0131n gen\u00e7 Frans\u0131z\u0131 Kevin Vauquelin ka\u00e7\u0131\u015f grubu i\u00e7inden son t\u0131rman\u0131\u015f San Luca \u00f6ncesi Nelson Olivieran\u0131n ata\u011f\u0131n\u0131 takip etti, t\u0131rman\u0131\u015fta kimseyi beklemeden sal\u0131na sal\u0131na pedallad\u0131; ta ki biti\u015f \u00e7izgisine, zafere dek! Hem kendisinin hem de\u2026","rel":"","context":"&quot;Tour de France&quot; i\u00e7inde","block_context":{"text":"Tour de France","link":"http:\/\/aynakol.org\/?cat=89"},"img":{"alt_text":"","src":"https:\/\/i0.wp.com\/aynakol.org\/wp-content\/uploads\/2024\/06\/tdf2024_stage2_san_luca.jpg?fit=992%2C1200&resize=350%2C200","width":350,"height":200,"srcset":"https:\/\/i0.wp.com\/aynakol.org\/wp-content\/uploads\/2024\/06\/tdf2024_stage2_san_luca.jpg?fit=992%2C1200&resize=350%2C200 1x, https:\/\/i0.wp.com\/aynakol.org\/wp-content\/uploads\/2024\/06\/tdf2024_stage2_san_luca.jpg?fit=992%2C1200&resize=525%2C300 1.5x, https:\/\/i0.wp.com\/aynakol.org\/wp-content\/uploads\/2024\/06\/tdf2024_stage2_san_luca.jpg?fit=992%2C1200&resize=700%2C400 2x"},"classes":[]},{"id":8871,"url":"http:\/\/aynakol.org\/?p=8871","url_meta":{"origin":8931,"position":2},"title":"Giro d&#8217;Italia 2024 4. Etap: Acqui Terme > Andora, 190 km","author":"Ayd\u0131n Bez","date":"7 May\u0131s 2024","format":false,"excerpt":"D\u00fcnk\u00fc etapta neler olmu\u015ftu? Fossano da sona eren 166 km uzunlu\u011fundaki 3. etab\u0131n sonunda ya\u015fanan toplu sprint m\u00fccadelesinde yar\u0131m teker farkla kazanan isim Tim Merlier! Ultimo kilometro Soudal Quick Step tak\u0131m\u0131n\u0131n 31 ya\u015f\u0131ndaki Bel\u00e7ikal\u0131 pedal\u0131 \u00e7ok iyi pozisyon ald\u0131 ve toplu sprintte zor olsa da kazanmas\u0131n\u0131 bildi; bu zaferle birlikte\u2026","rel":"","context":"&quot;Giro d'Italia&quot; i\u00e7inde","block_context":{"text":"Giro d'Italia","link":"http:\/\/aynakol.org\/?cat=1239"},"img":{"alt_text":"","src":"https:\/\/i0.wp.com\/aynakol.org\/wp-content\/uploads\/2024\/05\/Giro2024_Stage3_peloton-scaled-e1715024239630.jpg?fit=1200%2C662&resize=350%2C200","width":350,"height":200,"srcset":"https:\/\/i0.wp.com\/aynakol.org\/wp-content\/uploads\/2024\/05\/Giro2024_Stage3_peloton-scaled-e1715024239630.jpg?fit=1200%2C662&resize=350%2C200 1x, https:\/\/i0.wp.com\/aynakol.org\/wp-content\/uploads\/2024\/05\/Giro2024_Stage3_peloton-scaled-e1715024239630.jpg?fit=1200%2C662&resize=525%2C300 1.5x, https:\/\/i0.wp.com\/aynakol.org\/wp-content\/uploads\/2024\/05\/Giro2024_Stage3_peloton-scaled-e1715024239630.jpg?fit=1200%2C662&resize=700%2C400 2x, https:\/\/i0.wp.com\/aynakol.org\/wp-content\/uploads\/2024\/05\/Giro2024_Stage3_peloton-scaled-e1715024239630.jpg?fit=1200%2C662&resize=1050%2C600 3x"},"classes":[]},{"id":7504,"url":"http:\/\/aynakol.org\/?p=7504","url_meta":{"origin":8931,"position":3},"title":"#TDF2023 Le Tour de France 2023","author":"Ayd\u0131n Bez","date":"30 Haziran 2023","format":false,"excerpt":"Bask Da\u011flar\u0131ndan herkese merhaba! Al\u0131\u015f\u0131lm\u0131\u015f bir \u015fey de\u011fil yar\u0131\u015f\u0131n anakaran\u0131n d\u0131\u015f\u0131ndan ba\u015flamas\u0131; ge\u00e7en sene Danimarka yollar\u0131ndan ta\u015fan sevgi seli o kadar co\u015fkundu ki, pelotonu g\u00f6rebilene a\u015fk olsun! Sevgi Duvar\u0131 a\u015f\u0131ld\u0131 adeta! Al\u0131\u015f\u0131k olmad\u0131\u011f\u0131m\u0131z ise a\u00e7\u0131l\u0131\u015f etab\u0131n\u0131n ve devam\u0131nda ilk haftan\u0131n bu denli sert ve k\u0131r\u0131c\u0131 olmas\u0131 ki, Le Tour kendisini\u2026","rel":"","context":"&quot;Grand Tour&quot; i\u00e7inde","block_context":{"text":"Grand Tour","link":"http:\/\/aynakol.org\/?cat=92"},"img":{"alt_text":"","src":"https:\/\/i0.wp.com\/aynakol.org\/wp-content\/uploads\/2017\/07\/TdF2017_stage7_team_SKY.jpg?fit=1000%2C667&resize=350%2C200","width":350,"height":200,"srcset":"https:\/\/i0.wp.com\/aynakol.org\/wp-content\/uploads\/2017\/07\/TdF2017_stage7_team_SKY.jpg?fit=1000%2C667&resize=350%2C200 1x, https:\/\/i0.wp.com\/aynakol.org\/wp-content\/uploads\/2017\/07\/TdF2017_stage7_team_SKY.jpg?fit=1000%2C667&resize=525%2C300 1.5x, https:\/\/i0.wp.com\/aynakol.org\/wp-content\/uploads\/2017\/07\/TdF2017_stage7_team_SKY.jpg?fit=1000%2C667&resize=700%2C400 2x"},"classes":[]},{"id":8961,"url":"http:\/\/aynakol.org\/?p=8961","url_meta":{"origin":8931,"position":4},"title":"Tour de France 2024 2. Etap: Cesenatico > Bologna, 199,2 km","author":"Ayd\u0131n Bez","date":"30 Haziran 2024","format":false,"excerpt":"D\u00fcnk\u00fc Etapta Neler Olmu\u015ftu? Bardet! Floransadan ba\u015flay\u0131p Rimini de sona eren a\u00e7\u0131l\u0131\u015f etab\u0131nda zaferin ad\u0131! Romain Bardet! Team dsm-firmenich PostNL tak\u0131m\u0131n\u0131n 33 ya\u015f\u0131ndaki Frans\u0131z pedal\u0131 bu zaferle birlikte kariyerinde ilk kez Maillot Jaune s\u0131rt\u0131na ge\u00e7irdi! \u00a0 La Flamme Rouge \u00a0 A\u00e7\u0131l\u0131\u015f etaplar\u0131n\u0131n al\u0131\u015fagelmi\u015fli\u011fine ayk\u0131r\u0131, bir hayli zor profilde pedallanan etab\u0131n\u2026","rel":"","context":"&quot;Giro d'Italia&quot; i\u00e7inde","block_context":{"text":"Giro d'Italia","link":"http:\/\/aynakol.org\/?cat=1239"},"img":{"alt_text":"","src":"https:\/\/i0.wp.com\/aynakol.org\/wp-content\/uploads\/2024\/06\/tdf2024_stage1_peloton1-scaled.jpg?fit=1141%2C1200&resize=350%2C200","width":350,"height":200,"srcset":"https:\/\/i0.wp.com\/aynakol.org\/wp-content\/uploads\/2024\/06\/tdf2024_stage1_peloton1-scaled.jpg?fit=1141%2C1200&resize=350%2C200 1x, https:\/\/i0.wp.com\/aynakol.org\/wp-content\/uploads\/2024\/06\/tdf2024_stage1_peloton1-scaled.jpg?fit=1141%2C1200&resize=525%2C300 1.5x, https:\/\/i0.wp.com\/aynakol.org\/wp-content\/uploads\/2024\/06\/tdf2024_stage1_peloton1-scaled.jpg?fit=1141%2C1200&resize=700%2C400 2x, https:\/\/i0.wp.com\/aynakol.org\/wp-content\/uploads\/2024\/06\/tdf2024_stage1_peloton1-scaled.jpg?fit=1141%2C1200&resize=1050%2C600 3x"},"classes":[]},{"id":7617,"url":"http:\/\/aynakol.org\/?p=7617","url_meta":{"origin":8931,"position":5},"title":"#TdF2023 7. Etap: Mont-de-Marsan > Bordeaux, 169,9 km","author":"Ayd\u0131n Bez","date":"7 Temmuz 2023","format":false,"excerpt":"Cauterets-Cambasque zirvesinde sona eren 6. etapta zaferin ad\u0131 \"ben tek, siz hepiniz\" diyerek zafere adeta e\u011fimleri eze bi\u00e7e pedallayan Tadej Pogacar! UAE Team Emiratesin 24 ya\u015f\u0131ndaki Sloven pedal\u0131 hen\u00fcz kat\u0131ld\u0131\u011f\u0131 4. Le Tour da 10. etap zaferini kazand\u0131; hedef Cavendish! \u00a0 \u00a0 Jumbo-Visman\u0131n hem ka\u00e7\u0131\u015fta hem pelotonda tempoyu belirleyip ataklarla\u2026","rel":"","context":"&quot;Tour de France&quot; i\u00e7inde","block_context":{"text":"Tour de France","link":"http:\/\/aynakol.org\/?cat=89"},"img":{"alt_text":"","src":"https:\/\/i0.wp.com\/aynakol.org\/wp-content\/uploads\/2023\/07\/tdf2023_stage6_pogacar_attacked.jpg?fit=680%2C383&resize=350%2C200","width":350,"height":200,"srcset":"https:\/\/i0.wp.com\/aynakol.org\/wp-content\/uploads\/2023\/07\/tdf2023_stage6_pogacar_attacked.jpg?fit=680%2C383&resize=350%2C200 1x, https:\/\/i0.wp.com\/aynakol.org\/wp-content\/uploads\/2023\/07\/tdf2023_stage6_pogacar_attacked.jpg?fit=680%2C383&resize=525%2C300 1.5x"},"classes":[]}],"_links":{"self":[{"href":"http:\/\/aynakol.org\/index.php?rest_route=\/wp\/v2\/posts\/8931","targetHints":{"allow":["GET"]}}],"collection":[{"href":"http:\/\/aynakol.org\/index.php?rest_route=\/wp\/v2\/posts"}],"about":[{"href":"http:\/\/aynakol.org\/index.php?rest_route=\/wp\/v2\/types\/post"}],"author":[{"embeddable":true,"href":"http:\/\/aynakol.org\/index.php?rest_route=\/wp\/v2\/users\/1"}],"replies":[{"embeddable":true,"href":"http:\/\/aynakol.org\/index.php?rest_route=%2Fwp%2Fv2%2Fcomments&post=8931"}],"version-history":[{"count":1,"href":"http:\/\/aynakol.org\/index.php?rest_route=\/wp\/v2\/posts\/8931\/revisions"}],"predecessor-version":[{"id":8933,"href":"http:\/\/aynakol.org\/index.php?rest_route=\/wp\/v2\/posts\/8931\/revisions\/8933"}],"wp:attachment":[{"href":"http:\/\/aynakol.org\/index.php?rest_route=%2Fwp%2Fv2%2Fmedia&parent=8931"}],"wp:term":[{"taxonomy":"category","embeddable":true,"href":"http:\/\/aynakol.org\/index.php?rest_route=%2Fwp%2Fv2%2Fcategories&post=8931"},{"taxonomy":"post_tag","embeddable":true,"href":"http:\/\/aynakol.org\/index.php?rest_route=%2Fwp%2Fv2%2Ftags&post=8931"}],"curies":[{"name":"wp","href":"https:\/\/api.w.org\/{rel}","templated":true}]}}