{"id":8982,"date":"2024-07-02T00:25:16","date_gmt":"2024-07-01T21:25:16","guid":{"rendered":"http:\/\/aynakol.org\/?p=8982"},"modified":"2024-07-02T00:25:16","modified_gmt":"2024-07-01T21:25:16","slug":"tour-de-france-2024-4-etap-pinerolo-valloire-140-km","status":"publish","type":"post","link":"http:\/\/aynakol.org\/?p=8982","title":{"rendered":"Tour de France 2024 4. Etap: Pinerolo > Valloire, 140 km"},"content":{"rendered":"<p><span style=\"font-size: 14pt; font-family: georgia, palatino, serif;\"><strong>D\u00fcnk\u00fc Etapta Neler Olmu\u015ftu?<\/strong><\/span><\/p>\n<p><span style=\"font-size: 12pt; font-family: georgia, palatino, serif;\">Torinoda biten 3. etap toplu sprint m\u00fccadelesine gebe denmi\u015ftik; hakl\u0131 \u00e7\u0131kt\u0131k. Beklentimiz Mark Cavendishin kazan\u0131p 35. Le Tour etap zaferiyle birlikte tarihe ge\u00e7mesi olsa da bir ba\u015fka tarihe tan\u0131kl\u0131k ettik: Biniam Girmay! <\/span><\/p>\n<div id=\"attachment_8984\" style=\"width: 870px\" class=\"wp-caption aligncenter\"><img data-recalc-dims=\"1\" loading=\"lazy\" decoding=\"async\" aria-describedby=\"caption-attachment-8984\" data-attachment-id=\"8984\" data-permalink=\"http:\/\/aynakol.org\/?attachment_id=8984\" data-orig-file=\"https:\/\/i0.wp.com\/aynakol.org\/wp-content\/uploads\/2024\/07\/tdf2024_stage3-winner-biniam-girmay-scaled.jpg?fit=2560%2C1707\" data-orig-size=\"2560,1707\" data-comments-opened=\"1\" data-image-meta=\"{&quot;aperture&quot;:&quot;0&quot;,&quot;credit&quot;:&quot;&quot;,&quot;camera&quot;:&quot;&quot;,&quot;caption&quot;:&quot;&quot;,&quot;created_timestamp&quot;:&quot;0&quot;,&quot;copyright&quot;:&quot;&quot;,&quot;focal_length&quot;:&quot;0&quot;,&quot;iso&quot;:&quot;0&quot;,&quot;shutter_speed&quot;:&quot;0&quot;,&quot;title&quot;:&quot;&quot;,&quot;orientation&quot;:&quot;0&quot;}\" data-image-title=\"tdf2024_stage3-winner-biniam-girmay\" data-image-description=\"\" data-image-caption=\"\" data-large-file=\"https:\/\/i0.wp.com\/aynakol.org\/wp-content\/uploads\/2024\/07\/tdf2024_stage3-winner-biniam-girmay-scaled.jpg?fit=860%2C574\" class=\"wp-image-8984 size-large\" src=\"https:\/\/i0.wp.com\/aynakol.org\/wp-content\/uploads\/2024\/07\/tdf2024_stage3-winner-biniam-girmay.jpg?resize=860%2C574\" alt=\"\" width=\"860\" height=\"574\" srcset=\"https:\/\/i0.wp.com\/aynakol.org\/wp-content\/uploads\/2024\/07\/tdf2024_stage3-winner-biniam-girmay-scaled.jpg?resize=1024%2C683 1024w, https:\/\/i0.wp.com\/aynakol.org\/wp-content\/uploads\/2024\/07\/tdf2024_stage3-winner-biniam-girmay-scaled.jpg?resize=300%2C200 300w, https:\/\/i0.wp.com\/aynakol.org\/wp-content\/uploads\/2024\/07\/tdf2024_stage3-winner-biniam-girmay-scaled.jpg?resize=768%2C512 768w, https:\/\/i0.wp.com\/aynakol.org\/wp-content\/uploads\/2024\/07\/tdf2024_stage3-winner-biniam-girmay-scaled.jpg?resize=1536%2C1024 1536w, https:\/\/i0.wp.com\/aynakol.org\/wp-content\/uploads\/2024\/07\/tdf2024_stage3-winner-biniam-girmay-scaled.jpg?resize=2048%2C1365 2048w, https:\/\/i0.wp.com\/aynakol.org\/wp-content\/uploads\/2024\/07\/tdf2024_stage3-winner-biniam-girmay-scaled.jpg?w=1720 1720w\" sizes=\"auto, (max-width: 860px) 100vw, 860px\" \/><p id=\"caption-attachment-8984\" class=\"wp-caption-text\">Cavendish tarih yazacak diye beklerken Biniam Girmay yazd\u0131, ge\u00e7ti!<\/p><\/div>\n<p>&nbsp;<\/p>\n<p><span style=\"font-size: 14pt; font-family: georgia, palatino, serif;\"><span style=\"font-size: 12pt;\">231 km sonunda ya\u015fanan sprint m\u00fccadelesinde favori sprinter pedallar zafere o kadar \u00e7arlard\u0131 ki, k\u0131ran k\u0131rana bir m\u00fccadele ya\u015fand\u0131 son metrelerde: Garivia, De Lie, Pedersen, Groenewegen, Jakobsen, Bennett mi derken Biniam Girmay pozisyonunun avantaj\u0131n\u0131 kulan\u0131p m\u00fccadelesini zaferle ta\u00e7land\u0131rmas\u0131n\u0131 bildi! Tarihte Le Tour da etap kazanan ilk siyahi, ilk Afrikal\u0131!<\/span> <\/span><\/p>\n<p>&nbsp;<\/p>\n<p><span style=\"font-size: 14pt; font-family: georgia, palatino, serif;\"><strong>La Flamme Rouge<\/strong><\/span><\/p>\n<p><iframe loading=\"lazy\" title=\"YouTube video player\" src=\"\/\/www.youtube.com\/embed\/uNTSTQZJxCQ?si=zpB4nB5MDcduFlMD\" width=\"560\" height=\"315\" frameborder=\"0\" allowfullscreen=\"allowfullscreen\"><\/iframe><\/p>\n<p>&nbsp;<\/p>\n<p><span style=\"font-size: 12pt; font-family: georgia, palatino, serif;\">2022 Giro sonras\u0131 Le Tour etap zaferi yan\u0131na bu sefer hedefi La Vuelta olacak gibi; o zaman tam anlam\u0131yla bir tarih yaz\u0131lacak! <\/span><\/p>\n<p><span style=\"font-size: 12pt; font-family: georgia, palatino, serif;\">Etab\u0131 ba\u015ftan sona, \u00f6zellikle TREK &#8211; Lidl, sprint tak\u0131mlar\u0131 kontrol etti; \u00f6yle ki 70 km kala bitime bir ka\u00e7\u0131\u015f dahi olu\u015fmad\u0131. Zaten olu\u015fan ka\u00e7\u0131\u015f da anl\u0131k h\u0131z\u0131n 60 km\/s civar\u0131nda seyretti\u011fi etapta tutunamad\u0131 bile.<br \/>\n<\/span><\/p>\n<p>&nbsp;<\/p>\n<p><span style=\"font-size: 14pt; font-family: georgia, palatino, serif;\"><strong>Etab\u0131n \u00d6ne \u00c7\u0131kan Anlar\u0131<\/strong><\/span><\/p>\n<p><iframe loading=\"lazy\" title=\"YouTube video player\" src=\"\/\/www.youtube.com\/embed\/hiH3FpEtPjo?si=SulOQFoqaCRxYSDD\" width=\"560\" height=\"315\" frameborder=\"0\" allowfullscreen=\"allowfullscreen\"><\/iframe><\/p>\n<p>&nbsp;<\/p>\n<p><span style=\"font-size: 12pt; font-family: georgia, palatino, serif;\">Favorilerin ve genel klasman iddial\u0131s\u0131 tak\u0131mlar\u0131n etab\u0131n seyir ve icras\u0131n\u0131 sprint tak\u0131mlar\u0131na b\u0131rak\u0131nca Le Tour\u0131n bu sene ki en uzun etab\u0131 sele \u00fczerinde seyr\u00fcsefer dinlenme tesisleri edas\u0131nda pedalland\u0131: Hele ki, son 3 km kural\u0131 5 km olarak uygulanacak karar\u0131 \u00e7\u0131k\u0131nca 5 km kala biti\u015fe ortada bir tek Ri<\/span><span style=\"font-size: 12pt; font-family: georgia, palatino, serif;\">chard Carapaz kald\u0131, kalan herkes geride dinlenmeyi tercih etti. <\/span><\/p>\n<p><img data-recalc-dims=\"1\" loading=\"lazy\" decoding=\"async\" data-attachment-id=\"8985\" data-permalink=\"http:\/\/aynakol.org\/?attachment_id=8985\" data-orig-file=\"https:\/\/i0.wp.com\/aynakol.org\/wp-content\/uploads\/2024\/07\/tdf2024_stage3-peloton-0.jpg?fit=1500%2C1000\" data-orig-size=\"1500,1000\" data-comments-opened=\"1\" data-image-meta=\"{&quot;aperture&quot;:&quot;0&quot;,&quot;credit&quot;:&quot;&quot;,&quot;camera&quot;:&quot;&quot;,&quot;caption&quot;:&quot;&quot;,&quot;created_timestamp&quot;:&quot;0&quot;,&quot;copyright&quot;:&quot;&quot;,&quot;focal_length&quot;:&quot;0&quot;,&quot;iso&quot;:&quot;0&quot;,&quot;shutter_speed&quot;:&quot;0&quot;,&quot;title&quot;:&quot;&quot;,&quot;orientation&quot;:&quot;0&quot;}\" data-image-title=\"tdf2024_stage3-peloton-0\" data-image-description=\"\" data-image-caption=\"\" data-large-file=\"https:\/\/i0.wp.com\/aynakol.org\/wp-content\/uploads\/2024\/07\/tdf2024_stage3-peloton-0.jpg?fit=860%2C574\" class=\"aligncenter size-large wp-image-8985\" src=\"https:\/\/i0.wp.com\/aynakol.org\/wp-content\/uploads\/2024\/07\/tdf2024_stage3-peloton-0.jpg?resize=860%2C574\" alt=\"\" width=\"860\" height=\"574\" srcset=\"https:\/\/i0.wp.com\/aynakol.org\/wp-content\/uploads\/2024\/07\/tdf2024_stage3-peloton-0.jpg?resize=1024%2C683 1024w, https:\/\/i0.wp.com\/aynakol.org\/wp-content\/uploads\/2024\/07\/tdf2024_stage3-peloton-0.jpg?resize=300%2C200 300w, https:\/\/i0.wp.com\/aynakol.org\/wp-content\/uploads\/2024\/07\/tdf2024_stage3-peloton-0.jpg?resize=768%2C512 768w, https:\/\/i0.wp.com\/aynakol.org\/wp-content\/uploads\/2024\/07\/tdf2024_stage3-peloton-0.jpg?w=1500 1500w\" sizes=\"auto, (max-width: 860px) 100vw, 860px\" \/><\/p>\n<p><span style=\"font-size: 14pt; font-family: georgia, palatino, serif;\"><strong>S\u0131ral\u0131 Tam Liste<\/strong><\/span><\/p>\n<p><iframe loading=\"lazy\" src=\"https:\/\/www.procyclingstats.com\/widgets\/result.php?h=9354eb44d25e20e26ac1cbbf7feadab518709c59\" width=\"520\" height=\"320\"><\/iframe><\/p>\n<p>&nbsp;<\/p>\n<p><span style=\"font-family: georgia, palatino, serif; font-size: 12pt;\">2 km kala ya\u015fanan kazada Cavendish, Philipsen gibi sprinter isimler etkilense de bu sprint m\u00fccacelesinden bir \u015fey g\u00f6t\u00fcrmedi, aksine k\u0131ran k\u0131rana bir m\u00fccadele ya\u015fand\u0131. <\/span><\/p>\n<p><span style=\"font-size: 12pt; font-family: georgia, palatino, serif;\">Bu kadar di\u015fli rakibi varken Sar\u0131 Mayoyu bu kadar erken giyinip de ta\u015f\u0131mak, ta\u015f\u0131yarak da tak\u0131m\u0131n\u0131 yormak istemeyen Tadej Pogacar, tak\u0131m\u0131 UAE Emiratesin takti\u011fi gere\u011fince mayoyu bir emanet\u00e7iye, ayn\u0131 s\u00fcreyi payla\u015ft\u0131\u011f\u0131 Ekvadorlu Richard Carapaza b\u0131rakt\u0131. Bu gece EF Education &#8211; EasyPost ve bisiklet sponsoru Cannondale uzun, upuzun bir s\u00fcre sonra gelen Maillot Jaune hakedi\u015fi i\u00e7in gece har\u0131l har\u0131l \u00e7al\u0131\u015f\u0131p sabaha sar\u0131lara boyanm\u0131\u015f bir bisiklet yaparlar art\u0131k. <\/span><\/p>\n<p>&nbsp;<\/p>\n<p><img data-recalc-dims=\"1\" loading=\"lazy\" decoding=\"async\" data-attachment-id=\"8983\" data-permalink=\"http:\/\/aynakol.org\/?attachment_id=8983\" data-orig-file=\"https:\/\/i0.wp.com\/aynakol.org\/wp-content\/uploads\/2024\/07\/tdf2024_stage3-maillot-jaune-richard-carapaz.jpg?fit=1907%2C1079\" data-orig-size=\"1907,1079\" data-comments-opened=\"1\" data-image-meta=\"{&quot;aperture&quot;:&quot;0&quot;,&quot;credit&quot;:&quot;&quot;,&quot;camera&quot;:&quot;&quot;,&quot;caption&quot;:&quot;&quot;,&quot;created_timestamp&quot;:&quot;0&quot;,&quot;copyright&quot;:&quot;&quot;,&quot;focal_length&quot;:&quot;0&quot;,&quot;iso&quot;:&quot;0&quot;,&quot;shutter_speed&quot;:&quot;0&quot;,&quot;title&quot;:&quot;&quot;,&quot;orientation&quot;:&quot;0&quot;}\" data-image-title=\"tdf2024_stage3-maillot-jaune-richard-carapaz\" data-image-description=\"\" data-image-caption=\"\" data-large-file=\"https:\/\/i0.wp.com\/aynakol.org\/wp-content\/uploads\/2024\/07\/tdf2024_stage3-maillot-jaune-richard-carapaz.jpg?fit=860%2C486\" class=\"aligncenter size-large wp-image-8983\" src=\"https:\/\/i0.wp.com\/aynakol.org\/wp-content\/uploads\/2024\/07\/tdf2024_stage3-maillot-jaune-richard-carapaz.jpg?resize=860%2C486\" alt=\"\" width=\"860\" height=\"486\" srcset=\"https:\/\/i0.wp.com\/aynakol.org\/wp-content\/uploads\/2024\/07\/tdf2024_stage3-maillot-jaune-richard-carapaz.jpg?resize=1024%2C579 1024w, https:\/\/i0.wp.com\/aynakol.org\/wp-content\/uploads\/2024\/07\/tdf2024_stage3-maillot-jaune-richard-carapaz.jpg?resize=300%2C170 300w, https:\/\/i0.wp.com\/aynakol.org\/wp-content\/uploads\/2024\/07\/tdf2024_stage3-maillot-jaune-richard-carapaz.jpg?resize=768%2C435 768w, https:\/\/i0.wp.com\/aynakol.org\/wp-content\/uploads\/2024\/07\/tdf2024_stage3-maillot-jaune-richard-carapaz.jpg?resize=1536%2C869 1536w, https:\/\/i0.wp.com\/aynakol.org\/wp-content\/uploads\/2024\/07\/tdf2024_stage3-maillot-jaune-richard-carapaz.jpg?w=1907 1907w, https:\/\/i0.wp.com\/aynakol.org\/wp-content\/uploads\/2024\/07\/tdf2024_stage3-maillot-jaune-richard-carapaz.jpg?w=1720 1720w\" sizes=\"auto, (max-width: 860px) 100vw, 860px\" \/><\/p>\n<p><span style=\"font-size: 12pt; font-family: georgia, palatino, serif;\">Yeni Maillot Jaune ta\u015f\u0131y\u0131c\u0131s\u0131 yar\u0131nki etapla birlikte 2019 G\u0130ro \u015fampiyonu Richard Carapaz! Ge\u00e7en sene a\u00e7\u0131l\u0131\u015f etab\u0131nda ge\u00e7irdi\u011fi kaza sonras\u0131 ilk etaptan Le Toura veda eden Carapaz, b\u00f6ylece \u00fc\u00e7 b\u00fcy\u00fck turda da liderlik mayosunu giyen isimler kervan\u0131na kat\u0131ld\u0131.<\/span><\/p>\n<p>&nbsp;<\/p>\n<p><span style=\"font-size: 14pt; font-family: georgia, palatino, serif;\"><strong>Bug\u00fcnk\u00fc Etab\u0131 \u0130ncelersek<\/strong><\/span><\/p>\n<p><span style=\"font-size: 12pt; font-family: georgia, palatino, serif;\">Le Tour \u0130talyaya veda ederken ana karaya ge\u00e7iyor: <span class=\"red\">Pineroldan<\/span><span class=\"red\"> ba\u015flayan etap Fransaya girse de yine, \u0130talyaya yak\u0131n <\/span><span class=\"red\">Valloire kentinde sona erecek. <\/span><\/span><\/p>\n<p><span style=\"font-size: 12pt; font-family: georgia, palatino, serif;\">D\u00fcnk\u00fc etaptan 100 km daha k\u0131sa olan 139.6 km <em>k\u0131sal\u0131\u011f\u0131ndaki<\/em> 4. etap efsanevi ikili <a href=\"http:\/\/aynakol.org\/?p=2061\">Fenestrelle ve Sestriere zirvelerinin<\/a> eteklerinden ba\u015flayacak. D\u00fczl\u00fck m\u00fczl\u00fck yok, a\u00e7\u0131l\u0131\u015fta 400 mt rak\u0131mdan 2000 metre yukar\u0131ya istikrarl\u0131 bir t\u0131rman\u0131\u015f var pelotonun \u00f6n\u00fcnde. Sonras\u0131nda ini\u015f ve iki \u00fclkenin aras\u0131nda do\u011fal s\u0131n\u0131r\u0131 \u00e7izen G\u00fcney Alplerin y\u00fccesi Col du Galiberin altl\u0131\u011f\u0131n\u0131 yapan Montgenevre a\u015f\u0131lacak. <\/span><\/p>\n<div id=\"attachment_8987\" style=\"width: 870px\" class=\"wp-caption aligncenter\"><img data-recalc-dims=\"1\" loading=\"lazy\" decoding=\"async\" aria-describedby=\"caption-attachment-8987\" data-attachment-id=\"8987\" data-permalink=\"http:\/\/aynakol.org\/?attachment_id=8987\" data-orig-file=\"https:\/\/i0.wp.com\/aynakol.org\/wp-content\/uploads\/2024\/07\/tour-de-france-2024-stage-4-sprint-9965e52810.jpg?fit=1250%2C625\" data-orig-size=\"1250,625\" data-comments-opened=\"1\" data-image-meta=\"{&quot;aperture&quot;:&quot;0&quot;,&quot;credit&quot;:&quot;&quot;,&quot;camera&quot;:&quot;&quot;,&quot;caption&quot;:&quot;&quot;,&quot;created_timestamp&quot;:&quot;0&quot;,&quot;copyright&quot;:&quot;&quot;,&quot;focal_length&quot;:&quot;0&quot;,&quot;iso&quot;:&quot;0&quot;,&quot;shutter_speed&quot;:&quot;0&quot;,&quot;title&quot;:&quot;&quot;,&quot;orientation&quot;:&quot;0&quot;}\" data-image-title=\"tour-de-france-2024-stage-4-sprint-9965e52810\" data-image-description=\"\" data-image-caption=\"\" data-large-file=\"https:\/\/i0.wp.com\/aynakol.org\/wp-content\/uploads\/2024\/07\/tour-de-france-2024-stage-4-sprint-9965e52810.jpg?fit=860%2C430\" class=\"wp-image-8987 size-large\" src=\"https:\/\/i0.wp.com\/aynakol.org\/wp-content\/uploads\/2024\/07\/tour-de-france-2024-stage-4-sprint-9965e52810.jpg?resize=860%2C430\" alt=\"\" width=\"860\" height=\"430\" srcset=\"https:\/\/i0.wp.com\/aynakol.org\/wp-content\/uploads\/2024\/07\/tour-de-france-2024-stage-4-sprint-9965e52810.jpg?resize=1024%2C512 1024w, https:\/\/i0.wp.com\/aynakol.org\/wp-content\/uploads\/2024\/07\/tour-de-france-2024-stage-4-sprint-9965e52810.jpg?resize=300%2C150 300w, https:\/\/i0.wp.com\/aynakol.org\/wp-content\/uploads\/2024\/07\/tour-de-france-2024-stage-4-sprint-9965e52810.jpg?resize=768%2C384 768w, https:\/\/i0.wp.com\/aynakol.org\/wp-content\/uploads\/2024\/07\/tour-de-france-2024-stage-4-sprint-9965e52810.jpg?w=1250 1250w\" sizes=\"auto, (max-width: 860px) 100vw, 860px\" \/><p id=\"caption-attachment-8987\" class=\"wp-caption-text\">4. Etap profili sert ve yorucu olacak gibi.<\/p><\/div>\n<p>&nbsp;<\/p>\n<p><span style=\"font-size: 12pt; font-family: georgia, palatino, serif;\">Etap bu noktada yar\u0131lanm\u0131\u015f olacak. Ancak yar\u0131s\u0131 bitse de etab\u0131n yol boyunca \u00f6nce g\u00f6lgesinde serinlenecek sonras\u0131da tepesinde efil efil serinlenecek Col du Galiber pelotonu bekliyor olacak.<\/span><\/p>\n<p><span style=\"font-size: 12pt; font-family: georgia, palatino, serif;\">2627 mt rak\u0131ma konu\u015flu zirvesiyle Col du Galiber, bu sene Le Tour da ge\u00e7ilecek en y\u00fcksek nokta, bu y\u00fczden Henri Desgrange ad\u0131na ithaf edilmi\u015f. 23 km uzunlu\u011fundaki t\u0131rman\u0131\u015f\u0131n ortalama e\u011fimi %5. T\u0131rman\u0131\u015f\u0131 kabaca 3 k\u0131s\u0131ma ay\u0131r\u0131rsak ilk 15 km g\u00f6rece peloton i\u00e7in kolay, kalan 7 km ise y\u00fcksek irtifa ve s\u0131cakla birle\u015fince k\u0131r\u0131c\u0131 olacakt\u0131r. Ancak zirvede de\u011fil de eteklerinde sona erince etap genel klasman favorilerinin silkeleme ataklar\u0131n\u0131 g\u00f6rece\u011fiz. <\/span><\/p>\n<div id=\"attachment_8986\" style=\"width: 805px\" class=\"wp-caption aligncenter\"><img data-recalc-dims=\"1\" loading=\"lazy\" decoding=\"async\" aria-describedby=\"caption-attachment-8986\" data-attachment-id=\"8986\" data-permalink=\"http:\/\/aynakol.org\/?attachment_id=8986\" data-orig-file=\"https:\/\/i0.wp.com\/aynakol.org\/wp-content\/uploads\/2024\/07\/tour-de-france-2024-stage-4-climb-n3-07a36b5b01.jpg?fit=795%2C768\" data-orig-size=\"795,768\" data-comments-opened=\"1\" data-image-meta=\"{&quot;aperture&quot;:&quot;0&quot;,&quot;credit&quot;:&quot;&quot;,&quot;camera&quot;:&quot;&quot;,&quot;caption&quot;:&quot;&quot;,&quot;created_timestamp&quot;:&quot;0&quot;,&quot;copyright&quot;:&quot;&quot;,&quot;focal_length&quot;:&quot;0&quot;,&quot;iso&quot;:&quot;0&quot;,&quot;shutter_speed&quot;:&quot;0&quot;,&quot;title&quot;:&quot;&quot;,&quot;orientation&quot;:&quot;0&quot;}\" data-image-title=\"tour-de-france-2024-stage-4-climb-n3-07a36b5b01\" data-image-description=\"\" data-image-caption=\"\" data-large-file=\"https:\/\/i0.wp.com\/aynakol.org\/wp-content\/uploads\/2024\/07\/tour-de-france-2024-stage-4-climb-n3-07a36b5b01.jpg?fit=795%2C768\" class=\"wp-image-8986 size-full\" src=\"https:\/\/i0.wp.com\/aynakol.org\/wp-content\/uploads\/2024\/07\/tour-de-france-2024-stage-4-climb-n3-07a36b5b01.jpg?resize=795%2C768\" alt=\"\" width=\"795\" height=\"768\" srcset=\"https:\/\/i0.wp.com\/aynakol.org\/wp-content\/uploads\/2024\/07\/tour-de-france-2024-stage-4-climb-n3-07a36b5b01.jpg?w=795 795w, https:\/\/i0.wp.com\/aynakol.org\/wp-content\/uploads\/2024\/07\/tour-de-france-2024-stage-4-climb-n3-07a36b5b01.jpg?resize=300%2C290 300w, https:\/\/i0.wp.com\/aynakol.org\/wp-content\/uploads\/2024\/07\/tour-de-france-2024-stage-4-climb-n3-07a36b5b01.jpg?resize=768%2C742 768w\" sizes=\"auto, (max-width: 795px) 100vw, 795px\" \/><p id=\"caption-attachment-8986\" class=\"wp-caption-text\">T\u0131rman\u0131\u015f\u0131 kadar eteklerine ini\u015fi de zor bir zirve Col du Galiber.<\/p><\/div>\n<p><span style=\"font-size: 12pt; font-family: georgia, palatino, serif;\">2022 de <a href=\"http:\/\/aynakol.org\/?p=7084\">11<\/a> ve <a href=\"http:\/\/aynakol.org\/?p=7093\">12<\/a>. etaplarda, 2019 da 18. etapta, 2017 de <a href=\"http:\/\/aynakol.org\/?p=5222\">17.<\/a> etapta kar\u015f\u0131m\u0131za \u00e7\u0131kan Col du Galiber Le Tour da en son 2011 y\u0131l\u0131nda 18. Etapta biti\u015f \u00e7izgisine ev sahipli\u011fi yapm\u0131\u015f, Andy Schleck kazanm\u0131\u015ft\u0131. <\/span><\/p>\n","protected":false},"excerpt":{"rendered":"<p>D\u00fcnk\u00fc Etapta Neler Olmu\u015ftu? Torinoda biten 3. etap toplu sprint m\u00fccadelesine gebe denmi\u015ftik; hakl\u0131 \u00e7\u0131kt\u0131k. Beklentimiz Mark Cavendishin kazan\u0131p 35. Le Tour etap zaferiyle birlikte [&#8230;]<\/p>\n","protected":false},"author":1,"featured_media":8988,"comment_status":"open","ping_status":"open","sticky":false,"template":"","format":"standard","meta":{"jetpack_post_was_ever_published":false,"_jetpack_newsletter_access":"","_jetpack_dont_email_post_to_subs":false,"_jetpack_newsletter_tier_id":0,"_jetpack_memberships_contains_paywalled_content":false,"_jetpack_memberships_contains_paid_content":false,"footnotes":"","jetpack_publicize_message":"","jetpack_publicize_feature_enabled":true,"jetpack_social_post_already_shared":true,"jetpack_social_options":{"image_generator_settings":{"template":"highway","default_image_id":0,"font":"","enabled":false},"version":2}},"categories":[1239],"tags":[1625,1341],"class_list":["post-8982","post","type-post","status-publish","format-standard","has-post-thumbnail","hentry","category-giro-ditalia","tag-biniam-girmay","tag-col-du-galiber"],"jetpack_publicize_connections":[],"jetpack_featured_media_url":"https:\/\/i0.wp.com\/aynakol.org\/wp-content\/uploads\/2024\/07\/tdf2024_stage2_san_luca-0.jpg?fit=1200%2C750","jetpack_sharing_enabled":true,"jetpack_shortlink":"https:\/\/wp.me\/p51p4O-2kS","jetpack_likes_enabled":true,"jetpack-related-posts":[{"id":9013,"url":"http:\/\/aynakol.org\/?p=9013","url_meta":{"origin":8982,"position":0},"title":"Tour de France 2024 9. Etap: Troyes > Troyes, 199 km","author":"Ayd\u0131n Bez","date":"7 Temmuz 2024","format":false,"excerpt":"D\u00fcnk\u00fc Etapta Neler Olmu\u015ftu? Tam bir bahar klasi\u011fi tat ve havas\u0131nda ge\u00e7en 8. Etab\u0131n sonunda ya\u011fmura, r\u00fczgara ve so\u011fu\u011fa ald\u0131rmadan pedallanan 183,4 km sonunda ya\u015fanan toplu sprint m\u00fccadelesinde zaferin ad\u0131 yine, yeniden Biam Girmay! \u00a0 La Flamme Rouge \u00a0 Etap ba\u015flar ba\u015flamaz olu\u015fan ka\u00e7\u0131\u015f i\u00e7inde yer alan Benekli Mayo da\u011flar\u0131n\u2026","rel":"","context":"&quot;Giro d'Italia&quot; i\u00e7inde","block_context":{"text":"Giro d'Italia","link":"http:\/\/aynakol.org\/?cat=1239"},"img":{"alt_text":"","src":"https:\/\/i0.wp.com\/aynakol.org\/wp-content\/uploads\/2024\/07\/tdf2024_stage8_peloton.jpg?fit=1200%2C750&resize=350%2C200","width":350,"height":200,"srcset":"https:\/\/i0.wp.com\/aynakol.org\/wp-content\/uploads\/2024\/07\/tdf2024_stage8_peloton.jpg?fit=1200%2C750&resize=350%2C200 1x, https:\/\/i0.wp.com\/aynakol.org\/wp-content\/uploads\/2024\/07\/tdf2024_stage8_peloton.jpg?fit=1200%2C750&resize=525%2C300 1.5x, https:\/\/i0.wp.com\/aynakol.org\/wp-content\/uploads\/2024\/07\/tdf2024_stage8_peloton.jpg?fit=1200%2C750&resize=700%2C400 2x, https:\/\/i0.wp.com\/aynakol.org\/wp-content\/uploads\/2024\/07\/tdf2024_stage8_peloton.jpg?fit=1200%2C750&resize=1050%2C600 3x"},"classes":[]},{"id":8998,"url":"http:\/\/aynakol.org\/?p=8998","url_meta":{"origin":8982,"position":1},"title":"Tour de France 2024 6. Etap: M\u00e2con > Dijon, 163,5 km","author":"Ayd\u0131n Bez","date":"3 Temmuz 2024","format":false,"excerpt":"Rekor! Rekor! Rekor! \u00a0 \u00a0 Tarihe canl\u0131 kanl\u0131 tan\u0131kl\u0131k etmenin sevinci hepimizi esir ald\u0131! Sir Mark Cavendish Le Tour de France da 35. etap zaferiyle, en \u00e7ok etap kazanan isim oldu! 34 zaferle Eddy Merckx yamyam\u0131na ait olan rekora ortak olan Cavendish 2020 y\u0131l\u0131ndan bug\u00fcne ger\u00e7ekten \u00e7ok \u00e7al\u0131\u015ft\u0131, \u00e7ok cabalad\u0131,\u2026","rel":"","context":"&quot;Tour de France&quot; i\u00e7inde","block_context":{"text":"Tour de France","link":"http:\/\/aynakol.org\/?cat=89"},"img":{"alt_text":"","src":"https:\/\/i0.wp.com\/aynakol.org\/wp-content\/uploads\/2024\/07\/tdf2024_stage5_winner_cavendish-1024x1024.jpg?resize=350%2C200","width":350,"height":200,"srcset":"https:\/\/i0.wp.com\/aynakol.org\/wp-content\/uploads\/2024\/07\/tdf2024_stage5_winner_cavendish-1024x1024.jpg?resize=350%2C200 1x, https:\/\/i0.wp.com\/aynakol.org\/wp-content\/uploads\/2024\/07\/tdf2024_stage5_winner_cavendish-1024x1024.jpg?resize=525%2C300 1.5x, https:\/\/i0.wp.com\/aynakol.org\/wp-content\/uploads\/2024\/07\/tdf2024_stage5_winner_cavendish-1024x1024.jpg?resize=700%2C400 2x"},"classes":[]},{"id":9052,"url":"http:\/\/aynakol.org\/?p=9052","url_meta":{"origin":8982,"position":2},"title":"Tour de France 2024 12. Etap: Agen > Pau, 165,3 km","author":"Ayd\u0131n Bez","date":"11 Temmuz 2024","format":false,"excerpt":"D\u00fcnk\u00fc etapta neler olmu\u015ftu? Biniam Girmay tarih yazmaya devam ediyor: Wout van Aert, Arnaud Demare, Jasper Philipsen, Pascal Akerman gibi kuvvetli sprinter pedallar\u0131n \u00f6n\u00fcnde zafere uzanan G\u0130rmay ye\u015fil masyosunun hakk\u0131n\u0131 vere vere etab\u0131 kazand\u0131! \u00a0 La Flamme Rouge Ka\u00e7\u0131\u015f\u0131n dahi olu\u015fmad\u0131\u011f\u0131 etapta herkes sessiz sakin bir \u015fekilde son 3 km'ye\u2026","rel":"","context":"&quot;Giro d'Italia&quot; i\u00e7inde","block_context":{"text":"Giro d'Italia","link":"http:\/\/aynakol.org\/?cat=1239"},"img":{"alt_text":"","src":"https:\/\/i0.wp.com\/aynakol.org\/wp-content\/uploads\/2024\/07\/tdf2024_stage4_peloton-e1719954635493.jpg?fit=1200%2C438&resize=350%2C200","width":350,"height":200,"srcset":"https:\/\/i0.wp.com\/aynakol.org\/wp-content\/uploads\/2024\/07\/tdf2024_stage4_peloton-e1719954635493.jpg?fit=1200%2C438&resize=350%2C200 1x, https:\/\/i0.wp.com\/aynakol.org\/wp-content\/uploads\/2024\/07\/tdf2024_stage4_peloton-e1719954635493.jpg?fit=1200%2C438&resize=525%2C300 1.5x, https:\/\/i0.wp.com\/aynakol.org\/wp-content\/uploads\/2024\/07\/tdf2024_stage4_peloton-e1719954635493.jpg?fit=1200%2C438&resize=700%2C400 2x, https:\/\/i0.wp.com\/aynakol.org\/wp-content\/uploads\/2024\/07\/tdf2024_stage4_peloton-e1719954635493.jpg?fit=1200%2C438&resize=1050%2C600 3x"},"classes":[]},{"id":9079,"url":"http:\/\/aynakol.org\/?p=9079","url_meta":{"origin":8982,"position":3},"title":"Tour de France 17. Etap: Saint-Paul-Trois-Ch\u00e2teaux > Superd\u00e9voluy, 177,8 km","author":"Ayd\u0131n Bez","date":"16 Temmuz 2024","format":false,"excerpt":"D\u00fcnk\u00fc Etapta Nelet Olmu\u015ftu? Nimes kentinde sona eren 16. etab\u0131n sonunda Jasper Philipsen zorlanmadan kazanarak bu seneyi \u015fimdilik \u00fc\u00e7ledi; ge\u00e7en sene 4 etap zaferi kazanan Alpecin Deceuninck tak\u0131m\u0131n\u0131n Bel\u00e7ikal\u0131 sprinteri bu sene bu kadar zafere kar\u015f\u0131n ye\u015fil mayodan hala 32 puan uzak. Ye\u015fil mayo Biniam Girmay ise biti\u015fe 1,5 km\u2026","rel":"","context":"&quot;Tour de France&quot; i\u00e7inde","block_context":{"text":"Tour de France","link":"http:\/\/aynakol.org\/?cat=89"},"img":{"alt_text":"","src":"https:\/\/i0.wp.com\/aynakol.org\/wp-content\/uploads\/2024\/07\/tdf2024_stage16_peloton1-scaled-e1721153211332.jpg?fit=1200%2C888&resize=350%2C200","width":350,"height":200,"srcset":"https:\/\/i0.wp.com\/aynakol.org\/wp-content\/uploads\/2024\/07\/tdf2024_stage16_peloton1-scaled-e1721153211332.jpg?fit=1200%2C888&resize=350%2C200 1x, https:\/\/i0.wp.com\/aynakol.org\/wp-content\/uploads\/2024\/07\/tdf2024_stage16_peloton1-scaled-e1721153211332.jpg?fit=1200%2C888&resize=525%2C300 1.5x, https:\/\/i0.wp.com\/aynakol.org\/wp-content\/uploads\/2024\/07\/tdf2024_stage16_peloton1-scaled-e1721153211332.jpg?fit=1200%2C888&resize=700%2C400 2x, https:\/\/i0.wp.com\/aynakol.org\/wp-content\/uploads\/2024\/07\/tdf2024_stage16_peloton1-scaled-e1721153211332.jpg?fit=1200%2C888&resize=1050%2C600 3x"},"classes":[]},{"id":9034,"url":"http:\/\/aynakol.org\/?p=9034","url_meta":{"origin":8982,"position":4},"title":"Tour de France 2024 12. Etap: \u00c9vaux-les-Bains > Le Lioran, 211 km","author":"Ayd\u0131n Bez","date":"9 Temmuz 2024","format":false,"excerpt":"D\u00fcnk\u00fc Etapta Neler Olmu\u015ftu? Ka\u00e7\u0131\u015f grubunun dahi olu\u015fmad\u0131\u011f\u0131, beklendi\u011fi gibi sele \u00fczerinde aktif dinlenme g\u00fcn\u00fc \u015feklinde pedallanan 10. Etab\u0131n sonunda nihayet zafere pedallayan isim Jasper Philipsen! \u00a0 La Flamme Rouge \u00a0 Ge\u00e7en senenin Ye\u015fil Mayo lideri, bu sene ilk zaferi i\u00e7in 10 etap bekledi, sonunda kazand\u0131; inan\u0131lmaz mutlu. Etab\u0131 Philipsenin\u2026","rel":"","context":"&quot;Tour de France&quot; i\u00e7inde","block_context":{"text":"Tour de France","link":"http:\/\/aynakol.org\/?cat=89"},"img":{"alt_text":"","src":"https:\/\/i0.wp.com\/aynakol.org\/wp-content\/uploads\/2024\/07\/tdf2024_stage10_peloton_0-scaled.jpg?fit=1200%2C800&resize=350%2C200","width":350,"height":200,"srcset":"https:\/\/i0.wp.com\/aynakol.org\/wp-content\/uploads\/2024\/07\/tdf2024_stage10_peloton_0-scaled.jpg?fit=1200%2C800&resize=350%2C200 1x, https:\/\/i0.wp.com\/aynakol.org\/wp-content\/uploads\/2024\/07\/tdf2024_stage10_peloton_0-scaled.jpg?fit=1200%2C800&resize=525%2C300 1.5x, https:\/\/i0.wp.com\/aynakol.org\/wp-content\/uploads\/2024\/07\/tdf2024_stage10_peloton_0-scaled.jpg?fit=1200%2C800&resize=700%2C400 2x, https:\/\/i0.wp.com\/aynakol.org\/wp-content\/uploads\/2024\/07\/tdf2024_stage10_peloton_0-scaled.jpg?fit=1200%2C800&resize=1050%2C600 3x"},"classes":[]},{"id":9378,"url":"http:\/\/aynakol.org\/?p=9378","url_meta":{"origin":8982,"position":5},"title":"Tour de France 2025 3. Etap: Valenciennes > Dunkerque, 178,3 km","author":"Ayd\u0131n Bez","date":"6 Temmuz 2025","format":false,"excerpt":"Etab\u0131n \u00f6ncesini, sonras\u0131n\u0131 ve yaz\u0131lanlardan farkl\u0131 c\u00fcmlelerle incelemesini dinlemek isterseniz podcast burada! Ancak belirteyim, yaz\u0131l\u0131s\u0131 da s\u00f6zl\u00fcs\u00fc de birbirinden farkl\u0131, ikisinin tad\u0131 ayn\u0131! \u00a0 Etab\u0131n incelemesi \u0130ngiliz ordusunun 2. D\u00fcnya Sava\u015f\u0131n\u0131n son g\u00fcnlerinde hapsoldu\u011fu u\u00e7suz bucaks\u0131z Dunkirk sahillerinde sona erecek 3. Etap 178,3 km uzunlu\u011funda. Schelde nehri k\u0131y\u0131s\u0131ndaki Valenciennes kom\u00fcn\u00fcnden\u2026","rel":"","context":"&quot;Tour de France&quot; i\u00e7inde","block_context":{"text":"Tour de France","link":"http:\/\/aynakol.org\/?cat=89"},"img":{"alt_text":"","src":"https:\/\/i0.wp.com\/aynakol.org\/wp-content\/uploads\/2025\/07\/tdf2025_stage2_6.jpg?fit=1000%2C667&resize=350%2C200","width":350,"height":200,"srcset":"https:\/\/i0.wp.com\/aynakol.org\/wp-content\/uploads\/2025\/07\/tdf2025_stage2_6.jpg?fit=1000%2C667&resize=350%2C200 1x, https:\/\/i0.wp.com\/aynakol.org\/wp-content\/uploads\/2025\/07\/tdf2025_stage2_6.jpg?fit=1000%2C667&resize=525%2C300 1.5x, https:\/\/i0.wp.com\/aynakol.org\/wp-content\/uploads\/2025\/07\/tdf2025_stage2_6.jpg?fit=1000%2C667&resize=700%2C400 2x"},"classes":[]}],"_links":{"self":[{"href":"http:\/\/aynakol.org\/index.php?rest_route=\/wp\/v2\/posts\/8982","targetHints":{"allow":["GET"]}}],"collection":[{"href":"http:\/\/aynakol.org\/index.php?rest_route=\/wp\/v2\/posts"}],"about":[{"href":"http:\/\/aynakol.org\/index.php?rest_route=\/wp\/v2\/types\/post"}],"author":[{"embeddable":true,"href":"http:\/\/aynakol.org\/index.php?rest_route=\/wp\/v2\/users\/1"}],"replies":[{"embeddable":true,"href":"http:\/\/aynakol.org\/index.php?rest_route=%2Fwp%2Fv2%2Fcomments&post=8982"}],"version-history":[{"count":1,"href":"http:\/\/aynakol.org\/index.php?rest_route=\/wp\/v2\/posts\/8982\/revisions"}],"predecessor-version":[{"id":8989,"href":"http:\/\/aynakol.org\/index.php?rest_route=\/wp\/v2\/posts\/8982\/revisions\/8989"}],"wp:featuredmedia":[{"embeddable":true,"href":"http:\/\/aynakol.org\/index.php?rest_route=\/wp\/v2\/media\/8988"}],"wp:attachment":[{"href":"http:\/\/aynakol.org\/index.php?rest_route=%2Fwp%2Fv2%2Fmedia&parent=8982"}],"wp:term":[{"taxonomy":"category","embeddable":true,"href":"http:\/\/aynakol.org\/index.php?rest_route=%2Fwp%2Fv2%2Fcategories&post=8982"},{"taxonomy":"post_tag","embeddable":true,"href":"http:\/\/aynakol.org\/index.php?rest_route=%2Fwp%2Fv2%2Ftags&post=8982"}],"curies":[{"name":"wp","href":"https:\/\/api.w.org\/{rel}","templated":true}]}}