{"id":8990,"date":"2024-07-03T00:10:44","date_gmt":"2024-07-02T21:10:44","guid":{"rendered":"http:\/\/aynakol.org\/?p=8990"},"modified":"2024-07-03T00:10:44","modified_gmt":"2024-07-02T21:10:44","slug":"tour-de-france-2024-5-etap-saint-jean-de-maurienne-saint-vulbas-1774-km","status":"publish","type":"post","link":"http:\/\/aynakol.org\/?p=8990","title":{"rendered":"Tour de France 2024 5. Etap: Saint-Jean-de-Maurienne > Saint Vulbas 177,4 km"},"content":{"rendered":"<p><strong><span style=\"font-size: 14pt; font-family: georgia, palatino, serif;\">D\u00fcnk\u00fc Etapta Neler Oldu?<\/span><\/strong><\/p>\n<p><span style=\"font-family: georgia, palatino, serif; font-size: 12pt;\">Pogacar! <\/span><\/p>\n<p><span style=\"font-family: georgia, palatino, serif; font-size: 12pt;\">Galiber ge\u00e7idine son 700 metre kala yapt\u0131\u011f\u0131 ata\u011fa yeniden sadece Vingegaard cevap verse de tutunamad\u0131; ne zirveye do\u011fru \u00e7\u0131karken ne de eteklerine do\u011fru inerken! Zaferin ad\u0131 da Sar\u0131 Mayonun ad\u0131 da Tadej Pogacar! <\/span><\/p>\n<p><img data-recalc-dims=\"1\" loading=\"lazy\" decoding=\"async\" data-attachment-id=\"8992\" data-permalink=\"http:\/\/aynakol.org\/?attachment_id=8992\" data-orig-file=\"https:\/\/i0.wp.com\/aynakol.org\/wp-content\/uploads\/2024\/07\/tdf2024_stage4_pogacar1-scaled.jpg?fit=2560%2C1706\" data-orig-size=\"2560,1706\" data-comments-opened=\"1\" data-image-meta=\"{&quot;aperture&quot;:&quot;0&quot;,&quot;credit&quot;:&quot;&quot;,&quot;camera&quot;:&quot;&quot;,&quot;caption&quot;:&quot;&quot;,&quot;created_timestamp&quot;:&quot;0&quot;,&quot;copyright&quot;:&quot;&quot;,&quot;focal_length&quot;:&quot;0&quot;,&quot;iso&quot;:&quot;0&quot;,&quot;shutter_speed&quot;:&quot;0&quot;,&quot;title&quot;:&quot;&quot;,&quot;orientation&quot;:&quot;0&quot;}\" data-image-title=\"tdf2024_stage4_pogacar1\" data-image-description=\"\" data-image-caption=\"\" data-large-file=\"https:\/\/i0.wp.com\/aynakol.org\/wp-content\/uploads\/2024\/07\/tdf2024_stage4_pogacar1-scaled.jpg?fit=860%2C574\" class=\"aligncenter size-large wp-image-8992\" src=\"https:\/\/i0.wp.com\/aynakol.org\/wp-content\/uploads\/2024\/07\/tdf2024_stage4_pogacar1.jpg?resize=860%2C574\" alt=\"\" width=\"860\" height=\"574\" srcset=\"https:\/\/i0.wp.com\/aynakol.org\/wp-content\/uploads\/2024\/07\/tdf2024_stage4_pogacar1-scaled.jpg?resize=1024%2C683 1024w, https:\/\/i0.wp.com\/aynakol.org\/wp-content\/uploads\/2024\/07\/tdf2024_stage4_pogacar1-scaled.jpg?resize=300%2C200 300w, https:\/\/i0.wp.com\/aynakol.org\/wp-content\/uploads\/2024\/07\/tdf2024_stage4_pogacar1-scaled.jpg?resize=768%2C512 768w, https:\/\/i0.wp.com\/aynakol.org\/wp-content\/uploads\/2024\/07\/tdf2024_stage4_pogacar1-scaled.jpg?resize=1536%2C1024 1536w, https:\/\/i0.wp.com\/aynakol.org\/wp-content\/uploads\/2024\/07\/tdf2024_stage4_pogacar1-scaled.jpg?resize=2048%2C1365 2048w, https:\/\/i0.wp.com\/aynakol.org\/wp-content\/uploads\/2024\/07\/tdf2024_stage4_pogacar1-scaled.jpg?w=1720 1720w\" sizes=\"auto, (max-width: 860px) 100vw, 860px\" \/><\/p>\n<p>&nbsp;<\/p>\n<p><span style=\"font-family: georgia, palatino, serif; font-size: 12pt;\">Ba\u015ftan sona UAE Emirates tak\u0131m\u0131n\u0131n kontrol etti\u011fi etapta bilerek izin verilen ka\u00e7\u0131\u015f grubuna Galiber ge\u00e7idi t\u0131rman\u0131lmaya ba\u015flad\u0131\u011f\u0131nda siz art\u0131k \u00e7ekilin geri denildi ve ka\u00e7\u0131\u015ftan kimse kalmay\u0131\u0131nca tempo y\u00fckseltildi, favoriler silkelendi&#8230;<br \/>\n<\/span><\/p>\n<p><strong><span style=\"font-size: 14pt; font-family: georgia, palatino, serif;\">La Flamme Rouge<\/span><\/strong><\/p>\n<p><iframe loading=\"lazy\" src=\"\/\/www.youtube.com\/embed\/Aqg-nbRP2YE?si=UM6ptaNeiEzqaBME\" width=\"560\" height=\"314\" allowfullscreen=\"allowfullscreen\"><\/iframe><\/p>\n<p>&nbsp;<\/p>\n<p><span style=\"font-family: georgia, palatino, serif; font-size: 12pt;\">van Aert, Jorgensen gibi domesiklerinin erken havlu att\u0131\u011f\u0131 Galiber t\u0131rman\u0131\u015f\u0131nda Vingegaardla birlikte Roglic, bug\u00fcn sar\u0131 mayoyu ta\u015f\u0131yan Richard Carapaz Emiratesin temposuyla yapayaln\u0131z kald\u0131lar; Remco hari\u00e7 diyece\u011fiz ama onun da yol kaptan\u0131 Mikel Landa da neye hizmet kime \u00e7al\u0131\u015ft\u0131 anlamad\u0131k! <\/span><\/p>\n<p><img data-recalc-dims=\"1\" loading=\"lazy\" decoding=\"async\" data-attachment-id=\"8994\" data-permalink=\"http:\/\/aynakol.org\/?attachment_id=8994\" data-orig-file=\"https:\/\/i0.wp.com\/aynakol.org\/wp-content\/uploads\/2024\/07\/tdf2024_stage4_pogacar3.jpg?fit=2000%2C1334\" data-orig-size=\"2000,1334\" data-comments-opened=\"1\" data-image-meta=\"{&quot;aperture&quot;:&quot;0&quot;,&quot;credit&quot;:&quot;&quot;,&quot;camera&quot;:&quot;&quot;,&quot;caption&quot;:&quot;&quot;,&quot;created_timestamp&quot;:&quot;0&quot;,&quot;copyright&quot;:&quot;&quot;,&quot;focal_length&quot;:&quot;0&quot;,&quot;iso&quot;:&quot;0&quot;,&quot;shutter_speed&quot;:&quot;0&quot;,&quot;title&quot;:&quot;&quot;,&quot;orientation&quot;:&quot;0&quot;}\" data-image-title=\"tdf2024_stage4_pogacar3\" data-image-description=\"\" data-image-caption=\"\" data-large-file=\"https:\/\/i0.wp.com\/aynakol.org\/wp-content\/uploads\/2024\/07\/tdf2024_stage4_pogacar3.jpg?fit=860%2C574\" class=\"aligncenter size-large wp-image-8994\" src=\"https:\/\/i0.wp.com\/aynakol.org\/wp-content\/uploads\/2024\/07\/tdf2024_stage4_pogacar3.jpg?resize=860%2C574\" alt=\"\" width=\"860\" height=\"574\" srcset=\"https:\/\/i0.wp.com\/aynakol.org\/wp-content\/uploads\/2024\/07\/tdf2024_stage4_pogacar3.jpg?resize=1024%2C683 1024w, https:\/\/i0.wp.com\/aynakol.org\/wp-content\/uploads\/2024\/07\/tdf2024_stage4_pogacar3.jpg?resize=300%2C200 300w, https:\/\/i0.wp.com\/aynakol.org\/wp-content\/uploads\/2024\/07\/tdf2024_stage4_pogacar3.jpg?resize=768%2C512 768w, https:\/\/i0.wp.com\/aynakol.org\/wp-content\/uploads\/2024\/07\/tdf2024_stage4_pogacar3.jpg?resize=1536%2C1025 1536w, https:\/\/i0.wp.com\/aynakol.org\/wp-content\/uploads\/2024\/07\/tdf2024_stage4_pogacar3.jpg?w=2000 2000w, https:\/\/i0.wp.com\/aynakol.org\/wp-content\/uploads\/2024\/07\/tdf2024_stage4_pogacar3.jpg?w=1720 1720w\" sizes=\"auto, (max-width: 860px) 100vw, 860px\" \/><\/p>\n<p><span style=\"font-family: georgia, palatino, serif; font-size: 12pt;\">Pogacar\u0131n t\u0131rman\u0131\u015f ata\u011f\u0131na zaman\u0131nda cevap verse de Vingegaard, Poginin ikinci silkelemesine cevap veremedi ve Galiberden Vollorie ovas\u0131na do\u011fru Pogacar adeta kanat tak\u0131m u\u00e7tu! Pogacar risk alarak inerken Bask turunda ya\u015fad\u0131\u011f\u0131 kaza y\u00fcz\u00fcnden olsa gerek Vingegaard olduk\u00e7a temkinli inerken fark a\u00e7\u0131ld\u0131k\u00e7a a\u00e7\u0131ld\u0131. <\/span><\/p>\n<p>&nbsp;<\/p>\n<blockquote class=\"twitter-tweet\" data-media-max-width=\"560\">\n<p dir=\"ltr\" lang=\"et\">\ud83d\udd25 HERE THEY GO! <a href=\"https:\/\/twitter.com\/TamauPogi?ref_src=twsrc%5Etfw\">@TamauPogi<\/a> and Jonas Vingegaard jumps in his wheel!<\/p>\n<p>\ud83d\udd25 C&#8217;EST PARTI ! <a href=\"https:\/\/twitter.com\/TamauPogi?ref_src=twsrc%5Etfw\">@TamauPogi<\/a> attaque et Jonas Vingegaard saute dans sa roue !<a href=\"https:\/\/twitter.com\/hashtag\/TDF2024?src=hash&amp;ref_src=twsrc%5Etfw\">#TDF2024<\/a> <a href=\"https:\/\/t.co\/nIFHg76AKV\">pic.twitter.com\/nIFHg76AKV<\/a><\/p>\n<p>\u2014 Tour de France\u2122 (@LeTour) <a href=\"https:\/\/twitter.com\/LeTour\/status\/1808149741248627150?ref_src=twsrc%5Etfw\">July 2, 2024<\/a><\/p><\/blockquote>\n<p><script async src=\"https:\/\/platform.twitter.com\/widgets.js\" charset=\"utf-8\"><\/script><\/p>\n<p><span style=\"font-family: georgia, palatino, serif; font-size: 12pt;\">Bir di\u011fer temkinli inen pedal da Remco Evenepoel idi; kendisi Pogacar\u0131n ata\u011f\u0131na ge\u00e7 cevap vermi\u015f olsa da ini\u015fte yakalamak yerinde peinden gelen Roglic, Ayuso ekibine yakalanmay\u0131 ve son d\u00fczl\u00fckte bonus saniyelerden kalan\u0131 almay\u0131 tercih etti.<br \/>\n<\/span><\/p>\n<blockquote class=\"twitter-tweet\" data-media-max-width=\"560\">\n<p dir=\"ltr\" lang=\"en\">Goosebumps watching Tadej descend \ud83d\udc4f<\/p>\n<p>Tadej Poga\u010dar showed off his bike handling skills on his way to winning Stage 4 of the Tour de France \ud83d\ude32<\/p>\n<p>\ud83c\udfa5 Watch highlights on <a href=\"https:\/\/twitter.com\/RoadCode?ref_src=twsrc%5Etfw\">@RoadCode<\/a>: <a href=\"https:\/\/t.co\/EPpZrQPAQo\">https:\/\/t.co\/EPpZrQPAQo<\/a><br \/>\n_______________<br \/>\n\ud83c\uddeb\ud83c\uddf7 <a href=\"https:\/\/twitter.com\/hashtag\/TDF2024?src=hash&amp;ref_src=twsrc%5Etfw\">#TDF2024<\/a> <a href=\"https:\/\/t.co\/L3FUnKrz46\">pic.twitter.com\/L3FUnKrz46<\/a><\/p>\n<p>\u2014 Velon CC (@VelonCC) <a href=\"https:\/\/twitter.com\/VelonCC\/status\/1808224069718102119?ref_src=twsrc%5Etfw\">July 2, 2024<\/a><\/p><\/blockquote>\n<p><script async src=\"https:\/\/platform.twitter.com\/widgets.js\" charset=\"utf-8\"><\/script><\/p>\n<p><span style=\"font-size: 12pt; font-family: georgia, palatino, serif;\">G\u00fcn\u00fcn kazanan\u0131 Pogacar, kaybedenleri de zamana kar\u015f\u0131 etab\u0131na dek Vingegaard ve Roglic oldu. Remconun iyi g\u00f6r\u00fcnd\u00fc\u011f\u00fc etapta ki, kendisi 2600 mt y\u00fckseklikte s\u0131kl\u0131kla yar\u0131\u015fm\u0131yor, zamana kar\u015f\u0131 etab\u0131na kendisini saklad\u0131\u011f\u0131 belliydi. Saman alt\u0131ndan su y\u00fcr\u00fcten bir di\u011fer isim ise Juan Ayuso ve tak\u0131mda\u015f\u0131 Almeida ki, ikisi de Pogacara \u00e7al\u0131\u015fmamak i\u00e7in yemin de\u011fil s\u00f6zle\u015fmesel i\u015fler yapm\u0131\u015f adamlar! <\/span><\/p>\n<p>&nbsp;<\/p>\n<p><img data-recalc-dims=\"1\" loading=\"lazy\" decoding=\"async\" data-attachment-id=\"8993\" data-permalink=\"http:\/\/aynakol.org\/?attachment_id=8993\" data-orig-file=\"https:\/\/i0.wp.com\/aynakol.org\/wp-content\/uploads\/2024\/07\/tdf2024_stage4_pogacar2.jpg?fit=2048%2C1365\" data-orig-size=\"2048,1365\" data-comments-opened=\"1\" data-image-meta=\"{&quot;aperture&quot;:&quot;0&quot;,&quot;credit&quot;:&quot;&quot;,&quot;camera&quot;:&quot;&quot;,&quot;caption&quot;:&quot;&quot;,&quot;created_timestamp&quot;:&quot;0&quot;,&quot;copyright&quot;:&quot;&quot;,&quot;focal_length&quot;:&quot;0&quot;,&quot;iso&quot;:&quot;0&quot;,&quot;shutter_speed&quot;:&quot;0&quot;,&quot;title&quot;:&quot;&quot;,&quot;orientation&quot;:&quot;0&quot;}\" data-image-title=\"tdf2024_stage4_pogacar2\" data-image-description=\"\" data-image-caption=\"\" data-large-file=\"https:\/\/i0.wp.com\/aynakol.org\/wp-content\/uploads\/2024\/07\/tdf2024_stage4_pogacar2.jpg?fit=860%2C574\" class=\"aligncenter size-large wp-image-8993\" src=\"https:\/\/i0.wp.com\/aynakol.org\/wp-content\/uploads\/2024\/07\/tdf2024_stage4_pogacar2.jpg?resize=860%2C574\" alt=\"\" width=\"860\" height=\"574\" srcset=\"https:\/\/i0.wp.com\/aynakol.org\/wp-content\/uploads\/2024\/07\/tdf2024_stage4_pogacar2.jpg?resize=1024%2C683 1024w, https:\/\/i0.wp.com\/aynakol.org\/wp-content\/uploads\/2024\/07\/tdf2024_stage4_pogacar2.jpg?resize=300%2C200 300w, https:\/\/i0.wp.com\/aynakol.org\/wp-content\/uploads\/2024\/07\/tdf2024_stage4_pogacar2.jpg?resize=768%2C512 768w, https:\/\/i0.wp.com\/aynakol.org\/wp-content\/uploads\/2024\/07\/tdf2024_stage4_pogacar2.jpg?resize=1536%2C1024 1536w, https:\/\/i0.wp.com\/aynakol.org\/wp-content\/uploads\/2024\/07\/tdf2024_stage4_pogacar2.jpg?w=2048 2048w, https:\/\/i0.wp.com\/aynakol.org\/wp-content\/uploads\/2024\/07\/tdf2024_stage4_pogacar2.jpg?w=1720 1720w\" sizes=\"auto, (max-width: 860px) 100vw, 860px\" \/><\/p>\n<p><span style=\"font-size: 12pt; font-family: georgia, palatino, serif;\">4. Etapta Maillot Jaune s\u0131rt\u0131na ge\u00e7iren kim olursa olsun zamana kar\u015f\u0131 etab\u0131nda iyi bir m\u00fccadele ortaya koyarsa 14. Etaba dek mayoyu korur demi\u015ftik; mayo Pogacar da, 14. etaba dek di\u011ferleri zor al\u0131r gibi.<\/span><\/p>\n<p><span style=\"font-family: georgia, palatino, serif; font-size: 12pt;\"> \u00a0 <\/span><\/p>\n<p><strong><span style=\"font-size: 14pt; font-family: georgia, palatino, serif;\">Etab\u0131n \u00d6ne \u00c7\u0131kan Anlar\u0131<\/span><\/strong><\/p>\n<p><iframe loading=\"lazy\" title=\"YouTube video player\" src=\"\/\/www.youtube.com\/embed\/vpDYIQ91ulY?si=Fte0wcVpMls294cT\" width=\"560\" height=\"315\" frameborder=\"0\" allowfullscreen=\"allowfullscreen\"><\/iframe><\/p>\n<p><strong><span style=\"font-size: 14pt; font-family: georgia, palatino, serif;\">S\u0131ral\u0131 Tam Liste<\/span><\/strong><\/p>\n<p><iframe loading=\"lazy\" src=\"https:\/\/www.procyclingstats.com\/widgets\/result.php?h=c567db6e775a3c560b1ea6e558fc67241401a714\" width=\"520\" height=\"320\"><\/iframe><\/p>\n<p>&nbsp;<\/p>\n<p><strong><span style=\"font-size: 14pt; font-family: georgia, palatino, serif;\">Bug\u00fcnk\u00fc Etaba Bakal\u0131m<\/span><\/strong><\/p>\n<p><span style=\"font-size: 12pt; font-family: georgia, palatino, serif;\">\u0130talyadan Fransaya ge\u00e7mek kolay ge\u011fil; haliyle Col du Galiber de fena \u015fi\u015fkinlik yarat\u0131nca pelotonda midenin, pardon bacaklar\u0131n rahatlat\u0131lmas\u0131 gerek: 177,4 km uzunlu\u011fundaki 5. etap i\u00e7in aktif dinlenme g\u00fcn\u00fc diyebiliriz.<\/span><\/p>\n<p><img data-recalc-dims=\"1\" loading=\"lazy\" decoding=\"async\" data-attachment-id=\"8995\" data-permalink=\"http:\/\/aynakol.org\/?attachment_id=8995\" data-orig-file=\"https:\/\/i0.wp.com\/aynakol.org\/wp-content\/uploads\/2024\/07\/tour-de-france-2024-stage-5-final-km-a1c79461bd.jpg?fit=1250%2C625\" data-orig-size=\"1250,625\" data-comments-opened=\"1\" data-image-meta=\"{&quot;aperture&quot;:&quot;0&quot;,&quot;credit&quot;:&quot;&quot;,&quot;camera&quot;:&quot;&quot;,&quot;caption&quot;:&quot;&quot;,&quot;created_timestamp&quot;:&quot;0&quot;,&quot;copyright&quot;:&quot;&quot;,&quot;focal_length&quot;:&quot;0&quot;,&quot;iso&quot;:&quot;0&quot;,&quot;shutter_speed&quot;:&quot;0&quot;,&quot;title&quot;:&quot;&quot;,&quot;orientation&quot;:&quot;0&quot;}\" data-image-title=\"tour-de-france-2024-stage-5-final-km-a1c79461bd\" data-image-description=\"\" data-image-caption=\"\" data-large-file=\"https:\/\/i0.wp.com\/aynakol.org\/wp-content\/uploads\/2024\/07\/tour-de-france-2024-stage-5-final-km-a1c79461bd.jpg?fit=860%2C430\" class=\"aligncenter size-large wp-image-8995\" src=\"https:\/\/i0.wp.com\/aynakol.org\/wp-content\/uploads\/2024\/07\/tour-de-france-2024-stage-5-final-km-a1c79461bd.jpg?resize=860%2C430\" alt=\"\" width=\"860\" height=\"430\" srcset=\"https:\/\/i0.wp.com\/aynakol.org\/wp-content\/uploads\/2024\/07\/tour-de-france-2024-stage-5-final-km-a1c79461bd.jpg?resize=1024%2C512 1024w, https:\/\/i0.wp.com\/aynakol.org\/wp-content\/uploads\/2024\/07\/tour-de-france-2024-stage-5-final-km-a1c79461bd.jpg?resize=300%2C150 300w, https:\/\/i0.wp.com\/aynakol.org\/wp-content\/uploads\/2024\/07\/tour-de-france-2024-stage-5-final-km-a1c79461bd.jpg?resize=768%2C384 768w, https:\/\/i0.wp.com\/aynakol.org\/wp-content\/uploads\/2024\/07\/tour-de-france-2024-stage-5-final-km-a1c79461bd.jpg?w=1250 1250w\" sizes=\"auto, (max-width: 860px) 100vw, 860px\" \/><\/p>\n<p>&nbsp;<\/p>\n<p><span style=\"font-size: 12pt; font-family: georgia, palatino, serif;\">Peloton G\u00dcney Alplerden yola \u00e7\u0131k\u0131p Rhone Vadisinin i\u00e7ine do\u011fru pedallayacak. Aziz Vulbas kasabas\u0131nda sona erecek etapta Biniam Girmay\u0131n zafere pedalla\u011f\u0131 3. Etapta ya\u015fananlar\u0131 g\u00f6rebiliriz: Favorilerin etab\u0131 sprint trenlerine kontroll\u00fc bir \u015fekilde b\u0131rakmas\u0131n\u0131 yani. Favoriler sandalyeye, sprinter pedallar piste l\u00fctfen!<br \/>\n<\/span><\/p>\n","protected":false},"excerpt":{"rendered":"<p>D\u00fcnk\u00fc Etapta Neler Oldu? Pogacar! Galiber ge\u00e7idine son 700 metre kala yapt\u0131\u011f\u0131 ata\u011fa yeniden sadece Vingegaard cevap verse de tutunamad\u0131; ne zirveye do\u011fru \u00e7\u0131karken ne [&#8230;]<\/p>\n","protected":false},"author":1,"featured_media":8996,"comment_status":"open","ping_status":"open","sticky":false,"template":"","format":"standard","meta":{"jetpack_post_was_ever_published":false,"_jetpack_newsletter_access":"","_jetpack_dont_email_post_to_subs":false,"_jetpack_newsletter_tier_id":0,"_jetpack_memberships_contains_paywalled_content":false,"_jetpack_memberships_contains_paid_content":false,"footnotes":"","jetpack_publicize_message":"","jetpack_publicize_feature_enabled":true,"jetpack_social_post_already_shared":true,"jetpack_social_options":{"image_generator_settings":{"template":"highway","default_image_id":0,"font":"","enabled":false},"version":2}},"categories":[1239],"tags":[],"class_list":["post-8990","post","type-post","status-publish","format-standard","has-post-thumbnail","hentry","category-giro-ditalia"],"jetpack_publicize_connections":[],"jetpack_featured_media_url":"https:\/\/i0.wp.com\/aynakol.org\/wp-content\/uploads\/2024\/07\/tdf2024_stage4_peloton-e1719954635493.jpg?fit=1920%2C700","jetpack_sharing_enabled":true,"jetpack_shortlink":"https:\/\/wp.me\/p51p4O-2l0","jetpack_likes_enabled":true,"jetpack-related-posts":[{"id":9042,"url":"http:\/\/aynakol.org\/?p=9042","url_meta":{"origin":8990,"position":0},"title":"Tour de France 2024 12. Etap: Aurillac > Villeneuve-sur-Lot, 203,6 km","author":"Ayd\u0131n Bez","date":"11 Temmuz 2024","format":false,"excerpt":"D\u00fcnk\u00fc etapta neler olmu\u015ftu? \u00d6ld\u00fc dedmi\u015ftiniz, hay\u0131r, kral geri d\u00f6nd\u00fc! Le Lioran da sona eren 11. etab\u0131n sonunda ya\u015fanan devlerin sava\u015f\u0131nda, Sar\u0131 Mayo Tadej Pogacar\u0131n yar\u0131n teker \u00f6n\u00fcnde zafere ad\u0131n\u0131 yazan isim Jonas Vingegaard! \u00a0 T\u00fcm g\u00f6zlerin 14 ve 15. etaplara, haftan\u0131n kapan\u0131\u015f\u0131na kilitlendi\u011fi g\u00fcn Pogacar etab\u0131n son 50 km'si\u2026","rel":"","context":"&quot;Tour de France&quot; i\u00e7inde","block_context":{"text":"Tour de France","link":"http:\/\/aynakol.org\/?cat=89"},"img":{"alt_text":"","src":"https:\/\/i0.wp.com\/aynakol.org\/wp-content\/uploads\/2024\/07\/tdf2024_stage11_peloton_1.jpg?fit=1200%2C750&resize=350%2C200","width":350,"height":200,"srcset":"https:\/\/i0.wp.com\/aynakol.org\/wp-content\/uploads\/2024\/07\/tdf2024_stage11_peloton_1.jpg?fit=1200%2C750&resize=350%2C200 1x, https:\/\/i0.wp.com\/aynakol.org\/wp-content\/uploads\/2024\/07\/tdf2024_stage11_peloton_1.jpg?fit=1200%2C750&resize=525%2C300 1.5x, https:\/\/i0.wp.com\/aynakol.org\/wp-content\/uploads\/2024\/07\/tdf2024_stage11_peloton_1.jpg?fit=1200%2C750&resize=700%2C400 2x, https:\/\/i0.wp.com\/aynakol.org\/wp-content\/uploads\/2024\/07\/tdf2024_stage11_peloton_1.jpg?fit=1200%2C750&resize=1050%2C600 3x"},"classes":[]},{"id":7093,"url":"http:\/\/aynakol.org\/?p=7093","url_meta":{"origin":8990,"position":1},"title":"#TdF2022 13. Etap: Bourg d&#8217;Oisans > Saint-Etienne, 193 km","author":"Ayd\u0131n Bez","date":"15 Temmuz 2022","format":false,"excerpt":"Da\u011f fare do\u011furdu desek yeridir... Col du Granon zirvesinde ya\u015fanan onca \u015feye, s\u0131rt de\u011fi\u015ftiren Sar\u0131 Mayoya, Tadej Pogocar\u0131n bug\u00fcn \u00e7ok farkl\u0131 olacak a\u00e7\u0131klamalar\u0131na kar\u015f\u0131n \u00e7ok s\u0131k\u0131c\u0131 ve etap izledik... \u00a0 Col du Galiber eteklerinde ba\u015flayan ka\u00e7\u0131\u015f\u0131n fark\u0131 koruyarak devam etti\u011fi bir Alpe d'H\u00fcez etab\u0131 izledik. Etap nas\u0131l ba\u015flad\u0131 ise, Jumbo-Visma\u2026","rel":"","context":"&quot;Tour de France&quot; i\u00e7inde","block_context":{"text":"Tour de France","link":"http:\/\/aynakol.org\/?cat=89"},"img":{"alt_text":"","src":"https:\/\/i0.wp.com\/aynakol.org\/wp-content\/uploads\/2017\/05\/Giro2017_stage6_ealy_breakaway.jpg?fit=1200%2C803&resize=350%2C200","width":350,"height":200,"srcset":"https:\/\/i0.wp.com\/aynakol.org\/wp-content\/uploads\/2017\/05\/Giro2017_stage6_ealy_breakaway.jpg?fit=1200%2C803&resize=350%2C200 1x, https:\/\/i0.wp.com\/aynakol.org\/wp-content\/uploads\/2017\/05\/Giro2017_stage6_ealy_breakaway.jpg?fit=1200%2C803&resize=525%2C300 1.5x, https:\/\/i0.wp.com\/aynakol.org\/wp-content\/uploads\/2017\/05\/Giro2017_stage6_ealy_breakaway.jpg?fit=1200%2C803&resize=700%2C400 2x, https:\/\/i0.wp.com\/aynakol.org\/wp-content\/uploads\/2017\/05\/Giro2017_stage6_ealy_breakaway.jpg?fit=1200%2C803&resize=1050%2C600 3x"},"classes":[]},{"id":7067,"url":"http:\/\/aynakol.org\/?p=7067","url_meta":{"origin":8990,"position":2},"title":"#TdF2022 11. Etap: Albertville > Col de Granon, 151.7 km","author":"Ayd\u0131n Bez","date":"13 Temmuz 2022","format":false,"excerpt":"Ev sahipli\u011fi yapar uslu durur derken evinde g\u00f6vde g\u00f6sterisi yapt\u0131 ka\u00e7t\u0131 yakaland\u0131, Polka Dot Mayo ile tur att\u0131, ka\u00e7t\u0131 yakaland\u0131, b\u0131rakt\u0131 derken EF Education-EasyPost tak\u0131m\u0131n\u0131n Danimarkal\u0131 pedal\u0131 Magnus Cort Nielsen 10. etab\u0131n sonunda Meg\u00e8ve ziresindeki biti\u015f \u00e7izgisinden \"bir yakalanamayan olarak\" zafere pedallad\u0131! Son 1 km \u00a0 Yazmas\u0131 kolay izlemesi zor:\u2026","rel":"","context":"&quot;Tour de France&quot; i\u00e7inde","block_context":{"text":"Tour de France","link":"http:\/\/aynakol.org\/?cat=89"},"img":{"alt_text":"","src":"https:\/\/i0.wp.com\/aynakol.org\/wp-content\/uploads\/2021\/07\/tdf2021_stage10_peloton_2-e1625688450113.jpg?fit=1200%2C456&resize=350%2C200","width":350,"height":200,"srcset":"https:\/\/i0.wp.com\/aynakol.org\/wp-content\/uploads\/2021\/07\/tdf2021_stage10_peloton_2-e1625688450113.jpg?fit=1200%2C456&resize=350%2C200 1x, https:\/\/i0.wp.com\/aynakol.org\/wp-content\/uploads\/2021\/07\/tdf2021_stage10_peloton_2-e1625688450113.jpg?fit=1200%2C456&resize=525%2C300 1.5x, https:\/\/i0.wp.com\/aynakol.org\/wp-content\/uploads\/2021\/07\/tdf2021_stage10_peloton_2-e1625688450113.jpg?fit=1200%2C456&resize=700%2C400 2x, https:\/\/i0.wp.com\/aynakol.org\/wp-content\/uploads\/2021\/07\/tdf2021_stage10_peloton_2-e1625688450113.jpg?fit=1200%2C456&resize=1050%2C600 3x"},"classes":[]},{"id":7138,"url":"http:\/\/aynakol.org\/?p=7138","url_meta":{"origin":8990,"position":3},"title":"#TdF2022 17. Etap: Saint-Gaudens > Peyragudes, 129,7 km","author":"Ayd\u0131n Bez","date":"20 Temmuz 2022","format":false,"excerpt":"Bekledi\u011fimiz gibi \u00e7\u0131kt\u0131 ve dinlenme g\u00fcn\u00fc sonras\u0131 Pirenelere girdi\u011fimiz 16. Etapta genel klasman dinlenmeye devam dedi... Kaleden kaleye peloton u\u00e7urdu\u011fumuz 16. Etab\u0131n sonunda zaferin ad\u0131 ka\u00e7\u0131\u015f grubundan \u00e7\u0131kt\u0131: Hugo Houle! Kariyerinde hi\u00e7 etap zaferi bulunmayan Israel - Premier Tech tak\u0131m\u0131n\u0131n 31 ya\u015f\u0131ndaki Kanadal\u0131 pedal\u0131 Hugo Houle bu zaferini 12 y\u0131l\u2026","rel":"","context":"&quot;Tour de France&quot; i\u00e7inde","block_context":{"text":"Tour de France","link":"http:\/\/aynakol.org\/?cat=89"},"img":{"alt_text":"","src":"https:\/\/i0.wp.com\/aynakol.org\/wp-content\/uploads\/2022\/07\/tdf2022_stage17_final_Climb.jpg?resize=350%2C200","width":350,"height":200,"srcset":"https:\/\/i0.wp.com\/aynakol.org\/wp-content\/uploads\/2022\/07\/tdf2022_stage17_final_Climb.jpg?resize=350%2C200 1x, https:\/\/i0.wp.com\/aynakol.org\/wp-content\/uploads\/2022\/07\/tdf2022_stage17_final_Climb.jpg?resize=525%2C300 1.5x, https:\/\/i0.wp.com\/aynakol.org\/wp-content\/uploads\/2022\/07\/tdf2022_stage17_final_Climb.jpg?resize=700%2C400 2x"},"classes":[]},{"id":9079,"url":"http:\/\/aynakol.org\/?p=9079","url_meta":{"origin":8990,"position":4},"title":"Tour de France 17. Etap: Saint-Paul-Trois-Ch\u00e2teaux > Superd\u00e9voluy, 177,8 km","author":"Ayd\u0131n Bez","date":"16 Temmuz 2024","format":false,"excerpt":"D\u00fcnk\u00fc Etapta Nelet Olmu\u015ftu? Nimes kentinde sona eren 16. etab\u0131n sonunda Jasper Philipsen zorlanmadan kazanarak bu seneyi \u015fimdilik \u00fc\u00e7ledi; ge\u00e7en sene 4 etap zaferi kazanan Alpecin Deceuninck tak\u0131m\u0131n\u0131n Bel\u00e7ikal\u0131 sprinteri bu sene bu kadar zafere kar\u015f\u0131n ye\u015fil mayodan hala 32 puan uzak. Ye\u015fil mayo Biniam Girmay ise biti\u015fe 1,5 km\u2026","rel":"","context":"&quot;Tour de France&quot; i\u00e7inde","block_context":{"text":"Tour de France","link":"http:\/\/aynakol.org\/?cat=89"},"img":{"alt_text":"","src":"https:\/\/i0.wp.com\/aynakol.org\/wp-content\/uploads\/2024\/07\/tdf2024_stage16_peloton1-scaled-e1721153211332.jpg?fit=1200%2C888&resize=350%2C200","width":350,"height":200,"srcset":"https:\/\/i0.wp.com\/aynakol.org\/wp-content\/uploads\/2024\/07\/tdf2024_stage16_peloton1-scaled-e1721153211332.jpg?fit=1200%2C888&resize=350%2C200 1x, https:\/\/i0.wp.com\/aynakol.org\/wp-content\/uploads\/2024\/07\/tdf2024_stage16_peloton1-scaled-e1721153211332.jpg?fit=1200%2C888&resize=525%2C300 1.5x, https:\/\/i0.wp.com\/aynakol.org\/wp-content\/uploads\/2024\/07\/tdf2024_stage16_peloton1-scaled-e1721153211332.jpg?fit=1200%2C888&resize=700%2C400 2x, https:\/\/i0.wp.com\/aynakol.org\/wp-content\/uploads\/2024\/07\/tdf2024_stage16_peloton1-scaled-e1721153211332.jpg?fit=1200%2C888&resize=1050%2C600 3x"},"classes":[]},{"id":6856,"url":"http:\/\/aynakol.org\/?p=6856","url_meta":{"origin":8990,"position":5},"title":"Le Tour de France 2021 16. Etap: Pas De La Case \u2192 Saint-Gaudens, 169km","author":"Ayd\u0131n Bez","date":"13 Temmuz 2021","format":false,"excerpt":"15. Etapta neler olmu\u015ftu? Genel klasmanda ilk 10 i\u00e7ine dahas\u0131, Pogacardan sonraki 5 dakikal\u0131k zaman i\u00e7inde s\u0131ralanm\u0131\u015f 9 pedal\u0131n hi\u00e7bir \u015fey yapmad\u0131\u011f\u0131, yapsa da saman alevi misali ataklar\u0131n s\u00f6nd\u00fc\u011f\u00fc; etab\u0131n t\u00fcm y\u00fck\u00fcn\u00fcn olu\u015fan devasa ka\u00e7\u0131\u015f grubuna y\u0131k\u0131ld\u0131\u011f\u0131; y\u0131llard\u0131r g\u00f6rmeyi unuttu\u011fumuz, Team SKY sa\u011f olsun, Da\u011flar\u0131n Kral\u0131 Mayosu i\u00e7in yap\u0131lan ataklar\u0131n,\u2026","rel":"","context":"&quot;Tour de France&quot; i\u00e7inde","block_context":{"text":"Tour de France","link":"http:\/\/aynakol.org\/?cat=89"},"img":{"alt_text":"","src":"https:\/\/i0.wp.com\/aynakol.org\/wp-content\/uploads\/2021\/07\/tdf2021_stage15_maillot_jaune-e1626116663793.jpg?fit=1200%2C539&resize=350%2C200","width":350,"height":200,"srcset":"https:\/\/i0.wp.com\/aynakol.org\/wp-content\/uploads\/2021\/07\/tdf2021_stage15_maillot_jaune-e1626116663793.jpg?fit=1200%2C539&resize=350%2C200 1x, https:\/\/i0.wp.com\/aynakol.org\/wp-content\/uploads\/2021\/07\/tdf2021_stage15_maillot_jaune-e1626116663793.jpg?fit=1200%2C539&resize=525%2C300 1.5x, https:\/\/i0.wp.com\/aynakol.org\/wp-content\/uploads\/2021\/07\/tdf2021_stage15_maillot_jaune-e1626116663793.jpg?fit=1200%2C539&resize=700%2C400 2x, https:\/\/i0.wp.com\/aynakol.org\/wp-content\/uploads\/2021\/07\/tdf2021_stage15_maillot_jaune-e1626116663793.jpg?fit=1200%2C539&resize=1050%2C600 3x"},"classes":[]}],"_links":{"self":[{"href":"http:\/\/aynakol.org\/index.php?rest_route=\/wp\/v2\/posts\/8990","targetHints":{"allow":["GET"]}}],"collection":[{"href":"http:\/\/aynakol.org\/index.php?rest_route=\/wp\/v2\/posts"}],"about":[{"href":"http:\/\/aynakol.org\/index.php?rest_route=\/wp\/v2\/types\/post"}],"author":[{"embeddable":true,"href":"http:\/\/aynakol.org\/index.php?rest_route=\/wp\/v2\/users\/1"}],"replies":[{"embeddable":true,"href":"http:\/\/aynakol.org\/index.php?rest_route=%2Fwp%2Fv2%2Fcomments&post=8990"}],"version-history":[{"count":1,"href":"http:\/\/aynakol.org\/index.php?rest_route=\/wp\/v2\/posts\/8990\/revisions"}],"predecessor-version":[{"id":8997,"href":"http:\/\/aynakol.org\/index.php?rest_route=\/wp\/v2\/posts\/8990\/revisions\/8997"}],"wp:featuredmedia":[{"embeddable":true,"href":"http:\/\/aynakol.org\/index.php?rest_route=\/wp\/v2\/media\/8996"}],"wp:attachment":[{"href":"http:\/\/aynakol.org\/index.php?rest_route=%2Fwp%2Fv2%2Fmedia&parent=8990"}],"wp:term":[{"taxonomy":"category","embeddable":true,"href":"http:\/\/aynakol.org\/index.php?rest_route=%2Fwp%2Fv2%2Fcategories&post=8990"},{"taxonomy":"post_tag","embeddable":true,"href":"http:\/\/aynakol.org\/index.php?rest_route=%2Fwp%2Fv2%2Ftags&post=8990"}],"curies":[{"name":"wp","href":"https:\/\/api.w.org\/{rel}","templated":true}]}}