{"id":9235,"date":"2025-05-09T00:10:24","date_gmt":"2025-05-08T21:10:24","guid":{"rendered":"https:\/\/aynakol.org\/?p=9235"},"modified":"2025-05-09T06:50:10","modified_gmt":"2025-05-09T03:50:10","slug":"giro-ditalia-2025-1-etap-durres-tirana-160-km","status":"publish","type":"post","link":"http:\/\/aynakol.org\/?p=9235","title":{"rendered":"Giro d&#8217;Italia 2025 1. Etap: Durr\u00ebs \u203a Tirana, 160 km"},"content":{"rendered":"<p><span style=\"font-size: 12pt; font-family: georgia, palatino, serif;\">Tek g\u00fcnl\u00fck yar\u0131\u015flar, tozlu yollar, ta\u015fl\u0131 yollar, An\u0131tsal Klasikler, Arap Yar\u0131madas\u0131ndan \u0130ber Yar\u0131madas\u0131na, ver elini ya\u015fl\u0131 k\u0131ta Avrupa, haftal\u0131k yar\u0131\u015flar derken geldi 11 Ay\u0131n Sultan\u0131 ya \u015eehr-i Giro d&#8217;Italia! <\/span><\/p>\n<p><img data-recalc-dims=\"1\" loading=\"lazy\" decoding=\"async\" data-attachment-id=\"9237\" data-permalink=\"http:\/\/aynakol.org\/?attachment_id=9237\" data-orig-file=\"https:\/\/i0.wp.com\/aynakol.org\/wp-content\/uploads\/2025\/05\/giro-2025-route.jpg?fit=2048%2C1152\" data-orig-size=\"2048,1152\" data-comments-opened=\"1\" data-image-meta=\"{&quot;aperture&quot;:&quot;0&quot;,&quot;credit&quot;:&quot;&quot;,&quot;camera&quot;:&quot;&quot;,&quot;caption&quot;:&quot;&quot;,&quot;created_timestamp&quot;:&quot;0&quot;,&quot;copyright&quot;:&quot;&quot;,&quot;focal_length&quot;:&quot;0&quot;,&quot;iso&quot;:&quot;0&quot;,&quot;shutter_speed&quot;:&quot;0&quot;,&quot;title&quot;:&quot;&quot;,&quot;orientation&quot;:&quot;0&quot;}\" data-image-title=\"giro-2025-route\" data-image-description=\"\" data-image-caption=\"\" data-large-file=\"https:\/\/i0.wp.com\/aynakol.org\/wp-content\/uploads\/2025\/05\/giro-2025-route.jpg?fit=860%2C484\" class=\"aligncenter size-large wp-image-9237\" src=\"https:\/\/i0.wp.com\/aynakol.org\/wp-content\/uploads\/2025\/05\/giro-2025-route.jpg?resize=860%2C484\" alt=\"\" width=\"860\" height=\"484\" srcset=\"https:\/\/i0.wp.com\/aynakol.org\/wp-content\/uploads\/2025\/05\/giro-2025-route.jpg?resize=1024%2C576 1024w, https:\/\/i0.wp.com\/aynakol.org\/wp-content\/uploads\/2025\/05\/giro-2025-route.jpg?resize=300%2C169 300w, https:\/\/i0.wp.com\/aynakol.org\/wp-content\/uploads\/2025\/05\/giro-2025-route.jpg?resize=768%2C432 768w, https:\/\/i0.wp.com\/aynakol.org\/wp-content\/uploads\/2025\/05\/giro-2025-route.jpg?resize=1536%2C864 1536w, https:\/\/i0.wp.com\/aynakol.org\/wp-content\/uploads\/2025\/05\/giro-2025-route.jpg?w=2048 2048w, https:\/\/i0.wp.com\/aynakol.org\/wp-content\/uploads\/2025\/05\/giro-2025-route.jpg?w=1720 1720w\" sizes=\"auto, (max-width: 860px) 100vw, 860px\" \/><\/p>\n<p><span style=\"font-size: 12pt; font-family: georgia, palatino, serif;\">23 tak\u0131m, 184 pedal, 1000 ki\u015fiden fazla teknik ekip, genel ve yerel organizasyon \u00e7al\u0131\u015fanlar\u0131, arabalar, yay\u0131n ekipleri, medya \u00e7al\u0131\u015fanlar\u0131, yollarda da\u011flarda bekleyen hayranlar, g\u00fcvenlik g\u00fc\u00e7leri, daha nicesi&#8230; Toz pembe g\u00f6r\u00fcnd\u00fc\u011f\u00fcne aldanmay\u0131n sak\u0131n: Kan, ter, g\u00f6zya\u015f\u0131, dinmeyen bir ac\u0131n\u0131n kar\u015f\u0131l\u0131\u011f\u0131nda hepsi ama hepsi bir ama\u00e7 u\u011fruna Maglia Rosa i\u00e7in&#8230;<\/span><\/p>\n<p><span style=\"font-size: 12pt; font-family: georgia, palatino, serif;\">\u00c7izmenin d\u0131\u015f\u0131nday\u0131z, asl\u0131nda topu\u011funda demek daha do\u011fru: Adriyatik Denizinin hen\u00fcz parlat\u0131lmam\u0131\u015f incisi Arnavutluk, bu sene Giroya ev sahipli\u011fi yap\u0131yor. 160 km uzunlu\u011fundaki a\u00e7\u0131l\u0131\u015f etab\u0131 daha \u00e7ok Arnavutluk Turizim Bakanl\u0131\u011f\u0131n\u0131n tan\u0131t\u0131m bro\u015f\u00fcr\u00fc m\u00fcsali pedallanacak: \u00dclkenin Dalma\u00e7ya Denizi k\u0131y\u0131lar\u0131ndaki Durres kentinden yol alacak peloton sessiz, sakin ama kalabal\u0131k bir \u015fekilde \u00fclkenin kalbine ba\u015fkent Tirene do\u011fru yol alacak. <\/span><\/p>\n<div id=\"attachment_9236\" style=\"width: 870px\" class=\"wp-caption aligncenter\"><img data-recalc-dims=\"1\" loading=\"lazy\" decoding=\"async\" aria-describedby=\"caption-attachment-9236\" data-attachment-id=\"9236\" data-permalink=\"http:\/\/aynakol.org\/?attachment_id=9236\" data-orig-file=\"https:\/\/i0.wp.com\/aynakol.org\/wp-content\/uploads\/2025\/05\/giro-d-italia-2025-stage-1-profile-n2-52b327213558e49b5013.jpg?fit=1250%2C625\" data-orig-size=\"1250,625\" data-comments-opened=\"1\" data-image-meta=\"{&quot;aperture&quot;:&quot;0&quot;,&quot;credit&quot;:&quot;&quot;,&quot;camera&quot;:&quot;&quot;,&quot;caption&quot;:&quot;&quot;,&quot;created_timestamp&quot;:&quot;0&quot;,&quot;copyright&quot;:&quot;&quot;,&quot;focal_length&quot;:&quot;0&quot;,&quot;iso&quot;:&quot;0&quot;,&quot;shutter_speed&quot;:&quot;0&quot;,&quot;title&quot;:&quot;&quot;,&quot;orientation&quot;:&quot;0&quot;}\" data-image-title=\"giro-d-italia-2025-stage-1-profile-n2-52b327213558e49b5013\" data-image-description=\"\" data-image-caption=\"&lt;p&gt;Giro 2025 1. Etap: Arnavutlu\u011fu gezelim g\u00f6relim \u015furada bir pide yiyelim &lt;\/p&gt;\n\" data-large-file=\"https:\/\/i0.wp.com\/aynakol.org\/wp-content\/uploads\/2025\/05\/giro-d-italia-2025-stage-1-profile-n2-52b327213558e49b5013.jpg?fit=860%2C430\" class=\"size-large wp-image-9236\" src=\"https:\/\/i0.wp.com\/aynakol.org\/wp-content\/uploads\/2025\/05\/giro-d-italia-2025-stage-1-profile-n2-52b327213558e49b5013.jpg?resize=860%2C430\" alt=\"\" width=\"860\" height=\"430\" srcset=\"https:\/\/i0.wp.com\/aynakol.org\/wp-content\/uploads\/2025\/05\/giro-d-italia-2025-stage-1-profile-n2-52b327213558e49b5013.jpg?resize=1024%2C512 1024w, https:\/\/i0.wp.com\/aynakol.org\/wp-content\/uploads\/2025\/05\/giro-d-italia-2025-stage-1-profile-n2-52b327213558e49b5013.jpg?resize=300%2C150 300w, https:\/\/i0.wp.com\/aynakol.org\/wp-content\/uploads\/2025\/05\/giro-d-italia-2025-stage-1-profile-n2-52b327213558e49b5013.jpg?resize=768%2C384 768w, https:\/\/i0.wp.com\/aynakol.org\/wp-content\/uploads\/2025\/05\/giro-d-italia-2025-stage-1-profile-n2-52b327213558e49b5013.jpg?w=1250 1250w\" sizes=\"auto, (max-width: 860px) 100vw, 860px\" \/><p id=\"caption-attachment-9236\" class=\"wp-caption-text\">Giro 2025 1. Etap: Arnavutlu\u011fu gezelim g\u00f6relim \u015furada bir pide yiyelim.<\/p><\/div>\n<p><span style=\"font-size: 12pt; font-family: georgia, palatino, serif;\">A\u00e7\u0131l\u0131\u015f etab\u0131 dedik ama Gironun i\u00e7ine sanki La Vuelta ka\u00e7m\u0131\u015f gibi; zira ilk 80 km i\u00e7inde yok yok: Maglia Ciclamino fedaileri i\u00e7in iki sprint kap\u0131s\u0131 ve g\u00f6k mavi mayoyu ilk g\u00fcnden s\u0131rt\u0131na ge\u00e7irmek isteyen tez canl\u0131 \u0130talyan pedallar i\u00e7in \u015fahane bir t\u0131rman\u0131\u015f: Zirvesinden 81.5 km&#8217;de ge\u00e7ilecek 13 km uzunluk ve %5 e\u011fimiyle yakla\u015f\u0131k 800 mt irtifaya konu\u015flu Gracen ge\u00e7idi Elbasandan Tirene ula\u015fmak i\u00e7in pelotonun daha ilk g\u00fcnden katlanaca\u011f\u0131 bir \u00e7ile. <\/span><\/p>\n<p><img data-recalc-dims=\"1\" loading=\"lazy\" decoding=\"async\" data-attachment-id=\"9238\" data-permalink=\"http:\/\/aynakol.org\/?attachment_id=9238\" data-orig-file=\"https:\/\/i0.wp.com\/aynakol.org\/wp-content\/uploads\/2025\/05\/Giro-dItalia-Trophy-profimedia-0949486983-CVR.jpg?fit=990%2C660\" data-orig-size=\"990,660\" data-comments-opened=\"1\" data-image-meta=\"{&quot;aperture&quot;:&quot;0&quot;,&quot;credit&quot;:&quot;&quot;,&quot;camera&quot;:&quot;&quot;,&quot;caption&quot;:&quot;&quot;,&quot;created_timestamp&quot;:&quot;0&quot;,&quot;copyright&quot;:&quot;&quot;,&quot;focal_length&quot;:&quot;0&quot;,&quot;iso&quot;:&quot;0&quot;,&quot;shutter_speed&quot;:&quot;0&quot;,&quot;title&quot;:&quot;&quot;,&quot;orientation&quot;:&quot;1&quot;}\" data-image-title=\"Giro-dItalia-Trophy-profimedia-0949486983-CVR\" data-image-description=\"\" data-image-caption=\"\" data-large-file=\"https:\/\/i0.wp.com\/aynakol.org\/wp-content\/uploads\/2025\/05\/Giro-dItalia-Trophy-profimedia-0949486983-CVR.jpg?fit=860%2C573\" class=\"aligncenter size-full wp-image-9238\" src=\"https:\/\/i0.wp.com\/aynakol.org\/wp-content\/uploads\/2025\/05\/Giro-dItalia-Trophy-profimedia-0949486983-CVR.jpg?resize=860%2C573\" alt=\"\" width=\"860\" height=\"573\" srcset=\"https:\/\/i0.wp.com\/aynakol.org\/wp-content\/uploads\/2025\/05\/Giro-dItalia-Trophy-profimedia-0949486983-CVR.jpg?w=990 990w, https:\/\/i0.wp.com\/aynakol.org\/wp-content\/uploads\/2025\/05\/Giro-dItalia-Trophy-profimedia-0949486983-CVR.jpg?resize=300%2C200 300w, https:\/\/i0.wp.com\/aynakol.org\/wp-content\/uploads\/2025\/05\/Giro-dItalia-Trophy-profimedia-0949486983-CVR.jpg?resize=768%2C512 768w\" sizes=\"auto, (max-width: 860px) 100vw, 860px\" \/><\/p>\n<p><span style=\"font-size: 12pt; font-family: georgia, palatino, serif;\">Gracenden Tirene yol veren d\u00fczl\u00fcklerin ard\u0131na \u00e7ekilse de biti\u015f \u00e7izgisi ula\u015fmas\u0131 biraz dolamba\u00e7l\u0131. Burada \u00fclkenin minimalli\u011finden olsa gerek organizasyon son 48 km&#8217;yi iki tur \u015feklinde d\u00fczenlemi\u015f: Pe\u015f pe\u015fe at\u0131lacak iki tur i\u00e7indeki Cat 3 s\u0131n\u0131f\u0131 t\u0131rman\u0131\u015f Maglia Azzurra i\u00e7in belirleyici olsa da Maglia Rosay\u0131 ilk g\u00fcnden s\u0131rt\u0131na ge\u00e7irmek isteyenler i\u00e7in uzun soluklu bir ka\u00e7\u0131\u015f gerekiyor. Pembe Mayo i\u00e7in ataklar g\u00f6rsek de uzun soluklu olaca\u011f\u0131 \u015f\u00fcpheli.<\/span><\/p>\n<p><span style=\"font-size: 12pt; font-family: georgia, palatino, serif;\">Maglia Rosa iddial\u0131s\u0131 Roglic, Bernal, Ayuso, Yates biraderlerden Adam, Landa gibi pedallar i\u00e7in hen\u00fcz erken, onlar birbirilerini g\u00f6zlemekle yetinip g\u00fcvenli bir \u015fekilde etab\u0131 bitirmek isteyecektir. <\/span><\/p>\n","protected":false},"excerpt":{"rendered":"<p>Tek g\u00fcnl\u00fck yar\u0131\u015flar, tozlu yollar, ta\u015fl\u0131 yollar, An\u0131tsal Klasikler, Arap Yar\u0131madas\u0131ndan \u0130ber Yar\u0131madas\u0131na, ver elini ya\u015fl\u0131 k\u0131ta Avrupa, haftal\u0131k yar\u0131\u015flar derken geldi 11 Ay\u0131n Sultan\u0131 [&#8230;]<\/p>\n","protected":false},"author":1,"featured_media":3238,"comment_status":"open","ping_status":"open","sticky":false,"template":"","format":"standard","meta":{"jetpack_post_was_ever_published":false,"_jetpack_newsletter_access":"","_jetpack_dont_email_post_to_subs":false,"_jetpack_newsletter_tier_id":0,"_jetpack_memberships_contains_paywalled_content":false,"_jetpack_memberships_contains_paid_content":false,"footnotes":"","jetpack_publicize_message":"","jetpack_publicize_feature_enabled":true,"jetpack_social_post_already_shared":true,"jetpack_social_options":{"image_generator_settings":{"template":"highway","default_image_id":0,"font":"","enabled":false},"version":2}},"categories":[1239,92],"tags":[32,1631,1632],"class_list":["post-9235","post","type-post","status-publish","format-standard","has-post-thumbnail","hentry","category-giro-ditalia","category-grand","tag-giro","tag-giro-2025","tag-giro2025"],"jetpack_publicize_connections":[],"jetpack_featured_media_url":"https:\/\/i0.wp.com\/aynakol.org\/wp-content\/uploads\/2016\/05\/Giro2016_stage4_Tom_Dumoulin_was_back_the_pink_jersey.jpg?fit=1001%2C665","jetpack_sharing_enabled":true,"jetpack_shortlink":"https:\/\/wp.me\/p51p4O-2oX","jetpack_likes_enabled":true,"jetpack-related-posts":[{"id":8225,"url":"http:\/\/aynakol.org\/?p=8225","url_meta":{"origin":9235,"position":0},"title":"La Vuelta Ciclista a Espa\u00f1a 2023 \u00f6n incelemesi","author":"Ayd\u0131n Bez","date":"25 A\u011fustos 2023","format":false,"excerpt":"Ge\u00e7en ay Bask B\u00f6lgesinden ba\u015flayan Tour de France inat, Katalan topraklar\u0131nday\u0131z! \u0130ber Yar\u0131madas\u0131 bu sene b\u00fcy\u00fck turlar\u0131n g\u00f6zdesi oldu desek yeridir. Katalonyan\u0131n ba\u015fkenti Barselonadan ba\u015flay\u0131p 3157 km sonunda \u0130ber Yar\u0131madas\u0131n\u0131 bir s\u00fcnnet ku\u015fa\u011f\u0131 misali boydan boya dolan\u0131p Madrid de sona erecek tam ad\u0131 ile La Vuelta Ciclista a Espa\u00f1a, bu\u2026","rel":"","context":"&quot;Grand Tour&quot; i\u00e7inde","block_context":{"text":"Grand Tour","link":"http:\/\/aynakol.org\/?cat=92"},"img":{"alt_text":"","src":"https:\/\/i0.wp.com\/aynakol.org\/wp-content\/uploads\/2023\/08\/vuelta2023_stage1_crowd.jpg?fit=1200%2C414&resize=350%2C200","width":350,"height":200,"srcset":"https:\/\/i0.wp.com\/aynakol.org\/wp-content\/uploads\/2023\/08\/vuelta2023_stage1_crowd.jpg?fit=1200%2C414&resize=350%2C200 1x, https:\/\/i0.wp.com\/aynakol.org\/wp-content\/uploads\/2023\/08\/vuelta2023_stage1_crowd.jpg?fit=1200%2C414&resize=525%2C300 1.5x, https:\/\/i0.wp.com\/aynakol.org\/wp-content\/uploads\/2023\/08\/vuelta2023_stage1_crowd.jpg?fit=1200%2C414&resize=700%2C400 2x, https:\/\/i0.wp.com\/aynakol.org\/wp-content\/uploads\/2023\/08\/vuelta2023_stage1_crowd.jpg?fit=1200%2C414&resize=1050%2C600 3x"},"classes":[]},{"id":5832,"url":"http:\/\/aynakol.org\/?p=5832","url_meta":{"origin":9235,"position":1},"title":"Giro102 1. Etap: Bologna \u2192 Bologna (San Luca), 8.2km","author":"Ayd\u0131n Bez","date":"11 May\u0131s 2019","format":false,"excerpt":"G\u00fcney yar\u0131m k\u00fcreden Arap Yar\u0131madas\u0131na, oradan \u0130ber Yar\u0131madas\u0131na uzanan haftal\u0131k turlar derken bir anda sa\u011fanak ya\u011fmur misali bast\u0131ran bahar klasikleri, aralar\u0131na s\u0131k\u0131\u015fm\u0131\u015f genel klasman idman yurtlar\u0131 haftal\u0131k turlar, Milan-Sanremo, De Ronde van Vlaanderen, Paris-Roubaix, Liege-Bostgne-Liege derken WorldTour takviminin ana yeme\u011fi sonunda masada. Huzurlar\u0131n\u0131zda Giro d'Italia!\u00a0 Ve ba\u015flad\u0131!\u00a0 \u00c7izmenin g\u00fcneyine pek\u2026","rel":"","context":"&quot;Giro d'Italia&quot; i\u00e7inde","block_context":{"text":"Giro d'Italia","link":"http:\/\/aynakol.org\/?cat=1239"},"img":{"alt_text":"","src":"https:\/\/i0.wp.com\/aynakol.org\/wp-content\/uploads\/2019\/05\/giro2009_stage14_peloton_climbed_san_luca.jpg?fit=1001%2C663&resize=350%2C200","width":350,"height":200,"srcset":"https:\/\/i0.wp.com\/aynakol.org\/wp-content\/uploads\/2019\/05\/giro2009_stage14_peloton_climbed_san_luca.jpg?fit=1001%2C663&resize=350%2C200 1x, https:\/\/i0.wp.com\/aynakol.org\/wp-content\/uploads\/2019\/05\/giro2009_stage14_peloton_climbed_san_luca.jpg?fit=1001%2C663&resize=525%2C300 1.5x, https:\/\/i0.wp.com\/aynakol.org\/wp-content\/uploads\/2019\/05\/giro2009_stage14_peloton_climbed_san_luca.jpg?fit=1001%2C663&resize=700%2C400 2x"},"classes":[]},{"id":481,"url":"http:\/\/aynakol.org\/?p=481","url_meta":{"origin":9235,"position":2},"title":"Madonna Del Ghisallo Kilisesini bilir misiniz?","author":"Ayd\u0131n Bez","date":"27 Aral\u0131k 2014","format":false,"excerpt":"\u0130\u015f nedeniyle \u00fc\u00e7 ay\u0131 \u0130talyada ge\u00e7en bisikletsever arkada\u015f\u0131m Fevzican'\u0131n haber vermesiyle \u00f6\u011frendim Madonna Del Ghisallo Kilisesinin varl\u0131\u011f\u0131n\u0131. Bu zamana dek \u00f6\u011frenmemem b\u00fcy\u00fck ay\u0131p zaten! Bisiklet sporu ve k\u00fclt\u00fcr\u00fc hakk\u0131nda elime ne ge\u00e7erse okuyan ve yine de eksik kalan ben s\u00f6z\u00fc Fevzican'a b\u0131rak\u0131yorum: \u201cBen bug\u00fcn \u0130talya'da bir adet bisiklet kilisesi oldu\u011funu\u2026","rel":"","context":"&quot;Bisiklet k\u00fclt\u00fcr\u00fc&quot; i\u00e7inde","block_context":{"text":"Bisiklet k\u00fclt\u00fcr\u00fc","link":"http:\/\/aynakol.org\/?cat=7"},"img":{"alt_text":"","src":"https:\/\/i0.wp.com\/aynakol.org\/wp-content\/uploads\/2014\/12\/madonna-del-ghisallo-profile.jpg?resize=350%2C200","width":350,"height":200},"classes":[]},{"id":7207,"url":"http:\/\/aynakol.org\/?p=7207","url_meta":{"origin":9235,"position":3},"title":"#Giro2023 1. Etap: Fossacesia \u2192 Ortona, 18.4km [ITT]","author":"Ayd\u0131n Bez","date":"6 May\u0131s 2023","format":false,"excerpt":"Klasikler, tozlu yollar, parke ta\u015flar, so\u011fuk, ya\u011fmur, \u00e7amur ve tek g\u00fcnl\u00fck zaferlerden bacaklar\u0131 a\u00e7an haftal\u0131k yar\u0131\u015flar derken geldi her pedal\u0131n pembe r\u00fcyas\u0131, 11 ay\u0131n sultan\u0131: Giro d'Italia! \u00a0 \u00a0 \u00c7izmenin bu sene g\u00fcneyine u\u011framadan pedallanacak Giro d'italia da 21 etap boyunca yol al\u0131nacak mesafe 3490km, g\u00f6ky\u00fcz\u00fcne yak\u0131n olaca\u011f\u0131m\u0131z en y\u00fcksek\u2026","rel":"","context":"&quot;Giro d'Italia&quot; i\u00e7inde","block_context":{"text":"Giro d'Italia","link":"http:\/\/aynakol.org\/?cat=1239"},"img":{"alt_text":"","src":"https:\/\/i0.wp.com\/aynakol.org\/wp-content\/uploads\/2023\/05\/vAwY2q89npFy7DZZC42CEP-1200-80.jpg-e1683320421454.jpg?fit=1024%2C458&resize=350%2C200","width":350,"height":200,"srcset":"https:\/\/i0.wp.com\/aynakol.org\/wp-content\/uploads\/2023\/05\/vAwY2q89npFy7DZZC42CEP-1200-80.jpg-e1683320421454.jpg?fit=1024%2C458&resize=350%2C200 1x, https:\/\/i0.wp.com\/aynakol.org\/wp-content\/uploads\/2023\/05\/vAwY2q89npFy7DZZC42CEP-1200-80.jpg-e1683320421454.jpg?fit=1024%2C458&resize=525%2C300 1.5x, https:\/\/i0.wp.com\/aynakol.org\/wp-content\/uploads\/2023\/05\/vAwY2q89npFy7DZZC42CEP-1200-80.jpg-e1683320421454.jpg?fit=1024%2C458&resize=700%2C400 2x"},"classes":[]},{"id":2521,"url":"http:\/\/aynakol.org\/?p=2521","url_meta":{"origin":9235,"position":4},"title":"Omloop Het Nieuwsblad 2016","author":"Ayd\u0131n Bez","date":"27 \u015eubat 2016","format":false,"excerpt":"Avrupan\u0131n Kuzeyinde tek g\u00fcnl\u00fck yar\u0131\u015flar, bahar klasikleri ve An\u0131tsal Klasik Yar\u0131\u015flarla sezona merhaba diyoruz. Tamam sezon g\u00fcney yar\u0131m k\u00fcrede ve Arap yar\u0131madas\u0131nda a\u00e7\u0131lm\u0131\u015f olabilir, ancak as\u0131l zorlu s\u0131nav klasik yar\u0131\u015flarla birlikte verilecek, ta ki Giro d'Italia'ya kadar! Bir Bel\u00e7ika klasi\u011fi Belgian Cobbles\u00a0olan Omloop Het Nieuwsblad bu sene 71. kez pedallanacak.\u2026","rel":"","context":"&quot;One Day Races&quot; i\u00e7inde","block_context":{"text":"One Day Races","link":"http:\/\/aynakol.org\/?cat=1139"},"img":{"alt_text":"","src":"https:\/\/i0.wp.com\/aynakol.org\/wp-content\/uploads\/2016\/02\/Omloop_Het_Hieuwblad_bradley_wiggins_lead-team_sky_on_cobbles_secteur-e1456508304551.jpeg?fit=944%2C493&resize=350%2C200","width":350,"height":200,"srcset":"https:\/\/i0.wp.com\/aynakol.org\/wp-content\/uploads\/2016\/02\/Omloop_Het_Hieuwblad_bradley_wiggins_lead-team_sky_on_cobbles_secteur-e1456508304551.jpeg?fit=944%2C493&resize=350%2C200 1x, https:\/\/i0.wp.com\/aynakol.org\/wp-content\/uploads\/2016\/02\/Omloop_Het_Hieuwblad_bradley_wiggins_lead-team_sky_on_cobbles_secteur-e1456508304551.jpeg?fit=944%2C493&resize=525%2C300 1.5x, https:\/\/i0.wp.com\/aynakol.org\/wp-content\/uploads\/2016\/02\/Omloop_Het_Hieuwblad_bradley_wiggins_lead-team_sky_on_cobbles_secteur-e1456508304551.jpeg?fit=944%2C493&resize=700%2C400 2x"},"classes":[]},{"id":7468,"url":"http:\/\/aynakol.org\/?p=7468","url_meta":{"origin":9235,"position":5},"title":"#giro106tr 21. Etap: Roma \u2192 Roma, 126 km","author":"Ayd\u0131n Bez","date":"27 May\u0131s 2023","format":false,"excerpt":"Monte Lussari zirvesinde zaferin de, Maglia Rosan\u0131n da ad\u0131 Primoz Roglic! Ultimo Kilometro \u00a0 18,6 km uzunlu\u011fundaki zorlu bireysel yoku\u015f zamana kar\u015f\u0131 etab\u0131nda ilk 10 yola \u00e7\u0131kt\u0131\u011f\u0131nda zaman adeta durdu! Jai Vine, Andreas Luknessund, Brandon McNulty, Sep Kuss \u00e7ok veetli pedallay\u0131p 50 dakikan\u0131n alt\u0131na \u00e7ekseler de dereceyi bir anda Thibaut\u2026","rel":"","context":"&quot;Giro d'Italia&quot; i\u00e7inde","block_context":{"text":"Giro d'Italia","link":"http:\/\/aynakol.org\/?cat=1239"},"img":{"alt_text":"","src":"https:\/\/i0.wp.com\/aynakol.org\/wp-content\/uploads\/2023\/05\/giro106_stage20_winner_primoz_roglic-1024x684.jpg?resize=350%2C200","width":350,"height":200,"srcset":"https:\/\/i0.wp.com\/aynakol.org\/wp-content\/uploads\/2023\/05\/giro106_stage20_winner_primoz_roglic-1024x684.jpg?resize=350%2C200 1x, https:\/\/i0.wp.com\/aynakol.org\/wp-content\/uploads\/2023\/05\/giro106_stage20_winner_primoz_roglic-1024x684.jpg?resize=525%2C300 1.5x, https:\/\/i0.wp.com\/aynakol.org\/wp-content\/uploads\/2023\/05\/giro106_stage20_winner_primoz_roglic-1024x684.jpg?resize=700%2C400 2x"},"classes":[]}],"_links":{"self":[{"href":"http:\/\/aynakol.org\/index.php?rest_route=\/wp\/v2\/posts\/9235","targetHints":{"allow":["GET"]}}],"collection":[{"href":"http:\/\/aynakol.org\/index.php?rest_route=\/wp\/v2\/posts"}],"about":[{"href":"http:\/\/aynakol.org\/index.php?rest_route=\/wp\/v2\/types\/post"}],"author":[{"embeddable":true,"href":"http:\/\/aynakol.org\/index.php?rest_route=\/wp\/v2\/users\/1"}],"replies":[{"embeddable":true,"href":"http:\/\/aynakol.org\/index.php?rest_route=%2Fwp%2Fv2%2Fcomments&post=9235"}],"version-history":[{"count":3,"href":"http:\/\/aynakol.org\/index.php?rest_route=\/wp\/v2\/posts\/9235\/revisions"}],"predecessor-version":[{"id":9241,"href":"http:\/\/aynakol.org\/index.php?rest_route=\/wp\/v2\/posts\/9235\/revisions\/9241"}],"wp:featuredmedia":[{"embeddable":true,"href":"http:\/\/aynakol.org\/index.php?rest_route=\/wp\/v2\/media\/3238"}],"wp:attachment":[{"href":"http:\/\/aynakol.org\/index.php?rest_route=%2Fwp%2Fv2%2Fmedia&parent=9235"}],"wp:term":[{"taxonomy":"category","embeddable":true,"href":"http:\/\/aynakol.org\/index.php?rest_route=%2Fwp%2Fv2%2Fcategories&post=9235"},{"taxonomy":"post_tag","embeddable":true,"href":"http:\/\/aynakol.org\/index.php?rest_route=%2Fwp%2Fv2%2Ftags&post=9235"}],"curies":[{"name":"wp","href":"https:\/\/api.w.org\/{rel}","templated":true}]}}