{"id":1805,"date":"2015-08-29T23:32:28","date_gmt":"2015-08-29T20:32:28","guid":{"rendered":"http:\/\/aynakol.org\/?p=1805"},"modified":"2015-08-31T09:34:50","modified_gmt":"2015-08-31T06:34:50","slug":"lv2015-la-vuelta-a-espana-9-etap-torrevieja-%e2%86%92-cumbre-del-sol","status":"publish","type":"post","link":"https:\/\/aynakol.org\/?p=1805","title":{"rendered":"#LV2015 La Vuelta a Espana 9. Etap: Torrevieja \u2192 Cumbre del Sol"},"content":{"rendered":"<p>Pelotonun kazalardan g\u00f6z\u00fcn\u00fc a\u00e7amad\u0131\u011f\u0131 8. etapta<\/p>\n<ul>\n<li>saf sprinterlerin s\u0131caktan, t\u0131rman\u0131\u015ftan ve kazalardan dolay\u0131 geride kalmas\u0131yla etap tamam\u0131 ile iyi pozisyon alan tek ki\u015fiye kald\u0131: Jasper Stuyven (TREK Racing Factory)<\/li>\n<li>Eteb\u0131n bitmesine 50 km kala ya\u015fanan b\u00fcy\u00fck kazada Tejay van Garderen, Dan Martin, Frank Schlek, Nacer Bouhanni ve bir\u00e7ok isim yere d\u00fc\u015ferken Garderen ve Martin k\u00f6prc\u00fck kemi\u011fi k\u0131r\u0131\u011f\u0131, Bouhanni de a\u011f\u0131r yaralar y\u00fcz\u00fcnden yar\u0131\u015f\u0131 b\u0131rakmak zorunda kald\u0131.<\/li>\n<li>\u0130ki kere\u00a0ge\u00e7ilen\u00a0Alto de la Cresta del Gallo t\u0131rman\u0131\u015f\u0131n\u0131n zorlu ini\u015finde kapt\u0131ran kaza yapt\u0131!<\/li>\n<li>Etap bitimine 8 km kala \u00f6nde pedallayan Peter Sagan&#8217;a motorsiklet \u00e7arp\u0131nca \u00e7ok k\u00f6t\u00fc bir \u015fekilde yere d\u00fc\u015ft\u00fc ve olas\u0131 bir etap galibiyetinde oldu!<\/li>\n<li>Genel kalsman iddial\u0131lar\u0131 yerlerini korurken Alt\u0131n Mayo h\u00e2l\u00e2 Esteban Chaves&#8217;in s\u0131rt\u0131nda.<\/li>\n<li>Son haber: d\u00fcnk\u00fc kazadan sonra Peter Sagan ve etab\u0131 kazanan Jasper Stuyven de yar\u0131\u015f\u0131 b\u0131rakt\u0131lar. Sagan\u2019\u0131n kal\u00e7as\u0131nda ikinci dereceden yan\u0131k ve Stuyven&#8217;in de bile\u011fi k\u0131r\u0131lm\u0131\u015f.<\/li>\n<\/ul>\n<p><a href=\"https:\/\/i0.wp.com\/aynakol.org\/wp-content\/uploads\/2015\/08\/Vuelta2015_Stage8_peloton2_1.jpg\"><img data-recalc-dims=\"1\" loading=\"lazy\" decoding=\"async\" data-attachment-id=\"1806\" data-permalink=\"https:\/\/aynakol.org\/?attachment_id=1806\" data-orig-file=\"https:\/\/i0.wp.com\/aynakol.org\/wp-content\/uploads\/2015\/08\/Vuelta2015_Stage8_peloton2_1.jpg?fit=960%2C426&amp;ssl=1\" data-orig-size=\"960,426\" data-comments-opened=\"1\" data-image-meta=\"{&quot;aperture&quot;:&quot;0&quot;,&quot;credit&quot;:&quot;Jose Antonio MIGUELEZ&quot;,&quot;camera&quot;:&quot;&quot;,&quot;caption&quot;:&quot;&quot;,&quot;created_timestamp&quot;:&quot;0&quot;,&quot;copyright&quot;:&quot;Jose Antonio MIGUELEZ&quot;,&quot;focal_length&quot;:&quot;0&quot;,&quot;iso&quot;:&quot;0&quot;,&quot;shutter_speed&quot;:&quot;0&quot;,&quot;title&quot;:&quot;&quot;,&quot;orientation&quot;:&quot;1&quot;}\" data-image-title=\"Vuelta2015_Stage8_peloton2_1\" data-image-description=\"\" data-image-caption=\"\" data-large-file=\"https:\/\/i0.wp.com\/aynakol.org\/wp-content\/uploads\/2015\/08\/Vuelta2015_Stage8_peloton2_1.jpg?fit=860%2C382&amp;ssl=1\" class=\"alignnone size-full wp-image-1806\" src=\"https:\/\/i0.wp.com\/aynakol.org\/wp-content\/uploads\/2015\/08\/Vuelta2015_Stage8_peloton2_1.jpg?resize=860%2C382\" alt=\"Vuelta2015_Stage8_peloton2_1\" width=\"860\" height=\"382\" srcset=\"https:\/\/i0.wp.com\/aynakol.org\/wp-content\/uploads\/2015\/08\/Vuelta2015_Stage8_peloton2_1.jpg?w=960&amp;ssl=1 960w, https:\/\/i0.wp.com\/aynakol.org\/wp-content\/uploads\/2015\/08\/Vuelta2015_Stage8_peloton2_1.jpg?resize=300%2C133&amp;ssl=1 300w, https:\/\/i0.wp.com\/aynakol.org\/wp-content\/uploads\/2015\/08\/Vuelta2015_Stage8_peloton2_1.jpg?resize=705%2C313&amp;ssl=1 705w\" sizes=\"auto, (max-width: 860px) 100vw, 860px\" \/><\/a><\/p>\n<p><span style=\"font-size: 18pt;\"><strong>Etap hakk\u0131nda<\/strong><\/span><\/p>\n<p>Peloton bug\u00fcn \u0130spanyan\u0131n bat\u0131 k\u0131y\u0131s\u0131na uzan\u0131yor:\u00a0<a href=\"http:\/\/www.letour.fr\/PHOTOS\/VUE\/2015\/900\/CARTE.jpg\" target=\"_blank\">Torrevieja \u2192 Cumbre del Sol <\/a>aras\u0131nda pedallanacak 9. etap 168 km uzunlu\u011funda. G\u00fcn\u00fcn sonu ger\u00e7ekten zorlu ge\u00e7ecek!<\/p>\n<p><a href=\"https:\/\/i0.wp.com\/aynakol.org\/wp-content\/uploads\/2015\/08\/Vuelta2015_Stage9_profile.jpg\"><img data-recalc-dims=\"1\" loading=\"lazy\" decoding=\"async\" data-attachment-id=\"1782\" data-permalink=\"https:\/\/aynakol.org\/?attachment_id=1782\" data-orig-file=\"https:\/\/i0.wp.com\/aynakol.org\/wp-content\/uploads\/2015\/08\/Vuelta2015_Stage9_profile.jpg?fit=926%2C411&amp;ssl=1\" data-orig-size=\"926,411\" data-comments-opened=\"1\" data-image-meta=\"{&quot;aperture&quot;:&quot;0&quot;,&quot;credit&quot;:&quot;&quot;,&quot;camera&quot;:&quot;&quot;,&quot;caption&quot;:&quot;&quot;,&quot;created_timestamp&quot;:&quot;0&quot;,&quot;copyright&quot;:&quot;&quot;,&quot;focal_length&quot;:&quot;0&quot;,&quot;iso&quot;:&quot;0&quot;,&quot;shutter_speed&quot;:&quot;0&quot;,&quot;title&quot;:&quot;&quot;,&quot;orientation&quot;:&quot;0&quot;}\" data-image-title=\"Vuelta2015_Stage9_profile\" data-image-description=\"\" data-image-caption=\"\" data-large-file=\"https:\/\/i0.wp.com\/aynakol.org\/wp-content\/uploads\/2015\/08\/Vuelta2015_Stage9_profile.jpg?fit=860%2C382&amp;ssl=1\" class=\"alignnone size-full wp-image-1782\" src=\"https:\/\/i0.wp.com\/aynakol.org\/wp-content\/uploads\/2015\/08\/Vuelta2015_Stage9_profile.jpg?resize=860%2C382\" alt=\"Vuelta2015_Stage9_profile\" width=\"860\" height=\"382\" srcset=\"https:\/\/i0.wp.com\/aynakol.org\/wp-content\/uploads\/2015\/08\/Vuelta2015_Stage9_profile.jpg?w=926&amp;ssl=1 926w, https:\/\/i0.wp.com\/aynakol.org\/wp-content\/uploads\/2015\/08\/Vuelta2015_Stage9_profile.jpg?resize=300%2C133&amp;ssl=1 300w, https:\/\/i0.wp.com\/aynakol.org\/wp-content\/uploads\/2015\/08\/Vuelta2015_Stage9_profile.jpg?resize=705%2C313&amp;ssl=1 705w\" sizes=\"auto, (max-width: 860px) 100vw, 860px\" \/><\/a><\/p>\n<p>123\u00a0km boyunca peloton deniz seviyesinde pedallayacak. Sonras\u0131nda Vuelta&#8217;n\u0131n zorlu t\u0131rman\u0131\u015flar\u0131 kendisini g\u00f6sterecek. G\u00fcn\u00fcn ilk t\u0131rman\u0131\u015f\u0131 3300 metre uzunlu\u011funda, %9 ortalama e\u011fime sahip\u00a0<strong>Alto de Puig Lloren<\/strong> t\u0131rman\u0131\u015f\u0131. CAT2\u00a0s\u0131n\u0131f\u0131nda yer alan\u00a0Alto de Puig Lloren cidden sert ve k\u0131r\u0131c\u0131 bir t\u0131rman\u0131\u015f, \u00f6zellikle s\u0131cakla birle\u015fince\u00a0d\u00fcn yaralanan bir\u00e7ok isim erken havlu atabilir.<\/p>\n<p><iframe loading=\"lazy\" style=\"width: 100%; height: 450px;\" src=\"http:\/\/veloviewer.com\/segment\/5270481\/embed\" width=\"300\" height=\"150\" frameborder=\"0\" scrolling=\"no\"><\/iframe><\/p>\n<p>T\u0131rman\u0131\u015f biter bitmez yakla\u015f\u0131k 30 km uzunlu\u011funda bir ini\u015f bekliyor pelotonu, tabii kesintisiz bir ini\u015f de\u011fil, ancak deniz seviyesine do\u011fru. Zaten sprint kap\u0131s\u0131 da 155. km&#8217;de ge\u00e7ilecek. Hafif bir t\u0131rman\u0131\u015f, yine ini\u015f ve beklemeksizin ilk t\u0131rman\u0131\u015f\u0131n es ge\u00e7ilen noktas\u0131na devam ederek CAT1 s\u0131n\u0131f\u0131ndan\u00a0<a href=\"http:\/\/veloviewer.com\/segments\/5270481\" target=\"_blank\">El Poble Nou de Benitatxell. Alto de Puig Lloren<\/a> t\u0131rman\u0131\u015f\u0131 ba\u015flayacak. K\u0131sa ama ortalama e\u011fimi \u00e7ok sert bir turman\u0131\u015f peloton i\u00e7in zorlay\u0131c\u0131 olacakt\u0131r: 4100 metre uzunluk ve ortalama %11 e\u011fim!<\/p>\n<p><a href=\"https:\/\/i0.wp.com\/aynakol.org\/wp-content\/uploads\/2015\/08\/Vuelta2015_Stage9_finish_profile.jpg\"><img data-recalc-dims=\"1\" loading=\"lazy\" decoding=\"async\" data-attachment-id=\"1781\" data-permalink=\"https:\/\/aynakol.org\/?attachment_id=1781\" data-orig-file=\"https:\/\/i0.wp.com\/aynakol.org\/wp-content\/uploads\/2015\/08\/Vuelta2015_Stage9_finish_profile.jpg?fit=348%2C565&amp;ssl=1\" data-orig-size=\"348,565\" data-comments-opened=\"1\" data-image-meta=\"{&quot;aperture&quot;:&quot;0&quot;,&quot;credit&quot;:&quot;&quot;,&quot;camera&quot;:&quot;&quot;,&quot;caption&quot;:&quot;&quot;,&quot;created_timestamp&quot;:&quot;0&quot;,&quot;copyright&quot;:&quot;&quot;,&quot;focal_length&quot;:&quot;0&quot;,&quot;iso&quot;:&quot;0&quot;,&quot;shutter_speed&quot;:&quot;0&quot;,&quot;title&quot;:&quot;&quot;,&quot;orientation&quot;:&quot;0&quot;}\" data-image-title=\"Vuelta2015_Stage9_finish_profile\" data-image-description=\"\" data-image-caption=\"\" data-large-file=\"https:\/\/i0.wp.com\/aynakol.org\/wp-content\/uploads\/2015\/08\/Vuelta2015_Stage9_finish_profile.jpg?fit=348%2C565&amp;ssl=1\" class=\"alignnone size-full wp-image-1781\" src=\"https:\/\/i0.wp.com\/aynakol.org\/wp-content\/uploads\/2015\/08\/Vuelta2015_Stage9_finish_profile.jpg?resize=348%2C565\" alt=\"Vuelta2015_Stage9_finish_profile\" width=\"348\" height=\"565\" srcset=\"https:\/\/i0.wp.com\/aynakol.org\/wp-content\/uploads\/2015\/08\/Vuelta2015_Stage9_finish_profile.jpg?w=348&amp;ssl=1 348w, https:\/\/i0.wp.com\/aynakol.org\/wp-content\/uploads\/2015\/08\/Vuelta2015_Stage9_finish_profile.jpg?resize=185%2C300&amp;ssl=1 185w\" sizes=\"auto, (max-width: 348px) 100vw, 348px\" \/><\/a><a href=\"https:\/\/i0.wp.com\/aynakol.org\/wp-content\/uploads\/2015\/08\/Vuelta2015_Stage9_finish_profile_1.png\"><img data-recalc-dims=\"1\" loading=\"lazy\" decoding=\"async\" data-attachment-id=\"1809\" data-permalink=\"https:\/\/aynakol.org\/?attachment_id=1809\" data-orig-file=\"https:\/\/i0.wp.com\/aynakol.org\/wp-content\/uploads\/2015\/08\/Vuelta2015_Stage9_finish_profile_1.png?fit=600%2C415&amp;ssl=1\" data-orig-size=\"600,415\" data-comments-opened=\"1\" data-image-meta=\"{&quot;aperture&quot;:&quot;0&quot;,&quot;credit&quot;:&quot;&quot;,&quot;camera&quot;:&quot;&quot;,&quot;caption&quot;:&quot;&quot;,&quot;created_timestamp&quot;:&quot;0&quot;,&quot;copyright&quot;:&quot;&quot;,&quot;focal_length&quot;:&quot;0&quot;,&quot;iso&quot;:&quot;0&quot;,&quot;shutter_speed&quot;:&quot;0&quot;,&quot;title&quot;:&quot;&quot;,&quot;orientation&quot;:&quot;0&quot;}\" data-image-title=\"Vuelta2015_Stage9_finish_profile_1\" data-image-description=\"\" data-image-caption=\"\" data-large-file=\"https:\/\/i0.wp.com\/aynakol.org\/wp-content\/uploads\/2015\/08\/Vuelta2015_Stage9_finish_profile_1.png?fit=600%2C415&amp;ssl=1\" class=\"alignnone size-full wp-image-1809\" src=\"https:\/\/i0.wp.com\/aynakol.org\/wp-content\/uploads\/2015\/08\/Vuelta2015_Stage9_finish_profile_1.png?resize=600%2C415\" alt=\"Vuelta2015_Stage9_finish_profile_1\" width=\"600\" height=\"415\" srcset=\"https:\/\/i0.wp.com\/aynakol.org\/wp-content\/uploads\/2015\/08\/Vuelta2015_Stage9_finish_profile_1.png?w=600&amp;ssl=1 600w, https:\/\/i0.wp.com\/aynakol.org\/wp-content\/uploads\/2015\/08\/Vuelta2015_Stage9_finish_profile_1.png?resize=300%2C208&amp;ssl=1 300w\" sizes=\"auto, (max-width: 600px) 100vw, 600px\" \/><\/a><\/p>\n<p>\u00c7o\u011funlu\u011fu d\u00fcz etapta peloton d\u00fcnk\u00fc etab\u0131n yaralar\u0131n\u0131 sarmak i\u00e7in\u00a0son iki t\u0131rman\u0131\u015fa dek aktif dinlenme ile pedallayacak, olu\u015facak bir ka\u00e7\u0131\u015f grubunu da s\u00fcrekli g\u00f6zetim alt\u0131nda tutacakt\u0131r. Ka\u00e7anlar\u0131n aras\u0131na s\u0131zan t\u0131rman\u0131\u015f domestikleri g\u00fc\u00e7lerini koruyup sonuna dek pedallar ise hem kendilerini hem de tak\u0131mlar\u0131n\u0131 onurland\u0131racakt\u0131r; g\u00f6nl\u00fcm\u00fcz\u00a0<em>wild card\u00a0<\/em>tak\u0131mlar\u0131ndan yana! Ancak yine de genel klasman favorilerinden Chaves, Quintana, Roche, Doumolin, Valverde son t\u0131rman\u0131\u015fta atak yapabilir!<\/p>\n<p><span style=\"font-size: 18pt;\"><strong>Etap sonras\u0131<\/strong><\/span><\/p>\n<p><a href=\"https:\/\/i0.wp.com\/aynakol.org\/wp-content\/uploads\/2015\/08\/Vuelta2015_Stage10_winner_tom_dumoulin.jpg\"><img data-recalc-dims=\"1\" loading=\"lazy\" decoding=\"async\" data-attachment-id=\"1822\" data-permalink=\"https:\/\/aynakol.org\/?attachment_id=1822\" data-orig-file=\"https:\/\/i0.wp.com\/aynakol.org\/wp-content\/uploads\/2015\/08\/Vuelta2015_Stage10_winner_tom_dumoulin.jpg?fit=1001%2C667&amp;ssl=1\" data-orig-size=\"1001,667\" data-comments-opened=\"1\" data-image-meta=\"{&quot;aperture&quot;:&quot;9&quot;,&quot;credit&quot;:&quot;&quot;,&quot;camera&quot;:&quot;Canon EOS 7D&quot;,&quot;caption&quot;:&quot;&quot;,&quot;created_timestamp&quot;:&quot;1440957415&quot;,&quot;copyright&quot;:&quot;&quot;,&quot;focal_length&quot;:&quot;225&quot;,&quot;iso&quot;:&quot;400&quot;,&quot;shutter_speed&quot;:&quot;0.00125&quot;,&quot;title&quot;:&quot;&quot;,&quot;orientation&quot;:&quot;1&quot;}\" data-image-title=\"Vuelta2015_Stage10_winner_tom_dumoulin\" data-image-description=\"\" data-image-caption=\"\" data-large-file=\"https:\/\/i0.wp.com\/aynakol.org\/wp-content\/uploads\/2015\/08\/Vuelta2015_Stage10_winner_tom_dumoulin.jpg?fit=860%2C573&amp;ssl=1\" class=\"alignnone size-full wp-image-1822\" src=\"https:\/\/i0.wp.com\/aynakol.org\/wp-content\/uploads\/2015\/08\/Vuelta2015_Stage10_winner_tom_dumoulin.jpg?resize=860%2C573\" alt=\"Vuelta2015_Stage10_winner_tom_dumoulin\" width=\"860\" height=\"573\" srcset=\"https:\/\/i0.wp.com\/aynakol.org\/wp-content\/uploads\/2015\/08\/Vuelta2015_Stage10_winner_tom_dumoulin.jpg?w=1001&amp;ssl=1 1001w, https:\/\/i0.wp.com\/aynakol.org\/wp-content\/uploads\/2015\/08\/Vuelta2015_Stage10_winner_tom_dumoulin.jpg?resize=300%2C200&amp;ssl=1 300w, https:\/\/i0.wp.com\/aynakol.org\/wp-content\/uploads\/2015\/08\/Vuelta2015_Stage10_winner_tom_dumoulin.jpg?resize=705%2C470&amp;ssl=1 705w\" sizes=\"auto, (max-width: 860px) 100vw, 860px\" \/><\/a><\/p>\n<p>4 km uzunlu\u011fundaki\u00a0<strong>Alto de Puig Lloren\u00a0<\/strong>zirvesinde biten 9. etapta zorlu t\u0131rman\u0131\u015f\u0131 ve pe\u015f pe\u015fe gelen ataklar\u0131 ge\u00e7ip zafere pedallayan isim Giant-Alpecin tak\u0131m\u0131n\u0131n Hollandal\u0131 pedal\u0131 Tom Dumoulin oldu. Bu zaferle birlikte Dumoulin genel klasmanda liderli\u011fi fark atarak ele ge\u00e7irdi. Alt\u0131n Mayo yar\u0131n Dumoulin&#8217;in s\u0131rt\u0131nda!<\/p>\n<p><iframe loading=\"lazy\" src=\"https:\/\/www.youtube.com\/embed\/AdDEFyeanrs\" width=\"560\" height=\"315\" frameborder=\"0\" allowfullscreen=\"allowfullscreen\"><\/iframe><\/p>\n<p>Etab\u0131n ba\u015f\u0131nda olu\u015fan ka\u00e7\u0131\u015f grubu baya\u011f\u0131 kalabal\u0131k olsa\u00a0da iki kere t\u0131rman\u0131lan\u00a0<strong>Alto de Puig Lloren\u00a0<\/strong>zirvesine ba\u015fland\u0131\u011f\u0131nda peloton t\u00fcm ka\u00e7\u0131\u015f\u0131 yuttu ve kendi temposuyla t\u0131rmanmaya ba\u015flad\u0131. Asl\u0131nda etap boyunca peloton etab\u0131 ka\u00e7anlara verecek g\u00f6r\u00fcn\u00fcmde idi, zira GK iddial\u0131lar\u0131 ve tak\u0131mlar\u0131 neredeyse hi\u00e7 tempo yapmad\u0131lar, ola\u011fan bir \u015fekilde pedallad\u0131lar. Ne zaman ki ka\u0131\u015f yoruldu peloton tempoyu artt\u0131r\u0131p son t\u0131rman\u0131\u015f\u0131n eteklerinde hepsini yuttu.<\/p>\n<p><a href=\"https:\/\/i0.wp.com\/aynakol.org\/wp-content\/uploads\/2015\/08\/wpid-11222912_1039777272708181_937518142084604577_n.jpg\"><img data-recalc-dims=\"1\" loading=\"lazy\" decoding=\"async\" data-attachment-id=\"1817\" data-permalink=\"https:\/\/aynakol.org\/?attachment_id=1817\" data-orig-file=\"https:\/\/i0.wp.com\/aynakol.org\/wp-content\/uploads\/2015\/08\/wpid-11222912_1039777272708181_937518142084604577_n.jpg?fit=960%2C640&amp;ssl=1\" data-orig-size=\"960,640\" data-comments-opened=\"1\" data-image-meta=\"{&quot;aperture&quot;:&quot;0&quot;,&quot;credit&quot;:&quot;Jose Antonio MIGUELEZ&quot;,&quot;camera&quot;:&quot;&quot;,&quot;caption&quot;:&quot;&quot;,&quot;created_timestamp&quot;:&quot;0&quot;,&quot;copyright&quot;:&quot;Jose Antonio MIGUELEZ&quot;,&quot;focal_length&quot;:&quot;0&quot;,&quot;iso&quot;:&quot;0&quot;,&quot;shutter_speed&quot;:&quot;0&quot;,&quot;title&quot;:&quot;&quot;,&quot;orientation&quot;:&quot;0&quot;}\" data-image-title=\"wpid-11222912_1039777272708181_937518142084604577_n.jpg\" data-image-description=\"\" data-image-caption=\"\" data-large-file=\"https:\/\/i0.wp.com\/aynakol.org\/wp-content\/uploads\/2015\/08\/wpid-11222912_1039777272708181_937518142084604577_n.jpg?fit=860%2C573&amp;ssl=1\" class=\"alignnone size-full wp-image-1817\" src=\"https:\/\/i0.wp.com\/aynakol.org\/wp-content\/uploads\/2015\/08\/wpid-11222912_1039777272708181_937518142084604577_n.jpg?resize=860%2C573\" alt=\"wpid-11222912_1039777272708181_937518142084604577_n.jpg\" width=\"860\" height=\"573\" srcset=\"https:\/\/i0.wp.com\/aynakol.org\/wp-content\/uploads\/2015\/08\/wpid-11222912_1039777272708181_937518142084604577_n.jpg?w=960&amp;ssl=1 960w, https:\/\/i0.wp.com\/aynakol.org\/wp-content\/uploads\/2015\/08\/wpid-11222912_1039777272708181_937518142084604577_n.jpg?resize=300%2C200&amp;ssl=1 300w, https:\/\/i0.wp.com\/aynakol.org\/wp-content\/uploads\/2015\/08\/wpid-11222912_1039777272708181_937518142084604577_n.jpg?resize=705%2C470&amp;ssl=1 705w\" sizes=\"auto, (max-width: 860px) 100vw, 860px\" \/><\/a><\/p>\n<p>Son t\u0131rman\u0131\u015f\u00a0<strong>Alto de Puig Lloren\u00a0<\/strong>ba\u015flar ba\u015flamaz \u0130spanya ulusal \u015fampiyonu Alejandro Valverde atak yap\u0131p liderli\u011fi ele ge\u00e7irdi ancak pe\u015finden Tom Dumoulin gelince birlikte \u00e7al\u0131\u015fmaya ba\u015flad\u0131lar derken Jouquin Rodriguez, Esteban Chaves, Nairo Quintana, Nicolos Roche atak yap\u0131p tempoyu iyice y\u00fckselttiler.\u00a0Chris Froome her ne kadar geride kalsa da bu ataklar sonras\u0131nda powermeter sayesinde toparlan\u0131p bir anda liderli\u011fi ele ge\u00e7irip tempo yapmaya ba\u015flad\u0131. Bu esnada i\u00e7lerinden ka\u00e7an Rafal Majka e\u011fimin iyice sertle\u015fti\u011fi son 900 metreye \u00f6nde girmesine kar\u015f\u0131n Froome&#8217;un y\u00fcksek kadansl\u0131 temposuna dayanamay\u0131p geride kald\u0131. Bir di\u011fer geride kalan isim de alt\u0131n mayoyu ta\u015f\u0131yan Esteban Chaves olurken hi\u00e7 beklenmedik bir anda Tom Dumoulin pe\u015finden Froome ve Rodriguez gelmesine kar\u015f\u0131n\u00a0atak yap\u0131p \u00f6ne ge\u00e7ti.<\/p>\n<p><a href=\"https:\/\/i0.wp.com\/aynakol.org\/wp-content\/uploads\/2015\/08\/wpid-11935102_1039763149376260_5726456935755630077_n.jpg\"><img data-recalc-dims=\"1\" loading=\"lazy\" decoding=\"async\" data-attachment-id=\"1814\" data-permalink=\"https:\/\/aynakol.org\/?attachment_id=1814\" data-orig-file=\"https:\/\/i0.wp.com\/aynakol.org\/wp-content\/uploads\/2015\/08\/wpid-11935102_1039763149376260_5726456935755630077_n.jpg?fit=960%2C440&amp;ssl=1\" data-orig-size=\"960,440\" data-comments-opened=\"1\" data-image-meta=\"{&quot;aperture&quot;:&quot;0&quot;,&quot;credit&quot;:&quot;Jose Antonio MIGUELEZ&quot;,&quot;camera&quot;:&quot;&quot;,&quot;caption&quot;:&quot;&quot;,&quot;created_timestamp&quot;:&quot;0&quot;,&quot;copyright&quot;:&quot;Jose Antonio MIGUELEZ&quot;,&quot;focal_length&quot;:&quot;0&quot;,&quot;iso&quot;:&quot;0&quot;,&quot;shutter_speed&quot;:&quot;0&quot;,&quot;title&quot;:&quot;&quot;,&quot;orientation&quot;:&quot;0&quot;}\" data-image-title=\"wpid-11935102_1039763149376260_5726456935755630077_n.jpg\" data-image-description=\"\" data-image-caption=\"\" data-large-file=\"https:\/\/i0.wp.com\/aynakol.org\/wp-content\/uploads\/2015\/08\/wpid-11935102_1039763149376260_5726456935755630077_n.jpg?fit=860%2C394&amp;ssl=1\" class=\"alignnone size-full wp-image-1814\" src=\"https:\/\/i0.wp.com\/aynakol.org\/wp-content\/uploads\/2015\/08\/wpid-11935102_1039763149376260_5726456935755630077_n.jpg?resize=860%2C394\" alt=\"wpid-11935102_1039763149376260_5726456935755630077_n.jpg\" width=\"860\" height=\"394\" srcset=\"https:\/\/i0.wp.com\/aynakol.org\/wp-content\/uploads\/2015\/08\/wpid-11935102_1039763149376260_5726456935755630077_n.jpg?w=960&amp;ssl=1 960w, https:\/\/i0.wp.com\/aynakol.org\/wp-content\/uploads\/2015\/08\/wpid-11935102_1039763149376260_5726456935755630077_n.jpg?resize=300%2C138&amp;ssl=1 300w, https:\/\/i0.wp.com\/aynakol.org\/wp-content\/uploads\/2015\/08\/wpid-11935102_1039763149376260_5726456935755630077_n.jpg?resize=705%2C323&amp;ssl=1 705w\" sizes=\"auto, (max-width: 860px) 100vw, 860px\" \/><\/a><\/p>\n<p>&nbsp;<\/p>\n<p>Son 250 metrede Froome \u00f6ne ge\u00e7ip yoruldu, bitti, tak\u0131m lideri Roche burada i\u015fi ne diyenlere inat tempo y\u00fckseltip sert e\u011fime kar\u015f\u0131 etab\u0131 almak i\u00e7in istekli oldu\u011funu belirtti ama son 150 metreye girilirken tam da Dumoulin etab\u0131 b\u0131rakt\u0131 Rodriguez &#8211; Froome ikilisinden birine, kendisine 15 saniyelik fark genel klasman liderli\u011fi i\u00e7in yeterli derken bir anda \u00f6ne \u00e7\u0131kt\u0131 ve etab\u0131 ald\u0131! Seyredenler i\u00e7in inan\u0131lmaz zevkli ve s\u00fcrprizlerle dolu bir etap oldu!<\/p>\n<pre>NED  1  DUMOULIN, Tom (TEAM GIANT - ALPECIN)                      4:09:55\r\nGBR  2  FROOME, Christopher (SKY)                                  +    2\r\nESP  3  RODRIGUEZ OLIVER, Joaquim (KATUSHA)                        +    5\r\nITA  4  ARU, Fabio (ASTANA)                                        +   16\r\nPOL  5  MAJKA, Rafal (TINKOFF - SAXO)                              +   18\r\nCOL  6  QUINTANA ROJAS, Nairo Alexander (MOVISTAR)                 +   20\r\nESP  7  VALVERDE BELMONTE, Alejandro (MOVISTAR)                    +   28\r\nIRL  8  ROCHE, Nicolas (SKY)                                       +   31\r\n...\r\nCOL  15 CHAVES RUBIO, Johan Esteban (ORICA GreenEDGE)              +   59\r\n<\/pre>\n<pre><\/pre>\n<p><a href=\"https:\/\/i0.wp.com\/aynakol.org\/wp-content\/uploads\/2015\/08\/wpid-11884963_716610828440892_5555851152573579173_o.jpg\"><img data-recalc-dims=\"1\" loading=\"lazy\" decoding=\"async\" data-attachment-id=\"1813\" data-permalink=\"https:\/\/aynakol.org\/?attachment_id=1813\" data-orig-file=\"https:\/\/i0.wp.com\/aynakol.org\/wp-content\/uploads\/2015\/08\/wpid-11884963_716610828440892_5555851152573579173_o.jpg?fit=2048%2C1365&amp;ssl=1\" data-orig-size=\"2048,1365\" data-comments-opened=\"1\" data-image-meta=\"{&quot;aperture&quot;:&quot;0&quot;,&quot;credit&quot;:&quot;Luca Bettini&quot;,&quot;camera&quot;:&quot;&quot;,&quot;caption&quot;:&quot;&quot;,&quot;created_timestamp&quot;:&quot;0&quot;,&quot;copyright&quot;:&quot;\\u00a9BettiniPhoto&quot;,&quot;focal_length&quot;:&quot;0&quot;,&quot;iso&quot;:&quot;0&quot;,&quot;shutter_speed&quot;:&quot;0&quot;,&quot;title&quot;:&quot;&quot;,&quot;orientation&quot;:&quot;0&quot;}\" data-image-title=\"wpid-11884963_716610828440892_5555851152573579173_o.jpg\" data-image-description=\"\" data-image-caption=\"\" data-large-file=\"https:\/\/i0.wp.com\/aynakol.org\/wp-content\/uploads\/2015\/08\/wpid-11884963_716610828440892_5555851152573579173_o.jpg?fit=860%2C574&amp;ssl=1\" class=\"alignnone size-large wp-image-1813\" src=\"https:\/\/i0.wp.com\/aynakol.org\/wp-content\/uploads\/2015\/08\/wpid-11884963_716610828440892_5555851152573579173_o.jpg?resize=705%2C470\" alt=\"wpid-11884963_716610828440892_5555851152573579173_o.jpg\" width=\"705\" height=\"470\" srcset=\"https:\/\/i0.wp.com\/aynakol.org\/wp-content\/uploads\/2015\/08\/wpid-11884963_716610828440892_5555851152573579173_o.jpg?resize=1024%2C683&amp;ssl=1 1024w, https:\/\/i0.wp.com\/aynakol.org\/wp-content\/uploads\/2015\/08\/wpid-11884963_716610828440892_5555851152573579173_o.jpg?resize=300%2C200&amp;ssl=1 300w, https:\/\/i0.wp.com\/aynakol.org\/wp-content\/uploads\/2015\/08\/wpid-11884963_716610828440892_5555851152573579173_o.jpg?resize=705%2C470&amp;ssl=1 705w, https:\/\/i0.wp.com\/aynakol.org\/wp-content\/uploads\/2015\/08\/wpid-11884963_716610828440892_5555851152573579173_o.jpg?w=2048&amp;ssl=1 2048w, https:\/\/i0.wp.com\/aynakol.org\/wp-content\/uploads\/2015\/08\/wpid-11884963_716610828440892_5555851152573579173_o.jpg?w=1720 1720w\" sizes=\"auto, (max-width: 705px) 100vw, 705px\" \/><\/a> Esteban Chaves etab\u0131 15 s\u0131rada bitirince mayodan da oldu, Chris Froome, Rafal Majka ve Fabio Aru bug\u00fcn yapt\u0131klar\u0131yla genel klasman s\u0131ralamas\u0131nda \u00fcst s\u0131ralara yerle\u015fti. Genel klasman iddial\u0131lar\u0131 bug\u00fcnk\u00fc t\u0131rma\u015fta h\u00e2l\u00e2 formda olduklar\u0131n\u0131 ve yar\u0131\u015fa kaza bela olmad\u0131\u011f\u0131 s\u00fcre\u00e7e devam edeceklerini g\u00f6stermi\u015f oldular. Etap sonras\u0131 genel kalsman<\/p>\n<pre>NED  1  DUMOULIN, Tom (TEAM GIANT - ALPECIN)                     35:22:13\r\nESP  2  RODRIGUEZ OLIVER, Joaquim (KATUSHA)                        +   57\r\nCOL  3  CHAVES RUBIO, Johan Esteban (ORICA GreenEDGE)              +   59\r\nIRL  4  ROCHE, Nicolas (SKY)                                       + 1:07\r\nITA  5  ARU, Fabio (ASTANA)                                        + 1:13\r\nESP  6  VALVERDE BELMONTE, Alejandro (MOVISTAR)                    + 1:17\r\nCOL  7  QUINTANA ROJAS, Nairo Alexander (MOVISTAR)               \r\nGBR  8  FROOME, Christopher (SKY)                                  + 1:18\r\nPOL  9  MAJKA, Rafal (TINKOFF - SAXO)                              + 1:47\r\nITA  10 POZZOVIVO, Domenico (AG2R LA MONDIALE)                     + 1:52<\/pre>\n<p>&nbsp;<\/p>\n<p><strong>Daha fazlas\u0131 i\u00e7in:<\/strong><\/p>\n<ul>\n<li>S\u0131ral\u0131 tam liste: <a href=\"http:\/\/www.procyclingstats.com\/race\/Vuelta_a_Espana_2015_Stage9\" target=\"_blank\">ProCyclingStats.com<\/a><\/li>\n<li>Vuelta a Espana 2015 hakk\u0131nda her \u015fey: <a href=\"http:\/\/www.steephill.tv\/vuelta-a-espana\/#09-preview-2015\" target=\"_blank\">SteepHill.TV<\/a><\/li>\n<li>Vuelta a Espana 2015 Twitter hesaplar\u0131:\n<ul>\n<li>Resmi hesap: <strong><a href=\"https:\/\/twitter.com\/lavuelta\" target=\"_blank\">@lavuelta<\/a><\/strong><\/li>\n<li>T\u00fcrk\u00e7e neler olmu\u015f? <strong><a href=\"https:\/\/twitter.com\/hashtag\/vueltatr?src=hash\" target=\"_blank\">#vueltaTR<\/a><\/strong><\/li>\n<li>\u0130ngilizce neler olmu\u015f? <a href=\"https:\/\/twitter.com\/hashtag\/LV2015?src=hash\" target=\"_blank\"><strong>#LV2015<\/strong><\/a><\/li>\n<\/ul>\n<\/li>\n<li>9. Etaptan <a href=\"http:\/\/www.steephill.tv\/2015\/vuelta-a-espana\/photos\/stage-09\/\" target=\"_blank\">foto\u011fraflar:<\/a><\/li>\n<li>Ayr\u0131ca hep sanal olacak de\u011fil ya, biraz da nostalji, biraz da bas\u0131l\u0131 belge bilgi: Cyclist T\u00fcrkiye Dergisinin bu ayki say\u0131s\u0131nda Buyruk Alparslan\u2019\u0131n kaleme ald\u0131\u011f\u0131 Vuelta 2015 dosyas\u0131 da elinizin alt\u0131nda olsun.<\/li>\n<\/ul>\n<div class=\"sharedaddy sd-sharing-enabled\"><\/div>\n<p>&nbsp;<\/p>\n","protected":false},"excerpt":{"rendered":"<p>Pelotonun kazalardan g\u00f6z\u00fcn\u00fc a\u00e7amad\u0131\u011f\u0131 8. etapta saf sprinterlerin s\u0131caktan, t\u0131rman\u0131\u015ftan ve kazalardan dolay\u0131 geride kalmas\u0131yla etap tamam\u0131 ile iyi pozisyon alan tek ki\u015fiye kald\u0131: Jasper [&#8230;]<\/p>\n","protected":false},"author":1,"featured_media":1795,"comment_status":"open","ping_status":"open","sticky":false,"template":"","format":"standard","meta":{"jetpack_post_was_ever_published":false,"_jetpack_newsletter_access":"","_jetpack_dont_email_post_to_subs":false,"_jetpack_newsletter_tier_id":0,"_jetpack_memberships_contains_paywalled_content":false,"_jetpack_memberships_contains_paid_content":false,"footnotes":"","jetpack_publicize_message":"","jetpack_publicize_feature_enabled":true,"jetpack_social_post_already_shared":true,"jetpack_social_options":{"image_generator_settings":{"template":"highway","default_image_id":0,"font":"","enabled":false},"version":2}},"categories":[92,91],"tags":[962,970,17,967,969,26,968,963,87,16,233,976,964,965,803,953,222,977,692,315,494,849,966,14,957,234],"class_list":["post-1805","post","type-post","status-publish","format-standard","has-post-thumbnail","hentry","category-grand","category-vuelta-2","tag-ajerandro-valverde","tag-bertjan-lindeman","tag-bisiklet-turu","tag-caleb-evans","tag-cazorla","tag-chris-froome","tag-cordoba","tag-esteban-chaves","tag-grand-tour","tag-ispanya","tag-ispanya-bisiklet-turu","tag-jouquin-rodriguez","tag-la-vuelt","tag-la-vuelta-2015","tag-lottonl-jumbo","tag-lv2015","tag-nairo-quintana","tag-nicolos-roche","tag-orica-greenedge","tag-peter-sagan","tag-team-giant-alpecin","tag-tejay-van-garderen","tag-tom-dumoulin","tag-vuelta","tag-vuelta-2015","tag-vuelta-a-espana"],"jetpack_publicize_connections":[],"jetpack_featured_media_url":"https:\/\/i0.wp.com\/aynakol.org\/wp-content\/uploads\/2015\/08\/Vuelta2015_Stage8_peloton0.jpg?fit=960%2C426&ssl=1","jetpack_sharing_enabled":true,"jetpack_shortlink":"https:\/\/wp.me\/p51p4O-t7","jetpack_likes_enabled":true,"jetpack-related-posts":[{"id":1786,"url":"https:\/\/aynakol.org\/?p=1786","url_meta":{"origin":1805,"position":0},"title":"#LV2015 La Vuelta a Espana 8. Etap: Puebla de Don Fabrique \u2192 Murcia","author":"Ayd\u0131n Bez","date":"28 A\u011fustos 2015","format":false,"excerpt":"\u00d6nce 7. etab\u0131n \u00f6zeti: Ka\u00e7anlar bu kez kazand\u0131! Alto de Capileira zirvesinde sona eren 191 km uzunlu\u011fundaki etab\u0131 LottoNL-Jumbo tak\u0131m\u0131n\u0131n Hollandal\u0131 pedal\u0131 Bert-Jan Lindeman kazand\u0131. Etab\u0131n son 50 km'si Movistar'\u0131n temposu ile ge\u00e7ildi ki, bu tempo bir\u00e7ok pedal i\u00e7in 40 ederceye yakla\u015fan s\u0131cakl\u0131kla birlikte k\u0131r\u0131c\u0131 oldu. Genel Klasman iddial\u0131lar\u0131n\u0131n topluca\u2026","rel":"","context":"&quot;Grand Tour&quot; i\u00e7inde","block_context":{"text":"Grand Tour","link":"https:\/\/aynakol.org\/?cat=92"},"img":{"alt_text":"","src":"https:\/\/i0.wp.com\/aynakol.org\/wp-content\/uploads\/2015\/08\/Vuelta2015_Stage7_peloton01.jpg?fit=1200%2C532&ssl=1&resize=350%2C200","width":350,"height":200,"srcset":"https:\/\/i0.wp.com\/aynakol.org\/wp-content\/uploads\/2015\/08\/Vuelta2015_Stage7_peloton01.jpg?fit=1200%2C532&ssl=1&resize=350%2C200 1x, https:\/\/i0.wp.com\/aynakol.org\/wp-content\/uploads\/2015\/08\/Vuelta2015_Stage7_peloton01.jpg?fit=1200%2C532&ssl=1&resize=525%2C300 1.5x, https:\/\/i0.wp.com\/aynakol.org\/wp-content\/uploads\/2015\/08\/Vuelta2015_Stage7_peloton01.jpg?fit=1200%2C532&ssl=1&resize=700%2C400 2x, https:\/\/i0.wp.com\/aynakol.org\/wp-content\/uploads\/2015\/08\/Vuelta2015_Stage7_peloton01.jpg?fit=1200%2C532&ssl=1&resize=1050%2C600 3x"},"classes":[]},{"id":1700,"url":"https:\/\/aynakol.org\/?p=1700","url_meta":{"origin":1805,"position":1},"title":"#LV2015 La Vuelta a Espana 2015 &#8211; 3. Etap: Mijas \u2192 Malaga","author":"Ayd\u0131n Bez","date":"24 A\u011fustos 2015","format":false,"excerpt":"2. Etap \u00f6zeti Kazalarla a\u00e7\u0131lan d\u00fcnk\u00fc etab\u0131n k\u0131sa bir \u00f6zeti: Alhaurin de la Torre \u2192 Caminito del Rey aras\u0131nda pedallanan 159 km uzunlu\u011fundaki etab\u0131n bitmesine son 30 km kala ya\u015fanan b\u00fcy\u00fck kaza sonras\u0131 peloton birbirine kar\u0131\u015ft\u0131, Yaralananlar ve yar\u0131\u015f d\u0131\u015f\u0131 kalanlardan \u00e7ok favorilerden biri Nibali'nin etap bitmesine son 15 km\u2026","rel":"","context":"&quot;Grand Tour&quot; i\u00e7inde","block_context":{"text":"Grand Tour","link":"https:\/\/aynakol.org\/?cat=92"},"img":{"alt_text":"","src":"https:\/\/i0.wp.com\/aynakol.org\/wp-content\/uploads\/2015\/08\/Vuelta2015_Stage2_peloton_croos_andulisia.jpg?fit=1001%2C444&ssl=1&resize=350%2C200","width":350,"height":200,"srcset":"https:\/\/i0.wp.com\/aynakol.org\/wp-content\/uploads\/2015\/08\/Vuelta2015_Stage2_peloton_croos_andulisia.jpg?fit=1001%2C444&ssl=1&resize=350%2C200 1x, https:\/\/i0.wp.com\/aynakol.org\/wp-content\/uploads\/2015\/08\/Vuelta2015_Stage2_peloton_croos_andulisia.jpg?fit=1001%2C444&ssl=1&resize=525%2C300 1.5x, https:\/\/i0.wp.com\/aynakol.org\/wp-content\/uploads\/2015\/08\/Vuelta2015_Stage2_peloton_croos_andulisia.jpg?fit=1001%2C444&ssl=1&resize=700%2C400 2x"},"classes":[]},{"id":1725,"url":"https:\/\/aynakol.org\/?p=1725","url_meta":{"origin":1805,"position":2},"title":"#LV2015 Vuelta a Espana 2015 &#8211; 5. Etap: Rota \u2192 Alcal\u00e1 de Guad\u00e1ira","author":"Ayd\u0131n Bez","date":"26 A\u011fustos 2015","format":false,"excerpt":"4. Etap \u00d6zeti Kayda de\u011fer bir t\u0131rman\u0131\u015f\u0131n olmad\u0131\u011f\u0131 etapta Tejay van Garderen ufak bir kazaya kar\u0131\u015ft\u0131, ancak tak\u0131m arkada\u015flar\u0131 sayesinde pelotonu \u00e7abuk yakalad\u0131, Etab\u0131n sonunda yer alan ani e\u011fimli t\u0131rman\u0131\u015fta pe\u015fpe\u015fe ataklar gelse de Samuel Sanchez ve Nicolas Roche'dan Movistar'\u0131n klasikler kurdu, \u0130spanyol ulusal \u015fampiyonu Le Tour 2015 \u00fc\u00e7\u00fcnc\u00fcs\u00fc Alejandro\u2026","rel":"","context":"&quot;Grand Tour&quot; i\u00e7inde","block_context":{"text":"Grand Tour","link":"https:\/\/aynakol.org\/?cat=92"},"img":{"alt_text":"","src":"https:\/\/i0.wp.com\/aynakol.org\/wp-content\/uploads\/2015\/08\/Vuelta2015_stafe4_peloton_0.jpg?fit=960%2C363&ssl=1&resize=350%2C200","width":350,"height":200,"srcset":"https:\/\/i0.wp.com\/aynakol.org\/wp-content\/uploads\/2015\/08\/Vuelta2015_stafe4_peloton_0.jpg?fit=960%2C363&ssl=1&resize=350%2C200 1x, https:\/\/i0.wp.com\/aynakol.org\/wp-content\/uploads\/2015\/08\/Vuelta2015_stafe4_peloton_0.jpg?fit=960%2C363&ssl=1&resize=525%2C300 1.5x, https:\/\/i0.wp.com\/aynakol.org\/wp-content\/uploads\/2015\/08\/Vuelta2015_stafe4_peloton_0.jpg?fit=960%2C363&ssl=1&resize=700%2C400 2x"},"classes":[]},{"id":1748,"url":"https:\/\/aynakol.org\/?p=1748","url_meta":{"origin":1805,"position":3},"title":"#LV2015 Vuelta a Espa\u00f1a &#8211; 6. Etap: Cordoba \u2192 Cazorla","author":"Ayd\u0131n Bez","date":"26 A\u011fustos 2015","format":false,"excerpt":"5. Etap \u00f6zeti Toplu sprint biti\u015fine sahne olan 5. etab\u0131 kazanan Orica-GreenEdge tak\u0131m\u0131ndan Caleb Ewans olurken alt\u0131n mayoyu giyen tak\u0131m arkada\u015f\u0131 Esteban Chaves geride kal\u0131nda mayo Team Giant-Alpecin'den Tom Dumoulin'e ge\u00e7ti, Chris Froome di\u011fer GK iddial\u0131lar\u0131ndan saniye \u00e7alarak yukar\u0131 ta\u015f\u0131d\u0131 kendisini Sagan bu kez \u00fc\u00e7\u00fcnc\u00fc, be\u015finci etapla birlikte d\u00fczl\u00fck etaplar\u0131n\u2026","rel":"","context":"&quot;Grand Tour&quot; i\u00e7inde","block_context":{"text":"Grand Tour","link":"https:\/\/aynakol.org\/?cat=92"},"img":{"alt_text":"","src":"https:\/\/i0.wp.com\/aynakol.org\/wp-content\/uploads\/2015\/08\/Vuelta2015_Stage5_peloton.jpg?fit=1000%2C460&ssl=1&resize=350%2C200","width":350,"height":200,"srcset":"https:\/\/i0.wp.com\/aynakol.org\/wp-content\/uploads\/2015\/08\/Vuelta2015_Stage5_peloton.jpg?fit=1000%2C460&ssl=1&resize=350%2C200 1x, https:\/\/i0.wp.com\/aynakol.org\/wp-content\/uploads\/2015\/08\/Vuelta2015_Stage5_peloton.jpg?fit=1000%2C460&ssl=1&resize=525%2C300 1.5x, https:\/\/i0.wp.com\/aynakol.org\/wp-content\/uploads\/2015\/08\/Vuelta2015_Stage5_peloton.jpg?fit=1000%2C460&ssl=1&resize=700%2C400 2x"},"classes":[]},{"id":1720,"url":"https:\/\/aynakol.org\/?p=1720","url_meta":{"origin":1805,"position":4},"title":"#LV2015 La Vuelta a Espana &#8211; 4. Etap: Estepona \u2192 Vejer de la Frontera","author":"Ayd\u0131n Bez","date":"25 A\u011fustos 2015","format":false,"excerpt":"4. etaba ge\u00e7meden \u00f6nce d\u00fcnk\u00fc etab\u0131n k\u0131sa bir \u00f6zeti: Etap ka\u00e7anlara yar olmad\u0131, peloton herkesi son 15 km kala yakalad\u0131, k\u00fc\u00e7\u00fck kazalar d\u0131\u015f\u0131nda herhangi bir s\u0131k\u0131nt\u0131 yok, ama yar\u0131\u015f\u0131 b\u0131rakanlar olmad\u0131 de\u011fil: Cancellara b\u00fcy\u00fck kay\u0131p! Zafer mazlum ikinci Peter Sagan'\u0131n olurken Esteban Chaves alt\u0131n mayoyu korudu. Etap hakk\u0131nda D\u00fcnk\u00fc CAT3\u2026","rel":"","context":"&quot;Grand Tour&quot; i\u00e7inde","block_context":{"text":"Grand Tour","link":"https:\/\/aynakol.org\/?cat=92"},"img":{"alt_text":"","src":"https:\/\/i0.wp.com\/aynakol.org\/wp-content\/uploads\/2015\/08\/Vuelta2015_Stage2_peloton_under_the_wind_tails1.jpg?fit=1001%2C551&ssl=1&resize=350%2C200","width":350,"height":200,"srcset":"https:\/\/i0.wp.com\/aynakol.org\/wp-content\/uploads\/2015\/08\/Vuelta2015_Stage2_peloton_under_the_wind_tails1.jpg?fit=1001%2C551&ssl=1&resize=350%2C200 1x, https:\/\/i0.wp.com\/aynakol.org\/wp-content\/uploads\/2015\/08\/Vuelta2015_Stage2_peloton_under_the_wind_tails1.jpg?fit=1001%2C551&ssl=1&resize=525%2C300 1.5x, https:\/\/i0.wp.com\/aynakol.org\/wp-content\/uploads\/2015\/08\/Vuelta2015_Stage2_peloton_under_the_wind_tails1.jpg?fit=1001%2C551&ssl=1&resize=700%2C400 2x"},"classes":[]},{"id":1768,"url":"https:\/\/aynakol.org\/?p=1768","url_meta":{"origin":1805,"position":5},"title":"#LV2015 La Vuelta a Espana 7. Etap: Jodar \u2192 Capilleira","author":"Ayd\u0131n Bez","date":"28 A\u011fustos 2015","format":false,"excerpt":"7. etaba ba\u015flamadan d\u00fcn ge\u00e7ilen 6. etab\u0131n k\u0131sa bir \u00f6zeti: \u00c7ok elit bir ka\u00e7\u0131\u015f grubu olu\u015fsa da etab\u0131n ba\u015f\u0131ndan beri, yine de yakalanmaktan kurtulamad\u0131lar. \u00c7\u00fcnk\u00fc t\u0131rman\u0131\u015fa girildi\u011fi zaman peloton 40 saniye geriden geliyordu. Etap zaferi i\u00e7in Movistar, Katusha, MTN-Qhubeka, Tinkoff-Saxo'nun taktiksel sava\u015flar\u0131 ile ba\u015flayan son t\u0131rman\u0131\u015fta kazanan Esteban Chaves olurken,\u00a0Alt\u0131n\u2026","rel":"","context":"&quot;Grand Tour&quot; i\u00e7inde","block_context":{"text":"Grand Tour","link":"https:\/\/aynakol.org\/?cat=92"},"img":{"alt_text":"","src":"https:\/\/i0.wp.com\/aynakol.org\/wp-content\/uploads\/2015\/08\/Vuelta2015_Stage6_peloton1.jpg?fit=1001%2C444&ssl=1&resize=350%2C200","width":350,"height":200,"srcset":"https:\/\/i0.wp.com\/aynakol.org\/wp-content\/uploads\/2015\/08\/Vuelta2015_Stage6_peloton1.jpg?fit=1001%2C444&ssl=1&resize=350%2C200 1x, https:\/\/i0.wp.com\/aynakol.org\/wp-content\/uploads\/2015\/08\/Vuelta2015_Stage6_peloton1.jpg?fit=1001%2C444&ssl=1&resize=525%2C300 1.5x, https:\/\/i0.wp.com\/aynakol.org\/wp-content\/uploads\/2015\/08\/Vuelta2015_Stage6_peloton1.jpg?fit=1001%2C444&ssl=1&resize=700%2C400 2x"},"classes":[]}],"_links":{"self":[{"href":"https:\/\/aynakol.org\/index.php?rest_route=\/wp\/v2\/posts\/1805","targetHints":{"allow":["GET"]}}],"collection":[{"href":"https:\/\/aynakol.org\/index.php?rest_route=\/wp\/v2\/posts"}],"about":[{"href":"https:\/\/aynakol.org\/index.php?rest_route=\/wp\/v2\/types\/post"}],"author":[{"embeddable":true,"href":"https:\/\/aynakol.org\/index.php?rest_route=\/wp\/v2\/users\/1"}],"replies":[{"embeddable":true,"href":"https:\/\/aynakol.org\/index.php?rest_route=%2Fwp%2Fv2%2Fcomments&post=1805"}],"version-history":[{"count":8,"href":"https:\/\/aynakol.org\/index.php?rest_route=\/wp\/v2\/posts\/1805\/revisions"}],"predecessor-version":[{"id":1826,"href":"https:\/\/aynakol.org\/index.php?rest_route=\/wp\/v2\/posts\/1805\/revisions\/1826"}],"wp:featuredmedia":[{"embeddable":true,"href":"https:\/\/aynakol.org\/index.php?rest_route=\/wp\/v2\/media\/1795"}],"wp:attachment":[{"href":"https:\/\/aynakol.org\/index.php?rest_route=%2Fwp%2Fv2%2Fmedia&parent=1805"}],"wp:term":[{"taxonomy":"category","embeddable":true,"href":"https:\/\/aynakol.org\/index.php?rest_route=%2Fwp%2Fv2%2Fcategories&post=1805"},{"taxonomy":"post_tag","embeddable":true,"href":"https:\/\/aynakol.org\/index.php?rest_route=%2Fwp%2Fv2%2Ftags&post=1805"}],"curies":[{"name":"wp","href":"https:\/\/api.w.org\/{rel}","templated":true}]}}