{"id":365,"date":"2014-11-19T22:46:59","date_gmt":"2014-11-19T19:46:59","guid":{"rendered":"http:\/\/aynakol.org\/?p=365"},"modified":"2014-11-21T18:55:39","modified_gmt":"2014-11-21T15:55:39","slug":"astana-yeni-bir-doping-vakasiyla-sarsildi","status":"publish","type":"post","link":"https:\/\/aynakol.org\/?p=365","title":{"rendered":"Astana yeni bir doping vakas\u0131yla sars\u0131ld\u0131"},"content":{"rendered":"<p class=\"western\" align=\"justify\">Bisiklet d\u00fcnyas\u0131 yine bir doping haberi ile sars\u0131ld\u0131. A\u00e7\u0131k\u00e7as\u0131 sars\u0131nt\u0131n\u0131n merkezi \u00e7ok tan\u0131d\u0131k bir tak\u0131m. <a href=\"http:\/\/proteam-astana.com\/\" target=\"_blank\">Astana profesyonel bisiklet<\/a> tak\u0131m\u0131.<\/p>\n<p class=\"western\" align=\"justify\">Tak\u0131m\u0131n bu sezon d\u00f6rd\u00fcnc\u00fc dopinge kar\u0131\u015fm\u0131\u015f sporcusunu bug\u00fcn <a href=\"http:\/\/www.uci.ch\/\" target=\"_blank\">UCI<\/a> <a href=\"http:\/\/www.uci.ch\/pressreleases\/uci-statement-victor-okishev\/\" target=\"_blank\">duyurdu<\/a>. Bu sefer dopinge kar\u0131\u015fan sporcu ise Victor Okishev, tak\u0131m\u0131n yedek oyuncular\u0131ndan biri.<\/p>\n<blockquote>\n<p class=\"western\" align=\"justify\">\u00a0The Union Cycliste Internationale (UCI) announces that it has notified UCI Continental Team Astana Kazakh rider Victor Okishev of an Adverse Analytical Finding of Anabolic Androgenic Steroids in a sample collected at the Asian Cycling Championships on 29 May 2014.<\/p>\n<p>The rider has the right to request and attend the analysis of the B sample.<\/p>\n<p>In accordance with UCI Anti-doping Rules, the rider has been provisionally suspended until the adjudication of the affair.<\/p>\n<p>At this stage of the procedure, the UCI will not comment any further.<\/p><\/blockquote>\n<p class=\"western\" align=\"justify\">A\u00e7\u0131klamada sporcunun 29 May\u0131s 2014 tarihinde Kazakistanda d\u00fczenlenen Asya Bisiklet \u015eampiyonas\u0131nda yap\u0131lan rutin doping kontrollerinde verdi\u011fi numunelerde kas ve kemik k\u00fctlesini artt\u0131rmaya yarayan kimyasal testosteron maddesi, <a href=\"https:\/\/eksisozluk.com\/anabolik-steroid--764503?nr=true&amp;rf=anabolic%20steroid\" target=\"_blank\">Anabolic Androgenic Steroids<\/a> izine rastlan\u0131ld\u0131 belirtilirken B numunesinin incelenmesi ve itiraz hakk\u0131n\u0131n da sakl\u0131 oldu\u011fu, s\u00fcre\u00e7 devam edene dek Okishev&#8217;in sportif faaliyetlerinin ask\u0131ya al\u0131nd\u0131\u011f\u0131 belirtiliyor.<\/p>\n<p class=\"western\" align=\"justify\"><a href=\"http:\/\/velonews.competitor.com\/2014\/10\/news\/maxim-iglinskiy-tests-positive-epo_348127\" target=\"_blank\">Maxim<\/a> &#8211; <a href=\"http:\/\/www.theguardian.com\/sport\/2014\/sep\/11\/valentin-iglinsky-sacked-astana-epo\" target=\"_blank\">Valentin<\/a> Iglinsky karde\u015fler ve di\u011fer yedek <a href=\"http:\/\/www1.skysports.com\/cycling\/news\/15264\/9519452\/astanas-worldtour-licence-to-be-reviewed-after-ilya-davidenok-becomes-third-rider-to-fail-drug-test\" target=\"_blank\">Ilya Davidenok<\/a> ile birlikte V. Okishev&#8217;in de pozitif \u00e7\u0131kmas\u0131 Astana tak\u0131m\u0131n\u0131n bu sene i\u00e7indeki <a href=\"http:\/\/www.dailymail.co.uk\/wires\/reuters\/article-2840717\/Cycling-Astana-hit-doping-case.html\" target=\"_blank\">d\u00f6rd\u00fcnc\u00fc doping vakas\u0131.<\/a> Bundan sonra beklenen Astana\u2019n\u0131n World Tour lisans\u0131n\u0131n iptali veya \u00e7ok a\u011f\u0131r yapt\u0131r\u0131mlar.<\/p>\n<p class=\"western\" align=\"justify\">Tak\u0131m\u0131 hat\u0131rlatmak gerekirse 21 Temmuz 2007&#8217;de Tour devam ederken al\u0131nan idrar ve kan \u00f6rne\u011fi pozitif Alexandre &#8220;<em>vino&#8221; <\/em>Vinokourov\u2019un y\u00f6netti\u011fi, Lance Armstrong\u2019un 2009&#8217;da d\u00f6n\u00fc\u015f yapt\u0131\u011f\u0131 bir tak\u0131mdan bahsediyoruz. Bir de Alberto Contador&#8217;un doping ger\u00e7e\u011fi var&#8230;<\/p>\n<p class=\"western\" align=\"justify\">T\u00fcm bunlara ra\u011fmen 2014 Tour de France \u015fampiyonu Vincenzo Nibali&#8217;den negatif haberler almay\u0131 diliyorum. Tak\u0131m arkada\u015flar\u0131, hatta tak\u0131m\u0131 <a href=\"http:\/\/velonews.competitor.com\/2014\/11\/news\/fourth-astana-rider-turns-doping-positive_353629\" target=\"_blank\">kirlenmi\u015f<\/a> olsa bile.<\/p>\n<p>G\u00fcncelleme: Nibali&#8217;nin ya\u015fanan d\u00f6rt doping olay\u0131na ili\u015fkin yapt\u0131\u011f\u0131 a\u00e7\u0131klama: <a href=\"http:\/\/velonews.competitor.com\/2014\/11\/news\/nibali-goes-on-the-attack-after-fourth-astana-doping-positive_353794\">http:\/\/velonews.competitor.com\/2014\/11\/news\/nibali-goes-on-the-attack-after-fourth-astana-doping-positive_353794<\/a><\/p>\n","protected":false},"excerpt":{"rendered":"<p>Bisiklet d\u00fcnyas\u0131 yine bir doping haberi ile sars\u0131ld\u0131. A\u00e7\u0131k\u00e7as\u0131 sars\u0131nt\u0131n\u0131n merkezi \u00e7ok tan\u0131d\u0131k bir tak\u0131m. Astana profesyonel bisiklet tak\u0131m\u0131. Tak\u0131m\u0131n bu sezon d\u00f6rd\u00fcnc\u00fc dopinge kar\u0131\u015fm\u0131\u015f [&#8230;]<\/p>\n","protected":false},"author":8,"featured_media":0,"comment_status":"open","ping_status":"open","sticky":false,"template":"","format":"standard","meta":{"jetpack_post_was_ever_published":false,"_jetpack_newsletter_access":"","_jetpack_dont_email_post_to_subs":false,"_jetpack_newsletter_tier_id":0,"_jetpack_memberships_contains_paywalled_content":false,"_jetpack_memberships_contains_paid_content":false,"footnotes":"","jetpack_publicize_message":"","jetpack_publicize_feature_enabled":true,"jetpack_social_post_already_shared":true,"jetpack_social_options":{"image_generator_settings":{"template":"highway","default_image_id":0,"font":"","enabled":false},"version":2}},"categories":[92],"tags":[19,309,314,24,303,312,308,311,310,217,307,306,35,313,34,164,305,304,223],"class_list":["post-365","post","type-post","status-publish","format-standard","hentry","category-grand","tag-alberto-contador","tag-alexandre-vinokourov","tag-anabolic-steroids","tag-astana","tag-astana-pro-cyclnig-team","tag-doping","tag-iglinsky","tag-ilya-davidenok","tag-lanve-armstrong","tag-le-tour-de-france-2","tag-maxim-iglinsky","tag-maxim-valentin-iglinsky","tag-tdf","tag-testosteron","tag-tour-de-france","tag-uci","tag-valentin-iglinsky","tag-victor-okishev","tag-vincenzo-nibali"],"jetpack_publicize_connections":[],"jetpack_featured_media_url":"","jetpack_sharing_enabled":true,"jetpack_shortlink":"https:\/\/wp.me\/p51p4O-5T","jetpack_likes_enabled":true,"jetpack-related-posts":[{"id":389,"url":"https:\/\/aynakol.org\/?p=389","url_meta":{"origin":365,"position":0},"title":"Astana&#8217;n\u0131n 2015 y\u0131l\u0131 World Tour lisans\u0131 iptal edilebilir","author":"aeroms","date":"5 Aral\u0131k 2014","format":false,"excerpt":"Astana Profesyonel Bisiklet Tak\u0131m\u0131 bisiklet d\u00fcnyas\u0131n\u0131n man\u015fetlerini me\u015fgul etmeye devam ediyor. Son gelen haberlere g\u00f6re UCI, Astana tak\u0131m\u0131n\u0131n d\u00fcnya turu (world tour) lisans\u0131n\u0131 bu senelik iptal edecek gibi. Son a\u00e7\u0131klanan 15 tak\u0131ml\u0131k listede finansal sorunlardan dolay\u0131 bekleyen Europcar ile birlikte doping ile ad\u0131 an\u0131lan Astana yer alm\u0131yor. Olay\u0131n ge\u00e7mi\u015fi ise\u2026","rel":"","context":"&quot;Haberler&quot; i\u00e7inde","block_context":{"text":"Haberler","link":"https:\/\/aynakol.org\/?cat=251"},"img":{"alt_text":"2014 Tour de France - Stage 16","src":"https:\/\/i0.wp.com\/aynakol.org\/wp-content\/uploads\/2014\/12\/TDF_Nibali_in_peloton.jpg?resize=350%2C200","width":350,"height":200,"srcset":"https:\/\/i0.wp.com\/aynakol.org\/wp-content\/uploads\/2014\/12\/TDF_Nibali_in_peloton.jpg?resize=350%2C200 1x, https:\/\/i0.wp.com\/aynakol.org\/wp-content\/uploads\/2014\/12\/TDF_Nibali_in_peloton.jpg?resize=525%2C300 1.5x"},"classes":[]},{"id":408,"url":"https:\/\/aynakol.org\/?p=408","url_meta":{"origin":365,"position":1},"title":"UCI, Astana&#8217;n\u0131n 2015 lisans\u0131n\u0131 onaylad\u0131","author":"aeroms","date":"11 Aral\u0131k 2014","format":false,"excerpt":"Biz hen\u00fcz bunu yazacakken: \"Astana tak\u0131m\u0131 her ge\u00e7en g\u00fcn yeni bir man\u015fete konu oluyor. Bu sefer La Gazetta De La Sport\u2019un haberine g\u00f6re \u00fcnl\u00fc doping uzman\u0131 ve bisikletin \u00fcst\u00fcndeki karanl\u0131k olarak tan\u0131mlanan Dr. Michelle Ferrari, 2014 ba\u015f\u0131nda Astana tak\u0131m\u0131n\u0131 ziyaret etmi\u015f. Dr. Ferrari bunu reddederkeen, Astana tak\u0131m\u0131ndan hala bir cevap\u2026","rel":"","context":"&quot;Haberler&quot; i\u00e7inde","block_context":{"text":"Haberler","link":"https:\/\/aynakol.org\/?cat=251"},"img":{"alt_text":"","src":"","width":0,"height":0},"classes":[]},{"id":713,"url":"https:\/\/aynakol.org\/?p=713","url_meta":{"origin":365,"position":2},"title":"Doping: Astana&#8217;n\u0131n lisans\u0131 &#8220;yine&#8221; iptal edilebilir!","author":"Ayd\u0131n Bez","date":"27 \u015eubat 2015","format":false,"excerpt":"UCI, Lisans Komisyonu\u2019ndan Astana\u2019n\u0131n ProTeam lisans\u0131n\u0131n iptal edilmesini talep ediyor. Hem de bu sefer ask\u0131ya al\u0131nma olay\u0131 filan da yok, ortada barz bir ger\u00e7ek var ve temizlenmesi bisiklet sporu ve k\u00fclt\u00fcr\u00fc ad\u0131na \u015fart. Astana'n\u0131n kirli tarihi sonuna yakla\u015fm\u0131\u015f olabilir. UCI'dan dopingle sava\u015f anlam\u0131nda tarihi bir a\u00e7\u0131klama: http:\/\/t.co\/gaT4L148S4\u2014 \u0130nan \u00d6zdemir (@inanozdemir)\u2026","rel":"","context":"&quot;Haberler&quot; i\u00e7inde","block_context":{"text":"Haberler","link":"https:\/\/aynakol.org\/?cat=251"},"img":{"alt_text":"","src":"https:\/\/i0.wp.com\/aynakol.org\/wp-content\/uploads\/2015\/02\/bettiniphoto_0198197_1_full_670.jpg?fit=670%2C446&ssl=1&resize=350%2C200","width":350,"height":200,"srcset":"https:\/\/i0.wp.com\/aynakol.org\/wp-content\/uploads\/2015\/02\/bettiniphoto_0198197_1_full_670.jpg?fit=670%2C446&ssl=1&resize=350%2C200 1x, https:\/\/i0.wp.com\/aynakol.org\/wp-content\/uploads\/2015\/02\/bettiniphoto_0198197_1_full_670.jpg?fit=670%2C446&ssl=1&resize=525%2C300 1.5x"},"classes":[]},{"id":249,"url":"https:\/\/aynakol.org\/?p=249","url_meta":{"origin":365,"position":3},"title":"Ve huzurlar\u0131n\u0131zda 102. le Tour de France!","author":"Ayd\u0131n Bez","date":"23 Ekim 2014","format":false,"excerpt":"102. kez d\u00fczenlenecek d\u00fcnyan\u0131n olimpiyatlardan sonra en \u00e7ok ilgi \u00e7eken spor olay\u0131 le Tour de France 2015 sunumu bug\u00fcn yap\u0131ld\u0131. 4-26 Temmuz tarihleri aras\u0131nda yap\u0131lacak olan tur Hollanda'n\u0131n Utrect \u015fehrinden ba\u015flay\u0131p Bel\u00e7ika'dan ge\u00e7erek yine her zamanki gibi Paris'te bitecek. Heyecanl\u0131 bir tur olaca\u011f\u0131 kesin. \u00c7\u00fcnk\u00fc Roubaix'nin kald\u0131r\u0131m ta\u015flar\u0131 da var\u2026","rel":"","context":"&quot;Grand Tour&quot; i\u00e7inde","block_context":{"text":"Grand Tour","link":"https:\/\/aynakol.org\/?cat=92"},"img":{"alt_text":"","src":"https:\/\/i0.wp.com\/aynakol.org\/wp-content\/uploads\/2014\/10\/tdf_2015_poster.png?fit=745%2C575&ssl=1&resize=350%2C200","width":350,"height":200,"srcset":"https:\/\/i0.wp.com\/aynakol.org\/wp-content\/uploads\/2014\/10\/tdf_2015_poster.png?fit=745%2C575&ssl=1&resize=350%2C200 1x, https:\/\/i0.wp.com\/aynakol.org\/wp-content\/uploads\/2014\/10\/tdf_2015_poster.png?fit=745%2C575&ssl=1&resize=525%2C300 1.5x, https:\/\/i0.wp.com\/aynakol.org\/wp-content\/uploads\/2014\/10\/tdf_2015_poster.png?fit=745%2C575&ssl=1&resize=700%2C400 2x"},"classes":[]},{"id":1411,"url":"https:\/\/aynakol.org\/?p=1411","url_meta":{"origin":365,"position":4},"title":"#LucaPaolini yasakl\u0131 madde kulland\u0131\u011f\u0131 i\u00e7in #TDF2015 d\u0131\u015f\u0131 kald\u0131!","author":"Ayd\u0131n Bez","date":"11 Temmuz 2015","format":false,"excerpt":"Team Katusha tak\u0131m\u0131n\u0131n \u0130talyan Pedal\u0131 Luca Paolini'nin Le Tour de France 2015 devam ederken 8. etap bitiminden sonra tur i\u00e7inde yap\u0131lan doping kontrol\u00fcnde kan - idrar \u00f6rne\u011finde yasakl\u0131 madde buluntu\u011fu UC\u0130 taraf\u0131ndan a\u00e7\u0131kland\u0131. Asl\u0131nda doping de\u011fil de kulland\u0131\u011f\u0131 madde kokain. Pelotonun k\u0131z\u0131l sakall\u0131, sar\u0131 ayakkab\u0131l\u0131 \u0130talyan pedal\u0131 Luca Paolini sevenlerini\u2026","rel":"","context":"&quot;Grand Tour&quot; i\u00e7inde","block_context":{"text":"Grand Tour","link":"https:\/\/aynakol.org\/?cat=92"},"img":{"alt_text":"2015-tour-de-france-luca-paolini-doping-610x350","src":"https:\/\/i0.wp.com\/aynakol.org\/wp-content\/uploads\/2015\/07\/2015-tour-de-france-luca-paolini-doping-610x350.jpg?resize=350%2C200","width":350,"height":200,"srcset":"https:\/\/i0.wp.com\/aynakol.org\/wp-content\/uploads\/2015\/07\/2015-tour-de-france-luca-paolini-doping-610x350.jpg?resize=350%2C200 1x, https:\/\/i0.wp.com\/aynakol.org\/wp-content\/uploads\/2015\/07\/2015-tour-de-france-luca-paolini-doping-610x350.jpg?resize=525%2C300 1.5x"},"classes":[]},{"id":2198,"url":"https:\/\/aynakol.org\/?p=2198","url_meta":{"origin":365,"position":5},"title":"#TDU Tour Down Under 2016 Rehberi","author":"Ayd\u0131n Bez","date":"15 Ocak 2016","format":false,"excerpt":"Bisiklet yar\u0131\u015flar\u0131 denilince akla Avrupan\u0131n gelmesi normal, neticede Avrupal\u0131 bir spor bisiklet. Ancak yaratt\u0131\u011f\u0131 heyecan ve a\u015f\u0131lad\u0131\u011f\u0131 umut evrensel. Bu heyecan\u0131 ilk kez 1999 y\u0131l\u0131nda k\u0131tan\u0131n \u00e7ok uzu\u011f\u0131nda ama yabanc\u0131s\u0131 olmad\u0131\u011f\u0131 topraklarda, Avustralyada g\u00f6rmek, ya\u015famak m\u00fcmk\u00fcn. \u00dcstelik sezonun a\u00e7\u0131l\u0131\u015f\u0131yla! \u00a0 Sezon a\u00e7\u0131l\u0131\u015f\u0131 \u00f6nemli, zira tak\u0131mlar yeni forma tasar\u0131mlar\u0131n\u0131, bisikletlerini, tak\u0131m\u2026","rel":"","context":"&quot;Stage Races&quot; i\u00e7inde","block_context":{"text":"Stage Races","link":"https:\/\/aynakol.org\/?cat=1143"},"img":{"alt_text":"","src":"https:\/\/i0.wp.com\/aynakol.org\/wp-content\/uploads\/2016\/01\/TDU2015_Stage4_6.jpg?fit=1001%2C489&ssl=1&resize=350%2C200","width":350,"height":200,"srcset":"https:\/\/i0.wp.com\/aynakol.org\/wp-content\/uploads\/2016\/01\/TDU2015_Stage4_6.jpg?fit=1001%2C489&ssl=1&resize=350%2C200 1x, https:\/\/i0.wp.com\/aynakol.org\/wp-content\/uploads\/2016\/01\/TDU2015_Stage4_6.jpg?fit=1001%2C489&ssl=1&resize=525%2C300 1.5x, https:\/\/i0.wp.com\/aynakol.org\/wp-content\/uploads\/2016\/01\/TDU2015_Stage4_6.jpg?fit=1001%2C489&ssl=1&resize=700%2C400 2x"},"classes":[]}],"_links":{"self":[{"href":"https:\/\/aynakol.org\/index.php?rest_route=\/wp\/v2\/posts\/365","targetHints":{"allow":["GET"]}}],"collection":[{"href":"https:\/\/aynakol.org\/index.php?rest_route=\/wp\/v2\/posts"}],"about":[{"href":"https:\/\/aynakol.org\/index.php?rest_route=\/wp\/v2\/types\/post"}],"author":[{"embeddable":true,"href":"https:\/\/aynakol.org\/index.php?rest_route=\/wp\/v2\/users\/8"}],"replies":[{"embeddable":true,"href":"https:\/\/aynakol.org\/index.php?rest_route=%2Fwp%2Fv2%2Fcomments&post=365"}],"version-history":[{"count":3,"href":"https:\/\/aynakol.org\/index.php?rest_route=\/wp\/v2\/posts\/365\/revisions"}],"predecessor-version":[{"id":368,"href":"https:\/\/aynakol.org\/index.php?rest_route=\/wp\/v2\/posts\/365\/revisions\/368"}],"wp:attachment":[{"href":"https:\/\/aynakol.org\/index.php?rest_route=%2Fwp%2Fv2%2Fmedia&parent=365"}],"wp:term":[{"taxonomy":"category","embeddable":true,"href":"https:\/\/aynakol.org\/index.php?rest_route=%2Fwp%2Fv2%2Fcategories&post=365"},{"taxonomy":"post_tag","embeddable":true,"href":"https:\/\/aynakol.org\/index.php?rest_route=%2Fwp%2Fv2%2Ftags&post=365"}],"curies":[{"name":"wp","href":"https:\/\/api.w.org\/{rel}","templated":true}]}}