{"id":4229,"date":"2016-08-20T10:00:02","date_gmt":"2016-08-20T07:00:02","guid":{"rendered":"http:\/\/aynakol.org\/?p=4229"},"modified":"2016-08-20T21:40:47","modified_gmt":"2016-08-20T18:40:47","slug":"lavuelta2016-1-etap-balneario-laias-%e2%86%92-castrelo-de-mino-29-4-km","status":"publish","type":"post","link":"https:\/\/aynakol.org\/?p=4229","title":{"rendered":"#LaVuelta2016 1. Etap: Balneario Laias \u2192 Castrelo de Mi\u00f1o, 29.4 km"},"content":{"rendered":"<p><span style=\"font-family: georgia, palatino, serif; font-size: 12pt;\">A\u00e7\u0131l\u0131\u015f etab\u0131 i\u00e7in La Vuelta&#8217;n\u0131n ilk ve son d\u00fczl\u00fck etab\u0131 diyebiliriz. Zira yakla\u015f\u0131k 30 km uzunlu\u011fundaki tak\u0131m zamana kar\u015f\u0131 purkuru sonras\u0131, hemen ikinci etapta t\u0131rman\u0131\u015flar ba\u015fl\u0131yor, ta ki Madride kadar! Biri La Vuelta&#8217;n\u0131n tan\u0131m\u0131n\u0131 m\u0131 merak etti? \u0130\u015fte La Vuelta: <strong>da\u011flar\u0131n kalbine yolculuk!<\/strong><\/span><\/p>\n<div id=\"attachment_4227\" style=\"width: 610px\" class=\"wp-caption aligncenter\"><a href=\"https:\/\/i0.wp.com\/aynakol.org\/wp-content\/uploads\/2016\/08\/LaVuelta2016_profile_stage1.jpg\"><img data-recalc-dims=\"1\" loading=\"lazy\" decoding=\"async\" aria-describedby=\"caption-attachment-4227\" data-attachment-id=\"4227\" data-permalink=\"https:\/\/aynakol.org\/?attachment_id=4227\" data-orig-file=\"https:\/\/i0.wp.com\/aynakol.org\/wp-content\/uploads\/2016\/08\/LaVuelta2016_profile_stage1.jpg?fit=600%2C263&amp;ssl=1\" data-orig-size=\"600,263\" data-comments-opened=\"1\" data-image-meta=\"{&quot;aperture&quot;:&quot;0&quot;,&quot;credit&quot;:&quot;&quot;,&quot;camera&quot;:&quot;&quot;,&quot;caption&quot;:&quot;&quot;,&quot;created_timestamp&quot;:&quot;0&quot;,&quot;copyright&quot;:&quot;&quot;,&quot;focal_length&quot;:&quot;0&quot;,&quot;iso&quot;:&quot;0&quot;,&quot;shutter_speed&quot;:&quot;0&quot;,&quot;title&quot;:&quot;&quot;,&quot;orientation&quot;:&quot;0&quot;}\" data-image-title=\"LaVuelta2016_profile_stage1\" data-image-description=\"\" data-image-caption=\"&lt;p&gt;    La Vuelta 2016 1. Etap profili: akarsu k\u0131y\u0131lar\u0131 boyunca uzanan bir d\u00fczl\u00fckten ibaret.&lt;\/p&gt;\n\" data-large-file=\"https:\/\/i0.wp.com\/aynakol.org\/wp-content\/uploads\/2016\/08\/LaVuelta2016_profile_stage1.jpg?fit=600%2C263&amp;ssl=1\" class=\"size-full wp-image-4227\" src=\"https:\/\/i0.wp.com\/aynakol.org\/wp-content\/uploads\/2016\/08\/LaVuelta2016_profile_stage1.jpg?resize=600%2C263\" alt=\" La Vuelta 2016 1. Etap profili: akarsu k\u0131y\u0131lar\u0131 boyunca uzanan bir d\u00fczl\u00fckten ibaret.\" width=\"600\" height=\"263\" srcset=\"https:\/\/i0.wp.com\/aynakol.org\/wp-content\/uploads\/2016\/08\/LaVuelta2016_profile_stage1.jpg?w=600&amp;ssl=1 600w, https:\/\/i0.wp.com\/aynakol.org\/wp-content\/uploads\/2016\/08\/LaVuelta2016_profile_stage1.jpg?resize=300%2C132&amp;ssl=1 300w\" sizes=\"auto, (max-width: 600px) 100vw, 600px\" \/><\/a><p id=\"caption-attachment-4227\" class=\"wp-caption-text\">La Vuelta 2016 1. Etap profili: akarsu k\u0131y\u0131lar\u0131 boyunca uzanan bir d\u00fczl\u00fckten ibaret.<\/p><\/div>\n<p><span style=\"font-family: georgia, palatino, serif; font-size: 12pt;\"><a href=\"http:\/\/www.letour.fr\/PHOTOS\/VUE\/2016\/100\/CARTE.jpg\" target=\"_blank\">Balneario Laias \u2192 Castrelo de Mi\u00f1o aras\u0131nda<\/a> pedallanacak tak\u0131m zamana kar\u015f\u0131 (TTT: Team Time Trial) a\u00e7\u0131l\u0131\u015f etab\u0131 29.4 km uzunlu\u011funda; tak\u0131mlar \u00e7oktand\u0131r <a href=\"https:\/\/twitter.com\/Movistar_Team\/status\/766676285959577600\" target=\"_blank\"><em>recon ride<\/em><\/a>, yani yar\u0131\u015ftaym\u0131\u015f\u00e7as\u0131na <a href=\"https:\/\/twitter.com\/IAM_Cycling\/status\/766568281251672064\" target=\"_blank\">parkuru tan\u0131ma s\u00fcr\u00fc\u015fleri yap\u0131yor<\/a>. \u00d6zellikle 10. etaba dek durmak bilmeksizin pe\u015fi s\u0131ra t\u0131rman\u0131\u015flar\u0131n olaca\u011f\u0131n\u0131 d\u00fc\u015f\u00fcn\u00fcrsek genel klasman favorilerinin tak\u0131mlar\u0131, <em>Team SKY, Tinkoff, Orica-GreenEdge, LottoNL-Jumbo, Movistar,<\/em> tak\u0131m zamana kar\u015f\u0131 etab\u0131nda ciddi bir fark yaratmak isteyecektir. <\/span><\/p>\n<p><strong><span style=\"font-family: georgia, palatino, serif; font-size: 12pt;\">Daha fazlas\u0131 i\u00e7in<\/span><\/strong><\/p>\n<ul style=\"list-style-type: circle;\">\n<li><span style=\"font-size: 12pt; font-family: georgia,palatino,serif;\">1. Etap hakk\u0131nda her \u015fey: <a href=\"http:\/\/www.steephill.tv\/vuelta-a-espana\/#01-preview-2016\" target=\"_blank\">Steephill.TV<\/a><\/span><\/li>\n<li><span style=\"font-size: 12pt; font-family: georgia,palatino,serif;\">1. Etap s\u0131ral\u0131 liste: <a href=\"http:\/\/www.procyclingstats.com\/race.php?id=163746\" target=\"_blank\">ProCyclingStats.com<\/a><\/span><\/li>\n<li><span style=\"font-size: 12pt; font-family: georgia,palatino,serif;\"><a href=\"http:\/\/www.lavuelta.com\/\">La Vuelta<\/a> sosyal medya hesaplar\u0131: <a href=\"https:\/\/www.facebook.com\/lavuelta\" target=\"_blank\">Facebook<\/a> , <a href=\"https:\/\/twitter.com\/lavuelta\" target=\"_blank\">Twitter<\/a><\/span><\/li>\n<li><span style=\"font-size: 12pt; font-family: georgia,palatino,serif;\">Bisikletta &#8211; Edit\u00f6ryal \u0130\u015fler pek bir g\u00fczel yazm\u0131\u015f: <a href=\"https:\/\/twitter.com\/IAM_Cycling\/status\/766568281251672064\" target=\"_blank\">Vuelta a Espana 2016&#8217;ya \u00f6n bak\u0131\u015f<\/a><\/span><\/li>\n<\/ul>\n<p><!--nextpage--><\/p>\n<p><span style=\"font-family: georgia,palatino,serif; font-size: 12pt;\"><strong>Etap sonras\u0131<\/strong><\/span><\/p>\n<p><span class=\"fbPhotoCaptionText\" style=\"font-family: georgia,palatino,serif; font-size: 12pt;\">29,4 km uzunlu\u011fundaki tak\u0131m zamana kar\u015f\u0131 etab\u0131nda beklendi\u011fi gibi BMC Racing Team \u00fcst\u00fcnl\u00fck sa\u011flasa da sona do\u011fru Movistar tak\u0131m\u0131n\u0131n yapt\u0131\u011f\u0131 ataklar sonu\u00e7 verdi ve liderli\u011fi ele ald\u0131 derken Team SKY inan\u0131lmaz bir tempoyla ayn\u0131 zamanda yar\u0131\u015f\u0131 bitirdi: 30 dk 37 sn. <\/span><\/p>\n<div id=\"attachment_4236\" style=\"width: 905px\" class=\"wp-caption aligncenter\"><a href=\"https:\/\/i0.wp.com\/aynakol.org\/wp-content\/uploads\/2016\/08\/Ekran-G%C3%B6r%C3%BCnt%C3%BCs%C3%BC-2016-08-20-212335.png\"><img data-recalc-dims=\"1\" loading=\"lazy\" decoding=\"async\" aria-describedby=\"caption-attachment-4236\" data-attachment-id=\"4236\" data-permalink=\"https:\/\/aynakol.org\/?attachment_id=4236\" data-orig-file=\"https:\/\/i0.wp.com\/aynakol.org\/wp-content\/uploads\/2016\/08\/Ekran-G%C3%B6r%C3%BCnt%C3%BCs%C3%BC-2016-08-20-212335.png?fit=895%2C530&amp;ssl=1\" data-orig-size=\"895,530\" data-comments-opened=\"1\" data-image-meta=\"{&quot;aperture&quot;:&quot;0&quot;,&quot;credit&quot;:&quot;&quot;,&quot;camera&quot;:&quot;&quot;,&quot;caption&quot;:&quot;&quot;,&quot;created_timestamp&quot;:&quot;0&quot;,&quot;copyright&quot;:&quot;&quot;,&quot;focal_length&quot;:&quot;0&quot;,&quot;iso&quot;:&quot;0&quot;,&quot;shutter_speed&quot;:&quot;0&quot;,&quot;title&quot;:&quot;&quot;,&quot;orientation&quot;:&quot;0&quot;}\" data-image-title=\"Ekran G\u00f6r\u00fcnt\u00fcs\u00fc &amp;#8211; 2016-08-20 21:23:35\" data-image-description=\"\" data-image-caption=\"&lt;p&gt;1. Etap sonu\u00e7lar\u0131&lt;\/p&gt;\n\" data-large-file=\"https:\/\/i0.wp.com\/aynakol.org\/wp-content\/uploads\/2016\/08\/Ekran-G%C3%B6r%C3%BCnt%C3%BCs%C3%BC-2016-08-20-212335.png?fit=860%2C509&amp;ssl=1\" class=\"size-full wp-image-4236\" src=\"https:\/\/i0.wp.com\/aynakol.org\/wp-content\/uploads\/2016\/08\/Ekran-G%C3%B6r%C3%BCnt%C3%BCs%C3%BC-2016-08-20-212335.png?resize=860%2C509\" alt=\"1. Etap sonu\u00e7lar\u0131\" width=\"860\" height=\"509\" srcset=\"https:\/\/i0.wp.com\/aynakol.org\/wp-content\/uploads\/2016\/08\/Ekran-G%C3%B6r%C3%BCnt%C3%BCs%C3%BC-2016-08-20-212335.png?w=895&amp;ssl=1 895w, https:\/\/i0.wp.com\/aynakol.org\/wp-content\/uploads\/2016\/08\/Ekran-G%C3%B6r%C3%BCnt%C3%BCs%C3%BC-2016-08-20-212335.png?resize=300%2C178&amp;ssl=1 300w, https:\/\/i0.wp.com\/aynakol.org\/wp-content\/uploads\/2016\/08\/Ekran-G%C3%B6r%C3%BCnt%C3%BCs%C3%BC-2016-08-20-212335.png?resize=768%2C455&amp;ssl=1 768w\" sizes=\"auto, (max-width: 860px) 100vw, 860px\" \/><\/a><p id=\"caption-attachment-4236\" class=\"wp-caption-text\">1. Etap sonu\u00e7lar\u0131<\/p><\/div>\n<p><span class=\"fbPhotoCaptionText\" style=\"font-family: georgia,palatino,serif; font-size: 12pt;\">Genel klasman favorileri aras\u0131nda g\u00fcn\u00fcn kaybedeni ise kesinlikle Tinkoff tak\u0131m\u0131 oldu, zira genel klasman iddial\u0131s\u0131 Alberto Contador yine tak\u0131m\u0131n\u0131n azizli\u011fine u\u011frad\u0131 ve Chris Froome, Nairo Quintana&#8217;dan 52 saniye fark yedi. <\/span><\/p>\n<p><span class=\"fbPhotoCaptionText\" style=\"font-family: georgia,palatino,serif; font-size: 12pt;\"><span style=\"background-color: #ff0000;\"><strong>Maglio Rojo,<\/strong> <\/span>yani K\u0131rm\u0131z\u0131 mayoyu yar\u0131n Team SKY&#8217;dan Peter Kennaugh giyecek.<\/span><\/p>\n","protected":false},"excerpt":{"rendered":"<p>A\u00e7\u0131l\u0131\u015f etab\u0131 i\u00e7in La Vuelta&#8217;n\u0131n ilk ve son d\u00fczl\u00fck etab\u0131 diyebiliriz. Zira yakla\u015f\u0131k 30 km uzunlu\u011fundaki tak\u0131m zamana kar\u015f\u0131 purkuru sonras\u0131, hemen ikinci etapta t\u0131rman\u0131\u015flar [&#8230;]<\/p>\n","protected":false},"author":1,"featured_media":4202,"comment_status":"open","ping_status":"open","sticky":false,"template":"","format":"standard","meta":{"jetpack_post_was_ever_published":false,"_jetpack_newsletter_access":"","_jetpack_dont_email_post_to_subs":false,"_jetpack_newsletter_tier_id":0,"_jetpack_memberships_contains_paywalled_content":false,"_jetpack_memberships_contains_paid_content":false,"footnotes":"","jetpack_publicize_message":"#LaVuelta2016 ba\u015flas\u0131n! TTT \u015feklinde pedallanacak 1. Etap 29.4 km uzunlu\u011funda. Genel Klasman favorilerinin tak\u0131mlar\u0131 ellerinden gelenin en iyisini yapmaya \u00e7al\u0131\u015facak, zira \u00f6n\u00fcm\u00fczdeki 10 g\u00fcn boyunca d\u00fczl\u00fck yok.","jetpack_publicize_feature_enabled":true,"jetpack_social_post_already_shared":true,"jetpack_social_options":{"image_generator_settings":{"template":"highway","default_image_id":0,"font":"","enabled":false},"version":2}},"categories":[91],"tags":[19,65,24,17,1320,26,83,15,963,434,1003,16,233,1319,952,955,803,22,222,1092,831,1010,20,30,23,14,234,1318],"class_list":["post-4229","post","type-post","status-publish","format-standard","has-post-thumbnail","hentry","category-vuelta-2","tag-alberto-contador","tag-alejandro-valverde","tag-astana","tag-bisiklet-turu","tag-chaves","tag-chris-froome","tag-contador","tag-espana","tag-esteban-chaves","tag-froome","tag-froomey","tag-ispanya","tag-ispanya-bisiklet-turu","tag-kruijswijk","tag-la-vuelta","tag-la-vuelta-a-espana","tag-lottonl-jumbo","tag-movistar","tag-nairo-quintana","tag-orica-greeenedge","tag-quintana","tag-steven-kruijswijk","tag-team-sky","tag-tinkoff","tag-valverde","tag-vuelta","tag-vuelta-a-espana","tag-vuelta-espana"],"jetpack_publicize_connections":[],"jetpack_featured_media_url":"https:\/\/i0.wp.com\/aynakol.org\/wp-content\/uploads\/2016\/08\/LaVuelta2016_banner.jpg?fit=686%2C350&ssl=1","jetpack_sharing_enabled":true,"jetpack_shortlink":"https:\/\/wp.me\/p51p4O-16d","jetpack_likes_enabled":true,"jetpack-related-posts":[{"id":4271,"url":"https:\/\/aynakol.org\/?p=4271","url_meta":{"origin":4229,"position":0},"title":"#LaVuelta2016 6. Etap: Monforte de Lemos \u2192 Luintra, 163 km","author":"Ayd\u0131n Bez","date":"25 A\u011fustos 2016","format":false,"excerpt":"D\u00fcn araya yanl\u0131\u015fl\u0131kla kar\u0131\u015fan d\u00fczl\u00fck etap sonras\u0131 y\u00f6n\u00fcm\u00fcz, y\u00fcz\u00fcm\u00fcz yine da\u011flara d\u00f6n\u00fcyor: ter ve ac\u0131yla yo\u011frulacak 163 km uzunlu\u011fundaki 6. Etap Monforte de Lemos \u2192 Luintra aras\u0131nda dolamba\u00e7l\u0131 yollarda pedallanacak. 163 km uzunlu\u011fundaki etab\u0131n ilk yar\u0131s\u0131 nispeten d\u00fcz say\u0131lacak bir profilde; g\u00fcn\u00fcn as\u0131l men\u00fcs\u00fc etab\u0131n ikinci yar\u0131s\u0131nda pelotonun kar\u015f\u0131s\u0131na \u015fef\u2026","rel":"","context":"&quot;Vuelta a Espana&quot; i\u00e7inde","block_context":{"text":"Vuelta a Espana","link":"https:\/\/aynakol.org\/?cat=91"},"img":{"alt_text":"","src":"https:\/\/i0.wp.com\/aynakol.org\/wp-content\/uploads\/2016\/08\/LaVuelta2016_profile_stage5_weather_condition.jpg?fit=1200%2C800&ssl=1&resize=350%2C200","width":350,"height":200,"srcset":"https:\/\/i0.wp.com\/aynakol.org\/wp-content\/uploads\/2016\/08\/LaVuelta2016_profile_stage5_weather_condition.jpg?fit=1200%2C800&ssl=1&resize=350%2C200 1x, https:\/\/i0.wp.com\/aynakol.org\/wp-content\/uploads\/2016\/08\/LaVuelta2016_profile_stage5_weather_condition.jpg?fit=1200%2C800&ssl=1&resize=525%2C300 1.5x, https:\/\/i0.wp.com\/aynakol.org\/wp-content\/uploads\/2016\/08\/LaVuelta2016_profile_stage5_weather_condition.jpg?fit=1200%2C800&ssl=1&resize=700%2C400 2x, https:\/\/i0.wp.com\/aynakol.org\/wp-content\/uploads\/2016\/08\/LaVuelta2016_profile_stage5_weather_condition.jpg?fit=1200%2C800&ssl=1&resize=1050%2C600 3x"},"classes":[]},{"id":4279,"url":"https:\/\/aynakol.org\/?p=4279","url_meta":{"origin":4229,"position":1},"title":"#LaVuelta2016 7. Etap: \tMaceda \u2192 Puebla de Sanabria, 159 km","author":"Ayd\u0131n Bez","date":"26 A\u011fustos 2016","format":false,"excerpt":"D\u00fcnk\u00fc etaba pek benzemese de yine bir ge\u00e7i etab\u0131 ile La Vuelta devam ediyor.\u00a0Maceda \u2192 Puebla de Sanabria kentleri aras\u0131nda pedallanacak 7. Etap 159 km uzunlu\u011funda ve hakiki ka\u00e7\u0131\u015f ustalar\u0131 i\u00e7in tasarlanm\u0131\u015f gibi.\u00a0 \u015eayet, Chris Froome Le Tour de France 2016'n\u0131n\u00a0Bagn\u00e8res-de-Luchon kasabas\u0131nda sona eren 8.\u00a0etab\u0131ndaki gibi bir \u00e7\u0131lg\u0131nl\u0131k yapmazsa genel\u2026","rel":"","context":"&quot;Vuelta a Espana&quot; i\u00e7inde","block_context":{"text":"Vuelta a Espana","link":"https:\/\/aynakol.org\/?cat=91"},"img":{"alt_text":"LaVuelta2016_profile_stage7","src":"https:\/\/i0.wp.com\/aynakol.org\/wp-content\/uploads\/2016\/08\/LaVuelta2016_profile_stage7.jpg?resize=350%2C200","width":350,"height":200,"srcset":"https:\/\/i0.wp.com\/aynakol.org\/wp-content\/uploads\/2016\/08\/LaVuelta2016_profile_stage7.jpg?resize=350%2C200 1x, https:\/\/i0.wp.com\/aynakol.org\/wp-content\/uploads\/2016\/08\/LaVuelta2016_profile_stage7.jpg?resize=525%2C300 1.5x"},"classes":[]},{"id":4199,"url":"https:\/\/aynakol.org\/?p=4199","url_meta":{"origin":4229,"position":2},"title":"La Vuelta a Espana 2016 \u00f6n incelemesi","author":"Ayd\u0131n Bez","date":"18 A\u011fustos 2016","format":false,"excerpt":"Ve y\u0131l\u0131n son b\u00fcy\u00fck turu i\u00e7in zaman geldi \u00e7att\u0131! Huzurlar\u0131n\u0131zda da\u011flar\u0131n be\u015fi\u011fi La Vuelta a Espana! Balneario Laias \u2192 Castrelo de Mi\u00f1o aras\u0131nda tak\u0131m zamana kar\u015f\u0131 (TTT: Team Time Trial) ile ba\u015flayacak La Vuelta a Espana 3279 km boyunca \u0130spanyan\u0131n \u00e7o\u011funlukla kuzeyinde dola\u015farak 21 yar\u0131\u015f, 2 de dinlenme g\u00fcn\u00fc sonras\u0131\u2026","rel":"","context":"&quot;Vuelta a Espana&quot; i\u00e7inde","block_context":{"text":"Vuelta a Espana","link":"https:\/\/aynakol.org\/?cat=91"},"img":{"alt_text":"","src":"https:\/\/i0.wp.com\/aynakol.org\/wp-content\/uploads\/2016\/08\/LaVuelta2016_banner.jpg?fit=686%2C350&ssl=1&resize=350%2C200","width":350,"height":200,"srcset":"https:\/\/i0.wp.com\/aynakol.org\/wp-content\/uploads\/2016\/08\/LaVuelta2016_banner.jpg?fit=686%2C350&ssl=1&resize=350%2C200 1x, https:\/\/i0.wp.com\/aynakol.org\/wp-content\/uploads\/2016\/08\/LaVuelta2016_banner.jpg?fit=686%2C350&ssl=1&resize=525%2C300 1.5x"},"classes":[]},{"id":4261,"url":"https:\/\/aynakol.org\/?p=4261","url_meta":{"origin":4229,"position":3},"title":"#LaVuelta2016 5. Etap: Viveiro \u2192 Lugo, 172 km","author":"Ayd\u0131n Bez","date":"24 A\u011fustos 2016","format":false,"excerpt":"Etap hakk\u0131nda Daha ilk haftada pe\u015fpe\u015fe ge\u00e7ilen iki zorlu zirve biti\u015fi sonras\u0131nda kar\u015f\u0131m\u0131zda yorgun bacaklar\u0131n dinlenmeye f\u0131rsat bulaca\u011f\u0131 bir etap var. BMC tak\u0131m\u0131n\u0131n Kolombiyal\u0131 pedal\u0131 Darvin Atapuma'n\u0131n Maglia Rojo ile ba\u015flayaca\u011f\u0131 etap peloton i\u00e7in adeta aktif dinlenme g\u00fcn\u00fc. Deniz k\u0131y\u0131s\u0131ndaki Viveiro kentinden, tepeleri, ge\u00e7itleri a\u015f\u0131p i\u00e7eriye Lugo kentine do\u011fru uzand\u0131\u011f\u0131m\u0131z\u2026","rel":"","context":"&quot;Vuelta a Espana&quot; i\u00e7inde","block_context":{"text":"Vuelta a Espana","link":"https:\/\/aynakol.org\/?cat=91"},"img":{"alt_text":"","src":"https:\/\/i0.wp.com\/aynakol.org\/wp-content\/uploads\/2016\/08\/LaVuelta2016_profile_stage5_winner_Gianni_Meersman1.jpg?fit=1000%2C666&ssl=1&resize=350%2C200","width":350,"height":200,"srcset":"https:\/\/i0.wp.com\/aynakol.org\/wp-content\/uploads\/2016\/08\/LaVuelta2016_profile_stage5_winner_Gianni_Meersman1.jpg?fit=1000%2C666&ssl=1&resize=350%2C200 1x, https:\/\/i0.wp.com\/aynakol.org\/wp-content\/uploads\/2016\/08\/LaVuelta2016_profile_stage5_winner_Gianni_Meersman1.jpg?fit=1000%2C666&ssl=1&resize=525%2C300 1.5x, https:\/\/i0.wp.com\/aynakol.org\/wp-content\/uploads\/2016\/08\/LaVuelta2016_profile_stage5_winner_Gianni_Meersman1.jpg?fit=1000%2C666&ssl=1&resize=700%2C400 2x"},"classes":[]},{"id":4232,"url":"https:\/\/aynakol.org\/?p=4232","url_meta":{"origin":4229,"position":4},"title":"#LaVuelta2016 2. Etap: Ourense \u2192 Baiona, 159 km","author":"Ayd\u0131n Bez","date":"21 A\u011fustos 2016","format":false,"excerpt":"Team SKY tak\u0131m\u0131n\u0131n galibiyetiyle sona eren d\u00fcnk\u00fc zamana kar\u015f\u0131 etab\u0131n\u0131 geride b\u0131rak\u0131p Gali\u00e7ya b\u00f6lgesinin k\u0131y\u0131s\u0131na do\u011fru pedall\u0131yoruz. 159 km uzunlu\u011fundaki 2. Etapta termal ve kapl\u0131calar diyar\u0131\u00a0Ourense kentinden yola \u00e7\u0131kacak olan peloton Atlas okyanusu k\u0131y\u0131s\u0131ndaki\u00a0Baiona kentine uzanacak.\u00a0 159 km uzunlu\u011fundaki etab\u0131n ilk 60 km'si d\u00fcz say\u0131labilecek bir profilde. Sonras\u0131nda ise \u0131s\u0131nm\u0131\u015f\u2026","rel":"","context":"&quot;Vuelta a Espana&quot; i\u00e7inde","block_context":{"text":"Vuelta a Espana","link":"https:\/\/aynakol.org\/?cat=91"},"img":{"alt_text":"","src":"https:\/\/i0.wp.com\/aynakol.org\/wp-content\/uploads\/2016\/08\/LaVuelta2016_profile_stage2_winner_Gianni_Meersman1.jpg?fit=630%2C421&ssl=1&resize=350%2C200","width":350,"height":200,"srcset":"https:\/\/i0.wp.com\/aynakol.org\/wp-content\/uploads\/2016\/08\/LaVuelta2016_profile_stage2_winner_Gianni_Meersman1.jpg?fit=630%2C421&ssl=1&resize=350%2C200 1x, https:\/\/i0.wp.com\/aynakol.org\/wp-content\/uploads\/2016\/08\/LaVuelta2016_profile_stage2_winner_Gianni_Meersman1.jpg?fit=630%2C421&ssl=1&resize=525%2C300 1.5x"},"classes":[]},{"id":4251,"url":"https:\/\/aynakol.org\/?p=4251","url_meta":{"origin":4229,"position":5},"title":"#LaVuelta2016 4. Etap: Betanzos \u2192 San Andr\u00e9 de Teixid\u00f3, 161 km","author":"Ayd\u0131n Bez","date":"23 A\u011fustos 2016","format":false,"excerpt":"Etap \u00f6ncesi D\u00fcnk\u00fc zirvede biten 3. Etap sonras\u0131 h\u0131z kesmeden bug\u00fcn bir tane daha zirve biti\u015fiyle devam ediyor La Vuelta! A\u00e7\u0131k\u00e7as\u0131 bu t\u0131rman\u0131\u015flar ilk dinlenme g\u00fcn\u00fcne dek s\u00fcrecek!\u00a0 Kar\u015f\u0131m\u0131zda d\u00fcnk\u00fc etab\u0131n birebir kopyas\u0131 var. K\u0131y\u0131dan k\u0131y\u0131ya pedallamaya devam: Betanzos \u2192 San Andr\u00e9 de Teixid\u00f3 aras\u0131nda pedallanacak 4. Etap 161 km\u2026","rel":"","context":"&quot;Vuelta a Espana&quot; i\u00e7inde","block_context":{"text":"Vuelta a Espana","link":"https:\/\/aynakol.org\/?cat=91"},"img":{"alt_text":"","src":"https:\/\/i0.wp.com\/aynakol.org\/wp-content\/uploads\/2016\/08\/LaVuelta2016_profile_stage4_peloton.jpg?fit=1000%2C666&ssl=1&resize=350%2C200","width":350,"height":200,"srcset":"https:\/\/i0.wp.com\/aynakol.org\/wp-content\/uploads\/2016\/08\/LaVuelta2016_profile_stage4_peloton.jpg?fit=1000%2C666&ssl=1&resize=350%2C200 1x, https:\/\/i0.wp.com\/aynakol.org\/wp-content\/uploads\/2016\/08\/LaVuelta2016_profile_stage4_peloton.jpg?fit=1000%2C666&ssl=1&resize=525%2C300 1.5x, https:\/\/i0.wp.com\/aynakol.org\/wp-content\/uploads\/2016\/08\/LaVuelta2016_profile_stage4_peloton.jpg?fit=1000%2C666&ssl=1&resize=700%2C400 2x"},"classes":[]}],"_links":{"self":[{"href":"https:\/\/aynakol.org\/index.php?rest_route=\/wp\/v2\/posts\/4229","targetHints":{"allow":["GET"]}}],"collection":[{"href":"https:\/\/aynakol.org\/index.php?rest_route=\/wp\/v2\/posts"}],"about":[{"href":"https:\/\/aynakol.org\/index.php?rest_route=\/wp\/v2\/types\/post"}],"author":[{"embeddable":true,"href":"https:\/\/aynakol.org\/index.php?rest_route=\/wp\/v2\/users\/1"}],"replies":[{"embeddable":true,"href":"https:\/\/aynakol.org\/index.php?rest_route=%2Fwp%2Fv2%2Fcomments&post=4229"}],"version-history":[{"count":5,"href":"https:\/\/aynakol.org\/index.php?rest_route=\/wp\/v2\/posts\/4229\/revisions"}],"predecessor-version":[{"id":4235,"href":"https:\/\/aynakol.org\/index.php?rest_route=\/wp\/v2\/posts\/4229\/revisions\/4235"}],"wp:featuredmedia":[{"embeddable":true,"href":"https:\/\/aynakol.org\/index.php?rest_route=\/wp\/v2\/media\/4202"}],"wp:attachment":[{"href":"https:\/\/aynakol.org\/index.php?rest_route=%2Fwp%2Fv2%2Fmedia&parent=4229"}],"wp:term":[{"taxonomy":"category","embeddable":true,"href":"https:\/\/aynakol.org\/index.php?rest_route=%2Fwp%2Fv2%2Fcategories&post=4229"},{"taxonomy":"post_tag","embeddable":true,"href":"https:\/\/aynakol.org\/index.php?rest_route=%2Fwp%2Fv2%2Ftags&post=4229"}],"curies":[{"name":"wp","href":"https:\/\/api.w.org\/{rel}","templated":true}]}}