{"id":4460,"date":"2016-12-17T10:10:01","date_gmt":"2016-12-17T07:10:01","guid":{"rendered":"http:\/\/aynakol.org\/?p=4460"},"modified":"2016-12-17T10:54:17","modified_gmt":"2016-12-17T07:54:17","slug":"crud-roadracer-mk3-incelemesi","status":"publish","type":"post","link":"https:\/\/aynakol.org\/?p=4460","title":{"rendered":"Crud Road Racer MK3 \u00e7amurluk incelemesi"},"content":{"rendered":"<p><span style=\"font-size: 12pt; font-family: georgia, palatino, serif;\">Hali haz\u0131rda bu sene de Transcontinental Race yar\u0131\u015f\u0131na kat\u0131laca\u011f\u0131m ve ge\u00e7en seneki gibi idman eksikli\u011fiyle yar\u0131\u015fmak istemedi\u011fimden say\u0131l\u0131 g\u00fcnleri bo\u015f ge\u00e7memek ad\u0131na elimden geldi\u011fince pedallamak amac\u0131nday\u0131m. Haliyle mevsimlerden k\u0131\u015f ve haftan\u0131n her g\u00fcn\u00fc kapal\u0131, ya\u011f\u0131\u015fl\u0131; <a href=\"https:\/\/eksisozluk.com\/entry\/39859004\" target=\"_blank\">hele \u0130stanbul gibi altyap\u0131s\u0131 felaket bir \u015fehirde<\/a> kuru kalmak imkans\u0131z! Hem kuru kalmak\u00a0hem de idmanlar\u0131 aksatmamak ad\u0131na Cannondale CaadX bisikletime uygun bir \u00e7amurluk aray\u0131\u015f\u0131 i\u00e7ine girdim.<br \/>\n<\/span><\/p>\n<p>&nbsp;<\/p>\n<div id=\"attachment_4470\" style=\"width: 870px\" class=\"wp-caption aligncenter\"><img data-recalc-dims=\"1\" loading=\"lazy\" decoding=\"async\" aria-describedby=\"caption-attachment-4470\" data-attachment-id=\"4470\" data-permalink=\"https:\/\/aynakol.org\/?attachment_id=4470\" data-orig-file=\"https:\/\/i0.wp.com\/aynakol.org\/wp-content\/uploads\/2016\/12\/IMG_20160319_105629.jpg?fit=3264%2C2448&amp;ssl=1\" data-orig-size=\"3264,2448\" data-comments-opened=\"1\" data-image-meta=\"{&quot;aperture&quot;:&quot;2.4&quot;,&quot;credit&quot;:&quot;&quot;,&quot;camera&quot;:&quot;Nexus 5&quot;,&quot;caption&quot;:&quot;&quot;,&quot;created_timestamp&quot;:&quot;1458384989&quot;,&quot;copyright&quot;:&quot;&quot;,&quot;focal_length&quot;:&quot;3.97&quot;,&quot;iso&quot;:&quot;127&quot;,&quot;shutter_speed&quot;:&quot;0.008335384&quot;,&quot;title&quot;:&quot;&quot;,&quot;orientation&quot;:&quot;1&quot;}\" data-image-title=\"IMG_20160319_105629\" data-image-description=\"\" data-image-caption=\"&lt;p&gt;Mahsus ve Ayhan ile birlikte \u00e7\u0131kt\u0131\u011f\u0131m\u0131z ya\u011fmurlu bir tur sonras\u0131 halim; Mahsus karede yok ama o da ayn\u0131 halde. (Mart 2016)&lt;\/p&gt;\n\" data-large-file=\"https:\/\/i0.wp.com\/aynakol.org\/wp-content\/uploads\/2016\/12\/IMG_20160319_105629.jpg?fit=860%2C645&amp;ssl=1\" class=\"size-large wp-image-4470\" src=\"https:\/\/i0.wp.com\/aynakol.org\/wp-content\/uploads\/2016\/12\/IMG_20160319_105629.jpg?resize=860%2C645\" alt=\"\" width=\"860\" height=\"645\" srcset=\"https:\/\/i0.wp.com\/aynakol.org\/wp-content\/uploads\/2016\/12\/IMG_20160319_105629.jpg?resize=1024%2C768&amp;ssl=1 1024w, https:\/\/i0.wp.com\/aynakol.org\/wp-content\/uploads\/2016\/12\/IMG_20160319_105629.jpg?resize=300%2C225&amp;ssl=1 300w, https:\/\/i0.wp.com\/aynakol.org\/wp-content\/uploads\/2016\/12\/IMG_20160319_105629.jpg?resize=768%2C576&amp;ssl=1 768w, https:\/\/i0.wp.com\/aynakol.org\/wp-content\/uploads\/2016\/12\/IMG_20160319_105629.jpg?w=1720 1720w, https:\/\/i0.wp.com\/aynakol.org\/wp-content\/uploads\/2016\/12\/IMG_20160319_105629.jpg?w=2580 2580w\" sizes=\"auto, (max-width: 860px) 100vw, 860px\" \/><p id=\"caption-attachment-4470\" class=\"wp-caption-text\">Mahsus ve Ayhan ile birlikte \u00e7\u0131kt\u0131\u011f\u0131m\u0131z ya\u011fmurlu bir tur sonras\u0131 halim; Mahsus karede yok ama o da ayn\u0131 halde. (Mart 2016)<\/p><\/div>\n<p><span style=\"font-size: 12pt; font-family: georgia, palatino, serif;\">Birlikte pedallad\u0131\u011f\u0131m arkada\u015f\u0131m ve bir di\u011fer T\u00fcrk TCRno4 kat\u0131l\u0131mc\u0131s\u0131 Serta\u00e7 bisikleti Mason Definition i\u00e7in <a href=\"https:\/\/i0.wp.com\/aynakol.org\/wp-content\/uploads\/2016\/12\/IMG_7683.jpg?resize=1024%2C768\" target=\"_blank\">SKS Longboard \u00e7amurluk<\/a> al\u0131nca bende denemek istedim. SKS arka tekere uymas\u0131na kar\u015f\u0131n \u00f6n tekerle ma\u015fa aras\u0131nda baya\u011f\u0131 b\u00fcy\u00fck bir bo\u015fluk\u00a0kal\u0131nca\u00a0g\u00f6z\u00fcm\u00fc d\u0131\u015far\u0131ya diktim. <\/span><\/p>\n<div id=\"attachment_4476\" style=\"width: 870px\" class=\"wp-caption aligncenter\"><img data-recalc-dims=\"1\" loading=\"lazy\" decoding=\"async\" aria-describedby=\"caption-attachment-4476\" data-attachment-id=\"4476\" data-permalink=\"https:\/\/aynakol.org\/?attachment_id=4476\" data-orig-file=\"https:\/\/i0.wp.com\/aynakol.org\/wp-content\/uploads\/2016\/12\/26160_crud_road_racer_mk3_mudguards.jpg?fit=1280%2C1024&amp;ssl=1\" data-orig-size=\"1280,1024\" data-comments-opened=\"1\" data-image-meta=\"{&quot;aperture&quot;:&quot;0&quot;,&quot;credit&quot;:&quot;&quot;,&quot;camera&quot;:&quot;&quot;,&quot;caption&quot;:&quot;&quot;,&quot;created_timestamp&quot;:&quot;0&quot;,&quot;copyright&quot;:&quot;&quot;,&quot;focal_length&quot;:&quot;0&quot;,&quot;iso&quot;:&quot;0&quot;,&quot;shutter_speed&quot;:&quot;0&quot;,&quot;title&quot;:&quot;&quot;,&quot;orientation&quot;:&quot;1&quot;}\" data-image-title=\"26160_crud_road_racer_mk3_mudguards\" data-image-description=\"\" data-image-caption=\"&lt;p&gt;Crud Road Racer MK3 \u00e7amurluk seti&lt;\/p&gt;\n\" data-large-file=\"https:\/\/i0.wp.com\/aynakol.org\/wp-content\/uploads\/2016\/12\/26160_crud_road_racer_mk3_mudguards.jpg?fit=860%2C688&amp;ssl=1\" class=\"size-large wp-image-4476\" src=\"https:\/\/i0.wp.com\/aynakol.org\/wp-content\/uploads\/2016\/12\/26160_crud_road_racer_mk3_mudguards.jpg?resize=860%2C688\" alt=\"\" width=\"860\" height=\"688\" srcset=\"https:\/\/i0.wp.com\/aynakol.org\/wp-content\/uploads\/2016\/12\/26160_crud_road_racer_mk3_mudguards.jpg?resize=1024%2C819&amp;ssl=1 1024w, https:\/\/i0.wp.com\/aynakol.org\/wp-content\/uploads\/2016\/12\/26160_crud_road_racer_mk3_mudguards.jpg?resize=300%2C240&amp;ssl=1 300w, https:\/\/i0.wp.com\/aynakol.org\/wp-content\/uploads\/2016\/12\/26160_crud_road_racer_mk3_mudguards.jpg?resize=768%2C614&amp;ssl=1 768w, https:\/\/i0.wp.com\/aynakol.org\/wp-content\/uploads\/2016\/12\/26160_crud_road_racer_mk3_mudguards.jpg?w=1280&amp;ssl=1 1280w\" sizes=\"auto, (max-width: 860px) 100vw, 860px\" \/><p id=\"caption-attachment-4476\" class=\"wp-caption-text\">Crud Road Racer MK3 \u00e7amurluk seti<\/p><\/div>\n<p><span style=\"font-size: 12pt; font-family: georgia, palatino, serif;\">Crud markas\u0131n\u0131n Roadracer MK2 modelini biliyordum, \u00e7amurluk ihtiyac\u0131 ya\u011fmurlar\u0131n s\u0131kla\u015fmas\u0131yla\u00a0birlikte art\u0131nca almak istedim ama modelin revize edildi\u011fini g\u00f6rd\u00fcm: Roadracer MK3. Zaten eski model de sat\u0131lm\u0131yor hi\u00e7bir yerde. Revize edilen model eskiye g\u00f6re bir ad\u0131m \u00f6ne ge\u00e7mi\u015f: Eski seride \u00e7amurluk kadroya plastik kelep\u00e7elerle ba\u011flan\u0131rken yeni seride kuvvetli c\u0131rt c\u0131rtlar yard\u0131m\u0131yla montaj yap\u0131l\u0131yor. Biraz ara\u015ft\u0131r\u0131nca herkesin hem fikir oldu\u011fu konu\u00a0<\/span><span style=\"font-size: 12pt; font-family: georgia, palatino, serif;\">di\u011fer \u00e7amurluklara g\u00f6re hafif ve kullan\u0131m\u0131n\u0131n pratik olmas\u0131; kullan\u0131m pratik ama montaj\u0131 \u00f6yle de\u011fil. Tamam tornavida, Allex Hex anahtar\u0131 ile giri\u015fmiyoruz ama ilk montaj dikkat gerektiriyor. A\u00e7\u0131klayaca\u011f\u0131m:<\/span><\/p>\n<p><img data-recalc-dims=\"1\" loading=\"lazy\" decoding=\"async\" data-attachment-id=\"4481\" data-permalink=\"https:\/\/aynakol.org\/?attachment_id=4481\" data-orig-file=\"https:\/\/i0.wp.com\/aynakol.org\/wp-content\/uploads\/2016\/12\/collage.jpg?fit=1200%2C360&amp;ssl=1\" data-orig-size=\"1200,360\" data-comments-opened=\"1\" data-image-meta=\"{&quot;aperture&quot;:&quot;0&quot;,&quot;credit&quot;:&quot;&quot;,&quot;camera&quot;:&quot;&quot;,&quot;caption&quot;:&quot;&quot;,&quot;created_timestamp&quot;:&quot;0&quot;,&quot;copyright&quot;:&quot;&quot;,&quot;focal_length&quot;:&quot;0&quot;,&quot;iso&quot;:&quot;0&quot;,&quot;shutter_speed&quot;:&quot;0&quot;,&quot;title&quot;:&quot;&quot;,&quot;orientation&quot;:&quot;0&quot;}\" data-image-title=\"collage\" data-image-description=\"\" data-image-caption=\"\" data-large-file=\"https:\/\/i0.wp.com\/aynakol.org\/wp-content\/uploads\/2016\/12\/collage.jpg?fit=860%2C258&amp;ssl=1\" class=\"aligncenter size-large wp-image-4481\" src=\"https:\/\/i0.wp.com\/aynakol.org\/wp-content\/uploads\/2016\/12\/collage.jpg?resize=860%2C258\" alt=\"\" width=\"860\" height=\"258\" srcset=\"https:\/\/i0.wp.com\/aynakol.org\/wp-content\/uploads\/2016\/12\/collage.jpg?resize=1024%2C307&amp;ssl=1 1024w, https:\/\/i0.wp.com\/aynakol.org\/wp-content\/uploads\/2016\/12\/collage.jpg?resize=300%2C90&amp;ssl=1 300w, https:\/\/i0.wp.com\/aynakol.org\/wp-content\/uploads\/2016\/12\/collage.jpg?resize=768%2C230&amp;ssl=1 768w, https:\/\/i0.wp.com\/aynakol.org\/wp-content\/uploads\/2016\/12\/collage.jpg?w=1200&amp;ssl=1 1200w\" sizes=\"auto, (max-width: 860px) 100vw, 860px\" \/><\/p>\n<p><span style=\"font-size: 12pt; font-family: georgia, palatino, serif;\">Bisikletim saf kan bir Cyclo Cross &#8211; CX oldu\u011fundan \u00f6n ve arka teker \u00f6l\u00e7\u00fcleri normal yol bisikletlerinden biraz farkl\u0131: \u00d6n teker ile ma\u015fa aras\u0131nda; \u00e7amurda, zorlu patikalarda kullan\u0131m\u0131 gere\u011fi; baya\u011f\u0131 bo\u015fluk var ve bu \u00f6n teker montaj\u0131nda dikkat gerektiriyor, denedi\u011fim bir\u00e7ok \u00e7amurluk markas\u0131nda ara par\u00e7alar ya k\u0131sa kald\u0131 ya da yetersiz geldi: Ara ba\u011flant\u0131 par\u00e7as\u0131 k\u0131sa kal\u0131nca \u00e7amurluk ma\u015faya yakla\u015f\u0131yor ve \u00f6n tekerden gelen su oldu\u011fu gibi \u00fczerime savruluyor&#8230; <\/span><\/p>\n<p>&nbsp;<\/p>\n<p><span style=\"font-size: 12pt; font-family: georgia, palatino, serif;\">Crud Road Racer MK3 modelinde ise uyumsuz herhangi bir par\u00e7a yok, dikkat edince sorun ya\u015famad\u0131m.\u00a0Paketinden tek par\u00e7a halinde \u00e7\u0131kan \u00f6n ve arka \u00e7amurluk ma\u015fan\u0131n i\u00e7 k\u0131sm\u0131na (fork inseam) ve kadronun arka \u00e7eki borular\u0131na (seat stay) kuvvetli iki adet c\u0131rt c\u0131rt yard\u0131m\u0131yla ba\u011flan\u0131yor.\u00a0<\/span><\/p>\n<p>&nbsp;<\/p>\n<p><iframe loading=\"lazy\" src=\"\/\/www.youtube.com\/embed\/0K01MqALj1o\" width=\"560\" height=\"315\" frameborder=\"0\" allowfullscreen=\"allowfullscreen\"><\/iframe><\/p>\n<p>&nbsp;<\/p>\n<p><span style=\"font-size: 12pt; font-family: georgia, palatino, serif;\">\u00d6n ve arka \u00e7amurluk iki par\u00e7adan olu\u015fuyor: \u00f6n \u00e7amurluk daha ince ve hassas, arka k\u0131sm\u0131n ek par\u00e7as\u0131 tek bir vida, \u00f6n k\u0131s\u0131m da yap\u0131\u015fkanla\u00a0yap\u0131l\u0131yor, duruma g\u00f6re kullan\u0131p kullanmamak size kalm\u0131\u015f. Bu ek par\u00e7alar \u00e7amurlu\u011fun koruma alan\u0131n\u0131n geni\u015fli\u011fini belirliyor \u00e7\u00fcnk\u00fc.\u00a0Ma\u015fan\u0131n i\u00e7ine yap\u0131\u015ft\u0131r\u0131lan c\u0131rtlar\u0131 ne olur ne olmaz diyerek kablo kelep\u00e7esi ile sa\u011flamla\u015ft\u0131rd\u0131m. Arka \u00e7amurlu\u011fun sallanmas\u0131n\u0131\u00a0engelleyip sa\u011flamla\u015ft\u0131rmak i\u00e7in \u00f6n vitesin ba\u011fland\u0131\u011f\u0131 sele borusuna (seat tube) kelep\u00e7elenecek bir par\u00e7a var, montaj\u0131na dikkat etmek gerekiyor.<br \/>\n<\/span><\/p>\n<p>&nbsp;<\/p>\n<p><span style=\"font-size: 12pt; font-family: georgia, palatino, serif;\">\u00c7amurlu\u011fu zorlu \u015fartlarda test etme imkan\u0131m oldu: Birlikte pedallad\u0131\u011f\u0131m H\u0131zl\u0131 ve Pedall\u0131 ekibimizin favori rotalar\u0131 Beykozun <a href=\"https:\/\/www.strava.com\/activities\/793252947\" target=\"_blank\">Mahmut \u015eevket Pa\u015fa K\u00f6y\u00fc<\/a> ve \u00d6merli Baraj G\u00f6l\u00fc k\u0131y\u0131s\u0131na kurulu <a href=\"https:\/\/www.strava.com\/activities\/767872102\" target=\"_blank\">Kurtdo\u011fmu\u015f K\u00f6y\u00fc<\/a>, \u015eile eteklerinde yer alan B\u0131\u00e7k\u0131dereden G\u00f6\u00e7beyliye uzanan boktan yollar&#8230;\u00a0 Hepsinde yan\u0131mda oldu diyebilirim. En son \u0130stanbul Avrupa yakas\u0131ndan Anadoluya bir <a href=\"https:\/\/www.strava.com\/activities\/800585151\" target=\"_blank\">255 km pedallad\u0131m<\/a>, son 150 km&#8217;yi ya\u011fmur alt\u0131nda ge\u00e7ince \u00e7amurluk tek ger\u00e7e\u011fim oldu!<br \/>\n<\/span><\/p>\n<p>&nbsp;<\/p>\n<blockquote class=\"instagram-media\" style=\"background: #FFF; border: 0; border-radius: 3px; box-shadow: 0 0 1px 0 rgba(0,0,0,0.5),0 1px 10px 0 rgba(0,0,0,0.15); margin: 1px; max-width: 658px; padding: 0; width: calc(100% - 2px);\" data-instgrm-captioned=\"\" data-instgrm-version=\"7\">\n<div style=\"padding: 8px;\">\n<div style=\"background: #F8F8F8; line-height: 0; margin-top: 40px; padding: 50.0% 0; text-align: center; width: 100%;\"><\/div>\n<p style=\"margin: 8px 0 0 0; padding: 0 4px;\"><a style=\"color: #000; font-family: Arial,sans-serif; font-size: 14px; font-style: normal; font-weight: normal; line-height: 17px; text-decoration: none; word-wrap: break-word;\" href=\"https:\/\/www.instagram.com\/p\/BNrYsZuhdfa\/\" target=\"_blank\">@ridecannondale @oakleybike @oakley @oakleyendurance @iamspecialized @rapha @raphacycleclub @castellicycling @dt_swiss_cycling @pocsports @poc_aus_nz @santinisms @goreapparel @trpcycling #Cannondale #CannondaleCaadX #oakley #oakleyglasses #rapha #gorebikewear #castelli #DTswiss #pocsports #santini #trphyrd<\/a><\/p>\n<p style=\"color: #c9c8cd; font-family: Arial,sans-serif; font-size: 14px; line-height: 17px; margin-bottom: 0; margin-top: 8px; overflow: hidden; padding: 8px 0 7px; text-align: center; text-overflow: ellipsis; white-space: nowrap;\">A photo posted by Berk Okyay (@brkkyy) on <time style=\"font-family: Arial,sans-serif; font-size: 14px; line-height: 17px;\" datetime=\"2016-12-06T13:47:29+00:00\">Dec 6, 2016 at 5:47am PST<\/time><\/p>\n<\/div>\n<\/blockquote>\n<p><script async defer src=\"\/\/platform.instagram.com\/en_US\/embeds.js\"><\/script><\/p>\n<p><span style=\"font-size: 12pt; font-family: georgia, palatino, serif;\"><strong>Art\u0131lar\u0131:<\/strong> Bisiklet \u0131slansa da s\u00fcr\u00fcc\u00fc kuru kal\u0131yor, hafifli\u011finden dolay\u0131 bisiklette \u00e7amurluk oldu\u011funu hissetmiyorsunuz, haliyle bir a\u011f\u0131rl\u0131k olmad\u0131\u011f\u0131ndan h\u0131z kayb\u0131 da olmuyor. <\/span><\/p>\n<p><span style=\"font-size: 12pt; font-family: georgia, palatino, serif;\"><strong>Eksileri<\/strong>: Tasar\u0131m\u0131ndan \u00f6t\u00fcr\u00fc \u00e7amurlu\u011fun baz\u0131 yerleri inceliyor arkada ve \u00f6zellikle \u00f6n k\u0131sm\u0131n d\u0131\u015f taraf\u0131nda, bu az da olsa bisikletin kirlenmesine sebep oluyor. Ayr\u0131ca yolda giderken\u00a0\u00f6n \u00e7amurluk arkaya g\u00f6re daha \u00e7ok sallan\u0131yor, fakat hi\u00e7bir \u015fekilde lasti\u011fe s\u00fcrt\u00fcnm\u00fcyor.<\/span><\/p>\n<p><span style=\"font-size: 12pt; font-family: georgia, palatino, serif;\"><strong>Nas\u0131l al\u0131n\u0131r? <\/strong><a href=\"http:\/\/www.crudproducts.com\/product\/roadracer-mk3\/\" target=\"_blank\">Kendi sitelerinden<\/a> <strong>35 Sterline<\/strong> sat\u0131n alabilirsiniz, \u0130ngiltere d\u0131\u015f\u0131na sorunsuz yolluyorlar. <a href=\"https:\/\/www.merlincycles.com\/crud-road-racer-mk3-mudguards-94775.html\" target=\"_blank\">Merlin Cycles<\/a> sitesi de kargo hari\u00e7 <strong>32 Avroya<\/strong> sat\u0131yor.<br \/>\n<\/span><\/p>\n<p><span style=\"font-size: 12pt; font-family: georgia, palatino, serif;\"><strong>Son karar:<\/strong> Son olarak k\u0131\u015f aylar\u0131 i\u00e7in kal\u0131c\u0131 bir \u00e7\u00f6z\u00fcm olup d\u00f6rt mevsim de kullan\u0131labilir bir \u00e7amurluk, \u015fahsen ben art\u0131k \u00e7\u0131kartmay\u0131 d\u00fc\u015f\u00fcnm\u00fcyorum. Tabii ki Nisan ay\u0131ndan sonra i\u015fler de\u011fi\u015febilir. \ud83d\ude42 <\/span><\/p>\n<p><span style=\"font-size: 12pt; font-family: georgia, palatino, serif;\">Bir ben de\u011filim tabii ki kullanan, Crud firmas\u0131n\u0131n internet ma\u011fazas\u0131nda <a href=\"http:\/\/www.crudproducts.com\/your-photos\/\" target=\"_blank\">di\u011fer kullan\u0131c\u0131lar\u0131n foto\u011fraflar\u0131<\/a> yer al\u0131yor, kendi bisikletinizin ayn\u0131s\u0131 elbet vard\u0131r, k\u0131yaslama yapabilirsiniz.<\/span><\/p>\n<div id=\"attachment_4464\" style=\"width: 1010px\" class=\"wp-caption aligncenter\"><img data-recalc-dims=\"1\" loading=\"lazy\" decoding=\"async\" aria-describedby=\"caption-attachment-4464\" data-attachment-id=\"4464\" data-permalink=\"https:\/\/aynakol.org\/?attachment_id=4464\" data-orig-file=\"https:\/\/i0.wp.com\/aynakol.org\/wp-content\/uploads\/2016\/12\/DSC_0136.jpg?fit=1000%2C563&amp;ssl=1\" data-orig-size=\"1000,563\" data-comments-opened=\"1\" data-image-meta=\"{&quot;aperture&quot;:&quot;2&quot;,&quot;credit&quot;:&quot;&quot;,&quot;camera&quot;:&quot;C6903&quot;,&quot;caption&quot;:&quot;&quot;,&quot;created_timestamp&quot;:&quot;1481013325&quot;,&quot;copyright&quot;:&quot;&quot;,&quot;focal_length&quot;:&quot;4.9&quot;,&quot;iso&quot;:&quot;50&quot;,&quot;shutter_speed&quot;:&quot;0.00125&quot;,&quot;title&quot;:&quot;&quot;,&quot;orientation&quot;:&quot;1&quot;}\" data-image-title=\"DSC_0136\" data-image-description=\"\" data-image-caption=\"&lt;p&gt;\u00c7amurluklar\u0131yla temiz, tertemiz bisikletim.&lt;\/p&gt;\n\" data-large-file=\"https:\/\/i0.wp.com\/aynakol.org\/wp-content\/uploads\/2016\/12\/DSC_0136.jpg?fit=860%2C484&amp;ssl=1\" class=\"size-full wp-image-4464\" src=\"https:\/\/i0.wp.com\/aynakol.org\/wp-content\/uploads\/2016\/12\/DSC_0136.jpg?resize=860%2C484\" alt=\"\" width=\"860\" height=\"484\" srcset=\"https:\/\/i0.wp.com\/aynakol.org\/wp-content\/uploads\/2016\/12\/DSC_0136.jpg?w=1000&amp;ssl=1 1000w, https:\/\/i0.wp.com\/aynakol.org\/wp-content\/uploads\/2016\/12\/DSC_0136.jpg?resize=300%2C169&amp;ssl=1 300w, https:\/\/i0.wp.com\/aynakol.org\/wp-content\/uploads\/2016\/12\/DSC_0136.jpg?resize=768%2C432&amp;ssl=1 768w\" sizes=\"auto, (max-width: 860px) 100vw, 860px\" \/><p id=\"caption-attachment-4464\" class=\"wp-caption-text\">\u00c7amurlukla birlikte sadece poponun kuru kalmas\u0131 de\u011fil olay, bisikletin temiz kalmas\u0131 da \u00f6nemli. Zira \u00e7amur ve pislik vites, fren ve jantlara da zarar, \u00fcstelik kirlendik\u00e7e artan temizlik maliyetleri de \u00e7abas\u0131.<\/p><\/div>\n","protected":false},"excerpt":{"rendered":"<p>Hali haz\u0131rda bu sene de Transcontinental Race yar\u0131\u015f\u0131na kat\u0131laca\u011f\u0131m ve ge\u00e7en seneki gibi idman eksikli\u011fiyle yar\u0131\u015fmak istemedi\u011fimden say\u0131l\u0131 g\u00fcnleri bo\u015f ge\u00e7memek ad\u0131na elimden geldi\u011fince pedallamak [&#8230;]<\/p>\n","protected":false},"author":13,"featured_media":4465,"comment_status":"open","ping_status":"open","sticky":false,"template":"","format":"standard","meta":{"jetpack_post_was_ever_published":false,"_jetpack_newsletter_access":"","_jetpack_dont_email_post_to_subs":true,"_jetpack_newsletter_tier_id":0,"_jetpack_memberships_contains_paywalled_content":false,"_jetpack_memberships_contains_paid_content":false,"footnotes":"","jetpack_publicize_message":"Trainer Lobisine inat her \u015fey k\u0131\u015f\u0131n d\u0131\u015far\u0131da bisiklet s\u00fcrebilmek i\u00e7in: Crud Roadracer mk3 \u00e7amurluk incelemesi.","jetpack_publicize_feature_enabled":true,"jetpack_social_post_already_shared":true,"jetpack_social_options":{"image_generator_settings":{"template":"highway","default_image_id":0,"font":"","enabled":false},"version":2}},"categories":[252],"tags":[1344,617,1352,1366,1364,1365,1367,1363,1347,1368,1369,1345],"class_list":["post-4460","post","type-post","status-publish","format-standard","has-post-thumbnail","hentry","category-urun-incelemesi","tag-camurluk","tag-cannondale","tag-crud","tag-crud-road-race-mk2","tag-crud-road-racer","tag-crud-road-racer-mk3","tag-crud-roadracer","tag-crud-roadracer-mk3","tag-fender","tag-merlin-cycles","tag-mud-guard","tag-mudguard"],"jetpack_publicize_connections":[],"jetpack_featured_media_url":"https:\/\/i0.wp.com\/aynakol.org\/wp-content\/uploads\/2016\/12\/DSC_01181.jpg?fit=1000%2C563&ssl=1","jetpack_sharing_enabled":true,"jetpack_shortlink":"https:\/\/wp.me\/p51p4O-19W","jetpack_likes_enabled":true,"jetpack-related-posts":[{"id":4049,"url":"https:\/\/aynakol.org\/?p=4049","url_meta":{"origin":4460,"position":0},"title":"Transcontinental Race 2016","author":"Ayd\u0131n Bez","date":"29 Temmuz 2016","format":false,"excerpt":"Yakla\u015f\u0131k 3800\u00a0km uzunlu\u011funda tek bir etap, Birbirinden zorlu onlarca da\u011f ge\u00e7idi ve 50000 metre irtifa kazanc\u0131, Rota yok, Destek yok, Fiziksel ac\u0131 ve psikolojik m\u00fccadele... 182 tek, 33 \u00e7ift kat\u0131l\u0131mc\u0131 \u00a0 Huzurlar\u0131n\u0131zda Transcontinental Race 2016! \u0130lki 2013 y\u0131l\u0131nda d\u00fczenlenen TCR \u0130ngiltere Londradan ba\u015flay\u0131p \u0130stanbulda sona ermi\u015fti. \u0130kinci sene de ayn\u0131\u2026","rel":"","context":"&quot;TCR2016&quot; i\u00e7inde","block_context":{"text":"TCR2016","link":"https:\/\/aynakol.org\/?cat=1307"},"img":{"alt_text":"","src":"https:\/\/i0.wp.com\/aynakol.org\/wp-content\/uploads\/2016\/07\/TCR2016_main_logo-e1469791665477.png?fit=802%2C277&ssl=1&resize=350%2C200","width":350,"height":200,"srcset":"https:\/\/i0.wp.com\/aynakol.org\/wp-content\/uploads\/2016\/07\/TCR2016_main_logo-e1469791665477.png?fit=802%2C277&ssl=1&resize=350%2C200 1x, https:\/\/i0.wp.com\/aynakol.org\/wp-content\/uploads\/2016\/07\/TCR2016_main_logo-e1469791665477.png?fit=802%2C277&ssl=1&resize=525%2C300 1.5x, https:\/\/i0.wp.com\/aynakol.org\/wp-content\/uploads\/2016\/07\/TCR2016_main_logo-e1469791665477.png?fit=802%2C277&ssl=1&resize=700%2C400 2x"},"classes":[]},{"id":4164,"url":"https:\/\/aynakol.org\/?p=4164","url_meta":{"origin":4460,"position":1},"title":"TCRno4: 14. G\u00fcn Durum Raporu \u2013 12 A\u011fustos 2016","author":"Ayd\u0131n Bez","date":"12 A\u011fustos 2016","format":false,"excerpt":"Balkan Ekspresi neredeyse \u0130psala s\u0131n\u0131r\u0131na yakla\u015ft\u0131! Transcontinental Race 2016'da bug\u00fcn - yar\u0131n mutlu sona yakla\u015f\u0131yoruz. Berk mi? O vize problemiyle, da\u011flarla son kez hesapla\u015fmak i\u00e7in h\u00e2l\u00e2 yollarda. Yar\u0131\u015f biter ama b\u0131y\u0131kl\u0131n\u0131n \u00e7ilesi bitmez!\u00a0 \u00a0 #TCRno4p206 Muammer ve Burkay Yunanistan\u0131n kuzeyini esir alan sert Ege r\u00fczgarlar\u0131na, teknik aksakl\u0131klara ve art\u0131k a\u011fr\u0131dan\u2026","rel":"","context":"&quot;TCR2016&quot; i\u00e7inde","block_context":{"text":"TCR2016","link":"https:\/\/aynakol.org\/?cat=1307"},"img":{"alt_text":"","src":"https:\/\/i0.wp.com\/aynakol.org\/wp-content\/uploads\/2016\/07\/TCR2016_main_logo-e1469791665477.png?fit=802%2C277&ssl=1&resize=350%2C200","width":350,"height":200,"srcset":"https:\/\/i0.wp.com\/aynakol.org\/wp-content\/uploads\/2016\/07\/TCR2016_main_logo-e1469791665477.png?fit=802%2C277&ssl=1&resize=350%2C200 1x, https:\/\/i0.wp.com\/aynakol.org\/wp-content\/uploads\/2016\/07\/TCR2016_main_logo-e1469791665477.png?fit=802%2C277&ssl=1&resize=525%2C300 1.5x, https:\/\/i0.wp.com\/aynakol.org\/wp-content\/uploads\/2016\/07\/TCR2016_main_logo-e1469791665477.png?fit=802%2C277&ssl=1&resize=700%2C400 2x"},"classes":[]},{"id":4194,"url":"https:\/\/aynakol.org\/?p=4194","url_meta":{"origin":4460,"position":2},"title":"TCRno4: 19. G\u00fcn Durum Raporu \u2013 17 A\u011fustos 2016","author":"Ayd\u0131n Bez","date":"17 A\u011fustos 2016","format":false,"excerpt":"Ve bitti... Dahas\u0131 biz, Berk bitti demeden bu i\u015f bitmez demeden bitti lanet olas\u0131ca dedi ve bitti!\u00a0Tabii\u00a0#TCRno4 sonras\u0131 Berk de bitlendi! \u015eakas\u0131 bir yana binbir macera ve bedireleri #PedalED heybesine doldurup Bel\u00e7ikadan \u00c7anakkaleye uzanan 3537 km sonras\u0131 memlekete d\u00f6nen #TCRno4s55 Berk \"The B\u0131y\u0131k Power\" \u00f6nce yorgun d\u00fc\u015fen kaslar\u0131 i\u00e7in kelle\u2026","rel":"","context":"&quot;TCR2016&quot; i\u00e7inde","block_context":{"text":"TCR2016","link":"https:\/\/aynakol.org\/?cat=1307"},"img":{"alt_text":"","src":"https:\/\/i0.wp.com\/aynakol.org\/wp-content\/uploads\/2016\/08\/2016-08-17-07.33.22.jpg?fit=1200%2C675&ssl=1&resize=350%2C200","width":350,"height":200,"srcset":"https:\/\/i0.wp.com\/aynakol.org\/wp-content\/uploads\/2016\/08\/2016-08-17-07.33.22.jpg?fit=1200%2C675&ssl=1&resize=350%2C200 1x, https:\/\/i0.wp.com\/aynakol.org\/wp-content\/uploads\/2016\/08\/2016-08-17-07.33.22.jpg?fit=1200%2C675&ssl=1&resize=525%2C300 1.5x, https:\/\/i0.wp.com\/aynakol.org\/wp-content\/uploads\/2016\/08\/2016-08-17-07.33.22.jpg?fit=1200%2C675&ssl=1&resize=700%2C400 2x, https:\/\/i0.wp.com\/aynakol.org\/wp-content\/uploads\/2016\/08\/2016-08-17-07.33.22.jpg?fit=1200%2C675&ssl=1&resize=1050%2C600 3x"},"classes":[]},{"id":4181,"url":"https:\/\/aynakol.org\/?p=4181","url_meta":{"origin":4460,"position":3},"title":"TCRno4: 16. G\u00fcn Durum Raporu \u2013 14 A\u011fustos 2016","author":"Ayd\u0131n Bez","date":"14 A\u011fustos 2016","format":false,"excerpt":"Ne demi\u015ftik? Berk bitti demeden bu i\u015f bitmez!\u00a0Burkay ailesi ile hasret giderir, Muammer Saat Kulesi dibinde dinlenir, Serta\u00e7 da orman ka\u00e7a\u011f\u0131\u00a0sakallar\u0131n\u0131 tra\u015f ederken ve hepsinden \u00f6te bir yere yeti\u015fmeden uyumak ve de y\u00fcr\u00fcmek h\u00e2l\u00e2 garip gelirken bizim #TCRno4s55 Berk \"The B\u0131y\u0131k\" nerede peki? Vizesi bitmi\u015f bir ka\u00e7ak olarak \u015eengen b\u00f6lgesinde\u2026","rel":"","context":"&quot;TCR2016&quot; i\u00e7inde","block_context":{"text":"TCR2016","link":"https:\/\/aynakol.org\/?cat=1307"},"img":{"alt_text":"","src":"https:\/\/i0.wp.com\/aynakol.org\/wp-content\/uploads\/2016\/08\/13913685_1027581113978423_8736105114019719882_o.jpg?fit=1200%2C487&ssl=1&resize=350%2C200","width":350,"height":200,"srcset":"https:\/\/i0.wp.com\/aynakol.org\/wp-content\/uploads\/2016\/08\/13913685_1027581113978423_8736105114019719882_o.jpg?fit=1200%2C487&ssl=1&resize=350%2C200 1x, https:\/\/i0.wp.com\/aynakol.org\/wp-content\/uploads\/2016\/08\/13913685_1027581113978423_8736105114019719882_o.jpg?fit=1200%2C487&ssl=1&resize=525%2C300 1.5x, https:\/\/i0.wp.com\/aynakol.org\/wp-content\/uploads\/2016\/08\/13913685_1027581113978423_8736105114019719882_o.jpg?fit=1200%2C487&ssl=1&resize=700%2C400 2x, https:\/\/i0.wp.com\/aynakol.org\/wp-content\/uploads\/2016\/08\/13913685_1027581113978423_8736105114019719882_o.jpg?fit=1200%2C487&ssl=1&resize=1050%2C600 3x"},"classes":[]},{"id":4103,"url":"https:\/\/aynakol.org\/?p=4103","url_meta":{"origin":4460,"position":4},"title":"TCRno4: 8. G\u00fcn Durum Raporu \u2013 6 A\u011fustos 2016","author":"Ayd\u0131n Bez","date":"6 A\u011fustos 2016","format":false,"excerpt":"Da\u011flar\u0131n ete\u011fine s\u0131\u011f\u0131nm\u0131\u015f bir \u015fekilde b\u0131rakm\u0131\u015ft\u0131k arkada\u015flar\u0131m\u0131z\u0131 TCRno4 7. g\u00fcn\u00fcnde. Peki bug\u00fcn ne durumdalar? TCRno4p206 2in1 Muammer & Burkay i\u00e7in daha \u00f6nce arap at\u0131 misali ge\u00e7 a\u00e7\u0131ld\u0131lar ama pir a\u00e7\u0131ld\u0131lar demi\u015ftik. \u0130\u015fte, ayn\u0131 durum \u015fimdi TCRno4s55 Berk i\u00e7in ge\u00e7erli! Zira, \u0130svi\u00e7re Alplerinden \u00f6nce b\u00fcy\u00fck belal\u0131s\u0131 vize zaman limitinin s\u0131k\u0131\u015ft\u0131rmas\u0131yla Berk\u2026","rel":"","context":"&quot;TCR2016&quot; i\u00e7inde","block_context":{"text":"TCR2016","link":"https:\/\/aynakol.org\/?cat=1307"},"img":{"alt_text":"","src":"https:\/\/i0.wp.com\/aynakol.org\/wp-content\/uploads\/2016\/07\/TCR2013_race_logo-e1469784350859.jpg?fit=1200%2C696&ssl=1&resize=350%2C200","width":350,"height":200,"srcset":"https:\/\/i0.wp.com\/aynakol.org\/wp-content\/uploads\/2016\/07\/TCR2013_race_logo-e1469784350859.jpg?fit=1200%2C696&ssl=1&resize=350%2C200 1x, https:\/\/i0.wp.com\/aynakol.org\/wp-content\/uploads\/2016\/07\/TCR2013_race_logo-e1469784350859.jpg?fit=1200%2C696&ssl=1&resize=525%2C300 1.5x, https:\/\/i0.wp.com\/aynakol.org\/wp-content\/uploads\/2016\/07\/TCR2013_race_logo-e1469784350859.jpg?fit=1200%2C696&ssl=1&resize=700%2C400 2x, https:\/\/i0.wp.com\/aynakol.org\/wp-content\/uploads\/2016\/07\/TCR2013_race_logo-e1469784350859.jpg?fit=1200%2C696&ssl=1&resize=1050%2C600 3x"},"classes":[]},{"id":4187,"url":"https:\/\/aynakol.org\/?p=4187","url_meta":{"origin":4460,"position":5},"title":"TCRno4: 17. G\u00fcn Durum Raporu \u2013 15 A\u011fustos 2016","author":"Ayd\u0131n Bez","date":"16 A\u011fustos 2016","format":false,"excerpt":"\u00a0 Biti\u015f \u00e7izgisi kontrol noktas\u0131n\u0131n kapanmas\u0131na iki g\u00fcn kala #TCRno4s55 Berk \"The B\u0131y\u0131kl\u0131\" can\u0131n\u0131 di\u015fine tak\u0131p Karada\u011f ve Makedonyay\u0131 geride b\u0131rak\u0131p, evet, sadece otoban\u0131yla me\u015fhur Makedonyan\u0131n boktan yollar\u0131nda beyni ile b\u00f6bre\u011fini sars\u0131nt\u0131dan d\u00fc\u015f\u00fcr\u00fcp, Yunan topraklar\u0131na girdi. \"Ne vizesi olm? Bel\u00e7ikadan gelip T\u00fcrkiyeye gidiyorum diyorum s\u0131n\u0131r m\u0131n\u0131r kalm\u0131yor, ge\u00e7ip gidiyorum. Yunanistana\u2026","rel":"","context":"&quot;TCR2016&quot; i\u00e7inde","block_context":{"text":"TCR2016","link":"https:\/\/aynakol.org\/?cat=1307"},"img":{"alt_text":"","src":"https:\/\/i0.wp.com\/aynakol.org\/wp-content\/uploads\/2016\/08\/TCRno4_Brevet_card.jpg?fit=1200%2C800&ssl=1&resize=350%2C200","width":350,"height":200,"srcset":"https:\/\/i0.wp.com\/aynakol.org\/wp-content\/uploads\/2016\/08\/TCRno4_Brevet_card.jpg?fit=1200%2C800&ssl=1&resize=350%2C200 1x, https:\/\/i0.wp.com\/aynakol.org\/wp-content\/uploads\/2016\/08\/TCRno4_Brevet_card.jpg?fit=1200%2C800&ssl=1&resize=525%2C300 1.5x, https:\/\/i0.wp.com\/aynakol.org\/wp-content\/uploads\/2016\/08\/TCRno4_Brevet_card.jpg?fit=1200%2C800&ssl=1&resize=700%2C400 2x, https:\/\/i0.wp.com\/aynakol.org\/wp-content\/uploads\/2016\/08\/TCRno4_Brevet_card.jpg?fit=1200%2C800&ssl=1&resize=1050%2C600 3x"},"classes":[]}],"_links":{"self":[{"href":"https:\/\/aynakol.org\/index.php?rest_route=\/wp\/v2\/posts\/4460","targetHints":{"allow":["GET"]}}],"collection":[{"href":"https:\/\/aynakol.org\/index.php?rest_route=\/wp\/v2\/posts"}],"about":[{"href":"https:\/\/aynakol.org\/index.php?rest_route=\/wp\/v2\/types\/post"}],"author":[{"embeddable":true,"href":"https:\/\/aynakol.org\/index.php?rest_route=\/wp\/v2\/users\/13"}],"replies":[{"embeddable":true,"href":"https:\/\/aynakol.org\/index.php?rest_route=%2Fwp%2Fv2%2Fcomments&post=4460"}],"version-history":[{"count":12,"href":"https:\/\/aynakol.org\/index.php?rest_route=\/wp\/v2\/posts\/4460\/revisions"}],"predecessor-version":[{"id":4482,"href":"https:\/\/aynakol.org\/index.php?rest_route=\/wp\/v2\/posts\/4460\/revisions\/4482"}],"wp:featuredmedia":[{"embeddable":true,"href":"https:\/\/aynakol.org\/index.php?rest_route=\/wp\/v2\/media\/4465"}],"wp:attachment":[{"href":"https:\/\/aynakol.org\/index.php?rest_route=%2Fwp%2Fv2%2Fmedia&parent=4460"}],"wp:term":[{"taxonomy":"category","embeddable":true,"href":"https:\/\/aynakol.org\/index.php?rest_route=%2Fwp%2Fv2%2Fcategories&post=4460"},{"taxonomy":"post_tag","embeddable":true,"href":"https:\/\/aynakol.org\/index.php?rest_route=%2Fwp%2Fv2%2Ftags&post=4460"}],"curies":[{"name":"wp","href":"https:\/\/api.w.org\/{rel}","templated":true}]}}