{"id":5650,"date":"2018-03-03T13:17:07","date_gmt":"2018-03-03T10:17:07","guid":{"rendered":"http:\/\/aynakol.org\/?p=5650"},"modified":"2018-03-03T18:24:51","modified_gmt":"2018-03-03T15:24:51","slug":"strade-bianche-2018","status":"publish","type":"post","link":"https:\/\/aynakol.org\/?p=5650","title":{"rendered":"Strade Bianche 2018: Tozlu Yollar\u0131nda Pedallad\u0131m da Geldim!"},"content":{"rendered":"<p><span style=\"font-family: georgia, palatino, serif; font-size: 12pt;\">Arap ve \u0130ber Yar\u0131madalar\u0131ndaki haftal\u0131k turlarda genel klasman liderleri boy g\u00f6sterir ge\u00e7en haftaki Gelgian Cobbles Classics yar\u0131\u015flar\u0131yla da ger\u00e7ek anlamda sezon a\u00e7\u0131lm\u0131\u015fken \u015fimdi K\u0131ta Avurpas\u0131n\u0131n ucuna, \u00e7izmeye uzan\u0131yoruz: \u0130talyan\u0131n me\u015fhur \u015farap ba\u011flar\u0131 aras\u0131nda toz, toprak, so\u011fuk ve \u00e7amurla dolu bir m\u00fccadele var kar\u015f\u0131m\u0131zda. Huzurlar\u0131n\u0131zda:\u00a0Strade Bianche!<\/span><\/p>\n<div id=\"attachment_5659\" style=\"width: 1011px\" class=\"wp-caption aligncenter\"><img data-recalc-dims=\"1\" loading=\"lazy\" decoding=\"async\" aria-describedby=\"caption-attachment-5659\" data-attachment-id=\"5659\" data-permalink=\"https:\/\/aynakol.org\/?attachment_id=5659\" data-orig-file=\"https:\/\/i0.wp.com\/aynakol.org\/wp-content\/uploads\/2018\/03\/2017_Strade_Bianchi_winner_Michal_Kwiatkowski.jpg?fit=1001%2C665&amp;ssl=1\" data-orig-size=\"1001,665\" data-comments-opened=\"1\" data-image-meta=\"{&quot;aperture&quot;:&quot;2.8&quot;,&quot;credit&quot;:&quot;Fotoreporter Sirotti Stefano&quot;,&quot;camera&quot;:&quot;NIKON D4&quot;,&quot;caption&quot;:&quot;&quot;,&quot;created_timestamp&quot;:&quot;1488636878&quot;,&quot;copyright&quot;:&quot;sirotti.it&quot;,&quot;focal_length&quot;:&quot;48&quot;,&quot;iso&quot;:&quot;800&quot;,&quot;shutter_speed&quot;:&quot;0.0008&quot;,&quot;title&quot;:&quot;&quot;,&quot;orientation&quot;:&quot;1&quot;}\" data-image-title=\"2017_Strade_Bianchi_winner_Michal_Kwiatkowski\" data-image-description=\"\" data-image-caption=\"&lt;p&gt;Team SKY tak\u0131m\u0131n\u0131n Polonyal\u0131 f\u0131rsatg\u00f6z pedal\u0131 Michal Kwiatkowski yar\u0131\u015f\u0131 ge\u00e7en sene kendisine kazand\u0131ran ve Greg van Avermaeti silkeleyen ata\u011f\u0131n\u0131 yaparken&amp;#8230;&lt;\/p&gt;\n\" data-large-file=\"https:\/\/i0.wp.com\/aynakol.org\/wp-content\/uploads\/2018\/03\/2017_Strade_Bianchi_winner_Michal_Kwiatkowski.jpg?fit=860%2C571&amp;ssl=1\" class=\"size-full wp-image-5659\" src=\"https:\/\/i0.wp.com\/aynakol.org\/wp-content\/uploads\/2018\/03\/2017_Strade_Bianchi_winner_Michal_Kwiatkowski.jpg?resize=860%2C571\" alt=\"\" width=\"860\" height=\"571\" srcset=\"https:\/\/i0.wp.com\/aynakol.org\/wp-content\/uploads\/2018\/03\/2017_Strade_Bianchi_winner_Michal_Kwiatkowski.jpg?w=1001&amp;ssl=1 1001w, https:\/\/i0.wp.com\/aynakol.org\/wp-content\/uploads\/2018\/03\/2017_Strade_Bianchi_winner_Michal_Kwiatkowski.jpg?resize=300%2C199&amp;ssl=1 300w, https:\/\/i0.wp.com\/aynakol.org\/wp-content\/uploads\/2018\/03\/2017_Strade_Bianchi_winner_Michal_Kwiatkowski.jpg?resize=768%2C510&amp;ssl=1 768w\" sizes=\"auto, (max-width: 860px) 100vw, 860px\" \/><p id=\"caption-attachment-5659\" class=\"wp-caption-text\">Team SKY tak\u0131m\u0131n\u0131n Polonyal\u0131 f\u0131rsatg\u00f6z pedal\u0131 Michal Kwiatkowski yar\u0131\u015f\u0131 ge\u00e7en sene kendisine kazand\u0131ran ve Greg van Avermaeti silkeleyen ata\u011f\u0131n\u0131 yaparken&#8230;<\/p><\/div>\n<p><span style=\"font-family: georgia, palatino, serif; font-size: 12pt;\">12 y\u0131l \u00f6nce Siena B\u00f6lgesindeki turizmi canland\u0131rmak amac\u0131yla d\u00fczenlenen yar\u0131\u015f bu sene de t\u0131pk\u0131 Omloop Het Nieuwsblad klasi\u011fi gibi UCI WorldTour s\u0131n\u0131f\u0131na y\u00fckseldi. Brolio Castle, Toscana, Chianti ve Siena aras\u0131ndaki kasabalar aras\u0131ndaki L&#8217;Eroica yar\u0131\u015flar\u0131na ev sahipli\u011fi yapan \u00fcz\u00fcm ba\u011flar\u0131n\u0131 birbirine ba\u011flayan k\u00f6y yollar\u0131nda pedallanan yar\u0131\u015f\u0131 di\u011fer klasiklerin alamet-i farikas\u0131 haline gelen parke ta\u015fl\u0131 yollar, insafs\u0131z dik t\u0131rman\u0131\u015flar, \u00fcstelik kimisi topuktan dize parke ta\u015flarla d\u00f6\u015feli, darac\u0131k yollar, k\u0131sacas\u0131 cobbles, gent, hellingen&#8230; fark\u0131 parkurdaki toplam\u0131 50-60 km&#8217;yi bulan yollar\u0131n s\u0131k\u0131\u015ft\u0131r\u0131lm\u0131\u015f topraktan ibaret olmas\u0131. <\/span><\/p>\n<p>&nbsp;<\/p>\n<p><span style=\"font-family: georgia, palatino, serif; font-size: 12pt;\">Ya\u011fmur ya\u011fd\u0131\u011f\u0131 zaman kar\u015f\u0131m\u0131za Paris-Roubaix gibi bir cehennem \u00e7\u0131kaca\u011f\u0131n\u0131 \u015fimdiden d\u00fc\u015f\u00fcnebilirsiniz ki, son \u00fc\u00e7 senedir k\u0131s\u0131k Mart g\u00fcne\u015fiyle bezeli ama temiz bir havada nispeten kuru ge\u00e7en Strade Bianche bu sene bir hayli \u00e7etin hava \u015fartlar\u0131 aras\u0131nda pedallanacak.<\/span><\/p>\n<div id=\"attachment_5652\" style=\"width: 870px\" class=\"wp-caption aligncenter\"><img data-recalc-dims=\"1\" loading=\"lazy\" decoding=\"async\" aria-describedby=\"caption-attachment-5652\" data-attachment-id=\"5652\" data-permalink=\"https:\/\/aynakol.org\/?attachment_id=5652\" data-orig-file=\"https:\/\/i0.wp.com\/aynakol.org\/wp-content\/uploads\/2018\/03\/2018_Strade_Bianchi_full_profile.jpg?fit=1024%2C564&amp;ssl=1\" data-orig-size=\"1024,564\" data-comments-opened=\"1\" data-image-meta=\"{&quot;aperture&quot;:&quot;0&quot;,&quot;credit&quot;:&quot;&quot;,&quot;camera&quot;:&quot;&quot;,&quot;caption&quot;:&quot;&quot;,&quot;created_timestamp&quot;:&quot;0&quot;,&quot;copyright&quot;:&quot;&quot;,&quot;focal_length&quot;:&quot;0&quot;,&quot;iso&quot;:&quot;0&quot;,&quot;shutter_speed&quot;:&quot;0&quot;,&quot;title&quot;:&quot;&quot;,&quot;orientation&quot;:&quot;0&quot;}\" data-image-title=\"2018_Strade_Bianchi_full_profile\" data-image-description=\"\" data-image-caption=\"\" data-large-file=\"https:\/\/i0.wp.com\/aynakol.org\/wp-content\/uploads\/2018\/03\/2018_Strade_Bianchi_full_profile.jpg?fit=860%2C474&amp;ssl=1\" class=\"wp-image-5652 size-large\" src=\"https:\/\/i0.wp.com\/aynakol.org\/wp-content\/uploads\/2018\/03\/2018_Strade_Bianchi_full_profile.jpg?resize=860%2C474\" alt=\"\" width=\"860\" height=\"474\" srcset=\"https:\/\/i0.wp.com\/aynakol.org\/wp-content\/uploads\/2018\/03\/2018_Strade_Bianchi_full_profile.jpg?w=1024&amp;ssl=1 1024w, https:\/\/i0.wp.com\/aynakol.org\/wp-content\/uploads\/2018\/03\/2018_Strade_Bianchi_full_profile.jpg?resize=300%2C165&amp;ssl=1 300w, https:\/\/i0.wp.com\/aynakol.org\/wp-content\/uploads\/2018\/03\/2018_Strade_Bianchi_full_profile.jpg?resize=768%2C423&amp;ssl=1 768w\" sizes=\"auto, (max-width: 860px) 100vw, 860px\" \/><p id=\"caption-attachment-5652\" class=\"wp-caption-text\">Strade Bianche 2018 profili<\/p><\/div>\n<p><span style=\"font-family: georgia, palatino, serif; font-size: 12pt;\"> Zira bu sene 184 km uzunlu\u011fundaki tek g\u00fcnl\u00fck yar\u0131\u015f Sienadan ba\u015flay\u0131p dolana dolana \u00fcz\u00fcm ba\u011flar\u0131 aras\u0131nda yeniden Sienada bitecek olsa da arada pedallanacak toplamda 60 km uzunlu\u011fundaki toprak yollar yer yer kar alt\u0131nda, haliyle \u00e7amura bulanm\u0131\u015f Cadel Evans suratlar\u0131 g\u00f6rece\u011fiz gibi. <\/span><\/p>\n<div id=\"attachment_5656\" style=\"width: 1011px\" class=\"wp-caption aligncenter\"><img data-recalc-dims=\"1\" loading=\"lazy\" decoding=\"async\" aria-describedby=\"caption-attachment-5656\" data-attachment-id=\"5656\" data-permalink=\"https:\/\/aynakol.org\/?attachment_id=5656\" data-orig-file=\"https:\/\/i0.wp.com\/aynakol.org\/wp-content\/uploads\/2018\/03\/2017_Strade_Bianchi_favorites_group_0.jpg?fit=1001%2C666&amp;ssl=1\" data-orig-size=\"1001,666\" data-comments-opened=\"1\" data-image-meta=\"{&quot;aperture&quot;:&quot;4.5&quot;,&quot;credit&quot;:&quot;LaPresse&quot;,&quot;camera&quot;:&quot;NIKON D4S&quot;,&quot;caption&quot;:&quot;Foto LaPresse\/Fabio Ferrari \\n04\/03\/2017 Siena (Italia) \\nSport Ciclismo\\nGara ciclistica Strade Bianche 2017.\\nNella foto:\\u00a0Durante la gara.\\n\\nPhoto LaPresse\/Fabio Ferrari \\nMarch 04, 2017 Siena (Italy)\\nSport \\nStrade Bianche Race 2017\\nIn the pic:\\u00a0during the race.&quot;,&quot;created_timestamp&quot;:&quot;1488631566&quot;,&quot;copyright&quot;:&quot;LaPresse&quot;,&quot;focal_length&quot;:&quot;92&quot;,&quot;iso&quot;:&quot;640&quot;,&quot;shutter_speed&quot;:&quot;0.000625&quot;,&quot;title&quot;:&quot;Gara ciclistica Strade Bianche 2017.&quot;,&quot;orientation&quot;:&quot;1&quot;}\" data-image-title=\"Gara ciclistica Strade Bianche 2017.\" data-image-description=\"\" data-image-caption=\"&lt;p&gt;Foto LaPresse\/Fabio Ferrari&lt;br \/&gt;\n04\/03\/2017 Siena (Italia)&lt;br \/&gt;\nSport Ciclismo&lt;br \/&gt;\nGara ciclistica Strade Bianche 2017.&lt;br \/&gt;\nNella foto:\u00a0Durante la gara.&lt;\/p&gt;\n&lt;p&gt;Photo LaPresse\/Fabio Ferrari&lt;br \/&gt;\nMarch 04, 2017 Siena (Italy)&lt;br \/&gt;\nSport&lt;br \/&gt;\nStrade Bianche Race 2017&lt;br \/&gt;\nIn the pic:\u00a0during the race.&lt;\/p&gt;\n\" data-large-file=\"https:\/\/i0.wp.com\/aynakol.org\/wp-content\/uploads\/2018\/03\/2017_Strade_Bianchi_favorites_group_0.jpg?fit=860%2C572&amp;ssl=1\" class=\"wp-image-5656 size-full\" src=\"https:\/\/i0.wp.com\/aynakol.org\/wp-content\/uploads\/2018\/03\/2017_Strade_Bianchi_favorites_group_0.jpg?resize=860%2C572\" alt=\"\" width=\"860\" height=\"572\" srcset=\"https:\/\/i0.wp.com\/aynakol.org\/wp-content\/uploads\/2018\/03\/2017_Strade_Bianchi_favorites_group_0.jpg?w=1001&amp;ssl=1 1001w, https:\/\/i0.wp.com\/aynakol.org\/wp-content\/uploads\/2018\/03\/2017_Strade_Bianchi_favorites_group_0.jpg?resize=300%2C200&amp;ssl=1 300w, https:\/\/i0.wp.com\/aynakol.org\/wp-content\/uploads\/2018\/03\/2017_Strade_Bianchi_favorites_group_0.jpg?resize=768%2C511&amp;ssl=1 768w\" sizes=\"auto, (max-width: 860px) 100vw, 860px\" \/><p id=\"caption-attachment-5656\" class=\"wp-caption-text\">Ge\u00e7en sene Michal Kwiatkowskinin zafere uzand\u0131\u011f\u0131 lider grubu takip edenlerin hali p\u00fcr meali&#8230;<\/p><\/div>\n<p><span style=\"font-family: georgia, palatino, serif; font-size: 12pt;\">Yar\u0131\u015f son 2015 y\u0131l\u0131ndan beri elite kad\u0131nlar seviyesinde de pedallanmakta; tabii biraz k\u0131sa bir \u015fekilde. Yar\u0131\u015f\u0131n hem erkek hem de kad\u0131nlarda bir\u00e7ok favorisi olsa da \u00f6ne \u00e7\u0131kan iki isim 2016 y\u0131l\u0131nda emeklilik \u00f6ncesi \u00fc\u00e7\u00fcnc\u00fc Strade Bianche zaferine uzanan Fabian &#8220;Spartac\u00fcs&#8221; Cancellaran\u0131n ismi verilen\u00a0Monte Sante Marie sekt\u00f6r\u00fc ki, 122. km&#8217;de ba\u015flayacak sekt\u00f6r yakla\u015f\u0131k 12 km uzunlu\u011funda ve ataklar\u0131n yo\u011funla\u015ft\u0131\u011f\u0131 yer olarak yar\u0131\u015fta \u00f6nemi b\u00fcy\u00fck.<\/span><\/p>\n<div id=\"attachment_5658\" style=\"width: 1011px\" class=\"wp-caption aligncenter\"><img data-recalc-dims=\"1\" loading=\"lazy\" decoding=\"async\" aria-describedby=\"caption-attachment-5658\" data-attachment-id=\"5658\" data-permalink=\"https:\/\/aynakol.org\/?attachment_id=5658\" data-orig-file=\"https:\/\/i0.wp.com\/aynakol.org\/wp-content\/uploads\/2018\/03\/2017_Strade_Bianchi_Set_of_Fabian_Cancellara.jpg?fit=1001%2C666&amp;ssl=1\" data-orig-size=\"1001,666\" data-comments-opened=\"1\" data-image-meta=\"{&quot;aperture&quot;:&quot;5&quot;,&quot;credit&quot;:&quot;LaPresse&quot;,&quot;camera&quot;:&quot;NIKON D4S&quot;,&quot;caption&quot;:&quot;Foto LaPresse\/Fabio Ferrari \\n04\/03\/2017 Siena (Italia) \\nSport Ciclismo\\nGara ciclistica Strade Bianche 2017.\\nNella foto:\\u00a0\\n\\nPhoto LaPresse\/Fabio Ferrari \\nMarch 04, 2017 Siena (Italy)\\nSport \\nStrade Bianche Race 2017\\nIn the pic:\\u00a0&quot;,&quot;created_timestamp&quot;:&quot;1488636490&quot;,&quot;copyright&quot;:&quot;LaPresse&quot;,&quot;focal_length&quot;:&quot;32&quot;,&quot;iso&quot;:&quot;500&quot;,&quot;shutter_speed&quot;:&quot;0.00125&quot;,&quot;title&quot;:&quot;Gara ciclistica Strade Bianche 2017.&quot;,&quot;orientation&quot;:&quot;1&quot;}\" data-image-title=\"Gara ciclistica Strade Bianche 2017.\" data-image-description=\"\" data-image-caption=\"&lt;p&gt;Foto LaPresse\/Fabio Ferrari&lt;br \/&gt;\n04\/03\/2017 Siena (Italia)&lt;br \/&gt;\nSport Ciclismo&lt;br \/&gt;\nGara ciclistica Strade Bianche 2017.&lt;br \/&gt;\nNella foto:\u00a0&lt;\/p&gt;\n&lt;p&gt;Photo LaPresse\/Fabio Ferrari&lt;br \/&gt;\nMarch 04, 2017 Siena (Italy)&lt;br \/&gt;\nSport&lt;br \/&gt;\nStrade Bianche Race 2017&lt;br \/&gt;\nIn the pic:\u00a0&lt;\/p&gt;\n\" data-large-file=\"https:\/\/i0.wp.com\/aynakol.org\/wp-content\/uploads\/2018\/03\/2017_Strade_Bianchi_Set_of_Fabian_Cancellara.jpg?fit=860%2C572&amp;ssl=1\" class=\"wp-image-5658 size-full\" src=\"https:\/\/i0.wp.com\/aynakol.org\/wp-content\/uploads\/2018\/03\/2017_Strade_Bianchi_Set_of_Fabian_Cancellara.jpg?resize=860%2C572\" alt=\"\" width=\"860\" height=\"572\" srcset=\"https:\/\/i0.wp.com\/aynakol.org\/wp-content\/uploads\/2018\/03\/2017_Strade_Bianchi_Set_of_Fabian_Cancellara.jpg?w=1001&amp;ssl=1 1001w, https:\/\/i0.wp.com\/aynakol.org\/wp-content\/uploads\/2018\/03\/2017_Strade_Bianchi_Set_of_Fabian_Cancellara.jpg?resize=300%2C200&amp;ssl=1 300w, https:\/\/i0.wp.com\/aynakol.org\/wp-content\/uploads\/2018\/03\/2017_Strade_Bianchi_Set_of_Fabian_Cancellara.jpg?resize=768%2C511&amp;ssl=1 768w\" sizes=\"auto, (max-width: 860px) 100vw, 860px\" \/><p id=\"caption-attachment-5658\" class=\"wp-caption-text\">Strade Bianche klasi\u011finin \u00fc\u00e7 kere kazanan Spartac\u00fcs Fabian Cancellaran\u0131n \u00f6d\u00fcl\u00fc klasi\u011fi di\u011ferlerinden ay\u0131ran toprak yollar\u0131n en uzunu, 11.5km &#8211; Monte Sante Marie sekt\u00f6r\u00fcne isminin verilmesi oldu.<\/p><\/div>\n<p><span style=\"font-family: georgia, palatino, serif; font-size: 12pt;\">\u0130kinci y\u0131ld\u0131z\u0131 da tabii ki Siena kentinin kalbine, Piazza del Campo Meydan\u0131na uzanan nizami kare boyutlar\u0131yla parke ta\u015flarla d\u00f6\u015feli darac\u0131k t\u0131rman\u0131\u015f ki, ortalama e\u011fimi %16&#8217;ya uzanan t\u0131rman\u0131\u015f toprak yollarla bo\u011fu\u015fan pedallar\u0131n zafer i\u00e7in verece\u011fi son \u00f6nemli s\u0131nav. Zaten Toscana yollar\u0131nda de\u011fi de Piazza del Campo Meydan\u0131na uzanan t\u0131rman\u0131\u015fta ayakta kalan biti\u015f \u00e7izgisinden zafer pozuyla ge\u00e7iyor! T\u0131rman\u0131\u015f ba\u015flamadan atak yapmak \u00f6nemli.<\/span><\/p>\n<p><!--nextpage--><\/p>\n<p><span style=\"font-family: georgia, palatino, serif; font-size: 12pt;\">Gerek kad\u0131nlar gerekse erkeklerde bir hayli sert hava ve zemin ko\u015fullar\u0131nda pedallanan klasi\u011fin sonu birbirine benzer idi: Her ikisinde de zafere uzananlar tek ba\u015flar\u0131na biti\u015f \u00e7izgisinden ge\u00e7tiler.<\/span><\/p>\n<p><img data-recalc-dims=\"1\" loading=\"lazy\" decoding=\"async\" data-attachment-id=\"5666\" data-permalink=\"https:\/\/aynakol.org\/?attachment_id=5666\" data-orig-file=\"https:\/\/i0.wp.com\/aynakol.org\/wp-content\/uploads\/2018\/03\/2018_Strade_Bianchi_WE_winner_anna_van_der_bergen.jpg?fit=800%2C531&amp;ssl=1\" data-orig-size=\"800,531\" data-comments-opened=\"1\" data-image-meta=\"{&quot;aperture&quot;:&quot;0&quot;,&quot;credit&quot;:&quot;&quot;,&quot;camera&quot;:&quot;&quot;,&quot;caption&quot;:&quot;&quot;,&quot;created_timestamp&quot;:&quot;0&quot;,&quot;copyright&quot;:&quot;&quot;,&quot;focal_length&quot;:&quot;0&quot;,&quot;iso&quot;:&quot;0&quot;,&quot;shutter_speed&quot;:&quot;0&quot;,&quot;title&quot;:&quot;&quot;,&quot;orientation&quot;:&quot;0&quot;}\" data-image-title=\"2018_Strade_Bianchi_WE_winner_anna_van_der_bergen\" data-image-description=\"\" data-image-caption=\"\" data-large-file=\"https:\/\/i0.wp.com\/aynakol.org\/wp-content\/uploads\/2018\/03\/2018_Strade_Bianchi_WE_winner_anna_van_der_bergen.jpg?fit=800%2C531&amp;ssl=1\" class=\"aligncenter size-full wp-image-5666\" src=\"https:\/\/i0.wp.com\/aynakol.org\/wp-content\/uploads\/2018\/03\/2018_Strade_Bianchi_WE_winner_anna_van_der_bergen.jpg?resize=800%2C531\" alt=\"\" width=\"800\" height=\"531\" srcset=\"https:\/\/i0.wp.com\/aynakol.org\/wp-content\/uploads\/2018\/03\/2018_Strade_Bianchi_WE_winner_anna_van_der_bergen.jpg?w=800&amp;ssl=1 800w, https:\/\/i0.wp.com\/aynakol.org\/wp-content\/uploads\/2018\/03\/2018_Strade_Bianchi_WE_winner_anna_van_der_bergen.jpg?resize=300%2C199&amp;ssl=1 300w, https:\/\/i0.wp.com\/aynakol.org\/wp-content\/uploads\/2018\/03\/2018_Strade_Bianchi_WE_winner_anna_van_der_bergen.jpg?resize=768%2C510&amp;ssl=1 768w\" sizes=\"auto, (max-width: 800px) 100vw, 800px\" \/><\/p>\n<p><span style=\"font-family: georgia, palatino, serif; font-size: 12pt;\">Elite Kad\u0131nlarda 136 km sonunda zafere tek ba\u015f\u0131na uzanan isim\u00a0<\/span><span style=\"font-family: georgia, palatino, serif; font-size: 12pt;\">Boels &#8211; Dolmans Cycling Team tak\u0131m\u0131n\u0131n Hollandal\u0131 y\u0131ld\u0131z\u0131\u00a0<\/span><span style=\"font-family: georgia, palatino, serif; font-size: 12pt;\">Anna van der Breggen olurken tak\u0131m\u0131na da \u00fc\u00e7\u00fcnc\u00fc Strade Bianche zaferini takdim etmi\u015f oldu.<\/span><\/p>\n<p>&nbsp;<\/p>\n<p><span style=\"font-family: georgia, palatino, serif; font-size: 12pt;\">Erkeklerde ise durum son 30 km&#8217;ye dek \u00f6ndeki ikili, Romain Bardet ile Cyclo-Cross m\u00fcdavimlerinin ismini yak\u0131ndan bildikleri Wout van Aert liderli\u011fi birlikte ta\u015f\u0131salar da Peter Sagan, Alejandro Valverde, Zdenek Stybar gibi isimlerin bulundu\u011fu favoriler grubunun biraz yar\u0131\u015f\u0131 ortada b\u0131rak\u0131p bir birilerini g\u00f6zlemelerinden s\u0131k\u0131lan Lotto-Soudal tak\u0131m\u0131n\u0131n Bel\u00e7ikal\u0131s\u0131 Tiesj Benoot atak yap\u0131nca i\u015fler de\u011fi\u015fti!<\/span><\/p>\n<p><img data-recalc-dims=\"1\" loading=\"lazy\" decoding=\"async\" data-attachment-id=\"5664\" data-permalink=\"https:\/\/aynakol.org\/?attachment_id=5664\" data-orig-file=\"https:\/\/i0.wp.com\/aynakol.org\/wp-content\/uploads\/2018\/03\/2018_Strade_Bianchi_ME_winner_T%C4%B0esj_Benoot.jpg?fit=1080%2C1080&amp;ssl=1\" data-orig-size=\"1080,1080\" data-comments-opened=\"1\" data-image-meta=\"{&quot;aperture&quot;:&quot;0&quot;,&quot;credit&quot;:&quot;&quot;,&quot;camera&quot;:&quot;&quot;,&quot;caption&quot;:&quot;&quot;,&quot;created_timestamp&quot;:&quot;0&quot;,&quot;copyright&quot;:&quot;&quot;,&quot;focal_length&quot;:&quot;0&quot;,&quot;iso&quot;:&quot;0&quot;,&quot;shutter_speed&quot;:&quot;0&quot;,&quot;title&quot;:&quot;&quot;,&quot;orientation&quot;:&quot;0&quot;}\" data-image-title=\"2018_Strade_Bianchi_ME_winner_T\u0130esj_Benoot\" data-image-description=\"\" data-image-caption=\"\" data-large-file=\"https:\/\/i0.wp.com\/aynakol.org\/wp-content\/uploads\/2018\/03\/2018_Strade_Bianchi_ME_winner_T%C4%B0esj_Benoot.jpg?fit=860%2C860&amp;ssl=1\" class=\"aligncenter size-large wp-image-5664\" src=\"https:\/\/i0.wp.com\/aynakol.org\/wp-content\/uploads\/2018\/03\/2018_Strade_Bianchi_ME_winner_T%C4%B0esj_Benoot.jpg?resize=860%2C860\" alt=\"\" width=\"860\" height=\"860\" srcset=\"https:\/\/i0.wp.com\/aynakol.org\/wp-content\/uploads\/2018\/03\/2018_Strade_Bianchi_ME_winner_T%C4%B0esj_Benoot.jpg?resize=1024%2C1024&amp;ssl=1 1024w, https:\/\/i0.wp.com\/aynakol.org\/wp-content\/uploads\/2018\/03\/2018_Strade_Bianchi_ME_winner_T%C4%B0esj_Benoot.jpg?resize=150%2C150&amp;ssl=1 150w, https:\/\/i0.wp.com\/aynakol.org\/wp-content\/uploads\/2018\/03\/2018_Strade_Bianchi_ME_winner_T%C4%B0esj_Benoot.jpg?resize=300%2C300&amp;ssl=1 300w, https:\/\/i0.wp.com\/aynakol.org\/wp-content\/uploads\/2018\/03\/2018_Strade_Bianchi_ME_winner_T%C4%B0esj_Benoot.jpg?resize=768%2C768&amp;ssl=1 768w, https:\/\/i0.wp.com\/aynakol.org\/wp-content\/uploads\/2018\/03\/2018_Strade_Bianchi_ME_winner_T%C4%B0esj_Benoot.jpg?w=1080&amp;ssl=1 1080w\" sizes=\"auto, (max-width: 860px) 100vw, 860px\" \/><\/p>\n<p><span style=\"font-family: georgia, palatino, serif; font-size: 12pt;\">Son iki sekt\u00f6re girilirken lider ikiliyi yakalayan Benoot, Bardet ve van Aert&#8217;in uzun s\u00fcren ka\u00e7\u0131\u015f\u0131n\u0131n yorgunlu\u011funu f\u0131rsat bilerek 172. km&#8217;de yer alan hafif t\u0131rman\u0131\u015fl\u0131 1.1 km uzunlu\u011fundaki sekt\u00f6rde ata\u011f\u0131n\u0131 yap\u0131p ini\u015fte fark\u0131 a\u00e7t\u0131 ve Sienan\u0131n kalbinde yer alan Piazza del Campo Meydan\u0131na pe\u015finde kimseler yokken girerek zafere uzand\u0131.<\/span><\/p>\n<p><iframe loading=\"lazy\" src=\"https:\/\/www.procyclingstats.com\/widgets\/pcsrace.php?id=180671&amp;ref=default&amp;key=c31eb5785e7e2cb128a7a578b35c503a970a581f\" width=\"600\" height=\"356\" frameborder=\"0\" scrolling=\"YES\"><span data-mce-type=\"bookmark\" style=\"display: inline-block; width: 0px; overflow: hidden; line-height: 0;\" class=\"mce_SELRES_start\">\ufeff<\/span><br \/>\n<img loading=\"lazy\" decoding=\"async\" data-attachment-id=\"5665\" data-permalink=\"https:\/\/aynakol.org\/?attachment_id=5665\" data-orig-file=\"https:\/\/i0.wp.com\/aynakol.org\/wp-content\/uploads\/2018\/03\/2018_Strade_Bianchi_WE_peloton_0.jpg?fit=1024%2C684&amp;ssl=1\" data-orig-size=\"1024,684\" data-comments-opened=\"1\" data-image-meta=\"{&quot;aperture&quot;:&quot;0&quot;,&quot;credit&quot;:&quot;&quot;,&quot;camera&quot;:&quot;&quot;,&quot;caption&quot;:&quot;&quot;,&quot;created_timestamp&quot;:&quot;0&quot;,&quot;copyright&quot;:&quot;&quot;,&quot;focal_length&quot;:&quot;0&quot;,&quot;iso&quot;:&quot;0&quot;,&quot;shutter_speed&quot;:&quot;0&quot;,&quot;title&quot;:&quot;&quot;,&quot;orientation&quot;:&quot;0&quot;}\" data-image-title=\"2018_Strade_Bianchi_WE_peloton_0\" data-image-description=\"\" data-image-caption=\"\" data-large-file=\"https:\/\/i0.wp.com\/aynakol.org\/wp-content\/uploads\/2018\/03\/2018_Strade_Bianchi_WE_peloton_0.jpg?fit=860%2C574&amp;ssl=1\" class=\"aligncenter size-large wp-image-5665\" src=\"http:\/\/aynakol.org\/wp-content\/uploads\/2018\/03\/2018_Strade_Bianchi_WE_peloton_0-1024x684.jpg\" alt=\"\" width=\"860\" height=\"574\" srcset=\"https:\/\/i0.wp.com\/aynakol.org\/wp-content\/uploads\/2018\/03\/2018_Strade_Bianchi_WE_peloton_0.jpg?w=1024&amp;ssl=1 1024w, https:\/\/i0.wp.com\/aynakol.org\/wp-content\/uploads\/2018\/03\/2018_Strade_Bianchi_WE_peloton_0.jpg?resize=300%2C200&amp;ssl=1 300w, https:\/\/i0.wp.com\/aynakol.org\/wp-content\/uploads\/2018\/03\/2018_Strade_Bianchi_WE_peloton_0.jpg?resize=768%2C513&amp;ssl=1 768w\" sizes=\"auto, (max-width: 860px) 100vw, 860px\" \/>&nbsp;<\/p>\n<p><\/iframe><\/p>\n","protected":false},"excerpt":{"rendered":"<p>Arap ve \u0130ber Yar\u0131madalar\u0131ndaki haftal\u0131k turlarda genel klasman liderleri boy g\u00f6sterir ge\u00e7en haftaki Gelgian Cobbles Classics yar\u0131\u015flar\u0131yla da ger\u00e7ek anlamda sezon a\u00e7\u0131lm\u0131\u015fken \u015fimdi K\u0131ta Avurpas\u0131n\u0131n [&#8230;]<\/p>\n","protected":false},"author":1,"featured_media":5655,"comment_status":"open","ping_status":"open","sticky":false,"template":"","format":"standard","meta":{"jetpack_post_was_ever_published":false,"_jetpack_newsletter_access":"","_jetpack_dont_email_post_to_subs":false,"_jetpack_newsletter_tier_id":0,"_jetpack_memberships_contains_paywalled_content":false,"_jetpack_memberships_contains_paid_content":false,"footnotes":"","jetpack_publicize_message":"Bel\u00e7ika klasikleriyle \u015fimdilik pave yollar geride kal\u0131rken huzurlar\u0131nda \u015farap ba\u011flar\u0131 aras\u0131ndan ge\u00e7en toprak yollar\u0131yla #StradeBianche!","jetpack_publicize_feature_enabled":true,"jetpack_social_post_already_shared":true,"jetpack_social_options":{"image_generator_settings":{"template":"highway","default_image_id":0,"font":"","enabled":false},"version":2}},"categories":[1139,639],"tags":[641,1441,1227,1443,580,1442,1144,1440,1245],"class_list":["post-5650","post","type-post","status-publish","format-standard","has-post-thumbnail","hentry","category-one-day-races","category-spring-classics","tag-bahar-klasikleri","tag-italian-classics","tag-one-day-race","tag-sieana","tag-spring-classics","tag-strada-bianca","tag-strade-bianche","tag-tek-gunluk-yaris","tag-toscana"],"jetpack_publicize_connections":[],"jetpack_featured_media_url":"https:\/\/i0.wp.com\/aynakol.org\/wp-content\/uploads\/2018\/03\/2017_Strade_Bianchi_breakaway_0.jpg?fit=1001%2C665&ssl=1","jetpack_sharing_enabled":true,"jetpack_shortlink":"https:\/\/wp.me\/p51p4O-1t8","jetpack_likes_enabled":true,"jetpack-related-posts":[{"id":4633,"url":"https:\/\/aynakol.org\/?p=4633","url_meta":{"origin":5650,"position":0},"title":"Strade Bianche 2017","author":"Ayd\u0131n Bez","date":"4 Mart 2017","format":false,"excerpt":"\u00a0 Bu sene bile\u011finin hakk\u0131yla WorldTour seviyesine y\u00fckselen Strade Bianche Bahar Klasiklerinin en genci! \u0130sminin an\u0131ld\u0131\u011f\u0131 Bahar Klasiklerinin en genci bile en az elli y\u0131ld\u0131r pedallan\u0131yorken kendisinin 12 y\u0131lda bu seviyeye ula\u015fmas\u0131 b\u00fcy\u00fck ba\u015far\u0131! \u00a0 Tabii ki bu ba\u015far\u0131da ne pav\u00e9, ne gent, ne de hellingen... Bir benzeri olmayan Toscana\u2026","rel":"","context":"&quot;Spring Classics&quot; i\u00e7inde","block_context":{"text":"Spring Classics","link":"https:\/\/aynakol.org\/?cat=639"},"img":{"alt_text":"","src":"https:\/\/i0.wp.com\/aynakol.org\/wp-content\/uploads\/2017\/03\/Strade_Bianche_cover_photo.jpg?fit=1200%2C400&ssl=1&resize=350%2C200","width":350,"height":200,"srcset":"https:\/\/i0.wp.com\/aynakol.org\/wp-content\/uploads\/2017\/03\/Strade_Bianche_cover_photo.jpg?fit=1200%2C400&ssl=1&resize=350%2C200 1x, https:\/\/i0.wp.com\/aynakol.org\/wp-content\/uploads\/2017\/03\/Strade_Bianche_cover_photo.jpg?fit=1200%2C400&ssl=1&resize=525%2C300 1.5x, https:\/\/i0.wp.com\/aynakol.org\/wp-content\/uploads\/2017\/03\/Strade_Bianche_cover_photo.jpg?fit=1200%2C400&ssl=1&resize=700%2C400 2x, https:\/\/i0.wp.com\/aynakol.org\/wp-content\/uploads\/2017\/03\/Strade_Bianche_cover_photo.jpg?fit=1200%2C400&ssl=1&resize=1050%2C600 3x"},"classes":[]},{"id":2541,"url":"https:\/\/aynakol.org\/?p=2541","url_meta":{"origin":5650,"position":1},"title":"Strade Bianche 2016","author":"Ayd\u0131n Bez","date":"4 Mart 2016","format":false,"excerpt":"Kim derdi ki 10 y\u0131l \u00f6nce, Siena kentinin bozuk k\u00f6y yollar\u0131nda, y\u00f6renin turizm potansiyelini artt\u0131rmak i\u00e7in 10 y\u0131l \u00f6nce pedallanmaya ba\u015flayan yar\u0131\u015f bir g\u00fcn kad\u0131n - erkek iddial\u0131 isimlerin zafer kovalayaca\u011f\u0131 bir klasik yar\u0131\u015f haline gelecek? \u00a0 Takvim: Avrupa Turu Tarih: 05 Mart 2016 Yar\u0131\u015f Uzunlu\u011fu ve ketegori: Erkekler (1.HC)\u2026","rel":"","context":"&quot;One Day Races&quot; i\u00e7inde","block_context":{"text":"One Day Races","link":"https:\/\/aynakol.org\/?cat=1139"},"img":{"alt_text":"","src":"https:\/\/i0.wp.com\/aynakol.org\/wp-content\/uploads\/2016\/03\/Strade-Bianche-2014-13_font.jpg?fit=1200%2C480&ssl=1&resize=350%2C200","width":350,"height":200,"srcset":"https:\/\/i0.wp.com\/aynakol.org\/wp-content\/uploads\/2016\/03\/Strade-Bianche-2014-13_font.jpg?fit=1200%2C480&ssl=1&resize=350%2C200 1x, https:\/\/i0.wp.com\/aynakol.org\/wp-content\/uploads\/2016\/03\/Strade-Bianche-2014-13_font.jpg?fit=1200%2C480&ssl=1&resize=525%2C300 1.5x, https:\/\/i0.wp.com\/aynakol.org\/wp-content\/uploads\/2016\/03\/Strade-Bianche-2014-13_font.jpg?fit=1200%2C480&ssl=1&resize=700%2C400 2x, https:\/\/i0.wp.com\/aynakol.org\/wp-content\/uploads\/2016\/03\/Strade-Bianche-2014-13_font.jpg?fit=1200%2C480&ssl=1&resize=1050%2C600 3x"},"classes":[]},{"id":752,"url":"https:\/\/aynakol.org\/?p=752","url_meta":{"origin":5650,"position":2},"title":"Kad\u0131nlar ve Erkekler Bahar Klasikleri: Strade Bianchi 2015","author":"Ayd\u0131n Bez","date":"6 Mart 2015","format":false,"excerpt":"Dallara su y\u00fcr\u00fcmeye ba\u015flad\u0131\u011f\u0131nda \u00e7i\u00e7ekler a\u00e7ar da bo\u015f durur mu ar\u0131lar? Bisiklet spor-k\u00fclt\u00fcr\u00fcn\u00fc sevenler olarak ar\u0131 gibi \u00fc\u015f\u00fc\u015ft\u00fck ekran ba\u015f\u0131na klasikler ba\u015flar ba\u015flamaz! Ge\u00e7en hafta Omloop Het Nieuwsblad 2015 ve Kuurne-Brussels-Kuurne 2015 ile a\u00e7\u0131lan k\u0131ta Avrupas\u0131ndaki bisiklet sezonu h\u0131z kesmeden Strade Bianchi ile devam ediyor. Omloop Het Nieuwsblad ile \u015fimdilik\u2026","rel":"","context":"&quot;Bisiklet k\u00fclt\u00fcr\u00fc&quot; i\u00e7inde","block_context":{"text":"Bisiklet k\u00fclt\u00fcr\u00fc","link":"https:\/\/aynakol.org\/?cat=7"},"img":{"alt_text":"","src":"https:\/\/i0.wp.com\/aynakol.org\/wp-content\/uploads\/2015\/03\/230-PIC440625259.jpg?fit=1001%2C340&ssl=1&resize=350%2C200","width":350,"height":200,"srcset":"https:\/\/i0.wp.com\/aynakol.org\/wp-content\/uploads\/2015\/03\/230-PIC440625259.jpg?fit=1001%2C340&ssl=1&resize=350%2C200 1x, https:\/\/i0.wp.com\/aynakol.org\/wp-content\/uploads\/2015\/03\/230-PIC440625259.jpg?fit=1001%2C340&ssl=1&resize=525%2C300 1.5x, https:\/\/i0.wp.com\/aynakol.org\/wp-content\/uploads\/2015\/03\/230-PIC440625259.jpg?fit=1001%2C340&ssl=1&resize=700%2C400 2x"},"classes":[]},{"id":2695,"url":"https:\/\/aynakol.org\/?p=2695","url_meta":{"origin":5650,"position":3},"title":"Milano &#8211; Sanremo 2016","author":"Ayd\u0131n Bez","date":"18 Mart 2016","format":false,"excerpt":"La Primavera! \u00a0 Delili\u011fin son kalesi Paris-Roubaix ve tozlu yollara ula\u015fmadan \u00f6nce ge\u00e7ece\u011fimiz De Ronde \u00f6ncesinde Peloton 107. kez ayn\u0131 tutkuyu; kan, ac\u0131, ter ve g\u00f6zya\u015f\u0131; yeniden ya\u015famak i\u00e7in yine, yeniden; ya\u011fmur e\u015fli\u011finde olmas\u0131 muhtemel; Milanodan Sanremoya pedall\u0131yor! Huzurlar\u0131n\u0131zda An\u0131tsal Klasiklerin ilki: Milano - Sanremo \u00a0 Tarih: 19 Mart 2016\u2026","rel":"","context":"&quot;Monument Classics&quot; i\u00e7inde","block_context":{"text":"Monument Classics","link":"https:\/\/aynakol.org\/?cat=1164"},"img":{"alt_text":"","src":"https:\/\/i0.wp.com\/aynakol.org\/wp-content\/uploads\/2016\/03\/565-181857_574248830.jpg?fit=1001%2C358&ssl=1&resize=350%2C200","width":350,"height":200,"srcset":"https:\/\/i0.wp.com\/aynakol.org\/wp-content\/uploads\/2016\/03\/565-181857_574248830.jpg?fit=1001%2C358&ssl=1&resize=350%2C200 1x, https:\/\/i0.wp.com\/aynakol.org\/wp-content\/uploads\/2016\/03\/565-181857_574248830.jpg?fit=1001%2C358&ssl=1&resize=525%2C300 1.5x, https:\/\/i0.wp.com\/aynakol.org\/wp-content\/uploads\/2016\/03\/565-181857_574248830.jpg?fit=1001%2C358&ssl=1&resize=700%2C400 2x"},"classes":[]},{"id":718,"url":"https:\/\/aynakol.org\/?p=718","url_meta":{"origin":5650,"position":4},"title":"Omloop Het Nieuwsblad 2015","author":"Ayd\u0131n Bez","date":"27 \u015eubat 2015","format":false,"excerpt":"\u00c7\u00f6l s\u0131caklar\u0131n\u0131 geride b\u0131rak\u0131p k\u0131ta Avrupas\u0131na gitme zaman\u0131 geldi. Huzurlar\u0131n\u0131zda klasiklerin a\u00e7\u0131l\u0131\u015f\u0131:\u00a0Omloop Het Nieuwsblad! Bu sene 69. kez pedallanacak tek g\u00fcnl\u00fck \u201ck\u0131sa\u201d klasi\u011fin \u00e7etin ge\u00e7ece\u011fini s\u00f6yleyebiliriz; zira \u0130stanbulda hava b\u00f6ylesi yanar d\u00f6ner iken Avrupan\u0131n kuzeyinde hi\u00e7 de i\u00e7 ac\u0131c\u0131 olmayacakt\u0131r. Bu bizler i\u00e7in enfes, sporcular i\u00e7in ise \u00e7etin bir yar\u0131\u015f\u2026","rel":"","context":"&quot;Cobbled Classics&quot; i\u00e7inde","block_context":{"text":"Cobbled Classics","link":"https:\/\/aynakol.org\/?cat=1219"},"img":{"alt_text":"","src":"https:\/\/i0.wp.com\/aynakol.org\/wp-content\/uploads\/2015\/02\/omloop-het-nieuwsblad-web.jpg?fit=800%2C450&ssl=1&resize=350%2C200","width":350,"height":200,"srcset":"https:\/\/i0.wp.com\/aynakol.org\/wp-content\/uploads\/2015\/02\/omloop-het-nieuwsblad-web.jpg?fit=800%2C450&ssl=1&resize=350%2C200 1x, https:\/\/i0.wp.com\/aynakol.org\/wp-content\/uploads\/2015\/02\/omloop-het-nieuwsblad-web.jpg?fit=800%2C450&ssl=1&resize=525%2C300 1.5x, https:\/\/i0.wp.com\/aynakol.org\/wp-content\/uploads\/2015\/02\/omloop-het-nieuwsblad-web.jpg?fit=800%2C450&ssl=1&resize=700%2C400 2x"},"classes":[]},{"id":6627,"url":"https:\/\/aynakol.org\/?p=6627","url_meta":{"origin":5650,"position":5},"title":"Giro2021 11. Etap: Perugia \u2192 Montalcino, 163 km","author":"Ayd\u0131n Bez","date":"19 May\u0131s 2021","format":false,"excerpt":"D\u00fcnk\u00fc etapta neler olmu\u015ftu? Peter Sagan\u0131n tertemiz bir sprint ile rakiplerini alt edip zafere uzand\u0131\u011f\u0131 10. etapta peki bir \u015fey olmad\u0131 desek yeridir... Egan Bernalin 9. etap zaferiyle s\u0131rt\u0131na ge\u00e7irdi\u011fi Maglia Rosa ile dinlenme g\u00fcn\u00fcne girmesiyle 10 g\u00fcnl\u00fck pedal maratonuna k\u0131sa bir ara verdik. Son 1 km \u00a0 Dinlenme g\u00fcn\u00fc\u2026","rel":"","context":"&quot;Giro d'Italia&quot; i\u00e7inde","block_context":{"text":"Giro d'Italia","link":"https:\/\/aynakol.org\/?cat=1239"},"img":{"alt_text":"","src":"https:\/\/i0.wp.com\/aynakol.org\/wp-content\/uploads\/2021\/05\/Stage_peloton2-e1621365293254.jpg?fit=1200%2C529&ssl=1&resize=350%2C200","width":350,"height":200,"srcset":"https:\/\/i0.wp.com\/aynakol.org\/wp-content\/uploads\/2021\/05\/Stage_peloton2-e1621365293254.jpg?fit=1200%2C529&ssl=1&resize=350%2C200 1x, https:\/\/i0.wp.com\/aynakol.org\/wp-content\/uploads\/2021\/05\/Stage_peloton2-e1621365293254.jpg?fit=1200%2C529&ssl=1&resize=525%2C300 1.5x, https:\/\/i0.wp.com\/aynakol.org\/wp-content\/uploads\/2021\/05\/Stage_peloton2-e1621365293254.jpg?fit=1200%2C529&ssl=1&resize=700%2C400 2x, https:\/\/i0.wp.com\/aynakol.org\/wp-content\/uploads\/2021\/05\/Stage_peloton2-e1621365293254.jpg?fit=1200%2C529&ssl=1&resize=1050%2C600 3x"},"classes":[]}],"_links":{"self":[{"href":"https:\/\/aynakol.org\/index.php?rest_route=\/wp\/v2\/posts\/5650","targetHints":{"allow":["GET"]}}],"collection":[{"href":"https:\/\/aynakol.org\/index.php?rest_route=\/wp\/v2\/posts"}],"about":[{"href":"https:\/\/aynakol.org\/index.php?rest_route=\/wp\/v2\/types\/post"}],"author":[{"embeddable":true,"href":"https:\/\/aynakol.org\/index.php?rest_route=\/wp\/v2\/users\/1"}],"replies":[{"embeddable":true,"href":"https:\/\/aynakol.org\/index.php?rest_route=%2Fwp%2Fv2%2Fcomments&post=5650"}],"version-history":[{"count":9,"href":"https:\/\/aynakol.org\/index.php?rest_route=\/wp\/v2\/posts\/5650\/revisions"}],"predecessor-version":[{"id":5671,"href":"https:\/\/aynakol.org\/index.php?rest_route=\/wp\/v2\/posts\/5650\/revisions\/5671"}],"wp:featuredmedia":[{"embeddable":true,"href":"https:\/\/aynakol.org\/index.php?rest_route=\/wp\/v2\/media\/5655"}],"wp:attachment":[{"href":"https:\/\/aynakol.org\/index.php?rest_route=%2Fwp%2Fv2%2Fmedia&parent=5650"}],"wp:term":[{"taxonomy":"category","embeddable":true,"href":"https:\/\/aynakol.org\/index.php?rest_route=%2Fwp%2Fv2%2Fcategories&post=5650"},{"taxonomy":"post_tag","embeddable":true,"href":"https:\/\/aynakol.org\/index.php?rest_route=%2Fwp%2Fv2%2Ftags&post=5650"}],"curies":[{"name":"wp","href":"https:\/\/api.w.org\/{rel}","templated":true}]}}