{"id":6836,"date":"2021-07-10T08:00:20","date_gmt":"2021-07-10T05:00:20","guid":{"rendered":"http:\/\/aynakol.org\/?p=6836"},"modified":"2021-07-12T21:43:38","modified_gmt":"2021-07-12T18:43:38","slug":"le-tour-de-france-2021-14-etap-carcassonne-%e2%86%92-quillan-184km","status":"publish","type":"post","link":"https:\/\/aynakol.org\/?p=6836","title":{"rendered":"Le Tour de France 2021 14. Etap: Carcassonne \u2192 Quillan, 184km"},"content":{"rendered":"<p><span style=\"font-size: 12pt; font-family: georgia, palatino, serif;\"><strong><a href=\"http:\/\/aynakol.org\/2021\/07\/09\/le-tour-de-france-2021-13-etap-nimes-%e2%86%92-carcassonne-220km\/\">D\u00fcnk\u00fc etapta<\/a> neler olmu\u015ftu?<\/strong><\/span><\/p>\n<div id=\"attachment_6838\" style=\"width: 870px\" class=\"wp-caption aligncenter\"><img data-recalc-dims=\"1\" loading=\"lazy\" decoding=\"async\" aria-describedby=\"caption-attachment-6838\" data-attachment-id=\"6838\" data-permalink=\"https:\/\/aynakol.org\/?attachment_id=6838\" data-orig-file=\"https:\/\/i0.wp.com\/aynakol.org\/wp-content\/uploads\/2021\/07\/tdf2021_stage13_winner_mark_cavendish.jpeg?fit=1047%2C643&amp;ssl=1\" data-orig-size=\"1047,643\" data-comments-opened=\"1\" data-image-meta=\"{&quot;aperture&quot;:&quot;0&quot;,&quot;credit&quot;:&quot;&quot;,&quot;camera&quot;:&quot;&quot;,&quot;caption&quot;:&quot;&quot;,&quot;created_timestamp&quot;:&quot;0&quot;,&quot;copyright&quot;:&quot;&quot;,&quot;focal_length&quot;:&quot;0&quot;,&quot;iso&quot;:&quot;0&quot;,&quot;shutter_speed&quot;:&quot;0&quot;,&quot;title&quot;:&quot;&quot;,&quot;orientation&quot;:&quot;0&quot;}\" data-image-title=\"tdf2021_stage13_winner_mark_cavendish\" data-image-description=\"\" data-image-caption=\"\" data-large-file=\"https:\/\/i0.wp.com\/aynakol.org\/wp-content\/uploads\/2021\/07\/tdf2021_stage13_winner_mark_cavendish.jpeg?fit=860%2C528&amp;ssl=1\" class=\"wp-image-6838 size-large\" src=\"https:\/\/i0.wp.com\/aynakol.org\/wp-content\/uploads\/2021\/07\/tdf2021_stage13_winner_mark_cavendish.jpeg?resize=860%2C528\" alt=\"\" width=\"860\" height=\"528\" srcset=\"https:\/\/i0.wp.com\/aynakol.org\/wp-content\/uploads\/2021\/07\/tdf2021_stage13_winner_mark_cavendish.jpeg?resize=1024%2C629&amp;ssl=1 1024w, https:\/\/i0.wp.com\/aynakol.org\/wp-content\/uploads\/2021\/07\/tdf2021_stage13_winner_mark_cavendish.jpeg?resize=300%2C184&amp;ssl=1 300w, https:\/\/i0.wp.com\/aynakol.org\/wp-content\/uploads\/2021\/07\/tdf2021_stage13_winner_mark_cavendish.jpeg?resize=768%2C472&amp;ssl=1 768w, https:\/\/i0.wp.com\/aynakol.org\/wp-content\/uploads\/2021\/07\/tdf2021_stage13_winner_mark_cavendish.jpeg?w=1047&amp;ssl=1 1047w\" sizes=\"auto, (max-width: 860px) 100vw, 860px\" \/><p id=\"caption-attachment-6838\" class=\"wp-caption-text\">TdF2021 14. Etab\u0131n sonunda zafere uzanan Cavendish, kariyerinin 34. Le tour etab\u0131n\u0131 kazand\u0131.<\/p><\/div>\n<p><span style=\"font-size: 12pt; font-family: georgia, palatino, serif;\">Carcassonne kentinde sona eren 13. etab\u0131n sonunda ya\u015fanan toplu sprint m\u00fccadelesinde zafere uzanan isim yine, yeniden Mark Cavendish! B\u00fcy\u00fck Britanyal\u0131 b\u00f6ylelikle 34. Le Tour zaferiyle Eddy Merckxin rekoruna <a href=\"https:\/\/youtu.be\/xOx0lwtB3NQ\" target=\"_blank\" rel=\"noopener\">ortak oldu.<\/a> <\/span><\/p>\n<p><span style=\"font-size: 12pt; font-family: georgia, palatino, serif;\"><strong>Etab\u0131n \u00f6ne \u00e7\u0131kan anlar\u0131<\/strong><\/span><\/p>\n<p><iframe loading=\"lazy\" title=\"YouTube video player\" src=\"\/\/www.youtube.com\/embed\/g_A-6CM_N4g\" width=\"560\" height=\"315\" frameborder=\"0\" allowfullscreen=\"allowfullscreen\"><\/iframe><\/p>\n<p><span style=\"font-size: 12pt; font-family: georgia, palatino, serif;\">Sessiz ve sakin, ka\u00e7\u0131\u015flar\u0131n t\u00fckendi\u011fi sprint etab\u0131 izliyoruz derken 20km kala ya\u015fanan kaza yine canlar yakt\u0131&#8230; Genel klasman favorilerinden Simon Yates, a\u011f\u0131r yaraland\u0131\u011f\u0131 kaza sonras\u0131 Le touru b\u0131rakmak zorunda kald\u0131. Sar\u0131 Mayo ise g\u00fcn\u00fc rahat ge\u00e7irdi, s\u0131ralamada herhangi bir de\u011fi\u015fiklik yok.<\/span><\/p>\n<p><span style=\"font-size: 12pt; font-family: georgia, palatino, serif;\">Genel klasmanda son durum<\/span><\/p>\n<p><iframe loading=\"lazy\" src=\"https:\/\/www.procyclingstats.com\/widgets\/result.php?h=93e360a2714f69840b523bda32b20f962b6344c9\" width=\"520\" height=\"320\"><\/iframe><\/p>\n<p>&nbsp;<\/p>\n<p><span style=\"font-size: 12pt; font-family: georgia, palatino, serif;\"><strong>Gelelim bug\u00fcnk\u00fc etaba<\/strong><\/span><\/p>\n<p><span style=\"font-size: 12pt; font-family: georgia, palatino, serif;\">Ka\u00e7\u0131\u015f i\u00e7in zaferin genel klasman i\u00e7in de Andorra da\u011flar\u0131nda ke\u00e7ile\u015fmenin haz\u0131rl\u0131\u011f\u0131 bir etap var kar\u015f\u0131m\u0131zda.<\/span><\/p>\n<p><span style=\"font-size: 12pt; font-family: georgia, palatino, serif;\">Ba\u015ftan zaferi ka\u00e7\u0131\u015fa yazal\u0131m, g\u00fc\u00e7l\u00fc olan, do\u011fru yerde atak yap\u0131p biti\u015f \u00e7izgisine dek t\u00fckenmeden pedallayan isim kim olur bilemeyiz ama Pirenelerin y\u0131k\u0131c\u0131l\u0131\u011f\u0131na haz\u0131rl\u0131k s\u0131n\u0131f\u0131 tad\u0131ndaki 14 etap bir hayli \u00e7etrefilli. <\/span><\/p>\n<div id=\"attachment_6840\" style=\"width: 912px\" class=\"wp-caption aligncenter\"><img data-recalc-dims=\"1\" loading=\"lazy\" decoding=\"async\" aria-describedby=\"caption-attachment-6840\" data-attachment-id=\"6840\" data-permalink=\"https:\/\/aynakol.org\/?attachment_id=6840\" data-orig-file=\"https:\/\/i0.wp.com\/aynakol.org\/wp-content\/uploads\/2021\/07\/profile-14.jpg?fit=902%2C512&amp;ssl=1\" data-orig-size=\"902,512\" data-comments-opened=\"1\" data-image-meta=\"{&quot;aperture&quot;:&quot;0&quot;,&quot;credit&quot;:&quot;&quot;,&quot;camera&quot;:&quot;&quot;,&quot;caption&quot;:&quot;&quot;,&quot;created_timestamp&quot;:&quot;0&quot;,&quot;copyright&quot;:&quot;&quot;,&quot;focal_length&quot;:&quot;0&quot;,&quot;iso&quot;:&quot;0&quot;,&quot;shutter_speed&quot;:&quot;0&quot;,&quot;title&quot;:&quot;&quot;,&quot;orientation&quot;:&quot;1&quot;}\" data-image-title=\"profile-14\" data-image-description=\"\" data-image-caption=\"\" data-large-file=\"https:\/\/i0.wp.com\/aynakol.org\/wp-content\/uploads\/2021\/07\/profile-14.jpg?fit=860%2C488&amp;ssl=1\" class=\"wp-image-6840 size-full\" src=\"https:\/\/i0.wp.com\/aynakol.org\/wp-content\/uploads\/2021\/07\/profile-14.jpg?resize=860%2C488\" alt=\"\" width=\"860\" height=\"488\" srcset=\"https:\/\/i0.wp.com\/aynakol.org\/wp-content\/uploads\/2021\/07\/profile-14.jpg?w=902&amp;ssl=1 902w, https:\/\/i0.wp.com\/aynakol.org\/wp-content\/uploads\/2021\/07\/profile-14.jpg?resize=300%2C170&amp;ssl=1 300w, https:\/\/i0.wp.com\/aynakol.org\/wp-content\/uploads\/2021\/07\/profile-14.jpg?resize=768%2C436&amp;ssl=1 768w\" sizes=\"auto, (max-width: 860px) 100vw, 860px\" \/><p id=\"caption-attachment-6840\" class=\"wp-caption-text\">TdF2021 14. Etap profili Fikret K\u0131z\u0131lok \u015fark\u0131s\u0131 gibi: \u0130ni\u015flerim \u00e7\u0131k\u0131\u015flar\u0131m&#8230;<\/p><\/div>\n<p><span style=\"font-size: 12pt; font-family: georgia, palatino, serif;\"><a href=\"http:\/\/www.steephill.tv\/2021\/tour-de-france\/map-14.jpg\" target=\"_blank\" rel=\"noopener\">Carcassonne \u2192 Quillan kentleri aras\u0131nda<\/a> pedallanacak 184km uzunlu\u011fundaki 14. etap toplamda be\u015f adet s\u0131n\u0131fland\u0131r\u0131lm\u0131\u015f t\u0131rman\u0131\u015f i\u00e7eriyor. Zirvesinden 166. km&#8217;de ge\u00e7ilecek Col de Saint-Louis tepeci\u011fi geride kal\u0131r kalmaz biti\u015f \u00e7izgisine do\u011fru bir ini\u015f ve d\u00fczl\u00fck ka\u00e7\u0131\u015f i\u00e7in zaferin kovalanaca\u011f\u0131 yer olacak.<\/span><\/p>\n<p>&nbsp;<\/p>\n","protected":false},"excerpt":{"rendered":"<p>D\u00fcnk\u00fc etapta neler olmu\u015ftu? Carcassonne kentinde sona eren 13. etab\u0131n sonunda ya\u015fanan toplu sprint m\u00fccadelesinde zafere uzanan isim yine, yeniden Mark Cavendish! B\u00fcy\u00fck Britanyal\u0131 b\u00f6ylelikle [&#8230;]<\/p>\n","protected":false},"author":1,"featured_media":0,"comment_status":"open","ping_status":"open","sticky":false,"template":"","format":"standard","meta":{"jetpack_post_was_ever_published":false,"_jetpack_newsletter_access":"","_jetpack_dont_email_post_to_subs":false,"_jetpack_newsletter_tier_id":0,"_jetpack_memberships_contains_paywalled_content":false,"_jetpack_memberships_contains_paid_content":false,"footnotes":"","jetpack_publicize_message":"#TourdeFrance #tdf2021 184km uzunlu\u011fundaki 14. etap ka\u00e7\u0131\u015f\u0131n kazanaca\u011f\u0131; Andorra \u00f6ncesi genel klasman\u0131n dinlenece\u011fi, birbirini tartaca\u011f\u0131 bir bir profilde.","jetpack_publicize_feature_enabled":true,"jetpack_social_post_already_shared":true,"jetpack_social_options":{"image_generator_settings":{"template":"highway","default_image_id":0,"font":"","enabled":false},"version":2}},"categories":[89],"tags":[150,1178,832,151,217,1276,1482,1249,1485,746,1483,1484],"class_list":["post-6836","post","type-post","status-publish","format-standard","hentry","category-tour","tag-fransa-bisiklet-turu","tag-geraint-thomas","tag-grand-depart","tag-le-tour","tag-le-tour-de-france-2","tag-letour","tag-mathieu-van-der-poel","tag-primoz-roglic","tag-ricard-carapaz","tag-rigoberto-uran","tag-tadej-pogocar","tag-wout-van-aert"],"jetpack_publicize_connections":[],"jetpack_featured_media_url":"","jetpack_sharing_enabled":true,"jetpack_shortlink":"https:\/\/wp.me\/p51p4O-1Mg","jetpack_likes_enabled":true,"jetpack-related-posts":[{"id":6830,"url":"https:\/\/aynakol.org\/?p=6830","url_meta":{"origin":6836,"position":0},"title":"Le Tour de France 2021 13. Etap: N\u00eemes \u2192 Carcassonne, 220km","author":"Ayd\u0131n Bez","date":"9 Temmuz 2021","format":false,"excerpt":"B\u00f6lgeden b\u00f6lgeye nakliyeye devam: Hedef Pireneler. Ama \u00f6ncesinde d\u00fcnk\u00fc etapta neler olmu\u015ftu? Yavan, \u00e7apraz r\u00fczgarl\u0131, a\u00e7\u0131l\u0131\u015f\u0131nda temposu y\u00fcksek sonras\u0131nda Sar\u0131 Mayonun da bulundu\u011fu ana pelotonun \"b\u0131rak\u0131n\u0131z ka\u00e7s\u0131nlar, b\u0131rak\u0131n\u0131z atakl\u0131 olan kazans\u0131n\" dedi\u011fi an temponun d\u00fc\u015ft\u00fc\u011f\u00fc, herkesin dinlendi\u011fi ama ka\u00e7\u0131\u015f\u0131n k\u0131\u00e7\u0131ndan kurdun eksik olmad\u0131\u011f\u0131 bir g\u00fcn\u00fcn sonunda biti\u015f \u00e7izgisinden zafere pedallayan\u2026","rel":"","context":"&quot;Tour de France&quot; i\u00e7inde","block_context":{"text":"Tour de France","link":"https:\/\/aynakol.org\/?cat=89"},"img":{"alt_text":"","src":"https:\/\/i0.wp.com\/aynakol.org\/wp-content\/uploads\/2021\/07\/tdf2021_stage11_breakaway_2.jpg?fit=1200%2C800&ssl=1&resize=350%2C200","width":350,"height":200,"srcset":"https:\/\/i0.wp.com\/aynakol.org\/wp-content\/uploads\/2021\/07\/tdf2021_stage11_breakaway_2.jpg?fit=1200%2C800&ssl=1&resize=350%2C200 1x, https:\/\/i0.wp.com\/aynakol.org\/wp-content\/uploads\/2021\/07\/tdf2021_stage11_breakaway_2.jpg?fit=1200%2C800&ssl=1&resize=525%2C300 1.5x, https:\/\/i0.wp.com\/aynakol.org\/wp-content\/uploads\/2021\/07\/tdf2021_stage11_breakaway_2.jpg?fit=1200%2C800&ssl=1&resize=700%2C400 2x, https:\/\/i0.wp.com\/aynakol.org\/wp-content\/uploads\/2021\/07\/tdf2021_stage11_breakaway_2.jpg?fit=1200%2C800&ssl=1&resize=1050%2C600 3x"},"classes":[]},{"id":3859,"url":"https:\/\/aynakol.org\/?p=3859","url_meta":{"origin":6836,"position":1},"title":"TdF2016 11. Etap: Carcassonne \u2192 Montpellier, 164 km","author":"Ayd\u0131n Bez","date":"13 Temmuz 2016","format":false,"excerpt":"D\u00fcnk\u00fc etapta neler olmu\u015ftu? Dinlenme g\u00fcn\u00fcnden sonra tatili devam ettirme karar\u0131 alan pelotonun etab\u0131 ka\u00e7\u0131\u015f i\u00e7indeki sprinter pedallara b\u0131rakt\u0131\u011f\u0131 10. Etapta zafere uzanan isim Orica-BikeExchange tak\u0131m\u0131ndan Michael Matthews oldu.\u00a0 \u00a0 Etap hakk\u0131nda Sele \u00fczerinde dinlenmeye devam: Mont Ventoux zirvesinde bitecek 12. Etap \u00f6ncesi pelotonun kar\u015f\u0131s\u0131nda yine d\u00fcz say\u0131labilecek k\u0131sa bir\u2026","rel":"","context":"&quot;Tour de France&quot; i\u00e7inde","block_context":{"text":"Tour de France","link":"https:\/\/aynakol.org\/?cat=89"},"img":{"alt_text":"","src":"https:\/\/i0.wp.com\/aynakol.org\/wp-content\/uploads\/2016\/07\/TDF2016_stage11_Froome_and_Sagan-e1468498848357.jpg?fit=987%2C552&ssl=1&resize=350%2C200","width":350,"height":200,"srcset":"https:\/\/i0.wp.com\/aynakol.org\/wp-content\/uploads\/2016\/07\/TDF2016_stage11_Froome_and_Sagan-e1468498848357.jpg?fit=987%2C552&ssl=1&resize=350%2C200 1x, https:\/\/i0.wp.com\/aynakol.org\/wp-content\/uploads\/2016\/07\/TDF2016_stage11_Froome_and_Sagan-e1468498848357.jpg?fit=987%2C552&ssl=1&resize=525%2C300 1.5x, https:\/\/i0.wp.com\/aynakol.org\/wp-content\/uploads\/2016\/07\/TDF2016_stage11_Froome_and_Sagan-e1468498848357.jpg?fit=987%2C552&ssl=1&resize=700%2C400 2x"},"classes":[]},{"id":7124,"url":"https:\/\/aynakol.org\/?p=7124","url_meta":{"origin":6836,"position":2},"title":"#TdF2022 16. Etap: Carcassonne > Foix, 178,5 km","author":"Ayd\u0131n Bez","date":"19 Temmuz 2022","format":false,"excerpt":"Uzun ve s\u0131cak bir 202 km sonunda Carcassonne kale \u015fehrinde sona eren 15. Etapta biti\u015f \u00e7izgisinde ba\u015fa ba\u015f bir Sprint m\u00fccadelesi sonunda ad\u0131n\u0131 zafere yazd\u0131ran isim Jasper Philipsen! \u00a0 Alpecin-Deceuninck tak\u0131m\u0131n\u0131n 24 ya\u015f\u0131ndaki Bel\u00e7ikal\u0131 pedal\u0131 bu galibiyetle birlikte \u00fc\u00e7 b\u00fcy\u00fck turun ikisinde, Le Tour ve La Vuelta, etap kazanan isimlerini\u2026","rel":"","context":"&quot;Tour de France&quot; i\u00e7inde","block_context":{"text":"Tour de France","link":"https:\/\/aynakol.org\/?cat=89"},"img":{"alt_text":"","src":"https:\/\/i0.wp.com\/aynakol.org\/wp-content\/uploads\/2022\/07\/tdf2022_stage15_winner_jasper_philipsen.jpg?resize=350%2C200","width":350,"height":200,"srcset":"https:\/\/i0.wp.com\/aynakol.org\/wp-content\/uploads\/2022\/07\/tdf2022_stage15_winner_jasper_philipsen.jpg?resize=350%2C200 1x, https:\/\/i0.wp.com\/aynakol.org\/wp-content\/uploads\/2022\/07\/tdf2022_stage15_winner_jasper_philipsen.jpg?resize=525%2C300 1.5x, https:\/\/i0.wp.com\/aynakol.org\/wp-content\/uploads\/2022\/07\/tdf2022_stage15_winner_jasper_philipsen.jpg?resize=700%2C400 2x"},"classes":[]},{"id":7117,"url":"https:\/\/aynakol.org\/?p=7117","url_meta":{"origin":6836,"position":3},"title":"#TdF2022 15. Etap: Rodez > Carcassonne, 202 km","author":"Ayd\u0131n Bez","date":"17 Temmuz 2022","format":false,"excerpt":"Ka\u011f\u0131t \u00fczerinde ka\u00e7\u0131\u015fa gidecek dedi\u011fimiz etap olayl\u0131 ba\u015flad\u0131 ka\u00e7\u0131\u015f\u0131n mutlu sona ula\u015fmas\u0131yla bitti: Mende havaliman\u0131nda sona eren 14. Etab\u0131n sonunda \"ka\u00e7t\u0131m, silkelendim, yakalad\u0131m ve yine ka\u00e7t\u0131m, kar\u015f\u0131 atak yapt\u0131m ama bu sefer takip edildim de ge\u00e7ildim, \"vurun ulan vurun, vurun ben kolay \u00f6lmem\" dedim ve ge\u00e7tim, geride b\u0131rakt\u0131m, silkeledim ve\u2026","rel":"","context":"&quot;Tour de France&quot; i\u00e7inde","block_context":{"text":"Tour de France","link":"https:\/\/aynakol.org\/?cat=89"},"img":{"alt_text":"","src":"https:\/\/i0.wp.com\/aynakol.org\/wp-content\/uploads\/2021\/07\/tdf2021_stage6_peloton.jpg?fit=1200%2C800&ssl=1&resize=350%2C200","width":350,"height":200,"srcset":"https:\/\/i0.wp.com\/aynakol.org\/wp-content\/uploads\/2021\/07\/tdf2021_stage6_peloton.jpg?fit=1200%2C800&ssl=1&resize=350%2C200 1x, https:\/\/i0.wp.com\/aynakol.org\/wp-content\/uploads\/2021\/07\/tdf2021_stage6_peloton.jpg?fit=1200%2C800&ssl=1&resize=525%2C300 1.5x, https:\/\/i0.wp.com\/aynakol.org\/wp-content\/uploads\/2021\/07\/tdf2021_stage6_peloton.jpg?fit=1200%2C800&ssl=1&resize=700%2C400 2x, https:\/\/i0.wp.com\/aynakol.org\/wp-content\/uploads\/2021\/07\/tdf2021_stage6_peloton.jpg?fit=1200%2C800&ssl=1&resize=1050%2C600 3x"},"classes":[]},{"id":7645,"url":"https:\/\/aynakol.org\/?p=7645","url_meta":{"origin":6836,"position":4},"title":"#TDF2023tr 9. Etap: Saint-L\u00e9onard-de-Noblat > Puy de D\u00f4me, 182,4 km","author":"Ayd\u0131n Bez","date":"9 Temmuz 2023","format":false,"excerpt":"D\u00fcnk\u00fc etapta neler oldu? Turun bu seneki bir di\u011fer uzun g\u00fcn\u00fcnde zafere uzanan isim Lidl - Trek tak\u0131m\u0131n\u0131n 27 ya\u015f\u0131ndaki Danimarkal\u0131 sprinter pedal\u0131 Mads Pedersen! \u00a0 La Flamme Rouge \u00a0 Etap beklendi\u011fi gibi uzuuuuun bir sele \u00fczeri aktif dinlenme ve Massif Central B\u00f6lgesine do\u011fru transfer edilmesi \u015feklinde pedallan\u0131rken yalanc\u0131 d\u00fczl\u00fc\u011f\u00fcn\u2026","rel":"","context":"&quot;Tour de France&quot; i\u00e7inde","block_context":{"text":"Tour de France","link":"https:\/\/aynakol.org\/?cat=89"},"img":{"alt_text":"","src":"https:\/\/i0.wp.com\/aynakol.org\/wp-content\/uploads\/2023\/07\/tdf2023_stage4_peloton.jpg?fit=1000%2C666&ssl=1&resize=350%2C200","width":350,"height":200,"srcset":"https:\/\/i0.wp.com\/aynakol.org\/wp-content\/uploads\/2023\/07\/tdf2023_stage4_peloton.jpg?fit=1000%2C666&ssl=1&resize=350%2C200 1x, https:\/\/i0.wp.com\/aynakol.org\/wp-content\/uploads\/2023\/07\/tdf2023_stage4_peloton.jpg?fit=1000%2C666&ssl=1&resize=525%2C300 1.5x, https:\/\/i0.wp.com\/aynakol.org\/wp-content\/uploads\/2023\/07\/tdf2023_stage4_peloton.jpg?fit=1000%2C666&ssl=1&resize=700%2C400 2x"},"classes":[]},{"id":7723,"url":"https:\/\/aynakol.org\/?p=7723","url_meta":{"origin":6836,"position":5},"title":"#TdF2023 13. Etap: Ch\u00e2tillon-Sur-Chalaronne > Grand Colombier, 137,8 km","author":"Ayd\u0131n Bez","date":"14 Temmuz 2023","format":false,"excerpt":"D\u00fcnk\u00fc etapta neler olmu\u015ftu? Profili itibari ile ka\u00e7\u0131\u015fa y\u00f6nelik tasarlanan Belleville-en-Beaujolais kom\u00fcn\u00fcnde sona eren 168,8 km uzunlu\u011fundaki 12. Etab\u0131n sonunda zafere pedallayan isim Ion Izagirre! 15 y\u0131ld\u0131r etap kazanamayan Cofidis, 2. etapta Victor Lafay, bug\u00fcn de Ion Azagirre ile ikinci etab\u0131n\u0131 kazan\u0131rken, \u0130spanyollar da pe\u015f pe\u015fe iki g\u00fcnd\u00fcr zafer sarho\u015fu!\u2026","rel":"","context":"&quot;Tour de France&quot; i\u00e7inde","block_context":{"text":"Tour de France","link":"https:\/\/aynakol.org\/?cat=89"},"img":{"alt_text":"","src":"https:\/\/i0.wp.com\/aynakol.org\/wp-content\/uploads\/2023\/07\/tdf2023_stage7_back_ot_the_peloton-e1688744541758.jpg?fit=1000%2C460&ssl=1&resize=350%2C200","width":350,"height":200,"srcset":"https:\/\/i0.wp.com\/aynakol.org\/wp-content\/uploads\/2023\/07\/tdf2023_stage7_back_ot_the_peloton-e1688744541758.jpg?fit=1000%2C460&ssl=1&resize=350%2C200 1x, https:\/\/i0.wp.com\/aynakol.org\/wp-content\/uploads\/2023\/07\/tdf2023_stage7_back_ot_the_peloton-e1688744541758.jpg?fit=1000%2C460&ssl=1&resize=525%2C300 1.5x, https:\/\/i0.wp.com\/aynakol.org\/wp-content\/uploads\/2023\/07\/tdf2023_stage7_back_ot_the_peloton-e1688744541758.jpg?fit=1000%2C460&ssl=1&resize=700%2C400 2x"},"classes":[]}],"_links":{"self":[{"href":"https:\/\/aynakol.org\/index.php?rest_route=\/wp\/v2\/posts\/6836","targetHints":{"allow":["GET"]}}],"collection":[{"href":"https:\/\/aynakol.org\/index.php?rest_route=\/wp\/v2\/posts"}],"about":[{"href":"https:\/\/aynakol.org\/index.php?rest_route=\/wp\/v2\/types\/post"}],"author":[{"embeddable":true,"href":"https:\/\/aynakol.org\/index.php?rest_route=\/wp\/v2\/users\/1"}],"replies":[{"embeddable":true,"href":"https:\/\/aynakol.org\/index.php?rest_route=%2Fwp%2Fv2%2Fcomments&post=6836"}],"version-history":[{"count":3,"href":"https:\/\/aynakol.org\/index.php?rest_route=\/wp\/v2\/posts\/6836\/revisions"}],"predecessor-version":[{"id":6842,"href":"https:\/\/aynakol.org\/index.php?rest_route=\/wp\/v2\/posts\/6836\/revisions\/6842"}],"wp:attachment":[{"href":"https:\/\/aynakol.org\/index.php?rest_route=%2Fwp%2Fv2%2Fmedia&parent=6836"}],"wp:term":[{"taxonomy":"category","embeddable":true,"href":"https:\/\/aynakol.org\/index.php?rest_route=%2Fwp%2Fv2%2Fcategories&post=6836"},{"taxonomy":"post_tag","embeddable":true,"href":"https:\/\/aynakol.org\/index.php?rest_route=%2Fwp%2Fv2%2Ftags&post=6836"}],"curies":[{"name":"wp","href":"https:\/\/api.w.org\/{rel}","templated":true}]}}