{"id":6843,"date":"2021-07-11T08:00:53","date_gmt":"2021-07-11T05:00:53","guid":{"rendered":"http:\/\/aynakol.org\/?p=6843"},"modified":"2021-07-12T21:43:25","modified_gmt":"2021-07-12T18:43:25","slug":"le-tour-de-france-2021-15-etap-ceret-%e2%86%92-andorre-la-vieille-191km","status":"publish","type":"post","link":"https:\/\/aynakol.org\/?p=6843","title":{"rendered":"Le Tour de France 2021 15. Etap: C\u00e9ret \u2192 Andorre-La-Vieille, 191km"},"content":{"rendered":"<p><span style=\"font-size: 14pt; font-family: georgia, palatino, serif;\"><strong><a href=\"http:\/\/aynakol.org\/2021\/07\/10\/le-tour-de-france-2021-14-etap-carcassonne-%e2%86%92-quillan-184km\/\" target=\"_blank\" rel=\"noopener\">D\u00fcnk\u00fc etapta<\/a> neler olmu\u015ftu?<\/strong> <\/span><\/p>\n<p><span style=\"font-size: 12pt; font-family: georgia, palatino, serif;\">Ka\u00e7\u0131\u015fa gidece\u011fi, Le Tour 2021 rotas\u0131 duyuruldu\u011fu g\u00fcnden beri belli olan 14. etab\u0131n sonunda zafere uzanan isim Bauke Mollema! <\/span><\/p>\n<p><span style=\"font-size: 12pt; font-family: georgia, palatino, serif;\"><strong>Etab\u0131n \u00f6ne \u00e7\u0131kan anlar\u0131<\/strong><\/span><\/p>\n<p><iframe loading=\"lazy\" title=\"YouTube video player\" src=\"\/\/www.youtube.com\/embed\/zUu7ZGf4MpI\" width=\"560\" height=\"315\" frameborder=\"0\" allowfullscreen=\"allowfullscreen\"><\/iframe><\/p>\n<p>&nbsp;<\/p>\n<p><span style=\"font-size: 12pt; font-family: georgia, palatino, serif;\">TREK -Segafredo tak\u0131m\u0131n\u0131n 34 ya\u015f\u0131ndaki tecr\u00fcbeli Hollandal\u0131 pedal\u0131 <a href=\"https:\/\/youtu.be\/XUVeriMYGAs\" target=\"_blank\" rel=\"noopener\">Mollema<\/a> g\u00fcn boyunca ka\u00e7\u0131\u015fa girip zafere pedallamak isteyen onlarca pedal\u0131n dizginlenemeyen temposunu iyi okuyup, do\u011fru zamanda yapt\u0131\u011f\u0131 atakla hem de da\u011flar\u0131n kral\u0131 mayosu i\u00e7in m\u00fccadele veren Poels ve Woods ikilisini silkeleyip uzun soluklu ka\u00e7\u0131\u015f\u0131n\u0131 yapt\u0131 ve 2017 y\u0131l\u0131ndan sonra kariyerine ikinci Fransa Turu etap zaferini ekledi!<\/span><\/p>\n<div id=\"attachment_6845\" style=\"width: 870px\" class=\"wp-caption aligncenter\"><img data-recalc-dims=\"1\" loading=\"lazy\" decoding=\"async\" aria-describedby=\"caption-attachment-6845\" data-attachment-id=\"6845\" data-permalink=\"https:\/\/aynakol.org\/?attachment_id=6845\" data-orig-file=\"https:\/\/i0.wp.com\/aynakol.org\/wp-content\/uploads\/2021\/07\/tdf2021_stage14_winner_bauke_mollema.jpg?fit=1500%2C1000&amp;ssl=1\" data-orig-size=\"1500,1000\" data-comments-opened=\"1\" data-image-meta=\"{&quot;aperture&quot;:&quot;0&quot;,&quot;credit&quot;:&quot;Cor Vos&quot;,&quot;camera&quot;:&quot;&quot;,&quot;caption&quot;:&quot;Quillan  - France - wielrennen - cycling - cyclisme - radsport -  Bauke Mollema (Netherlands \/ Team Trek - Segafredo) pictured during 108th Tour de France 2021 stage 14 from Carcassonne to Quillan (183.7KM) - photo Dion Kerckhoffs\/Cor Vos \\u00a9 2021&quot;,&quot;created_timestamp&quot;:&quot;1625875200&quot;,&quot;copyright&quot;:&quot;&quot;,&quot;focal_length&quot;:&quot;0&quot;,&quot;iso&quot;:&quot;0&quot;,&quot;shutter_speed&quot;:&quot;0&quot;,&quot;title&quot;:&quot;Tour de France 2021 stage 14&quot;,&quot;orientation&quot;:&quot;0&quot;}\" data-image-title=\"Tour de France 2021 stage 14\" data-image-description=\"\" data-image-caption=\"&lt;p&gt;Quillan  &amp;#8211; France &amp;#8211; wielrennen &amp;#8211; cycling &amp;#8211; cyclisme &amp;#8211; radsport &amp;#8211;  Bauke Mollema (Netherlands \/ Team Trek &amp;#8211; Segafredo) pictured during 108th Tour de France 2021 stage 14 from Carcassonne to Quillan (183.7KM) &amp;#8211; photo Dion Kerckhoffs\/Cor Vos \u00a9 2021&lt;\/p&gt;\n\" data-large-file=\"https:\/\/i0.wp.com\/aynakol.org\/wp-content\/uploads\/2021\/07\/tdf2021_stage14_winner_bauke_mollema.jpg?fit=860%2C574&amp;ssl=1\" class=\"wp-image-6845 size-large\" src=\"https:\/\/i0.wp.com\/aynakol.org\/wp-content\/uploads\/2021\/07\/tdf2021_stage14_winner_bauke_mollema.jpg?resize=860%2C574\" alt=\"\" width=\"860\" height=\"574\" srcset=\"https:\/\/i0.wp.com\/aynakol.org\/wp-content\/uploads\/2021\/07\/tdf2021_stage14_winner_bauke_mollema.jpg?resize=1024%2C683&amp;ssl=1 1024w, https:\/\/i0.wp.com\/aynakol.org\/wp-content\/uploads\/2021\/07\/tdf2021_stage14_winner_bauke_mollema.jpg?resize=300%2C200&amp;ssl=1 300w, https:\/\/i0.wp.com\/aynakol.org\/wp-content\/uploads\/2021\/07\/tdf2021_stage14_winner_bauke_mollema.jpg?resize=768%2C512&amp;ssl=1 768w, https:\/\/i0.wp.com\/aynakol.org\/wp-content\/uploads\/2021\/07\/tdf2021_stage14_winner_bauke_mollema.jpg?w=1500&amp;ssl=1 1500w\" sizes=\"auto, (max-width: 860px) 100vw, 860px\" \/><p id=\"caption-attachment-6845\" class=\"wp-caption-text\">TdF2021 14. Etab\u0131n kazanan\u0131: Bauke Mollema<\/p><\/div>\n<p><span style=\"font-size: 12pt; font-family: georgia, palatino, serif;\">Genel klasmanda ise \u015fa\u015f\u0131rt\u0131c\u0131 geli\u015fmeler ya\u015fand\u0131 diyebiliriz: Cofidis, Solutions Cr\u00e9dits tak\u0131m\u0131n\u0131n Frans\u0131z pedal\u0131 Guillaume Martin genel klasmanda 9. s\u0131rada ba\u015flad\u0131\u011f\u0131 g\u00fcn\u00fc, ka\u00e7\u0131\u015f\u0131n nimetlerinden faydalanarak ikinci s\u0131rada bitirdi. EF Education &#8211; Nippo ikinci s\u0131radaki liderleri Rigoberto Uran, Team Jumbo &#8211; Visma da ba\u015fs\u0131 kal\u0131nca sar\u0131ld\u0131\u011f\u0131 Jonas Vingegaard yerlerini korusun diye tempo yapsa da ne daha fazla pedal\u0131n ka\u00e7\u0131\u015fa kat\u0131lmas\u0131n\u0131, ne takip grubu olu\u015fmas\u0131na ne de aradaki fark\u0131n kapanmas\u0131na engel olabildi. Guillaume Martinin ikinci s\u0131raya y\u00fckselmesiyle kalan herkes bir basamak a\u015fa\u011f\u0131 inmi\u015f oldu. <\/span><\/p>\n<p><span style=\"font-size: 12pt; font-family: georgia, palatino, serif;\"><strong>Genel klasmanda son durum<\/strong><\/span><\/p>\n<p><iframe loading=\"lazy\" src=\"https:\/\/www.procyclingstats.com\/widgets\/result.php?h=dce1c67b20ed07f36f509275e7a764c57bd40b30\" width=\"520\" height=\"320\"><\/iframe><\/p>\n<p>&nbsp;<\/p>\n<p><span style=\"font-size: 14pt; font-family: georgia, palatino, serif;\"><strong>Gelelim bug\u00fcnk\u00fc etaba<\/strong><\/span><\/p>\n<p><span style=\"font-size: 12pt; font-family: georgia, palatino, serif;\">Son iki etab\u0131 \u00f6zetlersek: \u00d6nceki <\/span><span style=\"font-size: 12pt; font-family: georgia, palatino, serif;\">g\u00fcn sprint, devrisi g\u00fcn ka\u00e7\u0131\u015f, yar\u0131n\u0131 da s\u0131k\u0131 bir ka\u00e7\u0131\u015f ustas\u0131, belki bir ihtimal genel klasmanda halat\u0131 yukar\u0131 savuran bir isim&#8230;\u00a0<\/span><\/p>\n<div id=\"attachment_6839\" style=\"width: 913px\" class=\"wp-caption aligncenter\"><img data-recalc-dims=\"1\" loading=\"lazy\" decoding=\"async\" aria-describedby=\"caption-attachment-6839\" data-attachment-id=\"6839\" data-permalink=\"https:\/\/aynakol.org\/?attachment_id=6839\" data-orig-file=\"https:\/\/i0.wp.com\/aynakol.org\/wp-content\/uploads\/2021\/07\/profile-15.jpg?fit=903%2C512&amp;ssl=1\" data-orig-size=\"903,512\" data-comments-opened=\"1\" data-image-meta=\"{&quot;aperture&quot;:&quot;0&quot;,&quot;credit&quot;:&quot;&quot;,&quot;camera&quot;:&quot;&quot;,&quot;caption&quot;:&quot;&quot;,&quot;created_timestamp&quot;:&quot;0&quot;,&quot;copyright&quot;:&quot;&quot;,&quot;focal_length&quot;:&quot;0&quot;,&quot;iso&quot;:&quot;0&quot;,&quot;shutter_speed&quot;:&quot;0&quot;,&quot;title&quot;:&quot;&quot;,&quot;orientation&quot;:&quot;1&quot;}\" data-image-title=\"profile-15\" data-image-description=\"\" data-image-caption=\"\" data-large-file=\"https:\/\/i0.wp.com\/aynakol.org\/wp-content\/uploads\/2021\/07\/profile-15.jpg?fit=860%2C488&amp;ssl=1\" class=\"wp-image-6839 size-full\" src=\"https:\/\/i0.wp.com\/aynakol.org\/wp-content\/uploads\/2021\/07\/profile-15.jpg?resize=860%2C488\" alt=\"\" width=\"860\" height=\"488\" srcset=\"https:\/\/i0.wp.com\/aynakol.org\/wp-content\/uploads\/2021\/07\/profile-15.jpg?w=903&amp;ssl=1 903w, https:\/\/i0.wp.com\/aynakol.org\/wp-content\/uploads\/2021\/07\/profile-15.jpg?resize=300%2C170&amp;ssl=1 300w, https:\/\/i0.wp.com\/aynakol.org\/wp-content\/uploads\/2021\/07\/profile-15.jpg?resize=768%2C435&amp;ssl=1 768w\" sizes=\"auto, (max-width: 860px) 100vw, 860px\" \/><p id=\"caption-attachment-6839\" class=\"wp-caption-text\">TdF2021 15. Etap: Dinlenme g\u00fcn\u00fc \u00f6ncesi Andorraday\u0131z&#8230;<\/p><\/div>\n<p><span style=\"font-size: 12pt; font-family: georgia, palatino, serif;\">Fransadan Andorraya uzanan 191km uzunlu\u011fundaki 15. etab\u0131n profili bir hayli sert. Nas\u0131l olmas\u0131n ki? 3 adet Cat1, bir de arada s\u0131k\u0131\u015f\u0131p kalm\u0131\u015f boyu atmam\u0131\u015f Cat2 s\u0131n\u0131fland\u0131r\u0131lm\u0131\u015f d\u00f6rt t\u0131rman\u0131\u015f\u0131m\u0131z var, sondan bir \u00f6nceki bu senenin en y\u00fcksek zirvesine ev sahipli\u011fi yapan (Souvenir Henri Desgrange) 2408mt rak\u0131ma konu\u015flu Fransa ve Andorra aras\u0131ndaki do\u011fal s\u0131n\u0131r\u0131 \u00e7izen Port d&#8217;Envalira da\u011f ge\u00e7idi ortal\u0131\u011f\u0131 g\u00f6zlerken pe\u015finden ge\u00e7ilecek Col de Beixalis \u00e7\u0131tay\u0131 y\u00fckseltmek de ne irtifa kamp\u0131nda buralarda dolananlar\u0131 bile zorlayacakt\u0131r.<\/span><\/p>\n<p><img data-recalc-dims=\"1\" loading=\"lazy\" decoding=\"async\" data-attachment-id=\"6852\" data-permalink=\"https:\/\/aynakol.org\/?attachment_id=6852\" data-orig-file=\"https:\/\/i0.wp.com\/aynakol.org\/wp-content\/uploads\/2021\/07\/tdf2021_stage14_peloton_2-1.jpg?fit=1500%2C999&amp;ssl=1\" data-orig-size=\"1500,999\" data-comments-opened=\"1\" data-image-meta=\"{&quot;aperture&quot;:&quot;5&quot;,&quot;credit&quot;:&quot;A.S.O.\/Charly Lopez&quot;,&quot;camera&quot;:&quot;NIKON D850&quot;,&quot;caption&quot;:&quot;10\/07\/2021 \\u2013 Tour de France 2021 \\u2013 Etape 14 \\u2013 Carcassonne \/ Quillan (183,7 km) -&quot;,&quot;created_timestamp&quot;:&quot;1625915395&quot;,&quot;copyright&quot;:&quot;A.S.O.\/Charly Lopez&quot;,&quot;focal_length&quot;:&quot;200&quot;,&quot;iso&quot;:&quot;400&quot;,&quot;shutter_speed&quot;:&quot;0.0003125&quot;,&quot;title&quot;:&quot;&quot;,&quot;orientation&quot;:&quot;0&quot;}\" data-image-title=\"tdf2021_stage14_peloton_2\" data-image-description=\"\" data-image-caption=\"&lt;p&gt;10\/07\/2021 \u2013 Tour de France 2021 \u2013 Etape 14 \u2013 Carcassonne \/ Quillan (183,7 km) &amp;#8211;&lt;\/p&gt;\n\" data-large-file=\"https:\/\/i0.wp.com\/aynakol.org\/wp-content\/uploads\/2021\/07\/tdf2021_stage14_peloton_2-1.jpg?fit=860%2C573&amp;ssl=1\" class=\"aligncenter wp-image-6852 size-large\" src=\"https:\/\/i0.wp.com\/aynakol.org\/wp-content\/uploads\/2021\/07\/tdf2021_stage14_peloton_2-1.jpg?resize=860%2C573\" alt=\"\" width=\"860\" height=\"573\" srcset=\"https:\/\/i0.wp.com\/aynakol.org\/wp-content\/uploads\/2021\/07\/tdf2021_stage14_peloton_2-1.jpg?resize=1024%2C682&amp;ssl=1 1024w, https:\/\/i0.wp.com\/aynakol.org\/wp-content\/uploads\/2021\/07\/tdf2021_stage14_peloton_2-1.jpg?resize=300%2C200&amp;ssl=1 300w, https:\/\/i0.wp.com\/aynakol.org\/wp-content\/uploads\/2021\/07\/tdf2021_stage14_peloton_2-1.jpg?resize=768%2C511&amp;ssl=1 768w, https:\/\/i0.wp.com\/aynakol.org\/wp-content\/uploads\/2021\/07\/tdf2021_stage14_peloton_2-1.jpg?w=1500&amp;ssl=1 1500w\" sizes=\"auto, (max-width: 860px) 100vw, 860px\" \/><\/p>\n<p><span style=\"font-size: 12pt; font-family: georgia, palatino, serif;\">Ara sprint kap\u0131s\u0131 geride kal\u0131rkalmaz 8.4km sonra zirvcesine selam verilecek Montee de Mont-Louis ge\u00e7idine usul usul t\u0131rmanmaya ba\u015flayacak pelotondan ataklar balayacakt\u0131r; ka\u00e7anlar i\u00e7inde d\u00fcnk\u00fc gibi Guillaume Martin ya da ge\u00e7en pazar\u0131n ay\u0131r\u0131l da gelen ismi Ben O&#8217;Connor misali genel klasmanda s\u0131ralamay\u0131 de\u011fi\u015ftercek isimler olursa UAE Emirates, EF Education &#8211; nippo ve Jumbo &#8211; Visma tak\u0131mlar\u0131 dizginleri ele alacakt\u0131r.<\/span><\/p>\n<p><span style=\"font-size: 12pt; font-family: georgia, palatino, serif;\">Fransa ve \u0130spanya aras\u0131n\u0131 ay\u0131ran Pirenelerde krali\u00e7esel bir etapta her \u015fey m\u00fcmk\u00fcn olsa da etab\u0131n sonu zirvede de\u011fil de Col de Baixalis ete\u011fine kurulu Andorre-La-Vieille kentinde sona erece\u011finden genel klasmanc\u0131lar dinlenme g\u00fcn\u00fc \u00f6ncesi kendilerini saklayacakt\u0131r.<\/span><\/p>\n<p>&nbsp;<\/p>\n","protected":false},"excerpt":{"rendered":"<p>D\u00fcnk\u00fc etapta neler olmu\u015ftu? Ka\u00e7\u0131\u015fa gidece\u011fi, Le Tour 2021 rotas\u0131 duyuruldu\u011fu g\u00fcnden beri belli olan 14. etab\u0131n sonunda zafere uzanan isim Bauke Mollema! Etab\u0131n \u00f6ne [&#8230;]<\/p>\n","protected":false},"author":1,"featured_media":6853,"comment_status":"open","ping_status":"open","sticky":false,"template":"","format":"standard","meta":{"jetpack_post_was_ever_published":false,"_jetpack_newsletter_access":"","_jetpack_dont_email_post_to_subs":false,"_jetpack_newsletter_tier_id":0,"_jetpack_memberships_contains_paywalled_content":false,"_jetpack_memberships_contains_paid_content":false,"footnotes":"","jetpack_publicize_message":"#TourdeFrance #tdf2021 15. Etap: C\u00e9ret \u2192 Andorre-La-Vieille, 191km\r\nFransa ve \u0130spanya aras\u0131n\u0131 ay\u0131ran Pirenelerde krali\u00e7esel bir etapta her \u015fey m\u00fcmk\u00fcn olsa da etab\u0131n sonu zirvede de\u011fil de Col de Baixalis ete\u011fine kurulu Andorre-La-Vieille kentinde sona erece\u011finden genel klasmanc\u0131lar dinlenme g\u00fcn\u00fc \u00f6ncesi kendilerini saklayacakt\u0131r.","jetpack_publicize_feature_enabled":true,"jetpack_social_post_already_shared":true,"jetpack_social_options":{"image_generator_settings":{"template":"highway","default_image_id":0,"font":"","enabled":false},"version":2}},"categories":[89],"tags":[150,1178,832,151,217,1276,1482,1249,1485,746,1483,1484],"class_list":["post-6843","post","type-post","status-publish","format-standard","has-post-thumbnail","hentry","category-tour","tag-fransa-bisiklet-turu","tag-geraint-thomas","tag-grand-depart","tag-le-tour","tag-le-tour-de-france-2","tag-letour","tag-mathieu-van-der-poel","tag-primoz-roglic","tag-ricard-carapaz","tag-rigoberto-uran","tag-tadej-pogocar","tag-wout-van-aert"],"jetpack_publicize_connections":[],"jetpack_featured_media_url":"https:\/\/i0.wp.com\/aynakol.org\/wp-content\/uploads\/2021\/07\/tdf2021_stage14_peloton_1-1-e1625942717592.jpg?fit=1500%2C453&ssl=1","jetpack_sharing_enabled":true,"jetpack_shortlink":"https:\/\/wp.me\/p51p4O-1Mn","jetpack_likes_enabled":true,"jetpack-related-posts":[{"id":6819,"url":"https:\/\/aynakol.org\/?p=6819","url_meta":{"origin":6843,"position":0},"title":"Le Tour de France 2021 12. Etap: Saint-Paul-Trois-Ch\u00e2teaux \u2192 N\u00eemes, 160km","author":"Ayd\u0131n Bez","date":"8 Temmuz 2021","format":false,"excerpt":"D\u00fcnk\u00fc etapta neler olmu\u015ftu? Ululardan ulu Mont Ventoux zirvesinin Le Tour tarihinde ilk defa iki kere \u00e7\u0131k\u0131ld\u0131\u011f\u0131 11. etap k\u0131r\u0131ma u\u011fram\u0131\u015f Jumbo - Visma tak\u0131m\u0131n\u0131n Bel\u00e7ikal\u0131 s\u00fcper star\u0131 Wout van Aert taraf\u0131ndan kazan\u0131lsa da beklendi\u011fi gibi fare do\u011furdu: Genel klasmanda herhangi bir hareketlilik olmad\u0131\u011f\u0131 gibi atak ve heyecan, takip ve\u2026","rel":"","context":"&quot;Tour de France&quot; i\u00e7inde","block_context":{"text":"Tour de France","link":"https:\/\/aynakol.org\/?cat=89"},"img":{"alt_text":"","src":"https:\/\/i0.wp.com\/aynakol.org\/wp-content\/uploads\/2021\/07\/tdf2021_stage10_peloton_2-e1625688450113.jpg?fit=1200%2C456&ssl=1&resize=350%2C200","width":350,"height":200,"srcset":"https:\/\/i0.wp.com\/aynakol.org\/wp-content\/uploads\/2021\/07\/tdf2021_stage10_peloton_2-e1625688450113.jpg?fit=1200%2C456&ssl=1&resize=350%2C200 1x, https:\/\/i0.wp.com\/aynakol.org\/wp-content\/uploads\/2021\/07\/tdf2021_stage10_peloton_2-e1625688450113.jpg?fit=1200%2C456&ssl=1&resize=525%2C300 1.5x, https:\/\/i0.wp.com\/aynakol.org\/wp-content\/uploads\/2021\/07\/tdf2021_stage10_peloton_2-e1625688450113.jpg?fit=1200%2C456&ssl=1&resize=700%2C400 2x, https:\/\/i0.wp.com\/aynakol.org\/wp-content\/uploads\/2021\/07\/tdf2021_stage10_peloton_2-e1625688450113.jpg?fit=1200%2C456&ssl=1&resize=1050%2C600 3x"},"classes":[]},{"id":6800,"url":"https:\/\/aynakol.org\/?p=6800","url_meta":{"origin":6843,"position":1},"title":"Le Tour de France 2021 11. Etap: Sorgues \u2192 Malauc\u00e8ne, 199km","author":"Ayd\u0131n Bez","date":"7 Temmuz 2021","format":false,"excerpt":"D\u00fcnk\u00fc etapta neler olmu\u015ftu? Art\u0131k \u015fa\u015f\u0131rm\u0131yoruz: Cavendish 33. Le Tour zaferine ula\u015f\u0131rken Eddy Merckx reyizin rekoruna ortak olmas\u0131na sadece 1 zafer uzakl\u0131kta... Yemye\u015fil bir rotada Alpleri arkas\u0131na Mont Ventoux zirvesini kar\u015f\u0131s\u0131na alan peloton t\u00fcm g\u00fcn\u00fc sakin tempoda ka\u00e7anlara izin verip dinlenerek ge\u00e7irirken Bel\u00e7ika lokomotifi Deceuninck - Quick Step tak\u0131m\u0131n\u0131n plan\u0131\u2026","rel":"","context":"&quot;Tour de France&quot; i\u00e7inde","block_context":{"text":"Tour de France","link":"https:\/\/aynakol.org\/?cat=89"},"img":{"alt_text":"","src":"https:\/\/i0.wp.com\/aynakol.org\/wp-content\/uploads\/2021\/07\/tdf2021_stage10_peloton_3-e1625602404327.jpg?fit=1200%2C522&ssl=1&resize=350%2C200","width":350,"height":200,"srcset":"https:\/\/i0.wp.com\/aynakol.org\/wp-content\/uploads\/2021\/07\/tdf2021_stage10_peloton_3-e1625602404327.jpg?fit=1200%2C522&ssl=1&resize=350%2C200 1x, https:\/\/i0.wp.com\/aynakol.org\/wp-content\/uploads\/2021\/07\/tdf2021_stage10_peloton_3-e1625602404327.jpg?fit=1200%2C522&ssl=1&resize=525%2C300 1.5x, https:\/\/i0.wp.com\/aynakol.org\/wp-content\/uploads\/2021\/07\/tdf2021_stage10_peloton_3-e1625602404327.jpg?fit=1200%2C522&ssl=1&resize=700%2C400 2x, https:\/\/i0.wp.com\/aynakol.org\/wp-content\/uploads\/2021\/07\/tdf2021_stage10_peloton_3-e1625602404327.jpg?fit=1200%2C522&ssl=1&resize=1050%2C600 3x"},"classes":[]},{"id":6747,"url":"https:\/\/aynakol.org\/?p=6747","url_meta":{"origin":6843,"position":2},"title":"Le Tour de France 2021 5. Etap: Chang\u00e9 \u2192 Laval Espace Mayenne, 27km","author":"Ayd\u0131n Bez","date":"30 Haziran 2021","format":false,"excerpt":"D\u00fcnk\u00fc etapta neler olmu\u015ftu? 152km uzunlu\u011fundaki etab\u0131n sonunda ya\u015fanan toplu sprint m\u00fccadelesinden galip \u00e7\u0131kan isim Mark Cavendish! 5 y\u0131l sonra Tour da zafere pedallayan Cav b\u00f6ylece kariyerindeki 31. Le Tour etab\u0131n\u0131 kazanm\u0131\u015f oldu. \u00a0 Etab\u0131n hemen ba\u015f\u0131nda Andr\u00e9 Greipel pelotonun \u00f6n\u00fcne ge\u00e7erek ilk \u00fc\u00e7 etap ya\u015fananlar\u0131n protesto edilmesini sa\u011flad\u0131 ve\u2026","rel":"","context":"&quot;Tour de France&quot; i\u00e7inde","block_context":{"text":"Tour de France","link":"https:\/\/aynakol.org\/?cat=89"},"img":{"alt_text":"","src":"https:\/\/i0.wp.com\/aynakol.org\/wp-content\/uploads\/2021\/06\/tdf2021_stage4_piloton-e1624993842878.jpg?fit=1200%2C242&ssl=1&resize=350%2C200","width":350,"height":200,"srcset":"https:\/\/i0.wp.com\/aynakol.org\/wp-content\/uploads\/2021\/06\/tdf2021_stage4_piloton-e1624993842878.jpg?fit=1200%2C242&ssl=1&resize=350%2C200 1x, https:\/\/i0.wp.com\/aynakol.org\/wp-content\/uploads\/2021\/06\/tdf2021_stage4_piloton-e1624993842878.jpg?fit=1200%2C242&ssl=1&resize=525%2C300 1.5x, https:\/\/i0.wp.com\/aynakol.org\/wp-content\/uploads\/2021\/06\/tdf2021_stage4_piloton-e1624993842878.jpg?fit=1200%2C242&ssl=1&resize=700%2C400 2x, https:\/\/i0.wp.com\/aynakol.org\/wp-content\/uploads\/2021\/06\/tdf2021_stage4_piloton-e1624993842878.jpg?fit=1200%2C242&ssl=1&resize=1050%2C600 3x"},"classes":[]},{"id":6771,"url":"https:\/\/aynakol.org\/?p=6771","url_meta":{"origin":6843,"position":3},"title":"Le Tour de France 2021 8. Etap: Oyonnax \u2192 Le Grand Bornand, 150km","author":"Ayd\u0131n Bez","date":"3 Temmuz 2021","format":false,"excerpt":"D\u00fcnk\u00fc etapta neler olmu\u015ftu? \u00dczerimize k\u00fcrek k\u00fcrek atak at\u0131lan bir etap oldu! Zaferin ad\u0131 Bahrain - Victorius tak\u0131m\u0131n\u0131n Sloven pedal\u0131 Matej Mohori\u010d olsa da ka\u00e7\u0131\u015fa giren t\u00fcm pedallar\u0131n ad\u0131 zaferle an\u0131lmal\u0131 bu etapta! Mathieu van der Poel, Xandro Meurisse (Alpecin-Fenix), Wout van Aert, Mike Teunissen (Jumbo-Visma), Mark Cavendish, Kasper Asgreen,\u2026","rel":"","context":"&quot;Tour de France&quot; i\u00e7inde","block_context":{"text":"Tour de France","link":"https:\/\/aynakol.org\/?cat=89"},"img":{"alt_text":"","src":"https:\/\/i0.wp.com\/aynakol.org\/wp-content\/uploads\/2021\/07\/tdf2021_stage6_peloton.jpg?fit=1200%2C800&ssl=1&resize=350%2C200","width":350,"height":200,"srcset":"https:\/\/i0.wp.com\/aynakol.org\/wp-content\/uploads\/2021\/07\/tdf2021_stage6_peloton.jpg?fit=1200%2C800&ssl=1&resize=350%2C200 1x, https:\/\/i0.wp.com\/aynakol.org\/wp-content\/uploads\/2021\/07\/tdf2021_stage6_peloton.jpg?fit=1200%2C800&ssl=1&resize=525%2C300 1.5x, https:\/\/i0.wp.com\/aynakol.org\/wp-content\/uploads\/2021\/07\/tdf2021_stage6_peloton.jpg?fit=1200%2C800&ssl=1&resize=700%2C400 2x, https:\/\/i0.wp.com\/aynakol.org\/wp-content\/uploads\/2021\/07\/tdf2021_stage6_peloton.jpg?fit=1200%2C800&ssl=1&resize=1050%2C600 3x"},"classes":[]},{"id":6830,"url":"https:\/\/aynakol.org\/?p=6830","url_meta":{"origin":6843,"position":4},"title":"Le Tour de France 2021 13. Etap: N\u00eemes \u2192 Carcassonne, 220km","author":"Ayd\u0131n Bez","date":"9 Temmuz 2021","format":false,"excerpt":"B\u00f6lgeden b\u00f6lgeye nakliyeye devam: Hedef Pireneler. Ama \u00f6ncesinde d\u00fcnk\u00fc etapta neler olmu\u015ftu? Yavan, \u00e7apraz r\u00fczgarl\u0131, a\u00e7\u0131l\u0131\u015f\u0131nda temposu y\u00fcksek sonras\u0131nda Sar\u0131 Mayonun da bulundu\u011fu ana pelotonun \"b\u0131rak\u0131n\u0131z ka\u00e7s\u0131nlar, b\u0131rak\u0131n\u0131z atakl\u0131 olan kazans\u0131n\" dedi\u011fi an temponun d\u00fc\u015ft\u00fc\u011f\u00fc, herkesin dinlendi\u011fi ama ka\u00e7\u0131\u015f\u0131n k\u0131\u00e7\u0131ndan kurdun eksik olmad\u0131\u011f\u0131 bir g\u00fcn\u00fcn sonunda biti\u015f \u00e7izgisinden zafere pedallayan\u2026","rel":"","context":"&quot;Tour de France&quot; i\u00e7inde","block_context":{"text":"Tour de France","link":"https:\/\/aynakol.org\/?cat=89"},"img":{"alt_text":"","src":"https:\/\/i0.wp.com\/aynakol.org\/wp-content\/uploads\/2021\/07\/tdf2021_stage11_breakaway_2.jpg?fit=1200%2C800&ssl=1&resize=350%2C200","width":350,"height":200,"srcset":"https:\/\/i0.wp.com\/aynakol.org\/wp-content\/uploads\/2021\/07\/tdf2021_stage11_breakaway_2.jpg?fit=1200%2C800&ssl=1&resize=350%2C200 1x, https:\/\/i0.wp.com\/aynakol.org\/wp-content\/uploads\/2021\/07\/tdf2021_stage11_breakaway_2.jpg?fit=1200%2C800&ssl=1&resize=525%2C300 1.5x, https:\/\/i0.wp.com\/aynakol.org\/wp-content\/uploads\/2021\/07\/tdf2021_stage11_breakaway_2.jpg?fit=1200%2C800&ssl=1&resize=700%2C400 2x, https:\/\/i0.wp.com\/aynakol.org\/wp-content\/uploads\/2021\/07\/tdf2021_stage11_breakaway_2.jpg?fit=1200%2C800&ssl=1&resize=1050%2C600 3x"},"classes":[]},{"id":6763,"url":"https:\/\/aynakol.org\/?p=6763","url_meta":{"origin":6843,"position":5},"title":"Le Tour de France 2021 7. Etap: Vierzon \u2192 Le Creusot, 249km","author":"Ayd\u0131n Bez","date":"2 Temmuz 2021","format":false,"excerpt":"D\u00fcnk\u00fc etapta neler olmu\u015ftu? Cav geri d\u00f6nd\u00fc! Alplere do\u011fru yol ald\u0131\u011f\u0131m\u0131z ge\u00e7i\u015f etab\u0131n\u0131n sonunda g\u00fclen isim Mark Cavendish! Deceuninck - Quick Step tak\u0131m\u0131n\u0131n 36 ya\u015f\u0131ndaki B\u00fcy\u00fck Britanyal\u0131 pedal Cavendish b\u00f6ylece 32. Tour de France zaferine uzan\u0131rken Eddy Merckx rekoruna 2 etap kald\u0131! Chappeu Cav! Etab\u0131n \u00f6ne \u00e7\u0131kan anlar\u0131 \u00a0 Mathieu\u2026","rel":"","context":"&quot;Grand Tour&quot; i\u00e7inde","block_context":{"text":"Grand Tour","link":"https:\/\/aynakol.org\/?cat=92"},"img":{"alt_text":"","src":"https:\/\/i0.wp.com\/aynakol.org\/wp-content\/uploads\/2021\/07\/tdf2021_stage4_two_men_breakaway-e1625164427578.jpg?fit=1200%2C252&ssl=1&resize=350%2C200","width":350,"height":200,"srcset":"https:\/\/i0.wp.com\/aynakol.org\/wp-content\/uploads\/2021\/07\/tdf2021_stage4_two_men_breakaway-e1625164427578.jpg?fit=1200%2C252&ssl=1&resize=350%2C200 1x, https:\/\/i0.wp.com\/aynakol.org\/wp-content\/uploads\/2021\/07\/tdf2021_stage4_two_men_breakaway-e1625164427578.jpg?fit=1200%2C252&ssl=1&resize=525%2C300 1.5x, https:\/\/i0.wp.com\/aynakol.org\/wp-content\/uploads\/2021\/07\/tdf2021_stage4_two_men_breakaway-e1625164427578.jpg?fit=1200%2C252&ssl=1&resize=700%2C400 2x, https:\/\/i0.wp.com\/aynakol.org\/wp-content\/uploads\/2021\/07\/tdf2021_stage4_two_men_breakaway-e1625164427578.jpg?fit=1200%2C252&ssl=1&resize=1050%2C600 3x"},"classes":[]}],"_links":{"self":[{"href":"https:\/\/aynakol.org\/index.php?rest_route=\/wp\/v2\/posts\/6843","targetHints":{"allow":["GET"]}}],"collection":[{"href":"https:\/\/aynakol.org\/index.php?rest_route=\/wp\/v2\/posts"}],"about":[{"href":"https:\/\/aynakol.org\/index.php?rest_route=\/wp\/v2\/types\/post"}],"author":[{"embeddable":true,"href":"https:\/\/aynakol.org\/index.php?rest_route=\/wp\/v2\/users\/1"}],"replies":[{"embeddable":true,"href":"https:\/\/aynakol.org\/index.php?rest_route=%2Fwp%2Fv2%2Fcomments&post=6843"}],"version-history":[{"count":2,"href":"https:\/\/aynakol.org\/index.php?rest_route=\/wp\/v2\/posts\/6843\/revisions"}],"predecessor-version":[{"id":6854,"href":"https:\/\/aynakol.org\/index.php?rest_route=\/wp\/v2\/posts\/6843\/revisions\/6854"}],"wp:featuredmedia":[{"embeddable":true,"href":"https:\/\/aynakol.org\/index.php?rest_route=\/wp\/v2\/media\/6853"}],"wp:attachment":[{"href":"https:\/\/aynakol.org\/index.php?rest_route=%2Fwp%2Fv2%2Fmedia&parent=6843"}],"wp:term":[{"taxonomy":"category","embeddable":true,"href":"https:\/\/aynakol.org\/index.php?rest_route=%2Fwp%2Fv2%2Fcategories&post=6843"},{"taxonomy":"post_tag","embeddable":true,"href":"https:\/\/aynakol.org\/index.php?rest_route=%2Fwp%2Fv2%2Ftags&post=6843"}],"curies":[{"name":"wp","href":"https:\/\/api.w.org\/{rel}","templated":true}]}}