{"id":6856,"date":"2021-07-13T08:00:06","date_gmt":"2021-07-13T05:00:06","guid":{"rendered":"http:\/\/aynakol.org\/?p=6856"},"modified":"2021-07-12T22:10:45","modified_gmt":"2021-07-12T19:10:45","slug":"le-tour-de-france-2021-16-etap-pas-de-la-case-%e2%86%92-saint-gaudens-169km","status":"publish","type":"post","link":"https:\/\/aynakol.org\/?p=6856","title":{"rendered":"Le Tour de France 2021 16. Etap: Pas De La Case \u2192 Saint-Gaudens, 169km"},"content":{"rendered":"<p><span style=\"font-size: 14pt;\"><strong><span style=\"font-family: georgia, palatino, serif;\"><a href=\"http:\/\/aynakol.org\/2021\/07\/11\/le-tour-de-france-2021-15-etap-ceret-%e2%86%92-andorre-la-vieille-191km\/\" target=\"_blank\" rel=\"noopener\">15. Etapta<\/a> neler olmu\u015ftu?<\/span><\/strong><\/span><\/p>\n<p><span style=\"font-size: 12pt; font-family: georgia, palatino, serif;\">Genel klasmanda ilk 10 i\u00e7ine dahas\u0131, Pogacardan sonraki 5 dakikal\u0131k zaman i\u00e7inde s\u0131ralanm\u0131\u015f 9 pedal\u0131n hi\u00e7bir \u015fey yapmad\u0131\u011f\u0131, yapsa da saman alevi misali ataklar\u0131n s\u00f6nd\u00fc\u011f\u00fc; etab\u0131n t\u00fcm y\u00fck\u00fcn\u00fcn olu\u015fan devasa ka\u00e7\u0131\u015f grubuna y\u0131k\u0131ld\u0131\u011f\u0131; y\u0131llard\u0131r g\u00f6rmeyi unuttu\u011fumuz, Team SKY sa\u011f olsun, Da\u011flar\u0131n Kral\u0131 Mayosu i\u00e7in yap\u0131lan ataklar\u0131n, yoku\u015f yukar\u0131 sprintlerin renk katt\u0131\u011f\u0131 bir etap izledik.<\/span><\/p>\n<div id=\"attachment_6859\" style=\"width: 870px\" class=\"wp-caption aligncenter\"><img data-recalc-dims=\"1\" loading=\"lazy\" decoding=\"async\" aria-describedby=\"caption-attachment-6859\" data-attachment-id=\"6859\" data-permalink=\"https:\/\/aynakol.org\/?attachment_id=6859\" data-orig-file=\"https:\/\/i0.wp.com\/aynakol.org\/wp-content\/uploads\/2021\/07\/tdf2021_stage15_winner_sepp_kuss.jpg?fit=1500%2C1000&amp;ssl=1\" data-orig-size=\"1500,1000\" data-comments-opened=\"1\" data-image-meta=\"{&quot;aperture&quot;:&quot;11&quot;,&quot;credit&quot;:&quot;&quot;,&quot;camera&quot;:&quot;Canon EOS 7D Mark II&quot;,&quot;caption&quot;:&quot;&quot;,&quot;created_timestamp&quot;:&quot;1626024979&quot;,&quot;copyright&quot;:&quot;&quot;,&quot;focal_length&quot;:&quot;300&quot;,&quot;iso&quot;:&quot;640&quot;,&quot;shutter_speed&quot;:&quot;0.0008&quot;,&quot;title&quot;:&quot;&quot;,&quot;orientation&quot;:&quot;0&quot;}\" data-image-title=\"tdf2021_stage15_winner_sepp_kuss\" data-image-description=\"\" data-image-caption=\"\" data-large-file=\"https:\/\/i0.wp.com\/aynakol.org\/wp-content\/uploads\/2021\/07\/tdf2021_stage15_winner_sepp_kuss.jpg?fit=860%2C574&amp;ssl=1\" class=\"wp-image-6859 size-large\" src=\"https:\/\/i0.wp.com\/aynakol.org\/wp-content\/uploads\/2021\/07\/tdf2021_stage15_winner_sepp_kuss.jpg?resize=860%2C574\" alt=\"\" width=\"860\" height=\"574\" srcset=\"https:\/\/i0.wp.com\/aynakol.org\/wp-content\/uploads\/2021\/07\/tdf2021_stage15_winner_sepp_kuss.jpg?resize=1024%2C683&amp;ssl=1 1024w, https:\/\/i0.wp.com\/aynakol.org\/wp-content\/uploads\/2021\/07\/tdf2021_stage15_winner_sepp_kuss.jpg?resize=300%2C200&amp;ssl=1 300w, https:\/\/i0.wp.com\/aynakol.org\/wp-content\/uploads\/2021\/07\/tdf2021_stage15_winner_sepp_kuss.jpg?resize=768%2C512&amp;ssl=1 768w, https:\/\/i0.wp.com\/aynakol.org\/wp-content\/uploads\/2021\/07\/tdf2021_stage15_winner_sepp_kuss.jpg?w=1500&amp;ssl=1 1500w\" sizes=\"auto, (max-width: 860px) 100vw, 860px\" \/><p id=\"caption-attachment-6859\" class=\"wp-caption-text\">TdF2021 15. Etab\u0131n kazanan\u0131 Sepp Kuss, az kals\u0131n zaferi Alejandro Valvardeye kapt\u0131r\u0131yordu.<\/p><\/div>\n<p><span style=\"font-size: 12pt; font-family: georgia, palatino, serif;\">\u00d6nden yazal\u0131m: Zafere pedallayan isim Jumbo &#8211; Visma tak\u0131m\u0131n\u0131n Amerikal\u0131 pedal\u0131 Sepp Kuss. G\u00fcn\u00fcn devasa ka\u00e7\u0131\u015f grubu i\u00e7inde yer alan 26 ya\u015f\u0131ndaki Kuss, etab\u0131n son ve en zorlu t\u0131rman\u0131\u015f\u0131 Col de Beixalis ba\u015flar ba\u015flamaz hareketlendi ve ka\u00e7\u0131\u015fa kar\u015f\u0131 ata\u011f\u0131n\u0131 yap\u0131p liderli\u011fi ald\u0131; kendisine cevap verebilen tek isim ihtiyar kurt Valverdeyi kolayca geride b\u0131rak\u0131p ini\u015fte bir ara fark azalsa da s\u00fcrekli 20-30 saniye aras\u0131nda tutarak Andorrada sona eren etab\u0131 kazanarak kariyerindeki La Vuelta 2018 sonras\u0131 ikinci b\u00fcy\u00fck tur <a href=\"https:\/\/youtu.be\/Zj0KInciP8s\" target=\"_blank\" rel=\"noopener\">zaferini kazand\u0131.<\/a> <\/span><\/p>\n<p><span style=\"font-size: 12pt; font-family: georgia, palatino, serif;\"><strong>Etab\u0131n \u00f6ne \u00e7\u0131kan anlar\u0131<\/strong><br \/>\n<\/span><\/p>\n<p><iframe loading=\"lazy\" title=\"YouTube video player\" src=\"\/\/www.youtube.com\/embed\/UFeZ8wwgJpc\" width=\"560\" height=\"315\" frameborder=\"0\" allowfullscreen=\"allowfullscreen\"><\/iframe><\/p>\n<p>&nbsp;<\/p>\n<p><span style=\"font-size: 12pt; font-family: georgia, palatino, serif;\">Genel klasman ise etab\u0131 be\u015f dakika s\u0131n\u0131r\u0131nda tamamlasa da Tadej Pogacar hac\u0131yatmaz misali t\u00fcm ataklara cevap vererek dinlenme g\u00fcn\u00fc \u00f6ncesi zaman kaybetmeyerek Sar\u0131 Mayosunu korumas\u0131n\u0131 bildi.<\/span><\/p>\n<p><iframe loading=\"lazy\" src=\"https:\/\/www.procyclingstats.com\/widgets\/result.php?h=fa6fe2a8ed5821a2bf6583d8a2a6b8714b98928b\" width=\"520\" height=\"320\"><\/iframe><\/p>\n<p>&nbsp;<\/p>\n<p><span style=\"font-size: 14pt;\"><strong><span style=\"font-family: georgia, palatino, serif;\">Gelelim bug\u00fcnk\u00fc etaba<\/span><\/strong><\/span><\/p>\n<p><span style=\"font-size: 12pt; font-family: georgia, palatino, serif;\">Andorradan at beni, Fransada tut beni!<\/span><\/p>\n<p><span style=\"font-size: 12pt; font-family: georgia, palatino, serif;\">Sepp Kussun 20 saniye farkla Valverdenin \u00f6n\u00fcnde ipi g\u00f6\u011f\u00fcsledi\u011fi Andorrada sona eren 15. etap sonras\u0131 dinlenme g\u00fcn\u00fc araya girmi\u015fti. \u00dc\u00e7\u00fcnc\u00fc haftaday\u0131z&#8230; Hesab\u0131n da\u011flarda g\u00f6r\u00fclece\u011fi g\u00fcnler yak\u0131nla\u015f\u0131rken Pirenelerin do\u011fusundan bat\u0131s\u0131na uzanaca\u011f\u0131m\u0131z bir 169km var \u00f6n\u00fcm\u00fczde.<\/span><\/p>\n<p><img data-recalc-dims=\"1\" loading=\"lazy\" decoding=\"async\" data-attachment-id=\"6858\" data-permalink=\"https:\/\/aynakol.org\/?attachment_id=6858\" data-orig-file=\"https:\/\/i0.wp.com\/aynakol.org\/wp-content\/uploads\/2021\/07\/profile-16.jpg?fit=903%2C512&amp;ssl=1\" data-orig-size=\"903,512\" data-comments-opened=\"1\" data-image-meta=\"{&quot;aperture&quot;:&quot;0&quot;,&quot;credit&quot;:&quot;&quot;,&quot;camera&quot;:&quot;&quot;,&quot;caption&quot;:&quot;&quot;,&quot;created_timestamp&quot;:&quot;0&quot;,&quot;copyright&quot;:&quot;&quot;,&quot;focal_length&quot;:&quot;0&quot;,&quot;iso&quot;:&quot;0&quot;,&quot;shutter_speed&quot;:&quot;0&quot;,&quot;title&quot;:&quot;&quot;,&quot;orientation&quot;:&quot;1&quot;}\" data-image-title=\"profile-16\" data-image-description=\"\" data-image-caption=\"\" data-large-file=\"https:\/\/i0.wp.com\/aynakol.org\/wp-content\/uploads\/2021\/07\/profile-16.jpg?fit=860%2C488&amp;ssl=1\" class=\"aligncenter size-full wp-image-6858\" src=\"https:\/\/i0.wp.com\/aynakol.org\/wp-content\/uploads\/2021\/07\/profile-16.jpg?resize=860%2C488\" alt=\"\" width=\"860\" height=\"488\" srcset=\"https:\/\/i0.wp.com\/aynakol.org\/wp-content\/uploads\/2021\/07\/profile-16.jpg?w=903&amp;ssl=1 903w, https:\/\/i0.wp.com\/aynakol.org\/wp-content\/uploads\/2021\/07\/profile-16.jpg?resize=300%2C170&amp;ssl=1 300w, https:\/\/i0.wp.com\/aynakol.org\/wp-content\/uploads\/2021\/07\/profile-16.jpg?resize=768%2C435&amp;ssl=1 768w\" sizes=\"auto, (max-width: 860px) 100vw, 860px\" \/><\/p>\n<p><span style=\"font-size: 12pt; font-family: georgia, palatino, serif;\">Andoradan Fransaya yol veren do\u011fal s\u0131n\u0131r Pas De La Case da\u011f ge\u00e7idinden Saint-Gaudens kasabas\u0131na uzanan 16. etap da\u011fl\u0131k bir profilde olsa da bar\u0131nd\u0131rd\u0131\u011f\u0131 4 t\u0131rman\u0131\u015fa kar\u015f\u0131n biti\u015f \u00e7izgisine uzanan bir 40km dinlenme g\u00fcn\u00fc \u00f6ncesinde ya\u015fad\u0131\u011f\u0131m\u0131z heyecana gebe: Zafer mutlaka ka\u00e7\u0131\u015f\u0131n olmal\u0131!<\/span><\/p>\n","protected":false},"excerpt":{"rendered":"<p>15. Etapta neler olmu\u015ftu? Genel klasmanda ilk 10 i\u00e7ine dahas\u0131, Pogacardan sonraki 5 dakikal\u0131k zaman i\u00e7inde s\u0131ralanm\u0131\u015f 9 pedal\u0131n hi\u00e7bir \u015fey yapmad\u0131\u011f\u0131, yapsa da saman [&#8230;]<\/p>\n","protected":false},"author":1,"featured_media":6860,"comment_status":"open","ping_status":"open","sticky":false,"template":"","format":"standard","meta":{"jetpack_post_was_ever_published":false,"_jetpack_newsletter_access":"","_jetpack_dont_email_post_to_subs":false,"_jetpack_newsletter_tier_id":0,"_jetpack_memberships_contains_paywalled_content":false,"_jetpack_memberships_contains_paid_content":false,"footnotes":"","jetpack_publicize_message":"#TourDeFrance #tdf2021 Andorradan at beni Fransada tut beni... 169km uzunlu\u011fundaki 16. etap dinlenme g\u00fcn\u00fc \u00f6ncesinin bir kopyas\u0131 asl\u0131nda: Peloton Pirenelerin do\u011fusundan bat\u0131s\u0131na transfer olurken ka\u00e7\u0131\u015f ise etap zaferini kovalayacak.","jetpack_publicize_feature_enabled":true,"jetpack_social_post_already_shared":true,"jetpack_social_options":{"image_generator_settings":{"template":"highway","default_image_id":0,"font":"","enabled":false},"version":2}},"categories":[89],"tags":[150,1178,832,151,217,1276,1482,1249,1485,746,1483,1484],"class_list":["post-6856","post","type-post","status-publish","format-standard","has-post-thumbnail","hentry","category-tour","tag-fransa-bisiklet-turu","tag-geraint-thomas","tag-grand-depart","tag-le-tour","tag-le-tour-de-france-2","tag-letour","tag-mathieu-van-der-poel","tag-primoz-roglic","tag-ricard-carapaz","tag-rigoberto-uran","tag-tadej-pogocar","tag-wout-van-aert"],"jetpack_publicize_connections":[],"jetpack_featured_media_url":"https:\/\/i0.wp.com\/aynakol.org\/wp-content\/uploads\/2021\/07\/tdf2021_stage15_maillot_jaune-e1626116663793.jpg?fit=1477%2C663&ssl=1","jetpack_sharing_enabled":true,"jetpack_shortlink":"https:\/\/wp.me\/p51p4O-1MA","jetpack_likes_enabled":true,"jetpack-related-posts":[{"id":6771,"url":"https:\/\/aynakol.org\/?p=6771","url_meta":{"origin":6856,"position":0},"title":"Le Tour de France 2021 8. Etap: Oyonnax \u2192 Le Grand Bornand, 150km","author":"Ayd\u0131n Bez","date":"3 Temmuz 2021","format":false,"excerpt":"D\u00fcnk\u00fc etapta neler olmu\u015ftu? \u00dczerimize k\u00fcrek k\u00fcrek atak at\u0131lan bir etap oldu! Zaferin ad\u0131 Bahrain - Victorius tak\u0131m\u0131n\u0131n Sloven pedal\u0131 Matej Mohori\u010d olsa da ka\u00e7\u0131\u015fa giren t\u00fcm pedallar\u0131n ad\u0131 zaferle an\u0131lmal\u0131 bu etapta! Mathieu van der Poel, Xandro Meurisse (Alpecin-Fenix), Wout van Aert, Mike Teunissen (Jumbo-Visma), Mark Cavendish, Kasper Asgreen,\u2026","rel":"","context":"&quot;Tour de France&quot; i\u00e7inde","block_context":{"text":"Tour de France","link":"https:\/\/aynakol.org\/?cat=89"},"img":{"alt_text":"","src":"https:\/\/i0.wp.com\/aynakol.org\/wp-content\/uploads\/2021\/07\/tdf2021_stage6_peloton.jpg?fit=1200%2C800&ssl=1&resize=350%2C200","width":350,"height":200,"srcset":"https:\/\/i0.wp.com\/aynakol.org\/wp-content\/uploads\/2021\/07\/tdf2021_stage6_peloton.jpg?fit=1200%2C800&ssl=1&resize=350%2C200 1x, https:\/\/i0.wp.com\/aynakol.org\/wp-content\/uploads\/2021\/07\/tdf2021_stage6_peloton.jpg?fit=1200%2C800&ssl=1&resize=525%2C300 1.5x, https:\/\/i0.wp.com\/aynakol.org\/wp-content\/uploads\/2021\/07\/tdf2021_stage6_peloton.jpg?fit=1200%2C800&ssl=1&resize=700%2C400 2x, https:\/\/i0.wp.com\/aynakol.org\/wp-content\/uploads\/2021\/07\/tdf2021_stage6_peloton.jpg?fit=1200%2C800&ssl=1&resize=1050%2C600 3x"},"classes":[]},{"id":6843,"url":"https:\/\/aynakol.org\/?p=6843","url_meta":{"origin":6856,"position":1},"title":"Le Tour de France 2021 15. Etap: C\u00e9ret \u2192 Andorre-La-Vieille, 191km","author":"Ayd\u0131n Bez","date":"11 Temmuz 2021","format":false,"excerpt":"D\u00fcnk\u00fc etapta neler olmu\u015ftu? Ka\u00e7\u0131\u015fa gidece\u011fi, Le Tour 2021 rotas\u0131 duyuruldu\u011fu g\u00fcnden beri belli olan 14. etab\u0131n sonunda zafere uzanan isim Bauke Mollema! Etab\u0131n \u00f6ne \u00e7\u0131kan anlar\u0131 \u00a0 TREK -Segafredo tak\u0131m\u0131n\u0131n 34 ya\u015f\u0131ndaki tecr\u00fcbeli Hollandal\u0131 pedal\u0131 Mollema g\u00fcn boyunca ka\u00e7\u0131\u015fa girip zafere pedallamak isteyen onlarca pedal\u0131n dizginlenemeyen temposunu iyi okuyup,\u2026","rel":"","context":"&quot;Tour de France&quot; i\u00e7inde","block_context":{"text":"Tour de France","link":"https:\/\/aynakol.org\/?cat=89"},"img":{"alt_text":"","src":"https:\/\/i0.wp.com\/aynakol.org\/wp-content\/uploads\/2021\/07\/tdf2021_stage14_peloton_1-1-e1625942717592.jpg?fit=1200%2C362&ssl=1&resize=350%2C200","width":350,"height":200,"srcset":"https:\/\/i0.wp.com\/aynakol.org\/wp-content\/uploads\/2021\/07\/tdf2021_stage14_peloton_1-1-e1625942717592.jpg?fit=1200%2C362&ssl=1&resize=350%2C200 1x, https:\/\/i0.wp.com\/aynakol.org\/wp-content\/uploads\/2021\/07\/tdf2021_stage14_peloton_1-1-e1625942717592.jpg?fit=1200%2C362&ssl=1&resize=525%2C300 1.5x, https:\/\/i0.wp.com\/aynakol.org\/wp-content\/uploads\/2021\/07\/tdf2021_stage14_peloton_1-1-e1625942717592.jpg?fit=1200%2C362&ssl=1&resize=700%2C400 2x, https:\/\/i0.wp.com\/aynakol.org\/wp-content\/uploads\/2021\/07\/tdf2021_stage14_peloton_1-1-e1625942717592.jpg?fit=1200%2C362&ssl=1&resize=1050%2C600 3x"},"classes":[]},{"id":6783,"url":"https:\/\/aynakol.org\/?p=6783","url_meta":{"origin":6856,"position":2},"title":"Le Tour de France 2021 9. Etap: Cluses \u2192 Tignes, 145km","author":"Ayd\u0131n Bez","date":"4 Temmuz 2021","format":false,"excerpt":"D\u00fcnk\u00fc etapta neler olmu\u015ftu? Olan biten ortada, hepimiz oradayd\u0131k! Sa\u011fanak ya\u011fmur, kaygan ini\u015flerle iyice zorla\u015fan 8. etab\u0131n sonunda kazanan iki isim var: Bahrain - Victorius tak\u0131m\u0131n\u0131n 29 ya\u015f\u0131ndaki Bel\u00e7ikal\u0131 pedal\u0131 Dylan Teuns ka\u00e7\u0131\u015ftan ataklarla kopup, ata\u011f\u0131n\u0131 \u00fcst \u00fcste koyarak deli gibi t\u0131rman\u0131p fi\u015fek gibi inerek kariyerini ikinci Le tour etap\u2026","rel":"","context":"&quot;Tour de France&quot; i\u00e7inde","block_context":{"text":"Tour de France","link":"https:\/\/aynakol.org\/?cat=89"},"img":{"alt_text":"","src":"https:\/\/i0.wp.com\/aynakol.org\/wp-content\/uploads\/2021\/07\/tdf2021_stage8_breakaway.jpg?fit=1200%2C798&ssl=1&resize=350%2C200","width":350,"height":200,"srcset":"https:\/\/i0.wp.com\/aynakol.org\/wp-content\/uploads\/2021\/07\/tdf2021_stage8_breakaway.jpg?fit=1200%2C798&ssl=1&resize=350%2C200 1x, https:\/\/i0.wp.com\/aynakol.org\/wp-content\/uploads\/2021\/07\/tdf2021_stage8_breakaway.jpg?fit=1200%2C798&ssl=1&resize=525%2C300 1.5x, https:\/\/i0.wp.com\/aynakol.org\/wp-content\/uploads\/2021\/07\/tdf2021_stage8_breakaway.jpg?fit=1200%2C798&ssl=1&resize=700%2C400 2x, https:\/\/i0.wp.com\/aynakol.org\/wp-content\/uploads\/2021\/07\/tdf2021_stage8_breakaway.jpg?fit=1200%2C798&ssl=1&resize=1050%2C600 3x"},"classes":[]},{"id":6878,"url":"https:\/\/aynakol.org\/?p=6878","url_meta":{"origin":6856,"position":3},"title":"Le Tour de France 2021 18. Etap: Pau \u2192 Luz-Ardiden, 130km","author":"Ayd\u0131n Bez","date":"15 Temmuz 2021","format":false,"excerpt":"D\u00fcnk\u00fc etapta neler oldu? Pogacar! Kimseye g\u00f6z a\u00e7t\u0131rmadan yanya ve y\u0131ka y\u0131ka Col du Portet zirvesinden, bulutlar\u0131n i\u00e7inden biti\u015f \u00e7izgisine uzand\u0131! S\u00f6nmeyen ama enerji \u00fcretemeyen ate\u015f Vingegaard ve de saman alevli catapat Carapaz ise pe\u015fincen ikinci ve \u00fcc\u00fcc\u00fc bitirdiler etab\u0131. Frans\u0131z ulusal bayram\u0131 Bastille G\u00fcn\u00fcnde Frans\u0131z pedalar\u0131n ka\u00e7\u0131\u015f\u0131 zaferle ta\u00e7land\u0131rma\u2026","rel":"","context":"&quot;Tour de France&quot; i\u00e7inde","block_context":{"text":"Tour de France","link":"https:\/\/aynakol.org\/?cat=89"},"img":{"alt_text":"","src":"https:\/\/i0.wp.com\/aynakol.org\/wp-content\/uploads\/2021\/07\/tdf2021_stage8_grupetto.jpg?fit=1200%2C798&ssl=1&resize=350%2C200","width":350,"height":200,"srcset":"https:\/\/i0.wp.com\/aynakol.org\/wp-content\/uploads\/2021\/07\/tdf2021_stage8_grupetto.jpg?fit=1200%2C798&ssl=1&resize=350%2C200 1x, https:\/\/i0.wp.com\/aynakol.org\/wp-content\/uploads\/2021\/07\/tdf2021_stage8_grupetto.jpg?fit=1200%2C798&ssl=1&resize=525%2C300 1.5x, https:\/\/i0.wp.com\/aynakol.org\/wp-content\/uploads\/2021\/07\/tdf2021_stage8_grupetto.jpg?fit=1200%2C798&ssl=1&resize=700%2C400 2x, https:\/\/i0.wp.com\/aynakol.org\/wp-content\/uploads\/2021\/07\/tdf2021_stage8_grupetto.jpg?fit=1200%2C798&ssl=1&resize=1050%2C600 3x"},"classes":[]},{"id":6728,"url":"https:\/\/aynakol.org\/?p=6728","url_meta":{"origin":6856,"position":4},"title":"Le Tour de France 2021 3. Etap: Lorient \u2192 Pontivy, 182km","author":"Ayd\u0131n Bez","date":"28 Haziran 2021","format":false,"excerpt":"D\u00fcnk\u00fc etapta neler olmu\u015ftu? Ne etapt\u0131 ama! Atak \u00fczerine atak, yine, yeniden ataklar izledi\u011fimiz zorlu ve k\u0131r\u0131c\u0131 M\u00fbr-de-Bretagne Guerl\u00e9dan tepeci\u011finde sona eren 183 km uzunlu\u011fundaki 2. etab\u0131n sonunda zafere ve de Maillot Jaune uzanan isim Mathieu van der Poel! Alpecin-Fenix tak\u0131m\u0131n\u0131n u\u00e7an ve u\u00e7uran, m\u00fcthi\u015f yetene\u011fi Hollandal\u0131 gen\u00e7 pedal\u0131 van\u2026","rel":"","context":"&quot;Tour de France&quot; i\u00e7inde","block_context":{"text":"Tour de France","link":"https:\/\/aynakol.org\/?cat=89"},"img":{"alt_text":"","src":"https:\/\/i0.wp.com\/aynakol.org\/wp-content\/uploads\/2021\/06\/tdf2021_stage2_peloton.jpg?fit=1200%2C800&ssl=1&resize=350%2C200","width":350,"height":200,"srcset":"https:\/\/i0.wp.com\/aynakol.org\/wp-content\/uploads\/2021\/06\/tdf2021_stage2_peloton.jpg?fit=1200%2C800&ssl=1&resize=350%2C200 1x, https:\/\/i0.wp.com\/aynakol.org\/wp-content\/uploads\/2021\/06\/tdf2021_stage2_peloton.jpg?fit=1200%2C800&ssl=1&resize=525%2C300 1.5x, https:\/\/i0.wp.com\/aynakol.org\/wp-content\/uploads\/2021\/06\/tdf2021_stage2_peloton.jpg?fit=1200%2C800&ssl=1&resize=700%2C400 2x, https:\/\/i0.wp.com\/aynakol.org\/wp-content\/uploads\/2021\/06\/tdf2021_stage2_peloton.jpg?fit=1200%2C800&ssl=1&resize=1050%2C600 3x"},"classes":[]},{"id":7723,"url":"https:\/\/aynakol.org\/?p=7723","url_meta":{"origin":6856,"position":5},"title":"#TdF2023 13. Etap: Ch\u00e2tillon-Sur-Chalaronne > Grand Colombier, 137,8 km","author":"Ayd\u0131n Bez","date":"14 Temmuz 2023","format":false,"excerpt":"D\u00fcnk\u00fc etapta neler olmu\u015ftu? Profili itibari ile ka\u00e7\u0131\u015fa y\u00f6nelik tasarlanan Belleville-en-Beaujolais kom\u00fcn\u00fcnde sona eren 168,8 km uzunlu\u011fundaki 12. Etab\u0131n sonunda zafere pedallayan isim Ion Izagirre! 15 y\u0131ld\u0131r etap kazanamayan Cofidis, 2. etapta Victor Lafay, bug\u00fcn de Ion Azagirre ile ikinci etab\u0131n\u0131 kazan\u0131rken, \u0130spanyollar da pe\u015f pe\u015fe iki g\u00fcnd\u00fcr zafer sarho\u015fu!\u2026","rel":"","context":"&quot;Tour de France&quot; i\u00e7inde","block_context":{"text":"Tour de France","link":"https:\/\/aynakol.org\/?cat=89"},"img":{"alt_text":"","src":"https:\/\/i0.wp.com\/aynakol.org\/wp-content\/uploads\/2023\/07\/tdf2023_stage7_back_ot_the_peloton-e1688744541758.jpg?fit=1000%2C460&ssl=1&resize=350%2C200","width":350,"height":200,"srcset":"https:\/\/i0.wp.com\/aynakol.org\/wp-content\/uploads\/2023\/07\/tdf2023_stage7_back_ot_the_peloton-e1688744541758.jpg?fit=1000%2C460&ssl=1&resize=350%2C200 1x, https:\/\/i0.wp.com\/aynakol.org\/wp-content\/uploads\/2023\/07\/tdf2023_stage7_back_ot_the_peloton-e1688744541758.jpg?fit=1000%2C460&ssl=1&resize=525%2C300 1.5x, https:\/\/i0.wp.com\/aynakol.org\/wp-content\/uploads\/2023\/07\/tdf2023_stage7_back_ot_the_peloton-e1688744541758.jpg?fit=1000%2C460&ssl=1&resize=700%2C400 2x"},"classes":[]}],"_links":{"self":[{"href":"https:\/\/aynakol.org\/index.php?rest_route=\/wp\/v2\/posts\/6856","targetHints":{"allow":["GET"]}}],"collection":[{"href":"https:\/\/aynakol.org\/index.php?rest_route=\/wp\/v2\/posts"}],"about":[{"href":"https:\/\/aynakol.org\/index.php?rest_route=\/wp\/v2\/types\/post"}],"author":[{"embeddable":true,"href":"https:\/\/aynakol.org\/index.php?rest_route=\/wp\/v2\/users\/1"}],"replies":[{"embeddable":true,"href":"https:\/\/aynakol.org\/index.php?rest_route=%2Fwp%2Fv2%2Fcomments&post=6856"}],"version-history":[{"count":4,"href":"https:\/\/aynakol.org\/index.php?rest_route=\/wp\/v2\/posts\/6856\/revisions"}],"predecessor-version":[{"id":6864,"href":"https:\/\/aynakol.org\/index.php?rest_route=\/wp\/v2\/posts\/6856\/revisions\/6864"}],"wp:featuredmedia":[{"embeddable":true,"href":"https:\/\/aynakol.org\/index.php?rest_route=\/wp\/v2\/media\/6860"}],"wp:attachment":[{"href":"https:\/\/aynakol.org\/index.php?rest_route=%2Fwp%2Fv2%2Fmedia&parent=6856"}],"wp:term":[{"taxonomy":"category","embeddable":true,"href":"https:\/\/aynakol.org\/index.php?rest_route=%2Fwp%2Fv2%2Fcategories&post=6856"},{"taxonomy":"post_tag","embeddable":true,"href":"https:\/\/aynakol.org\/index.php?rest_route=%2Fwp%2Fv2%2Ftags&post=6856"}],"curies":[{"name":"wp","href":"https:\/\/api.w.org\/{rel}","templated":true}]}}