{"id":6868,"date":"2021-07-14T08:00:34","date_gmt":"2021-07-14T05:00:34","guid":{"rendered":"http:\/\/aynakol.org\/?p=6868"},"modified":"2021-07-14T21:58:11","modified_gmt":"2021-07-14T18:58:11","slug":"le-tour-de-france-2021-17-etap-muret-%e2%86%92-saint-lary-soulan-col-du-portet-178-4km","status":"publish","type":"post","link":"https:\/\/aynakol.org\/?p=6868","title":{"rendered":"Le Tour de France 2021 17. Etap: Muret \u2192 Saint-Lary-Soulan (Col Du Portet), 178.4km"},"content":{"rendered":"<p><span style=\"font-family: georgia, palatino, serif; font-size: 14pt;\"><strong><a href=\"http:\/\/aynakol.org\/2021\/07\/13\/le-tour-de-france-2021-16-etap-pas-de-la-case-%e2%86%92-saint-gaudens-169km\/\" target=\"_blank\" rel=\"noopener\">D\u00fcnk\u00fc etapta<\/a> neler olmu\u015ftu?<\/strong><\/span><\/p>\n<p><span style=\"font-size: 12pt; font-family: georgia, palatino, serif;\">Col de Portet-d&#8217;Aspet eteklerinden Aziz Gaudens kentinde sona eren 16. etab\u0131n sonunda g\u00fclen isim Patrick Konrad! <\/span><\/p>\n<p><img data-recalc-dims=\"1\" loading=\"lazy\" decoding=\"async\" data-attachment-id=\"6871\" data-permalink=\"https:\/\/aynakol.org\/?attachment_id=6871\" data-orig-file=\"https:\/\/i0.wp.com\/aynakol.org\/wp-content\/uploads\/2021\/07\/td2021_stage16_winner_patrick_konrad-scaled.jpeg?fit=2560%2C1705&amp;ssl=1\" data-orig-size=\"2560,1705\" data-comments-opened=\"1\" data-image-meta=\"{&quot;aperture&quot;:&quot;0&quot;,&quot;credit&quot;:&quot;&quot;,&quot;camera&quot;:&quot;&quot;,&quot;caption&quot;:&quot;&quot;,&quot;created_timestamp&quot;:&quot;0&quot;,&quot;copyright&quot;:&quot;&quot;,&quot;focal_length&quot;:&quot;0&quot;,&quot;iso&quot;:&quot;0&quot;,&quot;shutter_speed&quot;:&quot;0&quot;,&quot;title&quot;:&quot;&quot;,&quot;orientation&quot;:&quot;0&quot;}\" data-image-title=\"td2021_stage16_winner_patrick_konrad\" data-image-description=\"\" data-image-caption=\"\" data-large-file=\"https:\/\/i0.wp.com\/aynakol.org\/wp-content\/uploads\/2021\/07\/td2021_stage16_winner_patrick_konrad-scaled.jpeg?fit=860%2C573&amp;ssl=1\" class=\"aligncenter size-large wp-image-6871\" src=\"https:\/\/i0.wp.com\/aynakol.org\/wp-content\/uploads\/2021\/07\/td2021_stage16_winner_patrick_konrad.jpeg?resize=860%2C573\" alt=\"\" width=\"860\" height=\"573\" srcset=\"https:\/\/i0.wp.com\/aynakol.org\/wp-content\/uploads\/2021\/07\/td2021_stage16_winner_patrick_konrad-scaled.jpeg?resize=1024%2C682&amp;ssl=1 1024w, https:\/\/i0.wp.com\/aynakol.org\/wp-content\/uploads\/2021\/07\/td2021_stage16_winner_patrick_konrad-scaled.jpeg?resize=300%2C200&amp;ssl=1 300w, https:\/\/i0.wp.com\/aynakol.org\/wp-content\/uploads\/2021\/07\/td2021_stage16_winner_patrick_konrad-scaled.jpeg?resize=768%2C512&amp;ssl=1 768w, https:\/\/i0.wp.com\/aynakol.org\/wp-content\/uploads\/2021\/07\/td2021_stage16_winner_patrick_konrad-scaled.jpeg?resize=1536%2C1023&amp;ssl=1 1536w, https:\/\/i0.wp.com\/aynakol.org\/wp-content\/uploads\/2021\/07\/td2021_stage16_winner_patrick_konrad-scaled.jpeg?resize=2048%2C1364&amp;ssl=1 2048w, https:\/\/i0.wp.com\/aynakol.org\/wp-content\/uploads\/2021\/07\/td2021_stage16_winner_patrick_konrad-scaled.jpeg?w=1720 1720w\" sizes=\"auto, (max-width: 860px) 100vw, 860px\" \/><\/p>\n<p>&nbsp;<\/p>\n<p><span style=\"font-size: 12pt; font-family: georgia, palatino, serif;\">Bora &#8211; hansgrohe tak\u0131m\u0131n\u0131n 29 ya\u015f\u0131ndaki Avusturya ulusal \u015fampiyonu Konrad, iki ulusal \u015fampiyonluk yar\u0131\u015f\u0131 d\u0131\u015f\u0131nda, 11 y\u0131ld\u0131r pro peloton i\u00e7inde pedallamas\u0131na kar\u015f\u0131n, ilk etap zaferine uzan\u0131rken g\u00f6zya\u015flar\u0131 ya\u011fmurla birlikte kutsand\u0131!<\/span><\/p>\n<p><span style=\"font-size: 12pt; font-family: georgia, palatino, serif;\"><strong>G\u00fcn\u00fcn \u00f6ne \u00e7\u0131kan anlar\u0131<\/strong><br \/>\n<\/span><\/p>\n<p><iframe loading=\"lazy\" title=\"YouTube video player\" src=\"\/\/www.youtube.com\/embed\/JZk6a1Z7Csk\" width=\"560\" height=\"315\" frameborder=\"0\" allowfullscreen=\"allowfullscreen\"><\/iframe><\/p>\n<p>&nbsp;<\/p>\n<p><span style=\"font-size: 12pt; font-family: georgia, palatino, serif;\">2080mt rak\u0131mda ba\u015flayan etab\u0131n nat\u00fcrel ba\u015flang\u0131c\u0131 sona erince zorunlu bir mola verilerek tepede kat kat giyinen pelotonun \u00fcst ba\u015f de\u011fi\u015fimi yapmalar\u0131 beklendi. Asl\u0131nda de\u011fi\u015ftirmeseler de olurmu\u015f, zira Pireneler s\u0131ra da\u011flar\u0131n\u0131n bir ucundan g\u00f6be\u011fine uzan\u0131rken ne ya\u011fmur eksik oldu ne de so\u011fuk hava! Ara sprint kap\u0131s\u0131 geride kalana ilk t\u0131rman\u0131\u015f ba\u015flayana kadar peloton olduk\u00e7a hareketliydi: Ka\u00e7anlar\u0131 takip edenler, hepsini yutan peloton, sonra yeniden ka\u00e7anlar, takip edenler derken Patrick Kondard\u0131n ata\u011f\u0131 son t\u0131rman\u0131\u015fta geldi ve pe\u015finden de devam\u0131: Kendisinin ilk tak\u0131m\u0131n\u0131n ikinci etap zaferi! <\/span><\/p>\n<p><span style=\"font-size: 12pt; font-family: georgia, palatino, serif;\">Tadej Pogacar ve takip\u00e7ileri 17 ve 18. etaplar\u0131 d\u00fc\u015f\u00fcnd\u00fckleri i\u00e7in fazla zorlamad\u0131lar. Genel klasman ilk 10, b\u0131rakt\u0131\u011f\u0131m\u0131z gibi!<br \/>\n<\/span><\/p>\n<p><iframe loading=\"lazy\" src=\"https:\/\/www.procyclingstats.com\/widgets\/result.php?h=9d4e83db2be0d11f5f6f67a5b5e5fee8eaf0417a\" width=\"520\" height=\"320\"><\/iframe><\/p>\n<p>&nbsp;<\/p>\n<p>&nbsp;<\/p>\n<p><span style=\"font-family: georgia, palatino, serif; font-size: 14pt;\"><strong>Gelelim bug\u00fcnk\u00fc etaba<\/strong><\/span><\/p>\n<p><span style=\"font-family: georgia, palatino, serif; font-size: 12pt;\">Ka\u00e7\u0131\u015fa ayr\u0131lan s\u00fcrenin sonuna gelirken Merkez Pirenelerde Pogacar ve 5 dakika \u00f6tesindeki podyum sevdal\u0131lar\u0131n\u0131n yapaca\u011f\u0131 atak ve meydan okumalar\u0131 bekliyoruz. Zira, da\u011fl\u0131k olmas\u0131na kar\u015f\u0131n biti\u015f \u00e7izgisi da\u011f ge\u00e7itlerinin eteklerine \u00e7ekilmi\u015f etaplar geride kal\u0131rken y\u00fcz\u00fcm\u00fcz zirvede biten iki etaba d\u00f6n\u00fck: Col du Portet ve pe\u015finden Luz Ardiden!<\/span><\/p>\n<p><img data-recalc-dims=\"1\" loading=\"lazy\" decoding=\"async\" data-attachment-id=\"6849\" data-permalink=\"https:\/\/aynakol.org\/?attachment_id=6849\" data-orig-file=\"https:\/\/i0.wp.com\/aynakol.org\/wp-content\/uploads\/2021\/07\/tdf2021_stage14_peloton_1.jpg?fit=1500%2C940&amp;ssl=1\" data-orig-size=\"1500,940\" data-comments-opened=\"1\" data-image-meta=\"{&quot;aperture&quot;:&quot;0&quot;,&quot;credit&quot;:&quot;Cor Vos&quot;,&quot;camera&quot;:&quot;&quot;,&quot;caption&quot;:&quot;Quillan  - France - wielrennen - cycling - cyclisme - radsport -  illustration - sfeer - illustratie sunflowers zonnebloemen pictured during 108th Tour de France 2021 stage 14 from Carcassonne to Quillan (183.7KM) - photo LB\/RB\/Cor Vos \\u00a9 2021&quot;,&quot;created_timestamp&quot;:&quot;1625875200&quot;,&quot;copyright&quot;:&quot;&quot;,&quot;focal_length&quot;:&quot;0&quot;,&quot;iso&quot;:&quot;0&quot;,&quot;shutter_speed&quot;:&quot;0&quot;,&quot;title&quot;:&quot;Tour de France 2021 stage 14&quot;,&quot;orientation&quot;:&quot;0&quot;}\" data-image-title=\"Tour de France 2021 stage 14\" data-image-description=\"\" data-image-caption=\"&lt;p&gt;Quillan  &amp;#8211; France &amp;#8211; wielrennen &amp;#8211; cycling &amp;#8211; cyclisme &amp;#8211; radsport &amp;#8211;  illustration &amp;#8211; sfeer &amp;#8211; illustratie sunflowers zonnebloemen pictured during 108th Tour de France 2021 stage 14 from Carcassonne to Quillan (183.7KM) &amp;#8211; photo LB\/RB\/Cor Vos \u00a9 2021&lt;\/p&gt;\n\" data-large-file=\"https:\/\/i0.wp.com\/aynakol.org\/wp-content\/uploads\/2021\/07\/tdf2021_stage14_peloton_1.jpg?fit=860%2C539&amp;ssl=1\" class=\"size-large wp-image-6849\" src=\"https:\/\/i0.wp.com\/aynakol.org\/wp-content\/uploads\/2021\/07\/tdf2021_stage14_peloton_1.jpg?resize=860%2C539\" alt=\"\" width=\"860\" height=\"539\" srcset=\"https:\/\/i0.wp.com\/aynakol.org\/wp-content\/uploads\/2021\/07\/tdf2021_stage14_peloton_1.jpg?resize=1024%2C642&amp;ssl=1 1024w, https:\/\/i0.wp.com\/aynakol.org\/wp-content\/uploads\/2021\/07\/tdf2021_stage14_peloton_1.jpg?resize=300%2C188&amp;ssl=1 300w, https:\/\/i0.wp.com\/aynakol.org\/wp-content\/uploads\/2021\/07\/tdf2021_stage14_peloton_1.jpg?resize=768%2C481&amp;ssl=1 768w, https:\/\/i0.wp.com\/aynakol.org\/wp-content\/uploads\/2021\/07\/tdf2021_stage14_peloton_1.jpg?w=1500&amp;ssl=1 1500w\" sizes=\"auto, (max-width: 860px) 100vw, 860px\" \/><\/p>\n<p><span style=\"font-family: georgia, palatino, serif; font-size: 12pt;\">Muret kentinden ba\u015flay\u0131p <a href=\"http:\/\/www.steephill.tv\/2021\/tour-de-france\/map-17.jpg\" target=\"_blank\" rel=\"noopener\">Col du Portet zirvesinde sona erecek 17. etap<\/a> 178.4km uzunlu\u011funda. Son 400 metre \u00f6nemli, favoriler o noktaya birlikte gelirse kan \u00e7\u0131kabilir. <\/span><\/p>\n<p><span style=\"font-family: georgia, palatino, serif; font-size: 12pt;\">Etap tan\u0131d\u0131k gelecektir: 2018 y\u0131l\u0131nda araba yar\u0131\u015flar\u0131ndan a\u015fina oldu\u011fumuz grup yap\u0131l\u0131 ba\u015flang\u0131\u00e7 olacak deyi heyecan\u0131 ve beklentiyi y\u00fckselten ASO ne yaz\u0131k ki umdu\u011funu bulamam\u0131\u015f, Nairo Quintanan\u0131n kazand\u0131\u011f\u0131 etap fare do\u011furmu\u015ftu. <\/span><\/p>\n<p><span style=\"font-family: georgia, palatino, serif; font-size: 12pt;\"><img data-recalc-dims=\"1\" loading=\"lazy\" decoding=\"async\" data-attachment-id=\"6870\" data-permalink=\"https:\/\/aynakol.org\/?attachment_id=6870\" data-orig-file=\"https:\/\/i0.wp.com\/aynakol.org\/wp-content\/uploads\/2021\/07\/profile-17.jpg?fit=902%2C512&amp;ssl=1\" data-orig-size=\"902,512\" data-comments-opened=\"1\" data-image-meta=\"{&quot;aperture&quot;:&quot;0&quot;,&quot;credit&quot;:&quot;&quot;,&quot;camera&quot;:&quot;&quot;,&quot;caption&quot;:&quot;&quot;,&quot;created_timestamp&quot;:&quot;0&quot;,&quot;copyright&quot;:&quot;&quot;,&quot;focal_length&quot;:&quot;0&quot;,&quot;iso&quot;:&quot;0&quot;,&quot;shutter_speed&quot;:&quot;0&quot;,&quot;title&quot;:&quot;&quot;,&quot;orientation&quot;:&quot;1&quot;}\" data-image-title=\"profile-17\" data-image-description=\"\" data-image-caption=\"\" data-large-file=\"https:\/\/i0.wp.com\/aynakol.org\/wp-content\/uploads\/2021\/07\/profile-17.jpg?fit=860%2C488&amp;ssl=1\" class=\"aligncenter size-full wp-image-6870\" src=\"https:\/\/i0.wp.com\/aynakol.org\/wp-content\/uploads\/2021\/07\/profile-17.jpg?resize=860%2C488\" alt=\"\" width=\"860\" height=\"488\" srcset=\"https:\/\/i0.wp.com\/aynakol.org\/wp-content\/uploads\/2021\/07\/profile-17.jpg?w=902&amp;ssl=1 902w, https:\/\/i0.wp.com\/aynakol.org\/wp-content\/uploads\/2021\/07\/profile-17.jpg?resize=300%2C170&amp;ssl=1 300w, https:\/\/i0.wp.com\/aynakol.org\/wp-content\/uploads\/2021\/07\/profile-17.jpg?resize=768%2C436&amp;ssl=1 768w\" sizes=\"auto, (max-width: 860px) 100vw, 860px\" \/><\/span><\/p>\n<p><span style=\"font-family: georgia, palatino, serif; font-size: 12pt;\">Bug\u00fcn kar\u015f\u0131m\u0131zda ayn\u0131 etab\u0131n ba\u015f\u0131na bir \u0131s\u0131nma ama\u00e7l\u0131 110km eklenmi\u015f hali var, hi\u00e7 olmazsa kuru kuru t\u0131rmanmaya ba\u015flamayacak peloton. 113. km&#8217;de ara sprint kap\u0131s\u0131 ge\u00e7ilir ge\u00e7ilmez grupetto yatacak ka\u00e7aklar etap zaferi i\u00e7in \u00e7abalarken Tagej Pogacar ve podyum takip\u00e7ileri i\u00e7in as\u0131l s\u0131nav ba\u015flayacak. Zirvesinden 129. km&#8217;de ge\u00e7ilecek 1569mt rak\u0131ma konu\u015flu TDF gediklisi, en son 2019&#8217;da ge\u00e7ilen Col de Peyresourde \u0131s\u0131nm\u0131\u015f bacaklar\u0131n a\u00e7\u0131laca\u011f\u0131 ilk da\u011f ge\u00e7idi olurken pe\u015finden Col de Val Louron-Azet ge\u00e7idine uzanan 10km&#8217;lik ini\u015f ka\u00e7\u0131\u015f i\u00e7in \u00f6nemli&#8230; Buradaki fark a\u00e7\u0131l\u0131rsa Col de Val Louron-Azeti t\u0131rman\u0131p da pe\u015finden Col du Portet sonunda zafer i\u00e7in bir avantajlar\u0131 olacak. Ancak biti\u015f \u00e7izgisine ev sahipli\u011fi yapan 16km uzunlu\u011fu ve ortalama %9 civar\u0131na yakla\u015fan duvarsal e\u011fimiyle Col du Portet t\u0131rman\u0131\u015f\u0131 Pirenelerin ikinci zor k\u0131sm\u0131; bu noktada genel klasman ilk 10 i\u00e7inde yer alan isimlerin de\u011fil birbirilerini kendilerini bile silkeleyecek ataklar yapmas\u0131 gerekiyor. <\/span><\/p>\n<p><span style=\"font-family: georgia, palatino, serif; font-size: 12pt;\">Pogacar da Pogacar diyoruz; tak\u0131m\u0131 UAE &#8211; Team Emirates tak\u0131m olarak h\u00e2l\u00e2 t\u0131rman\u0131\u015flarda sonuna dek kendisiyle olam\u0131yor, mutlaka Team Jumbo &#8211; Visma ve INEOS &#8211; Granadiers trenleri i\u00e7inde kara ku\u011fu misali pedallayacak, gerekirse ataklara tek tek, bir ba\u015f\u0131na cevap verecektir. Ama neticede tek ba\u015f\u0131na da bir yere kadar.<\/span><\/p>\n<p><span style=\"font-family: georgia, palatino, serif; font-size: 12pt;\">Havai fi\u015feklerin patlamas\u0131 i\u00e7in hen\u00fcz erken, \u00f6n\u00fcm\u00fczde Luz Ardiden varken. Ama yine de bir \u00e7\u0131lg\u0131nl\u0131k yapan isim olacakt\u0131r!<\/span><\/p>\n","protected":false},"excerpt":{"rendered":"<p>D\u00fcnk\u00fc etapta neler olmu\u015ftu? Col de Portet-d&#8217;Aspet eteklerinden Aziz Gaudens kentinde sona eren 16. etab\u0131n sonunda g\u00fclen isim Patrick Konrad! &nbsp; Bora &#8211; hansgrohe tak\u0131m\u0131n\u0131n [&#8230;]<\/p>\n","protected":false},"author":1,"featured_media":6862,"comment_status":"open","ping_status":"open","sticky":false,"template":"","format":"standard","meta":{"jetpack_post_was_ever_published":false,"_jetpack_newsletter_access":"","_jetpack_dont_email_post_to_subs":false,"_jetpack_newsletter_tier_id":0,"_jetpack_memberships_contains_paywalled_content":false,"_jetpack_memberships_contains_paid_content":false,"footnotes":"","jetpack_publicize_message":"#TourDeFrance #tdf2021 merkez Pirenelerdeyiz. Ger\u00e7ek anlamda ilk ciddi zirve biti\u015fi 178.4km sonunda Col du Portet sonunda pelotonu bekliyor olacak. Zaferi ka\u00e7aklar kadar #TadejPogacar ve takip\u00e7ileri de isteyecektir!","jetpack_publicize_feature_enabled":true,"jetpack_social_post_already_shared":true,"jetpack_social_options":{"image_generator_settings":{"template":"highway","default_image_id":0,"font":"","enabled":false},"version":2}},"categories":[89],"tags":[150,1178,832,151,217,1276,1482,1249,1485,746,1483,1484],"class_list":["post-6868","post","type-post","status-publish","format-standard","has-post-thumbnail","hentry","category-tour","tag-fransa-bisiklet-turu","tag-geraint-thomas","tag-grand-depart","tag-le-tour","tag-le-tour-de-france-2","tag-letour","tag-mathieu-van-der-poel","tag-primoz-roglic","tag-ricard-carapaz","tag-rigoberto-uran","tag-tadej-pogocar","tag-wout-van-aert"],"jetpack_publicize_connections":[],"jetpack_featured_media_url":"https:\/\/i0.wp.com\/aynakol.org\/wp-content\/uploads\/2021\/07\/tdf2021_stage15_fight_for_KOM_jersey.jpg?fit=1500%2C998&ssl=1","jetpack_sharing_enabled":true,"jetpack_shortlink":"https:\/\/wp.me\/p51p4O-1MM","jetpack_likes_enabled":true,"jetpack-related-posts":[{"id":6771,"url":"https:\/\/aynakol.org\/?p=6771","url_meta":{"origin":6868,"position":0},"title":"Le Tour de France 2021 8. Etap: Oyonnax \u2192 Le Grand Bornand, 150km","author":"Ayd\u0131n Bez","date":"3 Temmuz 2021","format":false,"excerpt":"D\u00fcnk\u00fc etapta neler olmu\u015ftu? \u00dczerimize k\u00fcrek k\u00fcrek atak at\u0131lan bir etap oldu! Zaferin ad\u0131 Bahrain - Victorius tak\u0131m\u0131n\u0131n Sloven pedal\u0131 Matej Mohori\u010d olsa da ka\u00e7\u0131\u015fa giren t\u00fcm pedallar\u0131n ad\u0131 zaferle an\u0131lmal\u0131 bu etapta! Mathieu van der Poel, Xandro Meurisse (Alpecin-Fenix), Wout van Aert, Mike Teunissen (Jumbo-Visma), Mark Cavendish, Kasper Asgreen,\u2026","rel":"","context":"&quot;Tour de France&quot; i\u00e7inde","block_context":{"text":"Tour de France","link":"https:\/\/aynakol.org\/?cat=89"},"img":{"alt_text":"","src":"https:\/\/i0.wp.com\/aynakol.org\/wp-content\/uploads\/2021\/07\/tdf2021_stage6_peloton.jpg?fit=1200%2C800&ssl=1&resize=350%2C200","width":350,"height":200,"srcset":"https:\/\/i0.wp.com\/aynakol.org\/wp-content\/uploads\/2021\/07\/tdf2021_stage6_peloton.jpg?fit=1200%2C800&ssl=1&resize=350%2C200 1x, https:\/\/i0.wp.com\/aynakol.org\/wp-content\/uploads\/2021\/07\/tdf2021_stage6_peloton.jpg?fit=1200%2C800&ssl=1&resize=525%2C300 1.5x, https:\/\/i0.wp.com\/aynakol.org\/wp-content\/uploads\/2021\/07\/tdf2021_stage6_peloton.jpg?fit=1200%2C800&ssl=1&resize=700%2C400 2x, https:\/\/i0.wp.com\/aynakol.org\/wp-content\/uploads\/2021\/07\/tdf2021_stage6_peloton.jpg?fit=1200%2C800&ssl=1&resize=1050%2C600 3x"},"classes":[]},{"id":7723,"url":"https:\/\/aynakol.org\/?p=7723","url_meta":{"origin":6868,"position":1},"title":"#TdF2023 13. Etap: Ch\u00e2tillon-Sur-Chalaronne > Grand Colombier, 137,8 km","author":"Ayd\u0131n Bez","date":"14 Temmuz 2023","format":false,"excerpt":"D\u00fcnk\u00fc etapta neler olmu\u015ftu? Profili itibari ile ka\u00e7\u0131\u015fa y\u00f6nelik tasarlanan Belleville-en-Beaujolais kom\u00fcn\u00fcnde sona eren 168,8 km uzunlu\u011fundaki 12. Etab\u0131n sonunda zafere pedallayan isim Ion Izagirre! 15 y\u0131ld\u0131r etap kazanamayan Cofidis, 2. etapta Victor Lafay, bug\u00fcn de Ion Azagirre ile ikinci etab\u0131n\u0131 kazan\u0131rken, \u0130spanyollar da pe\u015f pe\u015fe iki g\u00fcnd\u00fcr zafer sarho\u015fu!\u2026","rel":"","context":"&quot;Tour de France&quot; i\u00e7inde","block_context":{"text":"Tour de France","link":"https:\/\/aynakol.org\/?cat=89"},"img":{"alt_text":"","src":"https:\/\/i0.wp.com\/aynakol.org\/wp-content\/uploads\/2023\/07\/tdf2023_stage7_back_ot_the_peloton-e1688744541758.jpg?fit=1000%2C460&ssl=1&resize=350%2C200","width":350,"height":200,"srcset":"https:\/\/i0.wp.com\/aynakol.org\/wp-content\/uploads\/2023\/07\/tdf2023_stage7_back_ot_the_peloton-e1688744541758.jpg?fit=1000%2C460&ssl=1&resize=350%2C200 1x, https:\/\/i0.wp.com\/aynakol.org\/wp-content\/uploads\/2023\/07\/tdf2023_stage7_back_ot_the_peloton-e1688744541758.jpg?fit=1000%2C460&ssl=1&resize=525%2C300 1.5x, https:\/\/i0.wp.com\/aynakol.org\/wp-content\/uploads\/2023\/07\/tdf2023_stage7_back_ot_the_peloton-e1688744541758.jpg?fit=1000%2C460&ssl=1&resize=700%2C400 2x"},"classes":[]},{"id":7504,"url":"https:\/\/aynakol.org\/?p=7504","url_meta":{"origin":6868,"position":2},"title":"#TDF2023 Le Tour de France 2023","author":"Ayd\u0131n Bez","date":"30 Haziran 2023","format":false,"excerpt":"Bask Da\u011flar\u0131ndan herkese merhaba! Al\u0131\u015f\u0131lm\u0131\u015f bir \u015fey de\u011fil yar\u0131\u015f\u0131n anakaran\u0131n d\u0131\u015f\u0131ndan ba\u015flamas\u0131; ge\u00e7en sene Danimarka yollar\u0131ndan ta\u015fan sevgi seli o kadar co\u015fkundu ki, pelotonu g\u00f6rebilene a\u015fk olsun! Sevgi Duvar\u0131 a\u015f\u0131ld\u0131 adeta! Al\u0131\u015f\u0131k olmad\u0131\u011f\u0131m\u0131z ise a\u00e7\u0131l\u0131\u015f etab\u0131n\u0131n ve devam\u0131nda ilk haftan\u0131n bu denli sert ve k\u0131r\u0131c\u0131 olmas\u0131 ki, Le Tour kendisini\u2026","rel":"","context":"&quot;Grand Tour&quot; i\u00e7inde","block_context":{"text":"Grand Tour","link":"https:\/\/aynakol.org\/?cat=92"},"img":{"alt_text":"","src":"https:\/\/i0.wp.com\/aynakol.org\/wp-content\/uploads\/2017\/07\/TdF2017_stage7_team_SKY.jpg?fit=1000%2C667&ssl=1&resize=350%2C200","width":350,"height":200,"srcset":"https:\/\/i0.wp.com\/aynakol.org\/wp-content\/uploads\/2017\/07\/TdF2017_stage7_team_SKY.jpg?fit=1000%2C667&ssl=1&resize=350%2C200 1x, https:\/\/i0.wp.com\/aynakol.org\/wp-content\/uploads\/2017\/07\/TdF2017_stage7_team_SKY.jpg?fit=1000%2C667&ssl=1&resize=525%2C300 1.5x, https:\/\/i0.wp.com\/aynakol.org\/wp-content\/uploads\/2017\/07\/TdF2017_stage7_team_SKY.jpg?fit=1000%2C667&ssl=1&resize=700%2C400 2x"},"classes":[]},{"id":6836,"url":"https:\/\/aynakol.org\/?p=6836","url_meta":{"origin":6868,"position":3},"title":"Le Tour de France 2021 14. Etap: Carcassonne \u2192 Quillan, 184km","author":"Ayd\u0131n Bez","date":"10 Temmuz 2021","format":false,"excerpt":"D\u00fcnk\u00fc etapta neler olmu\u015ftu? Carcassonne kentinde sona eren 13. etab\u0131n sonunda ya\u015fanan toplu sprint m\u00fccadelesinde zafere uzanan isim yine, yeniden Mark Cavendish! B\u00fcy\u00fck Britanyal\u0131 b\u00f6ylelikle 34. Le Tour zaferiyle Eddy Merckxin rekoruna ortak oldu. Etab\u0131n \u00f6ne \u00e7\u0131kan anlar\u0131 Sessiz ve sakin, ka\u00e7\u0131\u015flar\u0131n t\u00fckendi\u011fi sprint etab\u0131 izliyoruz derken 20km kala ya\u015fanan\u2026","rel":"","context":"&quot;Tour de France&quot; i\u00e7inde","block_context":{"text":"Tour de France","link":"https:\/\/aynakol.org\/?cat=89"},"img":{"alt_text":"","src":"https:\/\/i0.wp.com\/aynakol.org\/wp-content\/uploads\/2021\/07\/tdf2021_stage13_winner_mark_cavendish-1024x629.jpeg?resize=350%2C200","width":350,"height":200,"srcset":"https:\/\/i0.wp.com\/aynakol.org\/wp-content\/uploads\/2021\/07\/tdf2021_stage13_winner_mark_cavendish-1024x629.jpeg?resize=350%2C200 1x, https:\/\/i0.wp.com\/aynakol.org\/wp-content\/uploads\/2021\/07\/tdf2021_stage13_winner_mark_cavendish-1024x629.jpeg?resize=525%2C300 1.5x, https:\/\/i0.wp.com\/aynakol.org\/wp-content\/uploads\/2021\/07\/tdf2021_stage13_winner_mark_cavendish-1024x629.jpeg?resize=700%2C400 2x"},"classes":[]},{"id":8153,"url":"https:\/\/aynakol.org\/?p=8153","url_meta":{"origin":6868,"position":4},"title":"Tour de France Femmes 2023 7. Etap: Lannemezan > Col du Tourmalet, 89,8 km","author":"Ayd\u0131n Bez","date":"29 Temmuz 2023","format":false,"excerpt":"D\u00fcnk\u00fc Etapta Neler olmu\u015ftu? 122 km uzunlu\u011fundaki 6. Etab\u0131n sonunda yine yeniden bir ka\u00e7\u0131\u015f zaferine tan\u0131kl\u0131k ettik: Pe\u015finden tam gaz pedallayan pelotonun 1 saniye \u00f6n\u00fcnde kazanan isim Emma Norsgraad! \u00a0 \u00a0 La Flamme Rouge https:\/\/dai.ly\/x8muld3 Etap bir 100 metre uzun olsayd\u0131 toplu sprintte Lotte Kopecky konu\u015fuyor olacakt\u0131k, Emma Norsgaard de\u011fil.\u2026","rel":"","context":"&quot;Tour de France Femmes&quot; i\u00e7inde","block_context":{"text":"Tour de France Femmes","link":"https:\/\/aynakol.org\/?cat=1548"},"img":{"alt_text":"","src":"https:\/\/i0.wp.com\/aynakol.org\/wp-content\/uploads\/2023\/07\/femmes2023_stage6_peloton_3.jpeg?fit=1000%2C667&ssl=1&resize=350%2C200","width":350,"height":200,"srcset":"https:\/\/i0.wp.com\/aynakol.org\/wp-content\/uploads\/2023\/07\/femmes2023_stage6_peloton_3.jpeg?fit=1000%2C667&ssl=1&resize=350%2C200 1x, https:\/\/i0.wp.com\/aynakol.org\/wp-content\/uploads\/2023\/07\/femmes2023_stage6_peloton_3.jpeg?fit=1000%2C667&ssl=1&resize=525%2C300 1.5x, https:\/\/i0.wp.com\/aynakol.org\/wp-content\/uploads\/2023\/07\/femmes2023_stage6_peloton_3.jpeg?fit=1000%2C667&ssl=1&resize=700%2C400 2x"},"classes":[]},{"id":6878,"url":"https:\/\/aynakol.org\/?p=6878","url_meta":{"origin":6868,"position":5},"title":"Le Tour de France 2021 18. Etap: Pau \u2192 Luz-Ardiden, 130km","author":"Ayd\u0131n Bez","date":"15 Temmuz 2021","format":false,"excerpt":"D\u00fcnk\u00fc etapta neler oldu? Pogacar! Kimseye g\u00f6z a\u00e7t\u0131rmadan yanya ve y\u0131ka y\u0131ka Col du Portet zirvesinden, bulutlar\u0131n i\u00e7inden biti\u015f \u00e7izgisine uzand\u0131! S\u00f6nmeyen ama enerji \u00fcretemeyen ate\u015f Vingegaard ve de saman alevli catapat Carapaz ise pe\u015fincen ikinci ve \u00fcc\u00fcc\u00fc bitirdiler etab\u0131. Frans\u0131z ulusal bayram\u0131 Bastille G\u00fcn\u00fcnde Frans\u0131z pedalar\u0131n ka\u00e7\u0131\u015f\u0131 zaferle ta\u00e7land\u0131rma\u2026","rel":"","context":"&quot;Tour de France&quot; i\u00e7inde","block_context":{"text":"Tour de France","link":"https:\/\/aynakol.org\/?cat=89"},"img":{"alt_text":"","src":"https:\/\/i0.wp.com\/aynakol.org\/wp-content\/uploads\/2021\/07\/tdf2021_stage8_grupetto.jpg?fit=1200%2C798&ssl=1&resize=350%2C200","width":350,"height":200,"srcset":"https:\/\/i0.wp.com\/aynakol.org\/wp-content\/uploads\/2021\/07\/tdf2021_stage8_grupetto.jpg?fit=1200%2C798&ssl=1&resize=350%2C200 1x, https:\/\/i0.wp.com\/aynakol.org\/wp-content\/uploads\/2021\/07\/tdf2021_stage8_grupetto.jpg?fit=1200%2C798&ssl=1&resize=525%2C300 1.5x, https:\/\/i0.wp.com\/aynakol.org\/wp-content\/uploads\/2021\/07\/tdf2021_stage8_grupetto.jpg?fit=1200%2C798&ssl=1&resize=700%2C400 2x, https:\/\/i0.wp.com\/aynakol.org\/wp-content\/uploads\/2021\/07\/tdf2021_stage8_grupetto.jpg?fit=1200%2C798&ssl=1&resize=1050%2C600 3x"},"classes":[]}],"_links":{"self":[{"href":"https:\/\/aynakol.org\/index.php?rest_route=\/wp\/v2\/posts\/6868","targetHints":{"allow":["GET"]}}],"collection":[{"href":"https:\/\/aynakol.org\/index.php?rest_route=\/wp\/v2\/posts"}],"about":[{"href":"https:\/\/aynakol.org\/index.php?rest_route=\/wp\/v2\/types\/post"}],"author":[{"embeddable":true,"href":"https:\/\/aynakol.org\/index.php?rest_route=\/wp\/v2\/users\/1"}],"replies":[{"embeddable":true,"href":"https:\/\/aynakol.org\/index.php?rest_route=%2Fwp%2Fv2%2Fcomments&post=6868"}],"version-history":[{"count":5,"href":"https:\/\/aynakol.org\/index.php?rest_route=\/wp\/v2\/posts\/6868\/revisions"}],"predecessor-version":[{"id":6876,"href":"https:\/\/aynakol.org\/index.php?rest_route=\/wp\/v2\/posts\/6868\/revisions\/6876"}],"wp:featuredmedia":[{"embeddable":true,"href":"https:\/\/aynakol.org\/index.php?rest_route=\/wp\/v2\/media\/6862"}],"wp:attachment":[{"href":"https:\/\/aynakol.org\/index.php?rest_route=%2Fwp%2Fv2%2Fmedia&parent=6868"}],"wp:term":[{"taxonomy":"category","embeddable":true,"href":"https:\/\/aynakol.org\/index.php?rest_route=%2Fwp%2Fv2%2Fcategories&post=6868"},{"taxonomy":"post_tag","embeddable":true,"href":"https:\/\/aynakol.org\/index.php?rest_route=%2Fwp%2Fv2%2Ftags&post=6868"}],"curies":[{"name":"wp","href":"https:\/\/api.w.org\/{rel}","templated":true}]}}