{"id":6878,"date":"2021-07-15T08:00:26","date_gmt":"2021-07-15T05:00:26","guid":{"rendered":"http:\/\/aynakol.org\/?p=6878"},"modified":"2021-07-16T19:02:03","modified_gmt":"2021-07-16T16:02:03","slug":"le-tour-de-france-2021-18-etap-pau-%e2%86%92-luz-ardiden-130km","status":"publish","type":"post","link":"https:\/\/aynakol.org\/?p=6878","title":{"rendered":"Le Tour de France 2021 18. Etap: Pau \u2192 Luz-Ardiden, 130km"},"content":{"rendered":"<p><span style=\"font-size: 14pt; font-family: georgia, palatino, serif;\"><strong><a href=\"http:\/\/aynakol.org\/2021\/07\/14\/le-tour-de-france-2021-17-etap-muret-%e2%86%92-saint-lary-soulan-col-du-portet-178-4km\/\" target=\"_blank\" rel=\"noopener\">D\u00fcnk\u00fc etapta<\/a> neler oldu?<\/strong><\/span><\/p>\n<p><span style=\"font-size: 12pt; font-family: georgia, palatino, serif;\">Pogacar!<\/span><\/p>\n<p><img data-recalc-dims=\"1\" loading=\"lazy\" decoding=\"async\" data-attachment-id=\"6879\" data-permalink=\"https:\/\/aynakol.org\/?attachment_id=6879\" data-orig-file=\"https:\/\/i0.wp.com\/aynakol.org\/wp-content\/uploads\/2021\/07\/td2021_stage17_winner_tadej_pogacar.jpeg?fit=2048%2C1366&amp;ssl=1\" data-orig-size=\"2048,1366\" data-comments-opened=\"1\" data-image-meta=\"{&quot;aperture&quot;:&quot;0&quot;,&quot;credit&quot;:&quot;&quot;,&quot;camera&quot;:&quot;&quot;,&quot;caption&quot;:&quot;&quot;,&quot;created_timestamp&quot;:&quot;0&quot;,&quot;copyright&quot;:&quot;&quot;,&quot;focal_length&quot;:&quot;0&quot;,&quot;iso&quot;:&quot;0&quot;,&quot;shutter_speed&quot;:&quot;0&quot;,&quot;title&quot;:&quot;&quot;,&quot;orientation&quot;:&quot;0&quot;}\" data-image-title=\"td2021_stage17_winner_tadej_pogacar\" data-image-description=\"\" data-image-caption=\"\" data-large-file=\"https:\/\/i0.wp.com\/aynakol.org\/wp-content\/uploads\/2021\/07\/td2021_stage17_winner_tadej_pogacar.jpeg?fit=860%2C574&amp;ssl=1\" class=\"aligncenter size-large wp-image-6879\" src=\"https:\/\/i0.wp.com\/aynakol.org\/wp-content\/uploads\/2021\/07\/td2021_stage17_winner_tadej_pogacar.jpeg?resize=860%2C574\" alt=\"\" width=\"860\" height=\"574\" srcset=\"https:\/\/i0.wp.com\/aynakol.org\/wp-content\/uploads\/2021\/07\/td2021_stage17_winner_tadej_pogacar.jpeg?resize=1024%2C683&amp;ssl=1 1024w, https:\/\/i0.wp.com\/aynakol.org\/wp-content\/uploads\/2021\/07\/td2021_stage17_winner_tadej_pogacar.jpeg?resize=300%2C200&amp;ssl=1 300w, https:\/\/i0.wp.com\/aynakol.org\/wp-content\/uploads\/2021\/07\/td2021_stage17_winner_tadej_pogacar.jpeg?resize=768%2C512&amp;ssl=1 768w, https:\/\/i0.wp.com\/aynakol.org\/wp-content\/uploads\/2021\/07\/td2021_stage17_winner_tadej_pogacar.jpeg?resize=1536%2C1025&amp;ssl=1 1536w, https:\/\/i0.wp.com\/aynakol.org\/wp-content\/uploads\/2021\/07\/td2021_stage17_winner_tadej_pogacar.jpeg?w=2048&amp;ssl=1 2048w, https:\/\/i0.wp.com\/aynakol.org\/wp-content\/uploads\/2021\/07\/td2021_stage17_winner_tadej_pogacar.jpeg?w=1720 1720w\" sizes=\"auto, (max-width: 860px) 100vw, 860px\" \/><\/p>\n<p><span style=\"font-size: 12pt; font-family: georgia, palatino, serif;\">Kimseye g\u00f6z a\u00e7t\u0131rmadan yanya ve y\u0131ka y\u0131ka Col du Portet zirvesinden, bulutlar\u0131n i\u00e7inden biti\u015f \u00e7izgisine uzand\u0131! S\u00f6nmeyen ama enerji \u00fcretemeyen ate\u015f Vingegaard ve de saman alevli catapat Carapaz ise pe\u015fincen ikinci ve \u00fcc\u00fcc\u00fc bitirdiler etab\u0131. <\/span><\/p>\n<p><span style=\"font-size: 12pt; font-family: georgia, palatino, serif;\">Frans\u0131z ulusal bayram\u0131 Bastille G\u00fcn\u00fcnde Frans\u0131z pedalar\u0131n ka\u00e7\u0131\u015f\u0131 zaferle ta\u00e7land\u0131rma \u00e7abalar\u0131 t\u00fcm etap boyunca devam etse de istediklerini elde edemediler. Gerek INEOS Granadiers gerekse bug\u00fcn daha bask\u0131n bir \u015fekilde tempo yap\u0131p kontrol\u00fc sa\u011flayan UAE &#8211; Team Emirates yuttu ka\u00e7aklar\u0131n tamam\u0131n\u0131&#8230; <\/span><\/p>\n<p><span style=\"font-size: 12pt; font-family: georgia, palatino, serif;\"><strong>Etab\u0131n \u00f6ne \u00e7\u0131kan anlar\u0131<\/strong><\/span><\/p>\n<p><iframe loading=\"lazy\" title=\"YouTube video player\" src=\"\/\/www.youtube.com\/embed\/_NIaEwGWhWU\" width=\"560\" height=\"315\" frameborder=\"0\" allowfullscreen=\"allowfullscreen\"><\/iframe><\/p>\n<p><span style=\"font-size: 12pt; font-family: georgia, palatino, serif;\">Davide Formolo, Marc Hirschi ve en son Rafal Majka dizginleri ele al\u0131p kimseye g\u00f6za\u00e7t\u0131rmadan son t\u0131rman\u0131\u015fa dek liderleri Maillot Jaune Tadej Pogacar\u0131n ta\u015f\u0131y\u0131p roketlediler: Tadej Pogacar, Rafal Majka (UAE &#8211; Team Emirates), Sepp Kuss, Jonas Vingegaard (Jumbo-Visma), Richard Carapaz, Jonathan Castroviejo (INEOS Grenadiers), Michael Woods (\u0131srael start-up nation), Wilco Kelderman (bora-hansgrohe), David Gaudu (Groupama-FDJ), Sergio higuita, Rigoberto Ur\u00e1n (EF Education-Nippo), Ben o\u2019connor (ag2r-Citr\u00f6en), Alexey Lutsenko (Astana), Dylan Teuns, Pello Bilbao (Bahrain Victorious)&#8230; Genel Klasman\u0131n ilk 10 hep birlikte pedallar, birbirini g\u00f6zlerken geriye kalan son ka\u00e7ak Anthony Perez (Cofidis) g\u00f6r\u00fcn\u00fcr g\u00f6r\u00fcnmez Pogacar ata\u011f\u0131n\u0131 yapt\u0131 ve pe\u015fine tak\u0131lan sadece d\u00f6rt isim oldu: Uran, Carapaz, O&#8217;connor ve Vingegaard&#8230; Bir s\u00fcre birlikte pedallasalar da Pogacar kafaya silkelemeyi koydu\u011fu i\u00e7in her y\u00fcklendik\u00e7e pedala \u00f6nce Uran, sonra O&#8217;Connor geriye d\u00fc\u015ft\u00fc ve \u00fc\u00e7\u00fc son 2km&#8217;ye dek birlikte girdi.\u00dc\u00e7l\u00fc i\u00e7inden Carapaz atak yap\u0131p Vingegaard\u0131 silkelese de Pogacar kendisinin yakalay\u0131p tempoyu d\u00fc\u015f\u00fcrd\u00fc ve Vingegaard\u0131n yeniden oyuna dahil olmas\u0131n\u0131 sa\u011flad\u0131.<\/span><\/p>\n<p><span style=\"font-size: 12pt; font-family: georgia, palatino, serif;\">D\u00fcn \u00f6zellikle belirtmi\u015ftik etab\u0131n son 400 metresinin \u00f6nemli oldu\u011funu; zira buraya dek birlikte gelen sar\u0131 mayo ve takip\u00e7ileri birbirilerine minik de olsa fark atmak i\u00e7in atak yapacakt\u0131r diye, \u00f6yle de oldu. Son 130mt kala Carapaz arkas\u0131na bak\u0131p Vingegaard\u0131 g\u00f6zlerken <a href=\"https:\/\/youtu.be\/sVbILN9x9SU\" target=\"_blank\" rel=\"noopener\">Pogacar ata\u011f\u0131n\u0131 yap\u0131p zafere uzan\u0131rken<\/a> pe\u015finden 3 saniye sonra Vingegaard ikinci olarak biti\u015f \u00e7izgisinden ge\u00e7ti. <\/span><\/p>\n<p><img data-recalc-dims=\"1\" loading=\"lazy\" decoding=\"async\" data-attachment-id=\"6884\" data-permalink=\"https:\/\/aynakol.org\/?attachment_id=6884\" data-orig-file=\"https:\/\/i0.wp.com\/aynakol.org\/wp-content\/uploads\/2021\/07\/tdf2021_stage17_maillot_ajune_tadej_pogacar.jpg?fit=1500%2C998&amp;ssl=1\" data-orig-size=\"1500,998\" data-comments-opened=\"1\" data-image-meta=\"{&quot;aperture&quot;:&quot;2.8&quot;,&quot;credit&quot;:&quot;A.S.O.\/Charly Lopez&quot;,&quot;camera&quot;:&quot;NIKON D850&quot;,&quot;caption&quot;:&quot;13\/07\/2021 \\u2013 Tour de France 2021 \\u2013 Etape 16 \\u2013 Pas de la Case \/ Saint-Gaudens (169 km) - Tadej Pogacar (UAE TEAM EMIRATES) - Avec le maillot Jaune&quot;,&quot;created_timestamp&quot;:&quot;1626192136&quot;,&quot;copyright&quot;:&quot;A.S.O.\/Charly Lopez&quot;,&quot;focal_length&quot;:&quot;170&quot;,&quot;iso&quot;:&quot;400&quot;,&quot;shutter_speed&quot;:&quot;0.0015625&quot;,&quot;title&quot;:&quot;&quot;,&quot;orientation&quot;:&quot;0&quot;}\" data-image-title=\"tdf2021_stage17_maillot_ajune_tadej_pogacar\" data-image-description=\"\" data-image-caption=\"\" data-large-file=\"https:\/\/i0.wp.com\/aynakol.org\/wp-content\/uploads\/2021\/07\/tdf2021_stage17_maillot_ajune_tadej_pogacar.jpg?fit=860%2C572&amp;ssl=1\" class=\"aligncenter size-large wp-image-6884\" src=\"https:\/\/i0.wp.com\/aynakol.org\/wp-content\/uploads\/2021\/07\/tdf2021_stage17_maillot_ajune_tadej_pogacar.jpg?resize=860%2C572\" alt=\"\" width=\"860\" height=\"572\" srcset=\"https:\/\/i0.wp.com\/aynakol.org\/wp-content\/uploads\/2021\/07\/tdf2021_stage17_maillot_ajune_tadej_pogacar.jpg?resize=1024%2C681&amp;ssl=1 1024w, https:\/\/i0.wp.com\/aynakol.org\/wp-content\/uploads\/2021\/07\/tdf2021_stage17_maillot_ajune_tadej_pogacar.jpg?resize=300%2C200&amp;ssl=1 300w, https:\/\/i0.wp.com\/aynakol.org\/wp-content\/uploads\/2021\/07\/tdf2021_stage17_maillot_ajune_tadej_pogacar.jpg?resize=768%2C511&amp;ssl=1 768w, https:\/\/i0.wp.com\/aynakol.org\/wp-content\/uploads\/2021\/07\/tdf2021_stage17_maillot_ajune_tadej_pogacar.jpg?w=1500&amp;ssl=1 1500w\" sizes=\"auto, (max-width: 860px) 100vw, 860px\" \/><\/p>\n<p><span style=\"font-size: 12pt; font-family: georgia, palatino, serif;\">Uran, 1:49 saniye geriden gelip bitirdi\u011fi i\u00e7in etab\u0131 \u015ferefli ikincili\u011fi de Vingegaarda b\u0131rakt\u0131.<\/span><\/p>\n<p><iframe loading=\"lazy\" src=\"https:\/\/www.procyclingstats.com\/widgets\/result.php?h=eaa07ec3baa80795c5f9495f559e861c3ff1f206\" width=\"520\" height=\"320\"><\/iframe><\/p>\n<p>&nbsp;<\/p>\n<p><span style=\"font-size: 14pt; font-family: georgia, palatino, serif;\"><strong>Gelelim bug\u00fcnk\u00fc etaba<\/strong><\/span><\/p>\n<p><span style=\"font-size: 12pt; font-family: georgia, palatino, serif;\">Pe\u015fpe\u015fe \u00e7\u0131kalacak iki HC t\u0131rman\u0131\u015f sonras\u0131 Parise uzanan yollar bizimdir&#8230;<\/span><\/p>\n<p>&nbsp;<\/p>\n<p><img data-recalc-dims=\"1\" loading=\"lazy\" decoding=\"async\" data-attachment-id=\"6869\" data-permalink=\"https:\/\/aynakol.org\/?attachment_id=6869\" data-orig-file=\"https:\/\/i0.wp.com\/aynakol.org\/wp-content\/uploads\/2021\/07\/profile-18.jpg?fit=904%2C512&amp;ssl=1\" data-orig-size=\"904,512\" data-comments-opened=\"1\" data-image-meta=\"{&quot;aperture&quot;:&quot;0&quot;,&quot;credit&quot;:&quot;&quot;,&quot;camera&quot;:&quot;&quot;,&quot;caption&quot;:&quot;&quot;,&quot;created_timestamp&quot;:&quot;0&quot;,&quot;copyright&quot;:&quot;&quot;,&quot;focal_length&quot;:&quot;0&quot;,&quot;iso&quot;:&quot;0&quot;,&quot;shutter_speed&quot;:&quot;0&quot;,&quot;title&quot;:&quot;&quot;,&quot;orientation&quot;:&quot;1&quot;}\" data-image-title=\"profile-18\" data-image-description=\"\" data-image-caption=\"\" data-large-file=\"https:\/\/i0.wp.com\/aynakol.org\/wp-content\/uploads\/2021\/07\/profile-18.jpg?fit=860%2C487&amp;ssl=1\" class=\"aligncenter size-full wp-image-6869\" src=\"https:\/\/i0.wp.com\/aynakol.org\/wp-content\/uploads\/2021\/07\/profile-18.jpg?resize=860%2C487\" alt=\"\" width=\"860\" height=\"487\" srcset=\"https:\/\/i0.wp.com\/aynakol.org\/wp-content\/uploads\/2021\/07\/profile-18.jpg?w=904&amp;ssl=1 904w, https:\/\/i0.wp.com\/aynakol.org\/wp-content\/uploads\/2021\/07\/profile-18.jpg?resize=300%2C170&amp;ssl=1 300w, https:\/\/i0.wp.com\/aynakol.org\/wp-content\/uploads\/2021\/07\/profile-18.jpg?resize=768%2C435&amp;ssl=1 768w\" sizes=\"auto, (max-width: 860px) 100vw, 860px\" \/><\/p>\n<p><span style=\"font-size: 12pt; font-family: georgia, palatino, serif;\">Maillot Jaune s\u0131rt\u0131nda da\u011flara, pelotona, rakiplere, d\u00fczl\u00fck ve ovalara meydan okuyan Sloven Tadej Pogacar \u015fampi&#8230; diyebilmemiz i\u00e7in \u00f6n\u00fcm\u00fczde zorlu iki etap var: <a href=\"http:\/\/www.steephill.tv\/2021\/tour-de-france\/map-18.jpg\" target=\"_blank\" rel=\"noopener\">Pirenelerden \u00e7\u0131kabilmi\u015f de\u011filiz<\/a> hen\u00fcz! Y\u0131llar y\u0131l\u0131 Le Tour ikinci haftas\u0131 dinlenme g\u00fcn\u00fcn\u00fc pelotonu a\u011f\u0131rlayan Pau kenti bu sefer Luz Ardiden zirvesinde sona erecek 18. etaba ev sahipli\u011fi yapacak. 130km uzunlu\u011fuyla g\u00f6rece k\u0131sa say\u0131labilecek 18. etap Pireneler s\u0131rada\u011flar\u0131n\u0131n iki keskin zirvesini bar\u0131nd\u0131r\u0131yor i\u00e7inde: Etab\u0131n ilk 77km&#8217;si g\u00f6rece kolay ge\u00e7ilecektir. Sonras\u0131 kalan sa\u011flar bizimdir!<\/span><\/p>\n<p><img data-recalc-dims=\"1\" loading=\"lazy\" decoding=\"async\" data-attachment-id=\"6883\" data-permalink=\"https:\/\/aynakol.org\/?attachment_id=6883\" data-orig-file=\"https:\/\/i0.wp.com\/aynakol.org\/wp-content\/uploads\/2021\/07\/tour-de-france-2021-stage-18-climb-n3-6fdaec3d25.jpg?fit=615%2C766&amp;ssl=1\" data-orig-size=\"615,766\" data-comments-opened=\"1\" data-image-meta=\"{&quot;aperture&quot;:&quot;0&quot;,&quot;credit&quot;:&quot;&quot;,&quot;camera&quot;:&quot;&quot;,&quot;caption&quot;:&quot;&quot;,&quot;created_timestamp&quot;:&quot;0&quot;,&quot;copyright&quot;:&quot;&quot;,&quot;focal_length&quot;:&quot;0&quot;,&quot;iso&quot;:&quot;0&quot;,&quot;shutter_speed&quot;:&quot;0&quot;,&quot;title&quot;:&quot;&quot;,&quot;orientation&quot;:&quot;0&quot;}\" data-image-title=\"tour-de-france-2021-stage-18-climb-n3-6fdaec3d25\" data-image-description=\"\" data-image-caption=\"\" data-large-file=\"https:\/\/i0.wp.com\/aynakol.org\/wp-content\/uploads\/2021\/07\/tour-de-france-2021-stage-18-climb-n3-6fdaec3d25.jpg?fit=615%2C766&amp;ssl=1\" class=\"aligncenter size-full wp-image-6883\" src=\"https:\/\/i0.wp.com\/aynakol.org\/wp-content\/uploads\/2021\/07\/tour-de-france-2021-stage-18-climb-n3-6fdaec3d25.jpg?resize=615%2C766\" alt=\"\" width=\"615\" height=\"766\" srcset=\"https:\/\/i0.wp.com\/aynakol.org\/wp-content\/uploads\/2021\/07\/tour-de-france-2021-stage-18-climb-n3-6fdaec3d25.jpg?w=615&amp;ssl=1 615w, https:\/\/i0.wp.com\/aynakol.org\/wp-content\/uploads\/2021\/07\/tour-de-france-2021-stage-18-climb-n3-6fdaec3d25.jpg?resize=241%2C300&amp;ssl=1 241w\" sizes=\"auto, (max-width: 615px) 100vw, 615px\" \/><\/p>\n<p>&nbsp;<\/p>\n<p><span style=\"font-size: 12pt; font-family: georgia, palatino, serif;\">Etab\u0131n as\u0131l a\u00e7\u0131l\u0131\u015f\u0131 77. km sonras\u0131&#8230; 2108 mt rak\u0131ma konu\u015flu, sisler bulvar\u0131 zirvesinden 94. km&#8217;de ge\u00e7ece\u011fimiz 17km uzunluk ve %8 civar\u0131na yakla\u015fan e\u011fimiyle Col du Tourmalet havai fi\u015feklerin patlat\u0131lmas\u0131 i\u00e7in erken bir yer&#8230; Fazla fark yemeden, geride kalmadan favoriler birlikte \u00e7\u0131kacakt\u0131r Tourmalet zirvesini ve pe\u015finden ini\u015f&#8230; En az \u00e7\u0131k\u0131\u015f\u0131 kadar ini\u015fi de maharet ve teknik beceri istiyor Tourmalet: Luz Saint-Saveur d\u00fczl\u00fcklerinde daha nefes dahi almaya f\u0131rsat kalmadan inildi\u011fi gibi \u00e7\u0131k\u0131lmaya ba\u015flanacak Luz Ardiden zirvesine&#8230;<\/span><\/p>\n<p><img data-recalc-dims=\"1\" loading=\"lazy\" decoding=\"async\" data-attachment-id=\"6882\" data-permalink=\"https:\/\/aynakol.org\/?attachment_id=6882\" data-orig-file=\"https:\/\/i0.wp.com\/aynakol.org\/wp-content\/uploads\/2021\/07\/tour-de-france-2021-stage-18-climb-n4-5fdef5aa08.jpg?fit=495%2C655&amp;ssl=1\" data-orig-size=\"495,655\" data-comments-opened=\"1\" data-image-meta=\"{&quot;aperture&quot;:&quot;0&quot;,&quot;credit&quot;:&quot;&quot;,&quot;camera&quot;:&quot;&quot;,&quot;caption&quot;:&quot;&quot;,&quot;created_timestamp&quot;:&quot;0&quot;,&quot;copyright&quot;:&quot;&quot;,&quot;focal_length&quot;:&quot;0&quot;,&quot;iso&quot;:&quot;0&quot;,&quot;shutter_speed&quot;:&quot;0&quot;,&quot;title&quot;:&quot;&quot;,&quot;orientation&quot;:&quot;0&quot;}\" data-image-title=\"tour-de-france-2021-stage-18-climb-n4-5fdef5aa08\" data-image-description=\"\" data-image-caption=\"\" data-large-file=\"https:\/\/i0.wp.com\/aynakol.org\/wp-content\/uploads\/2021\/07\/tour-de-france-2021-stage-18-climb-n4-5fdef5aa08.jpg?fit=495%2C655&amp;ssl=1\" class=\"aligncenter size-full wp-image-6882\" src=\"https:\/\/i0.wp.com\/aynakol.org\/wp-content\/uploads\/2021\/07\/tour-de-france-2021-stage-18-climb-n4-5fdef5aa08.jpg?resize=495%2C655\" alt=\"\" width=\"495\" height=\"655\" srcset=\"https:\/\/i0.wp.com\/aynakol.org\/wp-content\/uploads\/2021\/07\/tour-de-france-2021-stage-18-climb-n4-5fdef5aa08.jpg?w=495&amp;ssl=1 495w, https:\/\/i0.wp.com\/aynakol.org\/wp-content\/uploads\/2021\/07\/tour-de-france-2021-stage-18-climb-n4-5fdef5aa08.jpg?resize=227%2C300&amp;ssl=1 227w\" sizes=\"auto, (max-width: 495px) 100vw, 495px\" \/><\/p>\n<p><span style=\"font-size: 12pt; font-family: georgia, palatino, serif;\">Sonsuzluk ve \u00d6tesi diyebilece\u011fimiz bir t\u0131rman\u0131\u015f Luz Ardiden&#8230; Zaten Pirenelerdeyiz, ulu olmayan bir zirve yok gibi&#8230; 1720 mt rak\u0131ma konu\u015flu Luz Ardiden zirvesine uzanan son kilometrelerde d\u00fcn g\u00f6rd\u00fc\u011f\u00fcm\u00fcz \u00fc\u00e7l\u00fc m\u00fccadeleye bir de zaman kaybeden Rigoberto Uran\u0131n \u015ferefli ikincilik basama\u011f\u0131 i\u00e7in tutunmas\u0131, Jonas Vingegaard\u0131n savunmas\u0131, unutmadan \u00e7atapat Carapaz\u0131n s\u00f6n\u00fck ataklar\u0131 da eklenince di\u015fli bir yar\u0131\u015f \u00e7\u0131kacak ortaya. Tabii ki Pogacar\u0131n Maillot Jaune savunmas\u0131 i\u00e7in kar\u015f\u0131 ve de s\u00fcrpriz ataklar\u0131 da cabas\u0131!<\/span><\/p>\n","protected":false},"excerpt":{"rendered":"<p>D\u00fcnk\u00fc etapta neler oldu? Pogacar! Kimseye g\u00f6z a\u00e7t\u0131rmadan yanya ve y\u0131ka y\u0131ka Col du Portet zirvesinden, bulutlar\u0131n i\u00e7inden biti\u015f \u00e7izgisine uzand\u0131! S\u00f6nmeyen ama enerji \u00fcretemeyen [&#8230;]<\/p>\n","protected":false},"author":1,"featured_media":6795,"comment_status":"open","ping_status":"open","sticky":false,"template":"","format":"standard","meta":{"jetpack_post_was_ever_published":false,"_jetpack_newsletter_access":"","_jetpack_dont_email_post_to_subs":false,"_jetpack_newsletter_tier_id":0,"_jetpack_memberships_contains_paywalled_content":false,"_jetpack_memberships_contains_paid_content":false,"footnotes":"","jetpack_publicize_message":"#TourdeFrance #tdf2021 Luz-Ardiden zirvesinde bulutlara yaslanm\u0131\u015f bir etap bizi bekliyor. 130km uzunlu\u011fundaki etab\u0131n sonunda Maillot Jaune d\u00fcnk\u00fc gibi \u015fov yapacakt\u0131r!","jetpack_publicize_feature_enabled":true,"jetpack_social_post_already_shared":true,"jetpack_social_options":{"image_generator_settings":{"template":"highway","default_image_id":0,"font":"","enabled":false},"version":2}},"categories":[89],"tags":[150,1178,832,1486,151,217,1276,1482,1249,1485,746,1483,1484],"class_list":["post-6878","post","type-post","status-publish","format-standard","has-post-thumbnail","hentry","category-tour","tag-fransa-bisiklet-turu","tag-geraint-thomas","tag-grand-depart","tag-jonas-vingegoord","tag-le-tour","tag-le-tour-de-france-2","tag-letour","tag-mathieu-van-der-poel","tag-primoz-roglic","tag-ricard-carapaz","tag-rigoberto-uran","tag-tadej-pogocar","tag-wout-van-aert"],"jetpack_publicize_connections":[],"jetpack_featured_media_url":"https:\/\/i0.wp.com\/aynakol.org\/wp-content\/uploads\/2021\/07\/tdf2021_stage8_grupetto.jpg?fit=1500%2C997&ssl=1","jetpack_sharing_enabled":true,"jetpack_shortlink":"https:\/\/wp.me\/p51p4O-1MW","jetpack_likes_enabled":true,"jetpack-related-posts":[{"id":6886,"url":"https:\/\/aynakol.org\/?p=6886","url_meta":{"origin":6878,"position":0},"title":"Le Tour de France 2021 19. Etap: Mourenx \u2192 Libourne, 203km","author":"Ayd\u0131n Bez","date":"16 Temmuz 2021","format":false,"excerpt":"D\u00fcnk\u00fc etapta neler oldu? 17. etapta ya\u015fananlar\u0131 sadece t\u0131rman\u0131\u015f ve biti\u015f \u00e7izgisi isimlerini de\u011fi\u015ftirip 18. etapta neler olmu\u015ftu \u015feklinde yazsam yeridir... Pogacar bey ne yap\u0131yorsunuz? 130km k\u0131sal\u0131\u011f\u0131ndaki 18. etab\u0131n bitmek bilmeyen iki HC t\u0131rman\u0131\u015f\u0131n\u0131n ilkini, Col du Tourmaleti ka\u00e7aklar rahat\u00e7a geride b\u0131rak\u0131p da ini\u015fin pe\u015finden Luz Ardidene uzanan zorlu t\u0131rman\u0131\u015f\u2026","rel":"","context":"&quot;Tour de France&quot; i\u00e7inde","block_context":{"text":"Tour de France","link":"https:\/\/aynakol.org\/?cat=89"},"img":{"alt_text":"","src":"https:\/\/i0.wp.com\/aynakol.org\/wp-content\/uploads\/2021\/07\/td2021_stage18_winner_tadej_pogacar-1024x682.jpeg?resize=350%2C200","width":350,"height":200,"srcset":"https:\/\/i0.wp.com\/aynakol.org\/wp-content\/uploads\/2021\/07\/td2021_stage18_winner_tadej_pogacar-1024x682.jpeg?resize=350%2C200 1x, https:\/\/i0.wp.com\/aynakol.org\/wp-content\/uploads\/2021\/07\/td2021_stage18_winner_tadej_pogacar-1024x682.jpeg?resize=525%2C300 1.5x, https:\/\/i0.wp.com\/aynakol.org\/wp-content\/uploads\/2021\/07\/td2021_stage18_winner_tadej_pogacar-1024x682.jpeg?resize=700%2C400 2x"},"classes":[]},{"id":6819,"url":"https:\/\/aynakol.org\/?p=6819","url_meta":{"origin":6878,"position":1},"title":"Le Tour de France 2021 12. Etap: Saint-Paul-Trois-Ch\u00e2teaux \u2192 N\u00eemes, 160km","author":"Ayd\u0131n Bez","date":"8 Temmuz 2021","format":false,"excerpt":"D\u00fcnk\u00fc etapta neler olmu\u015ftu? Ululardan ulu Mont Ventoux zirvesinin Le Tour tarihinde ilk defa iki kere \u00e7\u0131k\u0131ld\u0131\u011f\u0131 11. etap k\u0131r\u0131ma u\u011fram\u0131\u015f Jumbo - Visma tak\u0131m\u0131n\u0131n Bel\u00e7ikal\u0131 s\u00fcper star\u0131 Wout van Aert taraf\u0131ndan kazan\u0131lsa da beklendi\u011fi gibi fare do\u011furdu: Genel klasmanda herhangi bir hareketlilik olmad\u0131\u011f\u0131 gibi atak ve heyecan, takip ve\u2026","rel":"","context":"&quot;Tour de France&quot; i\u00e7inde","block_context":{"text":"Tour de France","link":"https:\/\/aynakol.org\/?cat=89"},"img":{"alt_text":"","src":"https:\/\/i0.wp.com\/aynakol.org\/wp-content\/uploads\/2021\/07\/tdf2021_stage10_peloton_2-e1625688450113.jpg?fit=1200%2C456&ssl=1&resize=350%2C200","width":350,"height":200,"srcset":"https:\/\/i0.wp.com\/aynakol.org\/wp-content\/uploads\/2021\/07\/tdf2021_stage10_peloton_2-e1625688450113.jpg?fit=1200%2C456&ssl=1&resize=350%2C200 1x, https:\/\/i0.wp.com\/aynakol.org\/wp-content\/uploads\/2021\/07\/tdf2021_stage10_peloton_2-e1625688450113.jpg?fit=1200%2C456&ssl=1&resize=525%2C300 1.5x, https:\/\/i0.wp.com\/aynakol.org\/wp-content\/uploads\/2021\/07\/tdf2021_stage10_peloton_2-e1625688450113.jpg?fit=1200%2C456&ssl=1&resize=700%2C400 2x, https:\/\/i0.wp.com\/aynakol.org\/wp-content\/uploads\/2021\/07\/tdf2021_stage10_peloton_2-e1625688450113.jpg?fit=1200%2C456&ssl=1&resize=1050%2C600 3x"},"classes":[]},{"id":6794,"url":"https:\/\/aynakol.org\/?p=6794","url_meta":{"origin":6878,"position":2},"title":"Le Tour de France 2021 10. Etap: Albertville \u2192 Valence, 186km","author":"Ayd\u0131n Bez","date":"6 Temmuz 2021","format":false,"excerpt":"D\u00fcnk\u00fc etapta neler olmu\u015ftu? S\u0131r\u0131ls\u0131klam bir g\u00fcn\u00fcn sonunda Mont\u00e9e de Tignes zirvesinde sona eren 145km uzunlu\u011fundaki 9. etab\u0131 kazanan isim Ben O'Connor! Frans\u0131z AG2R Citro\u00ebn tak\u0131m\u0131n\u0131n 25 ya\u015f\u0131ndaki Avustralyal\u0131 pedal\u0131 g\u00fcne neredeyse 8 dakika gerisinden ba\u015flad\u0131\u011f\u0131 Sar\u0131 Mayoyu bir ara sanal olsa da ele ge\u00e7irerek y\u00fcz\u00fcm\u00fcze bir tebess\u00fcmle y\u00fcreklerde \"hadi\u2026","rel":"","context":"&quot;Tour de France&quot; i\u00e7inde","block_context":{"text":"Tour de France","link":"https:\/\/aynakol.org\/?cat=89"},"img":{"alt_text":"","src":"https:\/\/i0.wp.com\/aynakol.org\/wp-content\/uploads\/2021\/07\/tdf2021_stage8_grupetto.jpg?fit=1200%2C798&ssl=1&resize=350%2C200","width":350,"height":200,"srcset":"https:\/\/i0.wp.com\/aynakol.org\/wp-content\/uploads\/2021\/07\/tdf2021_stage8_grupetto.jpg?fit=1200%2C798&ssl=1&resize=350%2C200 1x, https:\/\/i0.wp.com\/aynakol.org\/wp-content\/uploads\/2021\/07\/tdf2021_stage8_grupetto.jpg?fit=1200%2C798&ssl=1&resize=525%2C300 1.5x, https:\/\/i0.wp.com\/aynakol.org\/wp-content\/uploads\/2021\/07\/tdf2021_stage8_grupetto.jpg?fit=1200%2C798&ssl=1&resize=700%2C400 2x, https:\/\/i0.wp.com\/aynakol.org\/wp-content\/uploads\/2021\/07\/tdf2021_stage8_grupetto.jpg?fit=1200%2C798&ssl=1&resize=1050%2C600 3x"},"classes":[]},{"id":6843,"url":"https:\/\/aynakol.org\/?p=6843","url_meta":{"origin":6878,"position":3},"title":"Le Tour de France 2021 15. Etap: C\u00e9ret \u2192 Andorre-La-Vieille, 191km","author":"Ayd\u0131n Bez","date":"11 Temmuz 2021","format":false,"excerpt":"D\u00fcnk\u00fc etapta neler olmu\u015ftu? Ka\u00e7\u0131\u015fa gidece\u011fi, Le Tour 2021 rotas\u0131 duyuruldu\u011fu g\u00fcnden beri belli olan 14. etab\u0131n sonunda zafere uzanan isim Bauke Mollema! Etab\u0131n \u00f6ne \u00e7\u0131kan anlar\u0131 \u00a0 TREK -Segafredo tak\u0131m\u0131n\u0131n 34 ya\u015f\u0131ndaki tecr\u00fcbeli Hollandal\u0131 pedal\u0131 Mollema g\u00fcn boyunca ka\u00e7\u0131\u015fa girip zafere pedallamak isteyen onlarca pedal\u0131n dizginlenemeyen temposunu iyi okuyup,\u2026","rel":"","context":"&quot;Tour de France&quot; i\u00e7inde","block_context":{"text":"Tour de France","link":"https:\/\/aynakol.org\/?cat=89"},"img":{"alt_text":"","src":"https:\/\/i0.wp.com\/aynakol.org\/wp-content\/uploads\/2021\/07\/tdf2021_stage14_peloton_1-1-e1625942717592.jpg?fit=1200%2C362&ssl=1&resize=350%2C200","width":350,"height":200,"srcset":"https:\/\/i0.wp.com\/aynakol.org\/wp-content\/uploads\/2021\/07\/tdf2021_stage14_peloton_1-1-e1625942717592.jpg?fit=1200%2C362&ssl=1&resize=350%2C200 1x, https:\/\/i0.wp.com\/aynakol.org\/wp-content\/uploads\/2021\/07\/tdf2021_stage14_peloton_1-1-e1625942717592.jpg?fit=1200%2C362&ssl=1&resize=525%2C300 1.5x, https:\/\/i0.wp.com\/aynakol.org\/wp-content\/uploads\/2021\/07\/tdf2021_stage14_peloton_1-1-e1625942717592.jpg?fit=1200%2C362&ssl=1&resize=700%2C400 2x, https:\/\/i0.wp.com\/aynakol.org\/wp-content\/uploads\/2021\/07\/tdf2021_stage14_peloton_1-1-e1625942717592.jpg?fit=1200%2C362&ssl=1&resize=1050%2C600 3x"},"classes":[]},{"id":6836,"url":"https:\/\/aynakol.org\/?p=6836","url_meta":{"origin":6878,"position":4},"title":"Le Tour de France 2021 14. Etap: Carcassonne \u2192 Quillan, 184km","author":"Ayd\u0131n Bez","date":"10 Temmuz 2021","format":false,"excerpt":"D\u00fcnk\u00fc etapta neler olmu\u015ftu? Carcassonne kentinde sona eren 13. etab\u0131n sonunda ya\u015fanan toplu sprint m\u00fccadelesinde zafere uzanan isim yine, yeniden Mark Cavendish! B\u00fcy\u00fck Britanyal\u0131 b\u00f6ylelikle 34. Le Tour zaferiyle Eddy Merckxin rekoruna ortak oldu. Etab\u0131n \u00f6ne \u00e7\u0131kan anlar\u0131 Sessiz ve sakin, ka\u00e7\u0131\u015flar\u0131n t\u00fckendi\u011fi sprint etab\u0131 izliyoruz derken 20km kala ya\u015fanan\u2026","rel":"","context":"&quot;Tour de France&quot; i\u00e7inde","block_context":{"text":"Tour de France","link":"https:\/\/aynakol.org\/?cat=89"},"img":{"alt_text":"","src":"https:\/\/i0.wp.com\/aynakol.org\/wp-content\/uploads\/2021\/07\/tdf2021_stage13_winner_mark_cavendish-1024x629.jpeg?resize=350%2C200","width":350,"height":200,"srcset":"https:\/\/i0.wp.com\/aynakol.org\/wp-content\/uploads\/2021\/07\/tdf2021_stage13_winner_mark_cavendish-1024x629.jpeg?resize=350%2C200 1x, https:\/\/i0.wp.com\/aynakol.org\/wp-content\/uploads\/2021\/07\/tdf2021_stage13_winner_mark_cavendish-1024x629.jpeg?resize=525%2C300 1.5x, https:\/\/i0.wp.com\/aynakol.org\/wp-content\/uploads\/2021\/07\/tdf2021_stage13_winner_mark_cavendish-1024x629.jpeg?resize=700%2C400 2x"},"classes":[]},{"id":6783,"url":"https:\/\/aynakol.org\/?p=6783","url_meta":{"origin":6878,"position":5},"title":"Le Tour de France 2021 9. Etap: Cluses \u2192 Tignes, 145km","author":"Ayd\u0131n Bez","date":"4 Temmuz 2021","format":false,"excerpt":"D\u00fcnk\u00fc etapta neler olmu\u015ftu? Olan biten ortada, hepimiz oradayd\u0131k! Sa\u011fanak ya\u011fmur, kaygan ini\u015flerle iyice zorla\u015fan 8. etab\u0131n sonunda kazanan iki isim var: Bahrain - Victorius tak\u0131m\u0131n\u0131n 29 ya\u015f\u0131ndaki Bel\u00e7ikal\u0131 pedal\u0131 Dylan Teuns ka\u00e7\u0131\u015ftan ataklarla kopup, ata\u011f\u0131n\u0131 \u00fcst \u00fcste koyarak deli gibi t\u0131rman\u0131p fi\u015fek gibi inerek kariyerini ikinci Le tour etap\u2026","rel":"","context":"&quot;Tour de France&quot; i\u00e7inde","block_context":{"text":"Tour de France","link":"https:\/\/aynakol.org\/?cat=89"},"img":{"alt_text":"","src":"https:\/\/i0.wp.com\/aynakol.org\/wp-content\/uploads\/2021\/07\/tdf2021_stage8_breakaway.jpg?fit=1200%2C798&ssl=1&resize=350%2C200","width":350,"height":200,"srcset":"https:\/\/i0.wp.com\/aynakol.org\/wp-content\/uploads\/2021\/07\/tdf2021_stage8_breakaway.jpg?fit=1200%2C798&ssl=1&resize=350%2C200 1x, https:\/\/i0.wp.com\/aynakol.org\/wp-content\/uploads\/2021\/07\/tdf2021_stage8_breakaway.jpg?fit=1200%2C798&ssl=1&resize=525%2C300 1.5x, https:\/\/i0.wp.com\/aynakol.org\/wp-content\/uploads\/2021\/07\/tdf2021_stage8_breakaway.jpg?fit=1200%2C798&ssl=1&resize=700%2C400 2x, https:\/\/i0.wp.com\/aynakol.org\/wp-content\/uploads\/2021\/07\/tdf2021_stage8_breakaway.jpg?fit=1200%2C798&ssl=1&resize=1050%2C600 3x"},"classes":[]}],"_links":{"self":[{"href":"https:\/\/aynakol.org\/index.php?rest_route=\/wp\/v2\/posts\/6878","targetHints":{"allow":["GET"]}}],"collection":[{"href":"https:\/\/aynakol.org\/index.php?rest_route=\/wp\/v2\/posts"}],"about":[{"href":"https:\/\/aynakol.org\/index.php?rest_route=\/wp\/v2\/types\/post"}],"author":[{"embeddable":true,"href":"https:\/\/aynakol.org\/index.php?rest_route=\/wp\/v2\/users\/1"}],"replies":[{"embeddable":true,"href":"https:\/\/aynakol.org\/index.php?rest_route=%2Fwp%2Fv2%2Fcomments&post=6878"}],"version-history":[{"count":3,"href":"https:\/\/aynakol.org\/index.php?rest_route=\/wp\/v2\/posts\/6878\/revisions"}],"predecessor-version":[{"id":6885,"href":"https:\/\/aynakol.org\/index.php?rest_route=\/wp\/v2\/posts\/6878\/revisions\/6885"}],"wp:featuredmedia":[{"embeddable":true,"href":"https:\/\/aynakol.org\/index.php?rest_route=\/wp\/v2\/media\/6795"}],"wp:attachment":[{"href":"https:\/\/aynakol.org\/index.php?rest_route=%2Fwp%2Fv2%2Fmedia&parent=6878"}],"wp:term":[{"taxonomy":"category","embeddable":true,"href":"https:\/\/aynakol.org\/index.php?rest_route=%2Fwp%2Fv2%2Fcategories&post=6878"},{"taxonomy":"post_tag","embeddable":true,"href":"https:\/\/aynakol.org\/index.php?rest_route=%2Fwp%2Fv2%2Ftags&post=6878"}],"curies":[{"name":"wp","href":"https:\/\/api.w.org\/{rel}","templated":true}]}}