{"id":6886,"date":"2021-07-16T08:00:25","date_gmt":"2021-07-16T05:00:25","guid":{"rendered":"http:\/\/aynakol.org\/?p=6886"},"modified":"2021-07-16T19:02:10","modified_gmt":"2021-07-16T16:02:10","slug":"le-tour-de-france-2021-19-etap-mourenx-%e2%86%92-libourne-203km","status":"publish","type":"post","link":"https:\/\/aynakol.org\/?p=6886","title":{"rendered":"Le Tour de France 2021 19. Etap: Mourenx \u2192 Libourne, 203km"},"content":{"rendered":"<p><strong><span style=\"font-size: 14pt; font-family: georgia, palatino, serif;\"><a href=\"http:\/\/aynakol.org\/2021\/07\/15\/le-tour-de-france-2021-18-etap-pau-%e2%86%92-luz-ardiden-130km\/\" target=\"_blank\" rel=\"noopener\">D\u00fcnk\u00fc etapta<\/a> neler oldu?<\/span><\/strong><\/p>\n<p><span style=\"font-size: 12pt; font-family: georgia, palatino, serif;\">17. etapta ya\u015fananlar\u0131 sadece t\u0131rman\u0131\u015f ve biti\u015f \u00e7izgisi isimlerini de\u011fi\u015ftirip 18. etapta neler olmu\u015ftu \u015feklinde yazsam yeridir&#8230; <\/span><\/p>\n<div id=\"attachment_6890\" style=\"width: 870px\" class=\"wp-caption aligncenter\"><img data-recalc-dims=\"1\" loading=\"lazy\" decoding=\"async\" aria-describedby=\"caption-attachment-6890\" data-attachment-id=\"6890\" data-permalink=\"https:\/\/aynakol.org\/?attachment_id=6890\" data-orig-file=\"https:\/\/i0.wp.com\/aynakol.org\/wp-content\/uploads\/2021\/07\/td2021_stage18_winner_tadej_pogacar-scaled.jpeg?fit=2560%2C1705&amp;ssl=1\" data-orig-size=\"2560,1705\" data-comments-opened=\"1\" data-image-meta=\"{&quot;aperture&quot;:&quot;0&quot;,&quot;credit&quot;:&quot;&quot;,&quot;camera&quot;:&quot;&quot;,&quot;caption&quot;:&quot;&quot;,&quot;created_timestamp&quot;:&quot;0&quot;,&quot;copyright&quot;:&quot;&quot;,&quot;focal_length&quot;:&quot;0&quot;,&quot;iso&quot;:&quot;0&quot;,&quot;shutter_speed&quot;:&quot;0&quot;,&quot;title&quot;:&quot;&quot;,&quot;orientation&quot;:&quot;0&quot;}\" data-image-title=\"td2021_stage18_winner_tadej_pogacar\" data-image-description=\"\" data-image-caption=\"\" data-large-file=\"https:\/\/i0.wp.com\/aynakol.org\/wp-content\/uploads\/2021\/07\/td2021_stage18_winner_tadej_pogacar-scaled.jpeg?fit=860%2C573&amp;ssl=1\" class=\"wp-image-6890 size-large\" src=\"https:\/\/i0.wp.com\/aynakol.org\/wp-content\/uploads\/2021\/07\/td2021_stage18_winner_tadej_pogacar.jpeg?resize=860%2C573\" alt=\"\" width=\"860\" height=\"573\" srcset=\"https:\/\/i0.wp.com\/aynakol.org\/wp-content\/uploads\/2021\/07\/td2021_stage18_winner_tadej_pogacar-scaled.jpeg?resize=1024%2C682&amp;ssl=1 1024w, https:\/\/i0.wp.com\/aynakol.org\/wp-content\/uploads\/2021\/07\/td2021_stage18_winner_tadej_pogacar-scaled.jpeg?resize=300%2C200&amp;ssl=1 300w, https:\/\/i0.wp.com\/aynakol.org\/wp-content\/uploads\/2021\/07\/td2021_stage18_winner_tadej_pogacar-scaled.jpeg?resize=768%2C512&amp;ssl=1 768w, https:\/\/i0.wp.com\/aynakol.org\/wp-content\/uploads\/2021\/07\/td2021_stage18_winner_tadej_pogacar-scaled.jpeg?resize=1536%2C1023&amp;ssl=1 1536w, https:\/\/i0.wp.com\/aynakol.org\/wp-content\/uploads\/2021\/07\/td2021_stage18_winner_tadej_pogacar-scaled.jpeg?resize=2048%2C1364&amp;ssl=1 2048w, https:\/\/i0.wp.com\/aynakol.org\/wp-content\/uploads\/2021\/07\/td2021_stage18_winner_tadej_pogacar-scaled.jpeg?w=1720 1720w\" sizes=\"auto, (max-width: 860px) 100vw, 860px\" \/><p id=\"caption-attachment-6890\" class=\"wp-caption-text\">Tdf2021 18. Etab\u0131n sonu \u00f6nceki g\u00fcn ile birebir ayn\u0131: Zafere uzanan Pogacar, ikinci Vingegaard, \u00fc\u00e7\u00fcnc\u00fc Carapaz&#8230;<\/p><\/div>\n<p><span style=\"font-size: 12pt; font-family: georgia, palatino, serif;\">Pogacar bey ne yap\u0131yorsunuz?<\/span><\/p>\n<p><span style=\"font-size: 12pt; font-family: georgia, palatino, serif;\">130km k\u0131sal\u0131\u011f\u0131ndaki 18. etab\u0131n bitmek bilmeyen iki HC t\u0131rman\u0131\u015f\u0131n\u0131n ilkini, Col du Tourmaleti ka\u00e7aklar rahat\u00e7a geride b\u0131rak\u0131p da ini\u015fin pe\u015finden Luz Ardidene uzanan zorlu t\u0131rman\u0131\u015f ba\u015flay\u0131nca peloton sakinli\u011fi kenara koyup saz\u0131 eline ald\u0131. <\/span><\/p>\n<p><span style=\"font-size: 12pt; font-family: georgia, palatino, serif;\"><strong>Etab\u0131n \u00f6ne \u00e7\u0131kan anlar\u0131<\/strong><br \/>\n<\/span><\/p>\n<p><iframe loading=\"lazy\" title=\"YouTube video player\" src=\"\/\/www.youtube.com\/embed\/Lou_5_FxJOQ\" width=\"560\" height=\"315\" frameborder=\"0\" allowfullscreen=\"allowfullscreen\"><\/iframe><\/p>\n<p>&nbsp;<\/p>\n<p><span style=\"font-size: 12pt; font-family: georgia, palatino, serif;\">Ka\u00e7anlar\u0131n yakaland\u0131\u011f\u0131, son ka\u00e7a\u011f\u0131n, \u00fcst\u00fcne Frans\u0131z pedal David Gaudu, da zirvesinde Fransa Cumhurba\u015fkan\u0131 Emmanuel Macronun bekledi\u011fini duyunca iyice pedallara as\u0131ld\u0131\u011f\u0131, ama tempoyu y\u00fckseltince INEOS Granadier yakaland\u0131\u011f\u0131&#8230; Ancak bu temponun \u00e7atapat Carapaza yaramay\u0131p Team UAE-Emiratesin son kur\u015funu Rafal Majka \u00f6ne ge\u00e7ip sabit ama k\u0131r\u0131c\u0131 bir \u015fekilde tempoyu belirleyince Wout van Aert, Rigoberto Uran ve Da\u011flar\u0131n Kral\u0131 mayosu s\u0131rt\u0131nda Wout Poels ba\u015fta olmak \u00fczere elit peloton da\u011f\u0131ld\u0131&#8230;<\/span><\/p>\n<p><span style=\"font-size: 12pt; font-family: georgia, palatino, serif;\">Majkan\u0131n temposu birer iki\u015fer azalt\u0131rken elit pelotonu Luz Ardiden zirvesinde zafere uzanmak i\u00e7in ilk silkeleme ata\u011f\u0131 Maillot Jaune s\u0131rt\u0131nda olmas\u0131na kar\u015f\u0131n Tadej Pogacardan geldi: Enric Mas, Richard Carapaz, Jonas Vingegaard ve \u00e7ekicisi Sepp Kuss ve de Maillot Jaune&#8230;<\/span><\/p>\n<p><span style=\"font-size: 12pt; font-family: georgia, palatino, serif;\">Son 2km de Kuss geri \u00e7ekilirken Pogacar birinin atak yapmas\u0131n\u0131 bekledi ve k\u0131sa s\u00fcre i\u00e7inde Movistarl\u0131 Enric Mas <a href=\"https:\/\/youtu.be\/EJWyEbE-oWM\" target=\"_blank\" rel=\"noopener\">Flamme Rouge<\/a> , son 1km, ge\u00e7ilirken ata\u011f\u0131n\u0131 yapsa da cevap veren Tagej Pogacar resmen kanatlan\u0131p u\u00e7arak Luz Ardiden zirvesinden ge\u00e7erek \u00fcst \u00fcste iki da\u011fl\u0131k etab\u0131 kazanarak Sar\u0131 Mayosunu bir de da\u011flar\u0131n kral\u0131 mayosu ile ta\u00e7land\u0131rd\u0131. <\/span><\/p>\n<p><span style=\"font-size: 12pt; font-family: georgia, palatino, serif;\">Zoraki lider Jonas Vingegaard ikinci, \u00e7atapat Carapaz da \u00fc\u00e7\u00fcnc\u00fc bitirerek etab\u0131 k\u00fcrs\u00fcy\u00fc tamamlam\u0131\u015f oldular. <\/span><\/p>\n<p><iframe loading=\"lazy\" src=\"https:\/\/www.procyclingstats.com\/widgets\/result.php?h=43e34f339547a1386d431c9495cd5ced9b4cb21f\" width=\"520\" height=\"320\"><\/iframe><\/p>\n<p>&nbsp;<\/p>\n<p><strong><span style=\"font-size: 14pt; font-family: georgia, palatino, serif;\">Yar\u0131nki etaba gelecek olursak<\/span><\/strong><\/p>\n<p><span style=\"font-size: 12pt; font-family: georgia, palatino, serif;\">Son da\u011fl\u0131k etap geri kal\u0131nca bir rahatlama ald\u0131 pelotonu. Ama \u00f6nce kalan iki etab\u0131 gerideb\u0131rakmal\u0131. \u00dcz\u00fcm ba\u011flar\u0131na, \u015faraphanelere, mahzenlere do\u011fru pedall\u0131yoruz: Mourenx \u2192 Libourne aras\u0131nda, kuzeye do\u011fru pedallanacak 19. etap 203km uzunlu\u011funda. <\/span><\/p>\n<div id=\"attachment_6889\" style=\"width: 913px\" class=\"wp-caption aligncenter\"><img data-recalc-dims=\"1\" loading=\"lazy\" decoding=\"async\" aria-describedby=\"caption-attachment-6889\" data-attachment-id=\"6889\" data-permalink=\"https:\/\/aynakol.org\/?attachment_id=6889\" data-orig-file=\"https:\/\/i0.wp.com\/aynakol.org\/wp-content\/uploads\/2021\/07\/profile-19.jpg?fit=903%2C512&amp;ssl=1\" data-orig-size=\"903,512\" data-comments-opened=\"1\" data-image-meta=\"{&quot;aperture&quot;:&quot;0&quot;,&quot;credit&quot;:&quot;&quot;,&quot;camera&quot;:&quot;&quot;,&quot;caption&quot;:&quot;&quot;,&quot;created_timestamp&quot;:&quot;0&quot;,&quot;copyright&quot;:&quot;&quot;,&quot;focal_length&quot;:&quot;0&quot;,&quot;iso&quot;:&quot;0&quot;,&quot;shutter_speed&quot;:&quot;0&quot;,&quot;title&quot;:&quot;&quot;,&quot;orientation&quot;:&quot;1&quot;}\" data-image-title=\"profile-19\" data-image-description=\"\" data-image-caption=\"\" data-large-file=\"https:\/\/i0.wp.com\/aynakol.org\/wp-content\/uploads\/2021\/07\/profile-19.jpg?fit=860%2C488&amp;ssl=1\" class=\"wp-image-6889 size-full\" src=\"https:\/\/i0.wp.com\/aynakol.org\/wp-content\/uploads\/2021\/07\/profile-19.jpg?resize=860%2C488\" alt=\"\" width=\"860\" height=\"488\" srcset=\"https:\/\/i0.wp.com\/aynakol.org\/wp-content\/uploads\/2021\/07\/profile-19.jpg?w=903&amp;ssl=1 903w, https:\/\/i0.wp.com\/aynakol.org\/wp-content\/uploads\/2021\/07\/profile-19.jpg?resize=300%2C170&amp;ssl=1 300w, https:\/\/i0.wp.com\/aynakol.org\/wp-content\/uploads\/2021\/07\/profile-19.jpg?resize=768%2C435&amp;ssl=1 768w\" sizes=\"auto, (max-width: 860px) 100vw, 860px\" \/><p id=\"caption-attachment-6889\" class=\"wp-caption-text\">TdF2021 19. Etap profili sele \u00fczeri dinlenmesel bir transfer etab\u0131 var kar\u015f\u0131m\u0131zda.<\/p><\/div>\n<p><span style=\"font-size: 12pt; font-family: georgia, palatino, serif;\">D\u00fcz bir profilde pedallanacak etap transfer ve de zamana kar\u015f\u0131 m\u00fccadelesi \u00f6ncesi biraz da sele \u00fczeri gizli dinlenme g\u00fcn\u00fc asl\u0131nda. Genel klasman\u0131n yataca\u011f\u0131 kesin. Kaza k\u0131r\u0131ma u\u011frayan sprinter pedallar aras\u0131nda tarih yazan Mark Cavendishin de Eddy Merckx reyizin rekorunu k\u0131r\u0131p k\u0131rmayaca\u011f\u0131 da g\u00fcn\u00fcn as\u0131l merak konusu.<\/span><\/p>\n<p><span style=\"font-size: 12pt; font-family: georgia, palatino, serif;\">\u015eimdi bir t\u00fcrk\u00fcd\u00fcr pelotonun diline dolanan: <em>&#8220;Elveda Pireneler ho\u015f geli\u015fler ola Paris.&#8221;<\/em><\/span><\/p>\n<p>&nbsp;<\/p>\n","protected":false},"excerpt":{"rendered":"<p>D\u00fcnk\u00fc etapta neler oldu? 17. etapta ya\u015fananlar\u0131 sadece t\u0131rman\u0131\u015f ve biti\u015f \u00e7izgisi isimlerini de\u011fi\u015ftirip 18. etapta neler olmu\u015ftu \u015feklinde yazsam yeridir&#8230; Pogacar bey ne yap\u0131yorsunuz? [&#8230;]<\/p>\n","protected":false},"author":1,"featured_media":0,"comment_status":"open","ping_status":"open","sticky":false,"template":"","format":"standard","meta":{"jetpack_post_was_ever_published":false,"_jetpack_newsletter_access":"","_jetpack_dont_email_post_to_subs":false,"_jetpack_newsletter_tier_id":0,"_jetpack_memberships_contains_paywalled_content":false,"_jetpack_memberships_contains_paid_content":false,"footnotes":"","jetpack_publicize_message":"#TourdeFrance #tdf2021 Da\u011flar geride kal\u0131rken pelotonun y\u00fcz\u00fc d\u00fczl\u00fcklere d\u00f6nd\u00fc. Hedef paris olsa da ge\u00e7ilecek iki etap daha var listede: 19. Etap: Mourenx \u2192 Libourne, 203km uzunlu\u011funda ve toplu sprint ve de sele \u00fczeri dinlenme beklenenler aras\u0131nda.","jetpack_publicize_feature_enabled":true,"jetpack_social_post_already_shared":true,"jetpack_social_options":{"image_generator_settings":{"template":"highway","default_image_id":0,"font":"","enabled":false},"version":2}},"categories":[89],"tags":[150,1178,832,1486,151,217,1276,1482,1249,1485,746,1483,1484],"class_list":["post-6886","post","type-post","status-publish","format-standard","hentry","category-tour","tag-fransa-bisiklet-turu","tag-geraint-thomas","tag-grand-depart","tag-jonas-vingegoord","tag-le-tour","tag-le-tour-de-france-2","tag-letour","tag-mathieu-van-der-poel","tag-primoz-roglic","tag-ricard-carapaz","tag-rigoberto-uran","tag-tadej-pogocar","tag-wout-van-aert"],"jetpack_publicize_connections":[],"jetpack_featured_media_url":"","jetpack_sharing_enabled":true,"jetpack_shortlink":"https:\/\/wp.me\/p51p4O-1N4","jetpack_likes_enabled":true,"jetpack-related-posts":[{"id":6878,"url":"https:\/\/aynakol.org\/?p=6878","url_meta":{"origin":6886,"position":0},"title":"Le Tour de France 2021 18. Etap: Pau \u2192 Luz-Ardiden, 130km","author":"Ayd\u0131n Bez","date":"15 Temmuz 2021","format":false,"excerpt":"D\u00fcnk\u00fc etapta neler oldu? Pogacar! Kimseye g\u00f6z a\u00e7t\u0131rmadan yanya ve y\u0131ka y\u0131ka Col du Portet zirvesinden, bulutlar\u0131n i\u00e7inden biti\u015f \u00e7izgisine uzand\u0131! S\u00f6nmeyen ama enerji \u00fcretemeyen ate\u015f Vingegaard ve de saman alevli catapat Carapaz ise pe\u015fincen ikinci ve \u00fcc\u00fcc\u00fc bitirdiler etab\u0131. Frans\u0131z ulusal bayram\u0131 Bastille G\u00fcn\u00fcnde Frans\u0131z pedalar\u0131n ka\u00e7\u0131\u015f\u0131 zaferle ta\u00e7land\u0131rma\u2026","rel":"","context":"&quot;Tour de France&quot; i\u00e7inde","block_context":{"text":"Tour de France","link":"https:\/\/aynakol.org\/?cat=89"},"img":{"alt_text":"","src":"https:\/\/i0.wp.com\/aynakol.org\/wp-content\/uploads\/2021\/07\/tdf2021_stage8_grupetto.jpg?fit=1200%2C798&ssl=1&resize=350%2C200","width":350,"height":200,"srcset":"https:\/\/i0.wp.com\/aynakol.org\/wp-content\/uploads\/2021\/07\/tdf2021_stage8_grupetto.jpg?fit=1200%2C798&ssl=1&resize=350%2C200 1x, https:\/\/i0.wp.com\/aynakol.org\/wp-content\/uploads\/2021\/07\/tdf2021_stage8_grupetto.jpg?fit=1200%2C798&ssl=1&resize=525%2C300 1.5x, https:\/\/i0.wp.com\/aynakol.org\/wp-content\/uploads\/2021\/07\/tdf2021_stage8_grupetto.jpg?fit=1200%2C798&ssl=1&resize=700%2C400 2x, https:\/\/i0.wp.com\/aynakol.org\/wp-content\/uploads\/2021\/07\/tdf2021_stage8_grupetto.jpg?fit=1200%2C798&ssl=1&resize=1050%2C600 3x"},"classes":[]},{"id":6868,"url":"https:\/\/aynakol.org\/?p=6868","url_meta":{"origin":6886,"position":1},"title":"Le Tour de France 2021 17. Etap: Muret \u2192 Saint-Lary-Soulan (Col Du Portet), 178.4km","author":"Ayd\u0131n Bez","date":"14 Temmuz 2021","format":false,"excerpt":"D\u00fcnk\u00fc etapta neler olmu\u015ftu? Col de Portet-d'Aspet eteklerinden Aziz Gaudens kentinde sona eren 16. etab\u0131n sonunda g\u00fclen isim Patrick Konrad! \u00a0 Bora - hansgrohe tak\u0131m\u0131n\u0131n 29 ya\u015f\u0131ndaki Avusturya ulusal \u015fampiyonu Konrad, iki ulusal \u015fampiyonluk yar\u0131\u015f\u0131 d\u0131\u015f\u0131nda, 11 y\u0131ld\u0131r pro peloton i\u00e7inde pedallamas\u0131na kar\u015f\u0131n, ilk etap zaferine uzan\u0131rken g\u00f6zya\u015flar\u0131 ya\u011fmurla birlikte\u2026","rel":"","context":"&quot;Tour de France&quot; i\u00e7inde","block_context":{"text":"Tour de France","link":"https:\/\/aynakol.org\/?cat=89"},"img":{"alt_text":"","src":"https:\/\/i0.wp.com\/aynakol.org\/wp-content\/uploads\/2021\/07\/tdf2021_stage15_fight_for_KOM_jersey.jpg?fit=1200%2C798&ssl=1&resize=350%2C200","width":350,"height":200,"srcset":"https:\/\/i0.wp.com\/aynakol.org\/wp-content\/uploads\/2021\/07\/tdf2021_stage15_fight_for_KOM_jersey.jpg?fit=1200%2C798&ssl=1&resize=350%2C200 1x, https:\/\/i0.wp.com\/aynakol.org\/wp-content\/uploads\/2021\/07\/tdf2021_stage15_fight_for_KOM_jersey.jpg?fit=1200%2C798&ssl=1&resize=525%2C300 1.5x, https:\/\/i0.wp.com\/aynakol.org\/wp-content\/uploads\/2021\/07\/tdf2021_stage15_fight_for_KOM_jersey.jpg?fit=1200%2C798&ssl=1&resize=700%2C400 2x, https:\/\/i0.wp.com\/aynakol.org\/wp-content\/uploads\/2021\/07\/tdf2021_stage15_fight_for_KOM_jersey.jpg?fit=1200%2C798&ssl=1&resize=1050%2C600 3x"},"classes":[]},{"id":6783,"url":"https:\/\/aynakol.org\/?p=6783","url_meta":{"origin":6886,"position":2},"title":"Le Tour de France 2021 9. Etap: Cluses \u2192 Tignes, 145km","author":"Ayd\u0131n Bez","date":"4 Temmuz 2021","format":false,"excerpt":"D\u00fcnk\u00fc etapta neler olmu\u015ftu? Olan biten ortada, hepimiz oradayd\u0131k! Sa\u011fanak ya\u011fmur, kaygan ini\u015flerle iyice zorla\u015fan 8. etab\u0131n sonunda kazanan iki isim var: Bahrain - Victorius tak\u0131m\u0131n\u0131n 29 ya\u015f\u0131ndaki Bel\u00e7ikal\u0131 pedal\u0131 Dylan Teuns ka\u00e7\u0131\u015ftan ataklarla kopup, ata\u011f\u0131n\u0131 \u00fcst \u00fcste koyarak deli gibi t\u0131rman\u0131p fi\u015fek gibi inerek kariyerini ikinci Le tour etap\u2026","rel":"","context":"&quot;Tour de France&quot; i\u00e7inde","block_context":{"text":"Tour de France","link":"https:\/\/aynakol.org\/?cat=89"},"img":{"alt_text":"","src":"https:\/\/i0.wp.com\/aynakol.org\/wp-content\/uploads\/2021\/07\/tdf2021_stage8_breakaway.jpg?fit=1200%2C798&ssl=1&resize=350%2C200","width":350,"height":200,"srcset":"https:\/\/i0.wp.com\/aynakol.org\/wp-content\/uploads\/2021\/07\/tdf2021_stage8_breakaway.jpg?fit=1200%2C798&ssl=1&resize=350%2C200 1x, https:\/\/i0.wp.com\/aynakol.org\/wp-content\/uploads\/2021\/07\/tdf2021_stage8_breakaway.jpg?fit=1200%2C798&ssl=1&resize=525%2C300 1.5x, https:\/\/i0.wp.com\/aynakol.org\/wp-content\/uploads\/2021\/07\/tdf2021_stage8_breakaway.jpg?fit=1200%2C798&ssl=1&resize=700%2C400 2x, https:\/\/i0.wp.com\/aynakol.org\/wp-content\/uploads\/2021\/07\/tdf2021_stage8_breakaway.jpg?fit=1200%2C798&ssl=1&resize=1050%2C600 3x"},"classes":[]},{"id":6856,"url":"https:\/\/aynakol.org\/?p=6856","url_meta":{"origin":6886,"position":3},"title":"Le Tour de France 2021 16. Etap: Pas De La Case \u2192 Saint-Gaudens, 169km","author":"Ayd\u0131n Bez","date":"13 Temmuz 2021","format":false,"excerpt":"15. Etapta neler olmu\u015ftu? Genel klasmanda ilk 10 i\u00e7ine dahas\u0131, Pogacardan sonraki 5 dakikal\u0131k zaman i\u00e7inde s\u0131ralanm\u0131\u015f 9 pedal\u0131n hi\u00e7bir \u015fey yapmad\u0131\u011f\u0131, yapsa da saman alevi misali ataklar\u0131n s\u00f6nd\u00fc\u011f\u00fc; etab\u0131n t\u00fcm y\u00fck\u00fcn\u00fcn olu\u015fan devasa ka\u00e7\u0131\u015f grubuna y\u0131k\u0131ld\u0131\u011f\u0131; y\u0131llard\u0131r g\u00f6rmeyi unuttu\u011fumuz, Team SKY sa\u011f olsun, Da\u011flar\u0131n Kral\u0131 Mayosu i\u00e7in yap\u0131lan ataklar\u0131n,\u2026","rel":"","context":"&quot;Tour de France&quot; i\u00e7inde","block_context":{"text":"Tour de France","link":"https:\/\/aynakol.org\/?cat=89"},"img":{"alt_text":"","src":"https:\/\/i0.wp.com\/aynakol.org\/wp-content\/uploads\/2021\/07\/tdf2021_stage15_maillot_jaune-e1626116663793.jpg?fit=1200%2C539&ssl=1&resize=350%2C200","width":350,"height":200,"srcset":"https:\/\/i0.wp.com\/aynakol.org\/wp-content\/uploads\/2021\/07\/tdf2021_stage15_maillot_jaune-e1626116663793.jpg?fit=1200%2C539&ssl=1&resize=350%2C200 1x, https:\/\/i0.wp.com\/aynakol.org\/wp-content\/uploads\/2021\/07\/tdf2021_stage15_maillot_jaune-e1626116663793.jpg?fit=1200%2C539&ssl=1&resize=525%2C300 1.5x, https:\/\/i0.wp.com\/aynakol.org\/wp-content\/uploads\/2021\/07\/tdf2021_stage15_maillot_jaune-e1626116663793.jpg?fit=1200%2C539&ssl=1&resize=700%2C400 2x, https:\/\/i0.wp.com\/aynakol.org\/wp-content\/uploads\/2021\/07\/tdf2021_stage15_maillot_jaune-e1626116663793.jpg?fit=1200%2C539&ssl=1&resize=1050%2C600 3x"},"classes":[]},{"id":6819,"url":"https:\/\/aynakol.org\/?p=6819","url_meta":{"origin":6886,"position":4},"title":"Le Tour de France 2021 12. Etap: Saint-Paul-Trois-Ch\u00e2teaux \u2192 N\u00eemes, 160km","author":"Ayd\u0131n Bez","date":"8 Temmuz 2021","format":false,"excerpt":"D\u00fcnk\u00fc etapta neler olmu\u015ftu? Ululardan ulu Mont Ventoux zirvesinin Le Tour tarihinde ilk defa iki kere \u00e7\u0131k\u0131ld\u0131\u011f\u0131 11. etap k\u0131r\u0131ma u\u011fram\u0131\u015f Jumbo - Visma tak\u0131m\u0131n\u0131n Bel\u00e7ikal\u0131 s\u00fcper star\u0131 Wout van Aert taraf\u0131ndan kazan\u0131lsa da beklendi\u011fi gibi fare do\u011furdu: Genel klasmanda herhangi bir hareketlilik olmad\u0131\u011f\u0131 gibi atak ve heyecan, takip ve\u2026","rel":"","context":"&quot;Tour de France&quot; i\u00e7inde","block_context":{"text":"Tour de France","link":"https:\/\/aynakol.org\/?cat=89"},"img":{"alt_text":"","src":"https:\/\/i0.wp.com\/aynakol.org\/wp-content\/uploads\/2021\/07\/tdf2021_stage10_peloton_2-e1625688450113.jpg?fit=1200%2C456&ssl=1&resize=350%2C200","width":350,"height":200,"srcset":"https:\/\/i0.wp.com\/aynakol.org\/wp-content\/uploads\/2021\/07\/tdf2021_stage10_peloton_2-e1625688450113.jpg?fit=1200%2C456&ssl=1&resize=350%2C200 1x, https:\/\/i0.wp.com\/aynakol.org\/wp-content\/uploads\/2021\/07\/tdf2021_stage10_peloton_2-e1625688450113.jpg?fit=1200%2C456&ssl=1&resize=525%2C300 1.5x, https:\/\/i0.wp.com\/aynakol.org\/wp-content\/uploads\/2021\/07\/tdf2021_stage10_peloton_2-e1625688450113.jpg?fit=1200%2C456&ssl=1&resize=700%2C400 2x, https:\/\/i0.wp.com\/aynakol.org\/wp-content\/uploads\/2021\/07\/tdf2021_stage10_peloton_2-e1625688450113.jpg?fit=1200%2C456&ssl=1&resize=1050%2C600 3x"},"classes":[]},{"id":8975,"url":"https:\/\/aynakol.org\/?p=8975","url_meta":{"origin":6886,"position":5},"title":"Tour de France 2024 3. Etap: Piacenza > Torino, 231 km","author":"Ayd\u0131n Bez","date":"30 Haziran 2024","format":false,"excerpt":"D\u00fcnk\u00fc etapta Neler Olmu\u015ftu? Bolonyada sona eren 2. Etab\u0131n sonunda zafer ka\u00e7\u0131\u015fa yaz\u0131ld\u0131! Arkea B&B Hotels tak\u0131m\u0131n\u0131n gen\u00e7 Frans\u0131z\u0131 Kevin Vauquelin ka\u00e7\u0131\u015f grubu i\u00e7inden son t\u0131rman\u0131\u015f San Luca \u00f6ncesi Nelson Olivieran\u0131n ata\u011f\u0131n\u0131 takip etti, t\u0131rman\u0131\u015fta kimseyi beklemeden sal\u0131na sal\u0131na pedallad\u0131; ta ki biti\u015f \u00e7izgisine, zafere dek! Hem kendisinin hem de\u2026","rel":"","context":"&quot;Tour de France&quot; i\u00e7inde","block_context":{"text":"Tour de France","link":"https:\/\/aynakol.org\/?cat=89"},"img":{"alt_text":"","src":"https:\/\/i0.wp.com\/aynakol.org\/wp-content\/uploads\/2024\/06\/tdf2024_stage2_san_luca.jpg?fit=992%2C1200&ssl=1&resize=350%2C200","width":350,"height":200,"srcset":"https:\/\/i0.wp.com\/aynakol.org\/wp-content\/uploads\/2024\/06\/tdf2024_stage2_san_luca.jpg?fit=992%2C1200&ssl=1&resize=350%2C200 1x, https:\/\/i0.wp.com\/aynakol.org\/wp-content\/uploads\/2024\/06\/tdf2024_stage2_san_luca.jpg?fit=992%2C1200&ssl=1&resize=525%2C300 1.5x, https:\/\/i0.wp.com\/aynakol.org\/wp-content\/uploads\/2024\/06\/tdf2024_stage2_san_luca.jpg?fit=992%2C1200&ssl=1&resize=700%2C400 2x"},"classes":[]}],"_links":{"self":[{"href":"https:\/\/aynakol.org\/index.php?rest_route=\/wp\/v2\/posts\/6886","targetHints":{"allow":["GET"]}}],"collection":[{"href":"https:\/\/aynakol.org\/index.php?rest_route=\/wp\/v2\/posts"}],"about":[{"href":"https:\/\/aynakol.org\/index.php?rest_route=\/wp\/v2\/types\/post"}],"author":[{"embeddable":true,"href":"https:\/\/aynakol.org\/index.php?rest_route=\/wp\/v2\/users\/1"}],"replies":[{"embeddable":true,"href":"https:\/\/aynakol.org\/index.php?rest_route=%2Fwp%2Fv2%2Fcomments&post=6886"}],"version-history":[{"count":3,"href":"https:\/\/aynakol.org\/index.php?rest_route=\/wp\/v2\/posts\/6886\/revisions"}],"predecessor-version":[{"id":6888,"href":"https:\/\/aynakol.org\/index.php?rest_route=\/wp\/v2\/posts\/6886\/revisions\/6888"}],"wp:attachment":[{"href":"https:\/\/aynakol.org\/index.php?rest_route=%2Fwp%2Fv2%2Fmedia&parent=6886"}],"wp:term":[{"taxonomy":"category","embeddable":true,"href":"https:\/\/aynakol.org\/index.php?rest_route=%2Fwp%2Fv2%2Fcategories&post=6886"},{"taxonomy":"post_tag","embeddable":true,"href":"https:\/\/aynakol.org\/index.php?rest_route=%2Fwp%2Fv2%2Ftags&post=6886"}],"curies":[{"name":"wp","href":"https:\/\/api.w.org\/{rel}","templated":true}]}}