{"id":6895,"date":"2021-07-17T08:00:02","date_gmt":"2021-07-17T05:00:02","guid":{"rendered":"http:\/\/aynakol.org\/?p=6895"},"modified":"2021-07-16T23:30:48","modified_gmt":"2021-07-16T20:30:48","slug":"le-tour-de-france-2021-20-etap-libourne-%e2%86%92-saint-emilion-31km","status":"publish","type":"post","link":"https:\/\/aynakol.org\/?p=6895","title":{"rendered":"Le Tour de France 2021 20. Etap: Libourne \u2192 Saint-\u00c9milion, 31km"},"content":{"rendered":"<p><strong><span style=\"font-size: 14pt; font-family: georgia, palatino, serif;\"><a href=\"http:\/\/aynakol.org\/2021\/07\/16\/le-tour-de-france-2021-19-etap-mourenx-%e2%86%92-libourne-203km\/\" target=\"_blank\" rel=\"noopener\">D\u00fcnk\u00fc etapta<\/a> neler olmu\u015ftu?<\/span><\/strong><\/p>\n<p><span style=\"font-size: 12pt; font-family: georgia, palatino, serif;\">Slovenler resmen Le Touru ele ge\u00e7irdiler! Son iki etapt\u0131r Pogacar, d\u00fcn de Matej Mohoric!<br \/>\n<\/span><\/p>\n<div id=\"attachment_6902\" style=\"width: 870px\" class=\"wp-caption aligncenter\"><img data-recalc-dims=\"1\" loading=\"lazy\" decoding=\"async\" aria-describedby=\"caption-attachment-6902\" data-attachment-id=\"6902\" data-permalink=\"https:\/\/aynakol.org\/?attachment_id=6902\" data-orig-file=\"https:\/\/i0.wp.com\/aynakol.org\/wp-content\/uploads\/2021\/07\/td2021_stage19_winner_matej_mohoric_1-1.jpeg?fit=1500%2C1000&amp;ssl=1\" data-orig-size=\"1500,1000\" data-comments-opened=\"1\" data-image-meta=\"{&quot;aperture&quot;:&quot;13&quot;,&quot;credit&quot;:&quot;&quot;,&quot;camera&quot;:&quot;Canon EOS 7D Mark II&quot;,&quot;caption&quot;:&quot;Matej Mohooroc Sloveenia Bahraian Victorious team soloos to a 2nd win, and a 5th for Slovenia&quot;,&quot;created_timestamp&quot;:&quot;1626453833&quot;,&quot;copyright&quot;:&quot;&quot;,&quot;focal_length&quot;:&quot;300&quot;,&quot;iso&quot;:&quot;500&quot;,&quot;shutter_speed&quot;:&quot;0.0008&quot;,&quot;title&quot;:&quot;Tour de France stage 18 Luz Ardiden&quot;,&quot;orientation&quot;:&quot;0&quot;}\" data-image-title=\"Tour de France stage 18 Luz Ardiden\" data-image-description=\"\" data-image-caption=\"&lt;p&gt;Matej Mohooroc Sloveenia Bahraian Victorious team soloos to a 2nd win, and a 5th for Slovenia&lt;\/p&gt;\n\" data-large-file=\"https:\/\/i0.wp.com\/aynakol.org\/wp-content\/uploads\/2021\/07\/td2021_stage19_winner_matej_mohoric_1-1.jpeg?fit=860%2C574&amp;ssl=1\" class=\"wp-image-6902 size-large\" src=\"https:\/\/i0.wp.com\/aynakol.org\/wp-content\/uploads\/2021\/07\/td2021_stage19_winner_matej_mohoric_1-1.jpeg?resize=860%2C574\" alt=\"\" width=\"860\" height=\"574\" srcset=\"https:\/\/i0.wp.com\/aynakol.org\/wp-content\/uploads\/2021\/07\/td2021_stage19_winner_matej_mohoric_1-1.jpeg?resize=1024%2C683&amp;ssl=1 1024w, https:\/\/i0.wp.com\/aynakol.org\/wp-content\/uploads\/2021\/07\/td2021_stage19_winner_matej_mohoric_1-1.jpeg?resize=300%2C200&amp;ssl=1 300w, https:\/\/i0.wp.com\/aynakol.org\/wp-content\/uploads\/2021\/07\/td2021_stage19_winner_matej_mohoric_1-1.jpeg?resize=768%2C512&amp;ssl=1 768w, https:\/\/i0.wp.com\/aynakol.org\/wp-content\/uploads\/2021\/07\/td2021_stage19_winner_matej_mohoric_1-1.jpeg?w=1500&amp;ssl=1 1500w\" sizes=\"auto, (max-width: 860px) 100vw, 860px\" \/><p id=\"caption-attachment-6902\" class=\"wp-caption-text\">TdF2021, 19. Etab\u0131 kazanan isim g\u00fcn\u00fcn uzun soluklu ka\u00e7a\u011f\u0131 ve son 25km&#8217;nin de tek ba\u015f\u0131nas\u0131 Matej Mohoric! Bu zaferle Sloven pedal kendisinin iki, \u00fclkesinin Le Tourdaki be\u015finci zaferine pedal bast\u0131.<\/p><\/div>\n<p>&nbsp;<\/p>\n<p><span style=\"font-size: 12pt; font-family: georgia, palatino, serif;\">203km uzunlu\u011fuyla turun \u00fc\u00e7\u00fcnc\u00fc uzun etab\u0131nda zafere uzanan isim yine ayn\u0131: Matej Mohoric! 248km ile turun en uzun etab\u0131yla birlikte bug\u00fcn de etab\u0131 kazanan Mohoric, bu zaferle hem tak\u0131m klasman\u0131nda tak\u0131mlar\u0131n\u0131n ba\u015far\u0131s\u0131n\u0131 kutsarken hem de \u015fafak vakti tak\u0131m\u0131n\u0131n kald\u0131\u011f\u0131 otele spor polisince yap\u0131lan bask\u0131n\u0131na da cevap verdi.<\/span><\/p>\n<p><span style=\"font-size: 12pt; font-family: georgia, palatino, serif;\">Yar\u0131\u015f\u0131n ba\u015f\u0131nda ya\u015fanan yola ta\u015fma kazas\u0131 sonras\u0131 darmada\u011f\u0131n olan pelotonun \u00f6n\u00fcne gelen Maillot Jaune Tadej Pogacar INEOS Granadiers ka\u00e7aklar\u0131n\u0131 sakinle\u015ftirerek etab\u0131 patronaj kullanarak n\u00f6tralize etti. Bu \u015f\u0131k hareket sonras\u0131 peloton toplan\u0131nca ka\u00e7\u0131\u015flara yeniden izin verilse de etab\u0131n ilk yar\u0131s\u0131na dek s\u00fcrekli ka\u00e7anlar\u0131n pelotonca yakaland\u0131\u011f\u0131, takibe de aman verilmedi. Ama en son Mohoric, Politt, Aspergen, Valgren, Stuyvenden ibaret 10 ki\u015filik ka\u00e7\u0131\u015f grubunu peloton sald\u0131 gitti: B\u0131rak\u0131n kim kazan\u0131rsa kazans\u0131n, <a href=\"https:\/\/youtu.be\/bWg1IDXc7kc\" target=\"_blank\" rel=\"noopener\">yolumuz Paris arkada\u015flar!<\/a> <\/span><\/p>\n<p><span style=\"font-size: 12pt; font-family: georgia, palatino, serif;\"><strong>Etab\u0131n \u00f6ne \u00e7\u0131kan anlar\u0131<\/strong><br \/>\n<\/span><\/p>\n<p><iframe loading=\"lazy\" title=\"YouTube video player\" src=\"\/\/www.youtube.com\/embed\/khNB4kSu1bk\" width=\"560\" height=\"315\" frameborder=\"0\" allowfullscreen=\"allowfullscreen\"><\/iframe><\/p>\n<p><span style=\"font-size: 12pt; font-family: georgia, palatino, serif;\">Yar\u0131\u015f\u0131n koptu\u011fu, dahas\u0131 kar\u015f\u0131 atak yapan Mohorice yaz\u0131ld\u0131\u011f\u0131 an 25km kala biti\u015fe kimsenin bu adam ka\u00e7\u0131yor da takip edelim demeyerek nas\u0131l olsa yakalar\u0131z havas\u0131na girmesiydi ki, sorun da bu: Karars\u0131z kal\u0131p takip etmemek ve takip etse dahi di\u011ferlerinin de kendisiyle gelip ka\u00e7a\u011f\u0131 yakalamas\u0131 ve etab\u0131 &#8220;belki de&#8221; kazanmas\u0131. Bu y\u00fczden geriye kalan 9 pedaldan kimse Mohorici d\u00fczenli bir tempoyla yakalamaya \u00e7al\u0131\u015fmad\u0131, b\u00f6yle olunca da Mohoric yar\u0131ndan \u00f6nce erkenden<a href=\"http:\/\/www.steephill.tv\/2021\/tour-de-france\/photos\/stage-19\/300-RTXEGE93.jpg\" target=\"_blank\" rel=\"noopener\"> zamana kar\u015f\u0131 modunu a\u00e7\u0131p<\/a>\u00a0 Libourne kentinde sona eren 203km sonunda bu seneki Le Tour da <a href=\"https:\/\/youtu.be\/b0geFf2T_C4\" target=\"_blank\" rel=\"noopener\">ikinci etap zaferini kazand\u0131!<\/a><\/span><\/p>\n<p><span style=\"font-size: 12pt; font-family: georgia, palatino, serif;\">Sar\u0131 mayonun da dahil oldu\u011fu ana grup ise Mohoricten tam 21 dakika sonra biti\u015f \u00e7izgisinden ge\u00e7erek sele \u00fczerinde karpuz b\u00fcy\u00fctt\u00fc. Dinlenmenin amac\u0131 yar\u0131nki 31km uzunlu\u011fundaki zamana kar\u015f\u0131 etab\u0131 tabii ki! <\/span><\/p>\n<p><iframe loading=\"lazy\" src=\"https:\/\/www.procyclingstats.com\/widgets\/result.php?h=ea2123528703947e0788180db771b7e649d90c70\" width=\"520\" height=\"320\"><\/iframe><\/p>\n<p><span style=\"font-size: 14pt;\"><strong><span style=\"font-family: georgia, palatino, serif;\">Bug\u00fcnk\u00fc etaba gelirsek<\/span><\/strong><\/span><\/p>\n<p><span style=\"font-size: 12pt; font-family: georgia, palatino, serif;\"><a href=\"http:\/\/www.steephill.tv\/2021\/tour-de-france\/map-20.jpg\" target=\"_blank\" rel=\"noopener\">Libourne \u2192 Saint-\u00c9milion kentleri<\/a> aras\u0131nda, \u015faraphaneler ve \u00fcz\u00fcm ba\u011flar\u0131 aras\u0131nda pedallanacak d\u00fcz profildeki 31km uzunlu\u011fundaki etap bireysel zamana kar\u015f\u0131 m\u00fccadelesi \u015feklinde pedallanacak. D\u00fcz dediysek profili d\u00fcz sadece, \u015fehirden \u00e7\u0131k\u0131\u015f olsun, yeniden \u015fehre giri\u015f olsun yollar trafik d\u00fczenlemeleri, ada ve kav\u015faklar sa\u011f olsun dikkat gerektiriyor. \u00d6zellikle birinci ve ikinci zaman \u00f6l\u00e7\u00fcm noktalar\u0131ndaki kapal\u0131 dirsek ve d\u00f6n\u00fc\u015fler h\u0131z kesecek denli keskin.<\/span><\/p>\n<p><img data-recalc-dims=\"1\" loading=\"lazy\" decoding=\"async\" data-attachment-id=\"6889\" data-permalink=\"https:\/\/aynakol.org\/?attachment_id=6889\" data-orig-file=\"https:\/\/i0.wp.com\/aynakol.org\/wp-content\/uploads\/2021\/07\/profile-19.jpg?fit=903%2C512&amp;ssl=1\" data-orig-size=\"903,512\" data-comments-opened=\"1\" data-image-meta=\"{&quot;aperture&quot;:&quot;0&quot;,&quot;credit&quot;:&quot;&quot;,&quot;camera&quot;:&quot;&quot;,&quot;caption&quot;:&quot;&quot;,&quot;created_timestamp&quot;:&quot;0&quot;,&quot;copyright&quot;:&quot;&quot;,&quot;focal_length&quot;:&quot;0&quot;,&quot;iso&quot;:&quot;0&quot;,&quot;shutter_speed&quot;:&quot;0&quot;,&quot;title&quot;:&quot;&quot;,&quot;orientation&quot;:&quot;1&quot;}\" data-image-title=\"profile-19\" data-image-description=\"\" data-image-caption=\"\" data-large-file=\"https:\/\/i0.wp.com\/aynakol.org\/wp-content\/uploads\/2021\/07\/profile-19.jpg?fit=860%2C488&amp;ssl=1\" class=\"aligncenter size-full wp-image-6889\" src=\"https:\/\/i0.wp.com\/aynakol.org\/wp-content\/uploads\/2021\/07\/profile-19.jpg?resize=860%2C488\" alt=\"\" width=\"860\" height=\"488\" srcset=\"https:\/\/i0.wp.com\/aynakol.org\/wp-content\/uploads\/2021\/07\/profile-19.jpg?w=903&amp;ssl=1 903w, https:\/\/i0.wp.com\/aynakol.org\/wp-content\/uploads\/2021\/07\/profile-19.jpg?resize=300%2C170&amp;ssl=1 300w, https:\/\/i0.wp.com\/aynakol.org\/wp-content\/uploads\/2021\/07\/profile-19.jpg?resize=768%2C435&amp;ssl=1 768w\" sizes=\"auto, (max-width: 860px) 100vw, 860px\" \/><\/p>\n<p><span style=\"font-size: 12pt; font-family: georgia, palatino, serif;\">Zamana kar\u015f\u0131 etab\u0131 bu gazla devam ederse s\u0131ralama de\u011fi\u015fmeyecektir. Devrisi g\u00fcn ilk \u00fc\u00e7 podyumda \u015fampanya patlat\u0131r!<\/span><\/p>\n","protected":false},"excerpt":{"rendered":"<p>D\u00fcnk\u00fc etapta neler olmu\u015ftu? Slovenler resmen Le Touru ele ge\u00e7irdiler! Son iki etapt\u0131r Pogacar, d\u00fcn de Matej Mohoric! &nbsp; 203km uzunlu\u011fuyla turun \u00fc\u00e7\u00fcnc\u00fc uzun etab\u0131nda [&#8230;]<\/p>\n","protected":false},"author":1,"featured_media":6903,"comment_status":"open","ping_status":"open","sticky":false,"template":"","format":"standard","meta":{"jetpack_post_was_ever_published":false,"_jetpack_newsletter_access":"","_jetpack_dont_email_post_to_subs":false,"_jetpack_newsletter_tier_id":0,"_jetpack_memberships_contains_paywalled_content":false,"_jetpack_memberships_contains_paid_content":false,"footnotes":"","jetpack_publicize_message":"#TourdeFrance #tdf2021 Parise varmadan \u00f6nce \u00fcz\u00fcm tarlalar\u0131 aras\u0131nda pedallanacak bir bireysel zamana kar\u015f\u0131 m\u00fccadelesi var \u00f6n\u00fcm\u00fczde: 31km uzunlu\u011fundaki etap ka\u011f\u0131t \u00fczerinde kolay yolda ise zor!","jetpack_publicize_feature_enabled":true,"jetpack_social_post_already_shared":true,"jetpack_social_options":{"image_generator_settings":{"template":"highway","default_image_id":0,"font":"","enabled":false},"version":2}},"categories":[89],"tags":[150,1178,832,1486,151,217,1276,1482,1249,1485,746,1483,1484],"class_list":["post-6895","post","type-post","status-publish","format-standard","has-post-thumbnail","hentry","category-tour","tag-fransa-bisiklet-turu","tag-geraint-thomas","tag-grand-depart","tag-jonas-vingegoord","tag-le-tour","tag-le-tour-de-france-2","tag-letour","tag-mathieu-van-der-poel","tag-primoz-roglic","tag-ricard-carapaz","tag-rigoberto-uran","tag-tadej-pogocar","tag-wout-van-aert"],"jetpack_publicize_connections":[],"jetpack_featured_media_url":"https:\/\/i0.wp.com\/aynakol.org\/wp-content\/uploads\/2021\/07\/td2021_stage19_PELETON.jpeg?fit=1500%2C998&ssl=1","jetpack_sharing_enabled":true,"jetpack_shortlink":"https:\/\/wp.me\/p51p4O-1Nd","jetpack_likes_enabled":true,"jetpack-related-posts":[{"id":6771,"url":"https:\/\/aynakol.org\/?p=6771","url_meta":{"origin":6895,"position":0},"title":"Le Tour de France 2021 8. Etap: Oyonnax \u2192 Le Grand Bornand, 150km","author":"Ayd\u0131n Bez","date":"3 Temmuz 2021","format":false,"excerpt":"D\u00fcnk\u00fc etapta neler olmu\u015ftu? \u00dczerimize k\u00fcrek k\u00fcrek atak at\u0131lan bir etap oldu! Zaferin ad\u0131 Bahrain - Victorius tak\u0131m\u0131n\u0131n Sloven pedal\u0131 Matej Mohori\u010d olsa da ka\u00e7\u0131\u015fa giren t\u00fcm pedallar\u0131n ad\u0131 zaferle an\u0131lmal\u0131 bu etapta! Mathieu van der Poel, Xandro Meurisse (Alpecin-Fenix), Wout van Aert, Mike Teunissen (Jumbo-Visma), Mark Cavendish, Kasper Asgreen,\u2026","rel":"","context":"&quot;Tour de France&quot; i\u00e7inde","block_context":{"text":"Tour de France","link":"https:\/\/aynakol.org\/?cat=89"},"img":{"alt_text":"","src":"https:\/\/i0.wp.com\/aynakol.org\/wp-content\/uploads\/2021\/07\/tdf2021_stage6_peloton.jpg?fit=1200%2C800&ssl=1&resize=350%2C200","width":350,"height":200,"srcset":"https:\/\/i0.wp.com\/aynakol.org\/wp-content\/uploads\/2021\/07\/tdf2021_stage6_peloton.jpg?fit=1200%2C800&ssl=1&resize=350%2C200 1x, https:\/\/i0.wp.com\/aynakol.org\/wp-content\/uploads\/2021\/07\/tdf2021_stage6_peloton.jpg?fit=1200%2C800&ssl=1&resize=525%2C300 1.5x, https:\/\/i0.wp.com\/aynakol.org\/wp-content\/uploads\/2021\/07\/tdf2021_stage6_peloton.jpg?fit=1200%2C800&ssl=1&resize=700%2C400 2x, https:\/\/i0.wp.com\/aynakol.org\/wp-content\/uploads\/2021\/07\/tdf2021_stage6_peloton.jpg?fit=1200%2C800&ssl=1&resize=1050%2C600 3x"},"classes":[]},{"id":7928,"url":"https:\/\/aynakol.org\/?p=7928","url_meta":{"origin":6895,"position":1},"title":"#TdF2023 20. Etap: Belfort > Le Markstein, 133,5 km","author":"Ayd\u0131n Bez","date":"22 Temmuz 2023","format":false,"excerpt":"D\u00fcnk\u00fc etapta neler oldu? Ka\u00e7\u0131\u015fa yaz\u0131lan bir etab\u0131 daha geride b\u0131rakt\u0131k: Kasper Agreen, Matej Mohoric ve Ben O'Connor \u00fc\u00e7l\u00fcs\u00fcnden kazanan isim fotofini\u015fle belirlendi: Milim farkla Matej Mororic! \u00a0 La Flamme Rouge \u00a0 Ka\u00e7\u0131\u015f grubu 172,8 km uzunlu\u011fundaki etab\u0131n ancak bir 60 km'sinde olu\u015fabildi. Deneyip ama ba\u015faramayanlar, d\u00fcn deneyip zaferi tadanlar,\u2026","rel":"","context":"&quot;Tour de France&quot; i\u00e7inde","block_context":{"text":"Tour de France","link":"https:\/\/aynakol.org\/?cat=89"},"img":{"alt_text":"","src":"https:\/\/i0.wp.com\/aynakol.org\/wp-content\/uploads\/2023\/07\/tdf2023_stage19_peloton1.jpeg?fit=1000%2C667&ssl=1&resize=350%2C200","width":350,"height":200,"srcset":"https:\/\/i0.wp.com\/aynakol.org\/wp-content\/uploads\/2023\/07\/tdf2023_stage19_peloton1.jpeg?fit=1000%2C667&ssl=1&resize=350%2C200 1x, https:\/\/i0.wp.com\/aynakol.org\/wp-content\/uploads\/2023\/07\/tdf2023_stage19_peloton1.jpeg?fit=1000%2C667&ssl=1&resize=525%2C300 1.5x, https:\/\/i0.wp.com\/aynakol.org\/wp-content\/uploads\/2023\/07\/tdf2023_stage19_peloton1.jpeg?fit=1000%2C667&ssl=1&resize=700%2C400 2x"},"classes":[]},{"id":7654,"url":"https:\/\/aynakol.org\/?p=7654","url_meta":{"origin":6895,"position":2},"title":"#TdF2023 9. Etap Sonras\u0131","author":"Ayd\u0131n Bez","date":"10 Temmuz 2023","format":false,"excerpt":"Efsanevi Puy de D\u00f4me zirvesine uzanan insafs\u0131z t\u0131rman\u0131\u015f\u0131n sonunda zafere pedallayan, dahas\u0131 t\u0131rnaklar\u0131 ile t\u0131rmanan isim Michael Woods! \u00a0 La Flamme Rouge \u00a0 Israel - Premier Tech tak\u0131m\u0131n\u0131n 36 ya\u015f\u0131ndaki Kanadal\u0131 pedal\u0131 herkesin etab\u0131 Matteo Jorgenson kazand\u0131 kazanacak, genel klasmana bakal\u0131m dedi\u011fi anlarda takip grubuna kar\u015f\u0131 ata\u011f\u0131n\u0131 yap\u0131p bir di\u011fer\u2026","rel":"","context":"&quot;Tour de France&quot; i\u00e7inde","block_context":{"text":"Tour de France","link":"https:\/\/aynakol.org\/?cat=89"},"img":{"alt_text":"","src":"https:\/\/i0.wp.com\/aynakol.org\/wp-content\/uploads\/2023\/07\/tdf2023_stage9_peloton_0-e1688991710151.jpeg?fit=1000%2C402&ssl=1&resize=350%2C200","width":350,"height":200,"srcset":"https:\/\/i0.wp.com\/aynakol.org\/wp-content\/uploads\/2023\/07\/tdf2023_stage9_peloton_0-e1688991710151.jpeg?fit=1000%2C402&ssl=1&resize=350%2C200 1x, https:\/\/i0.wp.com\/aynakol.org\/wp-content\/uploads\/2023\/07\/tdf2023_stage9_peloton_0-e1688991710151.jpeg?fit=1000%2C402&ssl=1&resize=525%2C300 1.5x, https:\/\/i0.wp.com\/aynakol.org\/wp-content\/uploads\/2023\/07\/tdf2023_stage9_peloton_0-e1688991710151.jpeg?fit=1000%2C402&ssl=1&resize=700%2C400 2x"},"classes":[]},{"id":7516,"url":"https:\/\/aynakol.org\/?p=7516","url_meta":{"origin":6895,"position":3},"title":"#TdF2023 1. Etap: Bilbao > Bilbao, 182 km","author":"Ayd\u0131n Bez","date":"1 Temmuz 2023","format":false,"excerpt":"Etap \u0130ncelemesi Grand Departtan herkese merhaba! 110. kez pedallanan Fransa Bisiklet Turu bu sene \u0130spanyan\u0131n kuzeyinden, Bask B\u00f6lgesinden ba\u015fl\u0131yor. Bilbao kenti Granda Departa ev sahipli\u011fi yaparken iki bu\u00e7uk g\u00fcn bu b\u00f6lgede pedallayacak pelotonu zorlu etaplar bekliyor. Bask B\u00f6lgesinin \u00e7etinli\u011fi ilk g\u00fcnden pelotonu yoracak gibi! Grand Depart bu sefer kolaya ka\u00e7madan,\u2026","rel":"","context":"&quot;Tour de France&quot; i\u00e7inde","block_context":{"text":"Tour de France","link":"https:\/\/aynakol.org\/?cat=89"},"img":{"alt_text":"","src":"https:\/\/i0.wp.com\/aynakol.org\/wp-content\/uploads\/2023\/07\/tdf2023_stage1_peloton.jpg?fit=1200%2C800&ssl=1&resize=350%2C200","width":350,"height":200,"srcset":"https:\/\/i0.wp.com\/aynakol.org\/wp-content\/uploads\/2023\/07\/tdf2023_stage1_peloton.jpg?fit=1200%2C800&ssl=1&resize=350%2C200 1x, https:\/\/i0.wp.com\/aynakol.org\/wp-content\/uploads\/2023\/07\/tdf2023_stage1_peloton.jpg?fit=1200%2C800&ssl=1&resize=525%2C300 1.5x, https:\/\/i0.wp.com\/aynakol.org\/wp-content\/uploads\/2023\/07\/tdf2023_stage1_peloton.jpg?fit=1200%2C800&ssl=1&resize=700%2C400 2x, https:\/\/i0.wp.com\/aynakol.org\/wp-content\/uploads\/2023\/07\/tdf2023_stage1_peloton.jpg?fit=1200%2C800&ssl=1&resize=1050%2C600 3x"},"classes":[]},{"id":8091,"url":"https:\/\/aynakol.org\/?p=8091","url_meta":{"origin":6895,"position":4},"title":"Tour de France 2023 Podyumu","author":"Ayd\u0131n Bez","date":"24 Temmuz 2023","format":false,"excerpt":"Ve Podyum! Beyaz ve Ye\u015fil Mayo sahiplerinin a\u00e7\u0131l\u0131\u015f etab\u0131ndan son g\u00fcne dek belli oldu\u011fu, ancak Maillot Jaune ve Da\u011flar\u0131n Kral\u0131 m\u00fccadelesinde kimin kazanaca\u011f\u0131 sorusunun son haftada \u00e7\u00f6z\u00fcld\u00fc\u011f\u00fc Le Tour de France geride kald\u0131. \u00dc\u00e7\u00fcnc\u00fc haftaya dek Vingegaard ve Pogacar ikilisinin aras\u0131ndaki 10 saniyelik fark 16 ve 17. etaplarda derin bir\u2026","rel":"","context":"&quot;Tour de France&quot; i\u00e7inde","block_context":{"text":"Tour de France","link":"https:\/\/aynakol.org\/?cat=89"},"img":{"alt_text":"","src":"https:\/\/i0.wp.com\/aynakol.org\/wp-content\/uploads\/2023\/07\/tdf2023_stage21_GC_final_podium.jpeg?fit=1200%2C800&ssl=1&resize=350%2C200","width":350,"height":200,"srcset":"https:\/\/i0.wp.com\/aynakol.org\/wp-content\/uploads\/2023\/07\/tdf2023_stage21_GC_final_podium.jpeg?fit=1200%2C800&ssl=1&resize=350%2C200 1x, https:\/\/i0.wp.com\/aynakol.org\/wp-content\/uploads\/2023\/07\/tdf2023_stage21_GC_final_podium.jpeg?fit=1200%2C800&ssl=1&resize=525%2C300 1.5x, https:\/\/i0.wp.com\/aynakol.org\/wp-content\/uploads\/2023\/07\/tdf2023_stage21_GC_final_podium.jpeg?fit=1200%2C800&ssl=1&resize=700%2C400 2x, https:\/\/i0.wp.com\/aynakol.org\/wp-content\/uploads\/2023\/07\/tdf2023_stage21_GC_final_podium.jpeg?fit=1200%2C800&ssl=1&resize=1050%2C600 3x"},"classes":[]},{"id":7971,"url":"https:\/\/aynakol.org\/?p=7971","url_meta":{"origin":6895,"position":5},"title":"#TdF2023 21. Etap: Saint-Quentin-en-Yvelines \u203a Paris, 115.1 km","author":"Ayd\u0131n Bez","date":"23 Temmuz 2023","format":false,"excerpt":"D\u00fcnk\u00fc etapta neler olmu\u015ftu? Zorlu 20. etab\u0131n sonunda, Paristen \u00f6nce s\u0131k\u0131 bir Royal Sprint m\u00fccadelesi izledik: Zafere k\u0131sa mesafede patlay\u0131c\u0131 yoku\u015f sprintlerin kral\u0131 Tadej Pogacar uzan\u0131rken, Felix Gall g\u00fcn\u00fcn kesinlikle kaybedeniydi. \u00a0 La Flamme Rouge \u00a0 Etab\u0131n hen\u00fcz ba\u015f\u0131nda Petit Ballon d'Alsace ini\u015finde tempoyu belirleyen INEOS Grenadiers tak\u0131m\u0131ndan Carlos Rodriguez\u2026","rel":"","context":"&quot;Tour de France&quot; i\u00e7inde","block_context":{"text":"Tour de France","link":"https:\/\/aynakol.org\/?cat=89"},"img":{"alt_text":"","src":"https:\/\/i0.wp.com\/aynakol.org\/wp-content\/uploads\/2023\/07\/tdf2023_stage20_peloton.jpeg?fit=1000%2C667&ssl=1&resize=350%2C200","width":350,"height":200,"srcset":"https:\/\/i0.wp.com\/aynakol.org\/wp-content\/uploads\/2023\/07\/tdf2023_stage20_peloton.jpeg?fit=1000%2C667&ssl=1&resize=350%2C200 1x, https:\/\/i0.wp.com\/aynakol.org\/wp-content\/uploads\/2023\/07\/tdf2023_stage20_peloton.jpeg?fit=1000%2C667&ssl=1&resize=525%2C300 1.5x, https:\/\/i0.wp.com\/aynakol.org\/wp-content\/uploads\/2023\/07\/tdf2023_stage20_peloton.jpeg?fit=1000%2C667&ssl=1&resize=700%2C400 2x"},"classes":[]}],"_links":{"self":[{"href":"https:\/\/aynakol.org\/index.php?rest_route=\/wp\/v2\/posts\/6895","targetHints":{"allow":["GET"]}}],"collection":[{"href":"https:\/\/aynakol.org\/index.php?rest_route=\/wp\/v2\/posts"}],"about":[{"href":"https:\/\/aynakol.org\/index.php?rest_route=\/wp\/v2\/types\/post"}],"author":[{"embeddable":true,"href":"https:\/\/aynakol.org\/index.php?rest_route=\/wp\/v2\/users\/1"}],"replies":[{"embeddable":true,"href":"https:\/\/aynakol.org\/index.php?rest_route=%2Fwp%2Fv2%2Fcomments&post=6895"}],"version-history":[{"count":5,"href":"https:\/\/aynakol.org\/index.php?rest_route=\/wp\/v2\/posts\/6895\/revisions"}],"predecessor-version":[{"id":6905,"href":"https:\/\/aynakol.org\/index.php?rest_route=\/wp\/v2\/posts\/6895\/revisions\/6905"}],"wp:featuredmedia":[{"embeddable":true,"href":"https:\/\/aynakol.org\/index.php?rest_route=\/wp\/v2\/media\/6903"}],"wp:attachment":[{"href":"https:\/\/aynakol.org\/index.php?rest_route=%2Fwp%2Fv2%2Fmedia&parent=6895"}],"wp:term":[{"taxonomy":"category","embeddable":true,"href":"https:\/\/aynakol.org\/index.php?rest_route=%2Fwp%2Fv2%2Fcategories&post=6895"},{"taxonomy":"post_tag","embeddable":true,"href":"https:\/\/aynakol.org\/index.php?rest_route=%2Fwp%2Fv2%2Ftags&post=6895"}],"curies":[{"name":"wp","href":"https:\/\/api.w.org\/{rel}","templated":true}]}}