{"id":752,"date":"2015-03-06T20:28:42","date_gmt":"2015-03-06T17:28:42","guid":{"rendered":"http:\/\/aynakol.org\/?p=752"},"modified":"2015-03-06T20:37:00","modified_gmt":"2015-03-06T17:37:00","slug":"kadinlar-ve-erkekler-bahar-klasikleri-strade-bianchi-2015","status":"publish","type":"post","link":"https:\/\/aynakol.org\/?p=752","title":{"rendered":"Kad\u0131nlar ve Erkekler Bahar Klasikleri: Strade Bianchi 2015"},"content":{"rendered":"<p>Dallara su y\u00fcr\u00fcmeye ba\u015flad\u0131\u011f\u0131nda \u00e7i\u00e7ekler a\u00e7ar da bo\u015f durur mu ar\u0131lar? Bisiklet spor-k\u00fclt\u00fcr\u00fcn\u00fc sevenler olarak ar\u0131 gibi \u00fc\u015f\u00fc\u015ft\u00fck ekran ba\u015f\u0131na klasikler ba\u015flar ba\u015flamaz!<\/p>\n<p>Ge\u00e7en hafta <a title=\"Omloop Het Nieuwsblad 2015 \/ one day classic\" href=\"http:\/\/aynakol.org\/?p=718\" target=\"_blank\">Omloop Het Nieuwsblad 2015<\/a> ve <a href=\"http:\/\/www.steephill.tv\/classics\/kuurne-brussels-kuurne\/\" target=\"_blank\">Kuurne-Brussels-Kuurne 2015<\/a> ile a\u00e7\u0131lan k\u0131ta Avrupas\u0131ndaki bisiklet sezonu h\u0131z kesmeden <a href=\"http:\/\/www.gazzetta.it\/Speciali\/StradeBianche\/en\/\" target=\"_blank\">Strade Bianchi<\/a> ile devam ediyor. Omloop Het Nieuwsblad ile <em>\u015fimdilik <\/em>geride b\u0131rakt\u0131\u011f\u0131m\u0131z parke ta\u015fl\u0131 yollardan daha beteri bizleri selaml\u0131yor Strade Bianchi yollar\u0131nda: da\u011f\u0131n\u0131k topraktan, \u00e7ak\u0131l ta\u015flar\u0131ndan ibaret tozlu k\u00f6y yollar\u0131. Ger\u00e7i bu yollar bize tan\u0131d\u0131k geliyor. Neticede Akdeniz k\u00fclt\u00fcr\u00fcd\u00fcr, T\u00fcrkiye bu yollardan olu\u015fur! Ge\u00e7en haftaki <a title=\"Sezon a\u00e7\u0131l\u0131\u015f\u0131: \u0130stanbul Bahar Klasikleri\" href=\"http:\/\/aynakol.org\/?p=733\" target=\"_blank\">\u0130stanbul Bahar Klasikleri yaz\u0131m\u0131z<\/a> tam da bu konuyu ele al\u0131yordu. ne tesad\u00fcf!<\/p>\n<p><a href=\"https:\/\/i0.wp.com\/aynakol.org\/wp-content\/uploads\/2015\/03\/253-PIC262824123.jpg\"><img data-recalc-dims=\"1\" loading=\"lazy\" decoding=\"async\" data-attachment-id=\"754\" data-permalink=\"https:\/\/aynakol.org\/?attachment_id=754\" data-orig-file=\"https:\/\/i0.wp.com\/aynakol.org\/wp-content\/uploads\/2015\/03\/253-PIC262824123.jpg?fit=1001%2C621&amp;ssl=1\" data-orig-size=\"1001,621\" data-comments-opened=\"1\" data-image-meta=\"{&quot;aperture&quot;:&quot;8.5&quot;,&quot;credit&quot;:&quot;&quot;,&quot;camera&quot;:&quot;NIKON D2Hs&quot;,&quot;caption&quot;:&quot;&quot;,&quot;created_timestamp&quot;:&quot;1330737973&quot;,&quot;copyright&quot;:&quot;&quot;,&quot;focal_length&quot;:&quot;135&quot;,&quot;iso&quot;:&quot;400&quot;,&quot;shutter_speed&quot;:&quot;0.001&quot;,&quot;title&quot;:&quot;&quot;,&quot;orientation&quot;:&quot;1&quot;}\" data-image-title=\"253-PIC262824123\" data-image-description=\"\" data-image-caption=\"\" data-large-file=\"https:\/\/i0.wp.com\/aynakol.org\/wp-content\/uploads\/2015\/03\/253-PIC262824123.jpg?fit=860%2C534&amp;ssl=1\" class=\"alignnone size-full wp-image-754\" src=\"https:\/\/i0.wp.com\/aynakol.org\/wp-content\/uploads\/2015\/03\/253-PIC262824123.jpg?resize=860%2C534\" alt=\"253-PIC262824123\" width=\"860\" height=\"534\" srcset=\"https:\/\/i0.wp.com\/aynakol.org\/wp-content\/uploads\/2015\/03\/253-PIC262824123.jpg?w=1001&amp;ssl=1 1001w, https:\/\/i0.wp.com\/aynakol.org\/wp-content\/uploads\/2015\/03\/253-PIC262824123.jpg?resize=300%2C186&amp;ssl=1 300w, https:\/\/i0.wp.com\/aynakol.org\/wp-content\/uploads\/2015\/03\/253-PIC262824123.jpg?resize=705%2C437&amp;ssl=1 705w\" sizes=\"auto, (max-width: 860px) 100vw, 860px\" \/><\/a><\/p>\n<p>1997 y\u0131l\u0131nda amat\u00f6r bir ruhla klasik olacak ama y\u00f6renin turizm potansiyelini artt\u0131rmak i\u00e7in pedallanan yar\u0131\u015f 2007 y\u0131l\u0131nda profesyonel seviyeye eri\u015fti. Bu sene San Gimignano &#8211; Siena aras\u0131 pedallanacak 200 km uzunlundaki yar\u0131\u015fta \u00f6yle uzun t\u0131rman\u0131\u015flar ve sa\u00e7ma sapan e\u011fimli <em>gent <\/em>vari t\u0131rman\u0131\u015flar yok, ama ortada peloton koymayan %11 &#8211; 18 aras\u0131 k\u0131sa k\u0131sa &#8211; orta uzunlukta t\u0131rman\u0131\u015flar var. Yar\u0131\u015f\u0131n geneli dalgal\u0131 deniz gibi, hatta daha ileri gidersek bir Fikret K\u0131z\u0131lok \u015fark\u0131s\u0131 <a href=\"https:\/\/www.youtube.com\/watch?v=wgMwT2bwyDg\" target=\"_blank\"><strong>ini\u015flerim \u00c7\u0131k\u0131\u015flar\u0131m <\/strong><\/a>misali:<\/p>\n<p>ini\u015flerim \u00e7\u0131k\u0131\u015flar\u0131m<br \/>\no kendimden ka\u00e7\u0131\u015flar\u0131m<br \/>\ngidi\u015flerim d\u00f6n\u00fc\u015flerim<br \/>\ni\u00e7imdeki s\u0131r o k\u0131s\u0131r d\u00f6ng\u00fclerim<\/p>\n<p><a href=\"https:\/\/i0.wp.com\/aynakol.org\/wp-content\/uploads\/2015\/03\/img_planimetria2015_big.jpg\"><img data-recalc-dims=\"1\" loading=\"lazy\" decoding=\"async\" data-attachment-id=\"759\" data-permalink=\"https:\/\/aynakol.org\/?attachment_id=759\" data-orig-file=\"https:\/\/i0.wp.com\/aynakol.org\/wp-content\/uploads\/2015\/03\/img_planimetria2015_big.jpg?fit=770%2C854&amp;ssl=1\" data-orig-size=\"770,854\" data-comments-opened=\"1\" data-image-meta=\"{&quot;aperture&quot;:&quot;0&quot;,&quot;credit&quot;:&quot;&quot;,&quot;camera&quot;:&quot;&quot;,&quot;caption&quot;:&quot;&quot;,&quot;created_timestamp&quot;:&quot;0&quot;,&quot;copyright&quot;:&quot;&quot;,&quot;focal_length&quot;:&quot;0&quot;,&quot;iso&quot;:&quot;0&quot;,&quot;shutter_speed&quot;:&quot;0&quot;,&quot;title&quot;:&quot;&quot;,&quot;orientation&quot;:&quot;0&quot;}\" data-image-title=\"img_planimetria2015_big\" data-image-description=\"\" data-image-caption=\"\" data-large-file=\"https:\/\/i0.wp.com\/aynakol.org\/wp-content\/uploads\/2015\/03\/img_planimetria2015_big.jpg?fit=770%2C854&amp;ssl=1\" class=\"alignnone size-full wp-image-759\" src=\"https:\/\/i0.wp.com\/aynakol.org\/wp-content\/uploads\/2015\/03\/img_planimetria2015_big.jpg?resize=770%2C854\" alt=\"img_planimetria2015_big\" width=\"770\" height=\"854\" srcset=\"https:\/\/i0.wp.com\/aynakol.org\/wp-content\/uploads\/2015\/03\/img_planimetria2015_big.jpg?w=770&amp;ssl=1 770w, https:\/\/i0.wp.com\/aynakol.org\/wp-content\/uploads\/2015\/03\/img_planimetria2015_big.jpg?resize=270%2C300&amp;ssl=1 270w, https:\/\/i0.wp.com\/aynakol.org\/wp-content\/uploads\/2015\/03\/img_planimetria2015_big.jpg?resize=705%2C782&amp;ssl=1 705w\" sizes=\"auto, (max-width: 770px) 100vw, 770px\" \/><\/a><\/p>\n<p>Yakla\u015f\u0131k 50 kilometre uzunlu\u011funda 10 sekt\u00f6rden ola\u015fan yar\u0131\u015f\u0131n ilk sekt\u00f6r\u00fc 32 km sonra san Leonardo&#8217;dan itibaren 2.2 km pedallanacak. En uzun sekt\u00f6r ise 11.5 km\u00a0 uzunlu\u011fundaki 7. sekt\u00f6r.<\/p>\n<p><a href=\"https:\/\/i0.wp.com\/aynakol.org\/wp-content\/uploads\/2015\/03\/img_ukm2015.jpg\"><img data-recalc-dims=\"1\" loading=\"lazy\" decoding=\"async\" data-attachment-id=\"758\" data-permalink=\"https:\/\/aynakol.org\/?attachment_id=758\" data-orig-file=\"https:\/\/i0.wp.com\/aynakol.org\/wp-content\/uploads\/2015\/03\/img_ukm2015.jpg?fit=555%2C378&amp;ssl=1\" data-orig-size=\"555,378\" data-comments-opened=\"1\" data-image-meta=\"{&quot;aperture&quot;:&quot;0&quot;,&quot;credit&quot;:&quot;&quot;,&quot;camera&quot;:&quot;&quot;,&quot;caption&quot;:&quot;&quot;,&quot;created_timestamp&quot;:&quot;0&quot;,&quot;copyright&quot;:&quot;&quot;,&quot;focal_length&quot;:&quot;0&quot;,&quot;iso&quot;:&quot;0&quot;,&quot;shutter_speed&quot;:&quot;0&quot;,&quot;title&quot;:&quot;&quot;,&quot;orientation&quot;:&quot;0&quot;}\" data-image-title=\"img_ukm2015\" data-image-description=\"\" data-image-caption=\"\" data-large-file=\"https:\/\/i0.wp.com\/aynakol.org\/wp-content\/uploads\/2015\/03\/img_ukm2015.jpg?fit=555%2C378&amp;ssl=1\" class=\"alignnone size-full wp-image-758\" src=\"https:\/\/i0.wp.com\/aynakol.org\/wp-content\/uploads\/2015\/03\/img_ukm2015.jpg?resize=555%2C378\" alt=\"img_ukm2015\" width=\"555\" height=\"378\" srcset=\"https:\/\/i0.wp.com\/aynakol.org\/wp-content\/uploads\/2015\/03\/img_ukm2015.jpg?w=555&amp;ssl=1 555w, https:\/\/i0.wp.com\/aynakol.org\/wp-content\/uploads\/2015\/03\/img_ukm2015.jpg?resize=300%2C204&amp;ssl=1 300w\" sizes=\"auto, (max-width: 555px) 100vw, 555px\" \/><\/a><\/p>\n<p>San Gimignano &#8211; Siena aras\u0131 ku\u015f u\u00e7u\u015fu baya\u011f\u0131 k\u0131sa bir mesafe, ancak adettendir dolamba\u00e7l\u0131 olmal\u0131 yar\u0131\u015f dedi\u011fin. Yar\u0131\u015f\u0131n son 20 kilometresinde ise \u00e7ak\u0131l ta\u015flar\u0131yla dolup ta\u015fan t\u0131rman\u0131\u015f i\u00e7eren \u00fc\u00e7 sekt\u00f6r kazanan\u0131 belirleyecek. Yar\u0131\u015f\u0131n sonunda ise b\u00f6l\u00fcm sonu canavar\u0131 olarak %16 e\u011fim ve \u00e7ak\u0131l ta\u015f\u0131 var, <em>full energy<\/em> ile gelmeniz \u015fart!<\/p>\n<p><a href=\"https:\/\/i0.wp.com\/aynakol.org\/wp-content\/uploads\/2015\/03\/227-PIC262835607.jpg\"><img data-recalc-dims=\"1\" loading=\"lazy\" decoding=\"async\" data-attachment-id=\"753\" data-permalink=\"https:\/\/aynakol.org\/?attachment_id=753\" data-orig-file=\"https:\/\/i0.wp.com\/aynakol.org\/wp-content\/uploads\/2015\/03\/227-PIC262835607.jpg?fit=1001%2C350&amp;ssl=1\" data-orig-size=\"1001,350\" data-comments-opened=\"1\" data-image-meta=\"{&quot;aperture&quot;:&quot;7.1&quot;,&quot;credit&quot;:&quot;&quot;,&quot;camera&quot;:&quot;NIKON D2Hs&quot;,&quot;caption&quot;:&quot;&quot;,&quot;created_timestamp&quot;:&quot;1330738040&quot;,&quot;copyright&quot;:&quot;&quot;,&quot;focal_length&quot;:&quot;102&quot;,&quot;iso&quot;:&quot;400&quot;,&quot;shutter_speed&quot;:&quot;0.001&quot;,&quot;title&quot;:&quot;&quot;,&quot;orientation&quot;:&quot;1&quot;}\" data-image-title=\"227-PIC262835607\" data-image-description=\"\" data-image-caption=\"\" data-large-file=\"https:\/\/i0.wp.com\/aynakol.org\/wp-content\/uploads\/2015\/03\/227-PIC262835607.jpg?fit=860%2C301&amp;ssl=1\" class=\"alignnone size-full wp-image-753\" src=\"https:\/\/i0.wp.com\/aynakol.org\/wp-content\/uploads\/2015\/03\/227-PIC262835607.jpg?resize=860%2C301\" alt=\"227-PIC262835607\" width=\"860\" height=\"301\" srcset=\"https:\/\/i0.wp.com\/aynakol.org\/wp-content\/uploads\/2015\/03\/227-PIC262835607.jpg?w=1001&amp;ssl=1 1001w, https:\/\/i0.wp.com\/aynakol.org\/wp-content\/uploads\/2015\/03\/227-PIC262835607.jpg?resize=300%2C105&amp;ssl=1 300w, https:\/\/i0.wp.com\/aynakol.org\/wp-content\/uploads\/2015\/03\/227-PIC262835607.jpg?resize=705%2C247&amp;ssl=1 705w\" sizes=\"auto, (max-width: 860px) 100vw, 860px\" \/><\/a><\/p>\n<p>Yar\u0131\u015f\u0131n hem <a href=\"http:\/\/procyclingstats.com\/race.php?id=151363\" target=\"_blank\">kad\u0131nlar <\/a>hem de <a href=\"http:\/\/www.gazzetta.it\/Speciali\/StradeBianche\/2011\/en\/route.shtml#percorso\" target=\"_blank\">erkekler <\/a>\u015feklinde ayr\u0131 ayr\u0131 tek g\u00fcn i\u00e7inde pedallanaca\u011f\u0131n\u0131 belirtelim.<\/p>\n<p>Ge\u00e7en senenin kazanan\u0131 Omega Pharma &#8211; Quick Step tak\u0131m\u0131ndan Michal KWIATKOWSKI, ikincinin ise ebedi ikinci Peter SAGAN. Bu arada yar\u0131\u015f\u0131 iki kere kazanm\u0131\u015f Spartak\u00fcs Cancellara&#8217;n\u0131n Sagan, Roman Kreuizeger, Sep Vanmarcke, Rigoberto Uran Uran, Nibali, Lars Boom, Stybar, Terpstra, Valverde ve Omloop Het Nieuwsblad 2015 galibi Ian Stannard gibi devlerle kap\u0131\u015fmas\u0131n\u0131 izlemek g\u00fczel olacak.<\/p>\n<p>Yar\u0131\u015f\u0131 canl\u0131 olarak TS\u0130 ile 14:45&#8217;de EuroSport2&#8217;den izleyebilirsiniz. Di\u011fer her \u015fey i\u00e7in <a href=\"http:\/\/www.steephill.tv\/classics\/strade-bianche\/\" target=\"_blank\">SteepHill.tv <\/a>yeterli olacakt\u0131r.<\/p>\n<p>Daha fazlas\u0131 i\u00e7in:<\/p>\n<ul>\n<li>BisikletSporu.com&#8217;dan T\u00fcrk\u00e7e inceleme: <a href=\"http:\/\/www.bisikletsporu.com\/2015\/03\/05\/strade-bianche-2015-yaris-oncesi-analizi\/\" target=\"_blank\">Strade Bianche 2015 \u2013 Yar\u0131\u015f \u00d6ncesi Analizi<\/a><\/li>\n<li>CyclingNews.com: <a href=\"http:\/\/www.cyclingnews.com\/races\/strade-bianche-2015-1-1\/preview\" target=\"_blank\">Strade Bianche Preview: Cancellara faces Sagan, Nibali, Stybar and Valverde<\/a><\/li>\n<li>VeloNews.Competitor.com: <a href=\"http:\/\/velonews.competitor.com\/2015\/03\/news\/preview-womens-strade-bianche-rides-unknown_362228\" target=\"_blank\">Preview: Women\u2019s Strade Bianche rides into the unknown<\/a><\/li>\n<\/ul>\n","protected":false},"excerpt":{"rendered":"<p>Dallara su y\u00fcr\u00fcmeye ba\u015flad\u0131\u011f\u0131nda \u00e7i\u00e7ekler a\u00e7ar da bo\u015f durur mu ar\u0131lar? Bisiklet spor-k\u00fclt\u00fcr\u00fcn\u00fc sevenler olarak ar\u0131 gibi \u00fc\u015f\u00fc\u015ft\u00fck ekran ba\u015f\u0131na klasikler ba\u015flar ba\u015flamaz! Ge\u00e7en hafta [&#8230;]<\/p>\n","protected":false},"author":1,"featured_media":755,"comment_status":"open","ping_status":"open","sticky":false,"template":"","format":"standard","meta":{"jetpack_post_was_ever_published":false,"_jetpack_newsletter_access":"","_jetpack_dont_email_post_to_subs":false,"_jetpack_newsletter_tier_id":0,"_jetpack_memberships_contains_paywalled_content":false,"_jetpack_memberships_contains_paid_content":false,"footnotes":"","jetpack_publicize_message":"","jetpack_publicize_feature_enabled":true,"jetpack_social_post_already_shared":true,"jetpack_social_options":{"image_generator_settings":{"template":"highway","default_image_id":0,"font":"","enabled":false},"version":2}},"categories":[7],"tags":[65,24,17,586,38,484,224,579,315,49,594,592,591,593,580,590,595,596,18,23],"class_list":["post-752","post","type-post","status-publish","format-standard","has-post-thumbnail","hentry","category-bisiklet-kulturu","tag-alejandro-valverde","tag-astana","tag-bisiklet-turu","tag-ian-stannard","tag-italya","tag-lars-boom","tag-nibali","tag-omloop-het-nieuwsblad","tag-peter-sagan","tag-philippe-gilbert","tag-rigoberto-uran-uran","tag-roman-kreuizeger","tag-sagan","tag-sep-vanmarcke","tag-spring-classics","tag-strade-bianchi","tag-stybar","tag-terpstra","tag-tinkoff-saxo","tag-valverde"],"jetpack_publicize_connections":[],"jetpack_featured_media_url":"https:\/\/i0.wp.com\/aynakol.org\/wp-content\/uploads\/2015\/03\/230-PIC440625259.jpg?fit=1001%2C340&ssl=1","jetpack_sharing_enabled":true,"jetpack_shortlink":"https:\/\/wp.me\/p51p4O-c8","jetpack_likes_enabled":true,"jetpack-related-posts":[{"id":4617,"url":"https:\/\/aynakol.org\/?p=4617","url_meta":{"origin":752,"position":0},"title":"Omloop Het Nieuwsblad 2017","author":"Ayd\u0131n Bez","date":"24 \u015eubat 2017","format":false,"excerpt":"Sezon a\u00e7\u0131l\u0131\u015f\u0131n\u0131 g\u00fcney yar\u0131m k\u00fcrede, Tour Down Under ile yap\u0131p, Arap Yar\u0131madas\u0131n\u0131n \u00e7\u00f6l manzaral\u0131 yollar\u0131ndan \u0130spanyan\u0131n, Portekizin g\u00fcneyine, Akdenize do\u011fru indi\u011fimiz \u015fu g\u00fcnlerde bizi \u00e7a\u011f\u0131ran ba\u015fka bir heyecan var: Bahar Klasikleri! \u00a0 End\u00fcl\u00fcsde Alejandro Valverde, Algarvede Primoz Roglic, Umman da \u015fa\u015f\u0131rt\u0131c\u0131 bir \u015fekilde Ben Hermans zaferiyle geride b\u0131rakt\u0131\u011f\u0131m\u0131z haftal\u0131k turlar\u2026","rel":"","context":"&quot;Cobbled Classics&quot; i\u00e7inde","block_context":{"text":"Cobbled Classics","link":"https:\/\/aynakol.org\/?cat=1219"},"img":{"alt_text":"","src":"https:\/\/i0.wp.com\/aynakol.org\/wp-content\/uploads\/2017\/02\/Omloop_Het_Nieuwsblad_elite_men_2016_winner.jpg?fit=1200%2C400&ssl=1&resize=350%2C200","width":350,"height":200,"srcset":"https:\/\/i0.wp.com\/aynakol.org\/wp-content\/uploads\/2017\/02\/Omloop_Het_Nieuwsblad_elite_men_2016_winner.jpg?fit=1200%2C400&ssl=1&resize=350%2C200 1x, https:\/\/i0.wp.com\/aynakol.org\/wp-content\/uploads\/2017\/02\/Omloop_Het_Nieuwsblad_elite_men_2016_winner.jpg?fit=1200%2C400&ssl=1&resize=525%2C300 1.5x, https:\/\/i0.wp.com\/aynakol.org\/wp-content\/uploads\/2017\/02\/Omloop_Het_Nieuwsblad_elite_men_2016_winner.jpg?fit=1200%2C400&ssl=1&resize=700%2C400 2x, https:\/\/i0.wp.com\/aynakol.org\/wp-content\/uploads\/2017\/02\/Omloop_Het_Nieuwsblad_elite_men_2016_winner.jpg?fit=1200%2C400&ssl=1&resize=1050%2C600 3x"},"classes":[]},{"id":5650,"url":"https:\/\/aynakol.org\/?p=5650","url_meta":{"origin":752,"position":1},"title":"Strade Bianche 2018: Tozlu Yollar\u0131nda Pedallad\u0131m da Geldim!","author":"Ayd\u0131n Bez","date":"3 Mart 2018","format":false,"excerpt":"Arap ve \u0130ber Yar\u0131madalar\u0131ndaki haftal\u0131k turlarda genel klasman liderleri boy g\u00f6sterir ge\u00e7en haftaki Gelgian Cobbles Classics yar\u0131\u015flar\u0131yla da ger\u00e7ek anlamda sezon a\u00e7\u0131lm\u0131\u015fken \u015fimdi K\u0131ta Avurpas\u0131n\u0131n ucuna, \u00e7izmeye uzan\u0131yoruz: \u0130talyan\u0131n me\u015fhur \u015farap ba\u011flar\u0131 aras\u0131nda toz, toprak, so\u011fuk ve \u00e7amurla dolu bir m\u00fccadele var kar\u015f\u0131m\u0131zda. Huzurlar\u0131n\u0131zda:\u00a0Strade Bianche! 12 y\u0131l \u00f6nce Siena B\u00f6lgesindeki\u2026","rel":"","context":"&quot;One Day Races&quot; i\u00e7inde","block_context":{"text":"One Day Races","link":"https:\/\/aynakol.org\/?cat=1139"},"img":{"alt_text":"","src":"https:\/\/i0.wp.com\/aynakol.org\/wp-content\/uploads\/2018\/03\/2017_Strade_Bianchi_breakaway_0.jpg?fit=1001%2C665&ssl=1&resize=350%2C200","width":350,"height":200,"srcset":"https:\/\/i0.wp.com\/aynakol.org\/wp-content\/uploads\/2018\/03\/2017_Strade_Bianchi_breakaway_0.jpg?fit=1001%2C665&ssl=1&resize=350%2C200 1x, https:\/\/i0.wp.com\/aynakol.org\/wp-content\/uploads\/2018\/03\/2017_Strade_Bianchi_breakaway_0.jpg?fit=1001%2C665&ssl=1&resize=525%2C300 1.5x, https:\/\/i0.wp.com\/aynakol.org\/wp-content\/uploads\/2018\/03\/2017_Strade_Bianchi_breakaway_0.jpg?fit=1001%2C665&ssl=1&resize=700%2C400 2x"},"classes":[]},{"id":2521,"url":"https:\/\/aynakol.org\/?p=2521","url_meta":{"origin":752,"position":2},"title":"Omloop Het Nieuwsblad 2016","author":"Ayd\u0131n Bez","date":"27 \u015eubat 2016","format":false,"excerpt":"Avrupan\u0131n Kuzeyinde tek g\u00fcnl\u00fck yar\u0131\u015flar, bahar klasikleri ve An\u0131tsal Klasik Yar\u0131\u015flarla sezona merhaba diyoruz. Tamam sezon g\u00fcney yar\u0131m k\u00fcrede ve Arap yar\u0131madas\u0131nda a\u00e7\u0131lm\u0131\u015f olabilir, ancak as\u0131l zorlu s\u0131nav klasik yar\u0131\u015flarla birlikte verilecek, ta ki Giro d'Italia'ya kadar! Bir Bel\u00e7ika klasi\u011fi Belgian Cobbles\u00a0olan Omloop Het Nieuwsblad bu sene 71. kez pedallanacak.\u2026","rel":"","context":"&quot;One Day Races&quot; i\u00e7inde","block_context":{"text":"One Day Races","link":"https:\/\/aynakol.org\/?cat=1139"},"img":{"alt_text":"","src":"https:\/\/i0.wp.com\/aynakol.org\/wp-content\/uploads\/2016\/02\/Omloop_Het_Hieuwblad_bradley_wiggins_lead-team_sky_on_cobbles_secteur-e1456508304551.jpeg?fit=944%2C493&ssl=1&resize=350%2C200","width":350,"height":200,"srcset":"https:\/\/i0.wp.com\/aynakol.org\/wp-content\/uploads\/2016\/02\/Omloop_Het_Hieuwblad_bradley_wiggins_lead-team_sky_on_cobbles_secteur-e1456508304551.jpeg?fit=944%2C493&ssl=1&resize=350%2C200 1x, https:\/\/i0.wp.com\/aynakol.org\/wp-content\/uploads\/2016\/02\/Omloop_Het_Hieuwblad_bradley_wiggins_lead-team_sky_on_cobbles_secteur-e1456508304551.jpeg?fit=944%2C493&ssl=1&resize=525%2C300 1.5x, https:\/\/i0.wp.com\/aynakol.org\/wp-content\/uploads\/2016\/02\/Omloop_Het_Hieuwblad_bradley_wiggins_lead-team_sky_on_cobbles_secteur-e1456508304551.jpeg?fit=944%2C493&ssl=1&resize=700%2C400 2x"},"classes":[]},{"id":2541,"url":"https:\/\/aynakol.org\/?p=2541","url_meta":{"origin":752,"position":3},"title":"Strade Bianche 2016","author":"Ayd\u0131n Bez","date":"4 Mart 2016","format":false,"excerpt":"Kim derdi ki 10 y\u0131l \u00f6nce, Siena kentinin bozuk k\u00f6y yollar\u0131nda, y\u00f6renin turizm potansiyelini artt\u0131rmak i\u00e7in 10 y\u0131l \u00f6nce pedallanmaya ba\u015flayan yar\u0131\u015f bir g\u00fcn kad\u0131n - erkek iddial\u0131 isimlerin zafer kovalayaca\u011f\u0131 bir klasik yar\u0131\u015f haline gelecek? \u00a0 Takvim: Avrupa Turu Tarih: 05 Mart 2016 Yar\u0131\u015f Uzunlu\u011fu ve ketegori: Erkekler (1.HC)\u2026","rel":"","context":"&quot;One Day Races&quot; i\u00e7inde","block_context":{"text":"One Day Races","link":"https:\/\/aynakol.org\/?cat=1139"},"img":{"alt_text":"","src":"https:\/\/i0.wp.com\/aynakol.org\/wp-content\/uploads\/2016\/03\/Strade-Bianche-2014-13_font.jpg?fit=1200%2C480&ssl=1&resize=350%2C200","width":350,"height":200,"srcset":"https:\/\/i0.wp.com\/aynakol.org\/wp-content\/uploads\/2016\/03\/Strade-Bianche-2014-13_font.jpg?fit=1200%2C480&ssl=1&resize=350%2C200 1x, https:\/\/i0.wp.com\/aynakol.org\/wp-content\/uploads\/2016\/03\/Strade-Bianche-2014-13_font.jpg?fit=1200%2C480&ssl=1&resize=525%2C300 1.5x, https:\/\/i0.wp.com\/aynakol.org\/wp-content\/uploads\/2016\/03\/Strade-Bianche-2014-13_font.jpg?fit=1200%2C480&ssl=1&resize=700%2C400 2x, https:\/\/i0.wp.com\/aynakol.org\/wp-content\/uploads\/2016\/03\/Strade-Bianche-2014-13_font.jpg?fit=1200%2C480&ssl=1&resize=1050%2C600 3x"},"classes":[]},{"id":718,"url":"https:\/\/aynakol.org\/?p=718","url_meta":{"origin":752,"position":4},"title":"Omloop Het Nieuwsblad 2015","author":"Ayd\u0131n Bez","date":"27 \u015eubat 2015","format":false,"excerpt":"\u00c7\u00f6l s\u0131caklar\u0131n\u0131 geride b\u0131rak\u0131p k\u0131ta Avrupas\u0131na gitme zaman\u0131 geldi. Huzurlar\u0131n\u0131zda klasiklerin a\u00e7\u0131l\u0131\u015f\u0131:\u00a0Omloop Het Nieuwsblad! Bu sene 69. kez pedallanacak tek g\u00fcnl\u00fck \u201ck\u0131sa\u201d klasi\u011fin \u00e7etin ge\u00e7ece\u011fini s\u00f6yleyebiliriz; zira \u0130stanbulda hava b\u00f6ylesi yanar d\u00f6ner iken Avrupan\u0131n kuzeyinde hi\u00e7 de i\u00e7 ac\u0131c\u0131 olmayacakt\u0131r. Bu bizler i\u00e7in enfes, sporcular i\u00e7in ise \u00e7etin bir yar\u0131\u015f\u2026","rel":"","context":"&quot;Cobbled Classics&quot; i\u00e7inde","block_context":{"text":"Cobbled Classics","link":"https:\/\/aynakol.org\/?cat=1219"},"img":{"alt_text":"","src":"https:\/\/i0.wp.com\/aynakol.org\/wp-content\/uploads\/2015\/02\/omloop-het-nieuwsblad-web.jpg?fit=800%2C450&ssl=1&resize=350%2C200","width":350,"height":200,"srcset":"https:\/\/i0.wp.com\/aynakol.org\/wp-content\/uploads\/2015\/02\/omloop-het-nieuwsblad-web.jpg?fit=800%2C450&ssl=1&resize=350%2C200 1x, https:\/\/i0.wp.com\/aynakol.org\/wp-content\/uploads\/2015\/02\/omloop-het-nieuwsblad-web.jpg?fit=800%2C450&ssl=1&resize=525%2C300 1.5x, https:\/\/i0.wp.com\/aynakol.org\/wp-content\/uploads\/2015\/02\/omloop-het-nieuwsblad-web.jpg?fit=800%2C450&ssl=1&resize=700%2C400 2x"},"classes":[]},{"id":8818,"url":"https:\/\/aynakol.org\/?p=8818","url_meta":{"origin":752,"position":5},"title":"Bahar Klasikleri: Omloop Het Nieuwsblad","author":"Ayd\u0131n Bez","date":"24 \u015eubat 2024","format":false,"excerpt":"Hakikatin, yani ter, kan, g\u00f6zya\u015f\u0131 ve ac\u0131yla yo\u011frulmu\u015f zaferin, g\u00fcn \u0131\u015f\u0131\u011f\u0131na \u00e7\u0131kt\u0131\u011f\u0131 g\u00fcnlerdeyiz! D\u00fcnyan\u0131n dibinden Avustralyadan, Arap ve Iber yar\u0131madalar\u0131na uzanan yalanc\u0131 sezon a\u00e7\u0131l\u0131\u015f\u0131 sonras\u0131 \u00f6z be \u00f6z sezon a\u00e7\u0131l\u0131\u015f\u0131 bug\u00fcn Bahar Klasiklerinin (Spring Classics) ilki Omloop Het Nieuwsblad\u00a0ile ba\u015fl\u0131yor! Bel\u00e7ikan\u0131n kuzeyindeyiz, Ghent kentinden ba\u015flayacak tek g\u00fcnl\u00fck yar\u0131\u015f erkekler i\u00e7in\u2026","rel":"","context":"&quot;Vuelta a Espana&quot; i\u00e7inde","block_context":{"text":"Vuelta a Espana","link":"https:\/\/aynakol.org\/?cat=91"},"img":{"alt_text":"","src":"","width":0,"height":0},"classes":[]}],"_links":{"self":[{"href":"https:\/\/aynakol.org\/index.php?rest_route=\/wp\/v2\/posts\/752","targetHints":{"allow":["GET"]}}],"collection":[{"href":"https:\/\/aynakol.org\/index.php?rest_route=\/wp\/v2\/posts"}],"about":[{"href":"https:\/\/aynakol.org\/index.php?rest_route=\/wp\/v2\/types\/post"}],"author":[{"embeddable":true,"href":"https:\/\/aynakol.org\/index.php?rest_route=\/wp\/v2\/users\/1"}],"replies":[{"embeddable":true,"href":"https:\/\/aynakol.org\/index.php?rest_route=%2Fwp%2Fv2%2Fcomments&post=752"}],"version-history":[{"count":4,"href":"https:\/\/aynakol.org\/index.php?rest_route=\/wp\/v2\/posts\/752\/revisions"}],"predecessor-version":[{"id":762,"href":"https:\/\/aynakol.org\/index.php?rest_route=\/wp\/v2\/posts\/752\/revisions\/762"}],"wp:featuredmedia":[{"embeddable":true,"href":"https:\/\/aynakol.org\/index.php?rest_route=\/wp\/v2\/media\/755"}],"wp:attachment":[{"href":"https:\/\/aynakol.org\/index.php?rest_route=%2Fwp%2Fv2%2Fmedia&parent=752"}],"wp:term":[{"taxonomy":"category","embeddable":true,"href":"https:\/\/aynakol.org\/index.php?rest_route=%2Fwp%2Fv2%2Fcategories&post=752"},{"taxonomy":"post_tag","embeddable":true,"href":"https:\/\/aynakol.org\/index.php?rest_route=%2Fwp%2Fv2%2Ftags&post=752"}],"curies":[{"name":"wp","href":"https:\/\/api.w.org\/{rel}","templated":true}]}}