{"id":77,"date":"2014-09-17T22:29:09","date_gmt":"2014-09-17T19:29:09","guid":{"rendered":"http:\/\/aynakol.org\/?p=77"},"modified":"2014-09-27T17:43:05","modified_gmt":"2014-09-27T14:43:05","slug":"bisikletlere-kucuk-bir-bakis-mtb-yol-sehir-cycle-cross-tur","status":"publish","type":"post","link":"https:\/\/aynakol.org\/?p=77","title":{"rendered":"Bisikletlere K\u00fc\u00e7\u00fck Bir Bak\u0131\u015f: MTB, Yol, \u015eehir, Cycle-Cross, Tur"},"content":{"rendered":"<p>Genelde bisiklet\u00e7iler aras\u0131nda baz\u0131 tabular vard\u0131r. MTB\u2019ciler lastikleri ve s\u00fcr\u00fcld\u00fc\u011f\u00fc alanlardan dolay\u0131 yol bisikletlerine garip bakarlar. Yol bisiklet\u00e7ileri de a\u011f\u0131rl\u0131\u011f\u0131 ve yine kullan\u0131ld\u0131\u011f\u0131 yerlerden dolay\u0131 MTB\u2019lere bazen uzayl\u0131 muamelesi yapar.<\/p>\n<p>\u0130\u015fin ger\u00e7e\u011finde ise bisiklet yolu veya normal yollarda t\u00fcm bisikletler ayn\u0131 yollar\u0131(orman patikalar\u0131 d\u0131\u015f\u0131nda) payla\u015f\u0131r. Bu makineleri do\u011fru kullanabilenler zaten bisiklet deneyimini birka\u00e7 ad\u0131m ileriye ta\u015f\u0131m\u0131\u015ft\u0131r. Bir de bunlar\u0131n tersi olan bisiklet yollar\u0131n\u0131 velodrom olarak kullanan k\u00f6t\u00fc ve vurdum duymaz kullan\u0131c\u0131lar var. Ayr\u0131ca dikkatsiz yaya ve arabalara da dikkat etmek gerek. Neyse konumuz bu de\u011fil. Bu sadece yollarda ve bisiklet yollar\u0131nda her \u015feye dikkat edin demenin bir \u00f6zeti. Konumuza d\u00f6necek olursak:<\/p>\n<p>\u00dclkemiz yollar\u0131 MTB ve daha kal\u0131n lastikli bisikletler i\u00e7in daha uygun bir yer \u00e7\u00fcnk\u00fc yollar tam anlam\u0131yla berbat. Buna kar\u015f\u0131n yol bisikleti gibi performans, hafiflik ve yol tutu\u015f istemek \u00e7ok fazla bir \u015fey istemek anlam\u0131na gelmiyor. Yollarda MTB konforu veren daha \u00e7ok dayan\u0131kl\u0131l\u0131k yar\u0131\u015flar\u0131nda kullan\u0131lan(Paris-Roubaix vs.) yol bisikletleri ile hem yol ve MTB s\u00fcr\u00fc\u015f\u00fcn\u00fc k\u0131smen birle\u015ftirebilirsiniz. Cycle-cross\u2019lar da buna ayr\u0131ca bir \u00e7\u00f6z\u00fcmd\u00fcr. Cycle-cross ise MTB-yol deneyimini k\u0131smen de\u011fil resmen birle\u015ftiren bir t\u00fcrd\u00fcr. Cycle-cross\u2019un en b\u00fcy\u00fck avantaj\u0131 s\u00fcr\u00fc\u015f deneyimi ya\u015fad\u0131\u011f\u0131n\u0131zda hi\u00e7bir \u015feyden feragat etmek zorunda kalmaman\u0131zd\u0131r.<\/p>\n<p>Tabii ki cycle-cross, yol, \u015fehir veya MTB alsan\u0131z bile kadroyu karbon mu yoksa daha ucuz ve dayan\u0131kl\u0131 olan al\u00fcminyum mu almak gerekiyor sorusu var. Bu sorunun cevab\u0131 ise daha \u00e7ok bisiklet\u00e7inin bisikletten ne istedi\u011fine ba\u011fl\u0131 olarak de\u011fi\u015fir. Karbon ve al\u00fcminyum veya her ikisinin ala\u015f\u0131m\u0131 farkl\u0131 i\u015f\u00e7ilik ve malzemelerle birbirinden ayr\u0131l\u0131rlar. Burada ne kadar seviye y\u00fckselirse b\u00fct\u00e7ede o kadar zorlan\u0131r. Bisiklet de ne olursa olsun dayan\u0131kl\u0131 bir kadro her zaman \u00f6nemlidir \u00e7\u00fcnk\u00fc ileride yapaca\u011f\u0131n\u0131z herhangi bir de\u011fi\u015fikli\u011fe bisiklet uyum sa\u011flamak zorundad\u0131r. \u015eu anda eskiye oranla \u00e7ok fazla se\u00e7enek var. Eski \u00f6nyarg\u0131lar\u0131 bir tarafa b\u0131rak\u0131rsak, yol, MTB, cycle-cross veya \u015fehir bisikletleri eskiye oranla daha fazla alanda kullan\u0131labilir oldu.<\/p>\n<p><a href=\"https:\/\/i0.wp.com\/aynakol.org\/wp-content\/uploads\/2014\/09\/bike_collage_1.jpg\"><img data-recalc-dims=\"1\" loading=\"lazy\" decoding=\"async\" data-attachment-id=\"79\" data-permalink=\"https:\/\/aynakol.org\/?attachment_id=79\" data-orig-file=\"https:\/\/i0.wp.com\/aynakol.org\/wp-content\/uploads\/2014\/09\/bike_collage_1.jpg?fit=1200%2C396&amp;ssl=1\" data-orig-size=\"1200,396\" data-comments-opened=\"1\" data-image-meta=\"{&quot;aperture&quot;:&quot;0&quot;,&quot;credit&quot;:&quot;&quot;,&quot;camera&quot;:&quot;&quot;,&quot;caption&quot;:&quot;&quot;,&quot;created_timestamp&quot;:&quot;0&quot;,&quot;copyright&quot;:&quot;&quot;,&quot;focal_length&quot;:&quot;0&quot;,&quot;iso&quot;:&quot;0&quot;,&quot;shutter_speed&quot;:&quot;0&quot;,&quot;title&quot;:&quot;&quot;,&quot;orientation&quot;:&quot;0&quot;}\" data-image-title=\"bike_collage_1\" data-image-description=\"\" data-image-caption=\"\" data-large-file=\"https:\/\/i0.wp.com\/aynakol.org\/wp-content\/uploads\/2014\/09\/bike_collage_1.jpg?fit=860%2C283&amp;ssl=1\" class=\"alignnone wp-image-79 size-large\" src=\"https:\/\/i0.wp.com\/aynakol.org\/wp-content\/uploads\/2014\/09\/bike_collage_1.jpg?resize=705%2C232\" alt=\"bike_collage_1\" width=\"705\" height=\"232\" srcset=\"https:\/\/i0.wp.com\/aynakol.org\/wp-content\/uploads\/2014\/09\/bike_collage_1.jpg?resize=1024%2C337&amp;ssl=1 1024w, https:\/\/i0.wp.com\/aynakol.org\/wp-content\/uploads\/2014\/09\/bike_collage_1.jpg?resize=300%2C99&amp;ssl=1 300w, https:\/\/i0.wp.com\/aynakol.org\/wp-content\/uploads\/2014\/09\/bike_collage_1.jpg?resize=705%2C232&amp;ssl=1 705w, https:\/\/i0.wp.com\/aynakol.org\/wp-content\/uploads\/2014\/09\/bike_collage_1.jpg?w=1200&amp;ssl=1 1200w\" sizes=\"auto, (max-width: 705px) 100vw, 705px\" \/><\/a><\/p>\n<p>Yol, MTB, \u015fehir ve cycle-cross bisikletler \u00fclkemizde pek \u00e7ok alanda kullan\u0131l\u0131yor. \u00d6zellikle yol ve MTB keyif a\u00e7\u0131s\u0131ndan \u00e7ok farkl\u0131 ama g\u00fczel bir deneyim ya\u015fat\u0131yor. MTB\u2019ler orman, patika veya di\u011fer her t\u00fcrl\u00fc ko\u015fulda temiz havada kullan\u0131labiliyor. Yol bisikletleri ise asfalt \u00fczerinde t\u0131rman\u0131\u015f, ini\u015f ve d\u00fczl\u00fckte motosikletlerle boy \u00f6l\u00e7\u00fc\u015febilecek h\u0131zlara \u00e7\u0131karak daha \u00e7ok adrenalini asfaltta ya\u015famak isteyenler i\u00e7in en iyi se\u00e7enek.<\/p>\n<p>Sonu\u00e7ta bir grupta gezi, e\u011flence ve s\u00fcr\u00fc\u015f \u00f6n planda oldu\u011fu d\u00fc\u015f\u00fcn\u00fcl\u00fcrse uzun yolculuklarda s\u0131rf MTB\u2019nin a\u011f\u0131rl\u0131\u011f\u0131n\u0131 ta\u015f\u0131mak veya s\u0131rf yol bisikleti ile gidecek yollar\u0131 s\u0131n\u0131rlamadan ilerlemenin yollar\u0131 var. Gidilecek festivaller ve yap\u0131lacak uzun s\u00fcr\u00fc\u015fler hesaba katarsak piyasada bir\u00e7ok se\u00e7enek var.<\/p>\n<p>Bu yaz\u0131y\u0131 yazmam\u0131n sebebi ise ilkyaz\u0131m olarak herkesin bildi\u011fi ama her zaman akl\u0131nda bulunmas\u0131 gereken bir \u015fey olmas\u0131n\u0131 istedim. Bir \u00e7ok yeni bisiklet\u00e7i; bisiklet al\u0131rken boy, kadro, ekipman ve hepsinden \u00f6nemlisi b\u00fct\u00e7eye bakmadan bisiklet almaya \u00e7al\u0131\u015f\u0131yor. Sonras\u0131nda ise sonu\u00e7lar k\u00f6t\u00fc deneyimler ya\u015fayan bisiklet\u00e7iler toplulu\u011funa d\u00f6n\u00fcyor. Bir de bundan daha vahim olan g\u00fcvenlik ekipmanlar\u0131n\u0131n al\u0131nmamas\u0131, kask, g\u00f6zl\u00fck, eldiven, ayakkab\u0131n\u0131n sonu\u00e7lar\u0131 herhangi bir kazada \u00e7ok k\u00f6t\u00fc yaralanmalara kadar gidiyor.<\/p>\n<p>Bu yaz\u0131 daha \u00e7ok yeni bisiklet alacaklara veya bisikletini de\u011fi\u015ftirmek isteyenlere k\u00fc\u00e7\u00fck bir \u00f6zet olmu\u015ftur umar\u0131m. Sonu\u00e7ta ya\u011fmur, \u00e7amur, kar vs. dinlemeden yol yapacaks\u0131n\u0131z s\u00fcrd\u00fck\u00e7e. Bisikletinizi do\u011fru se\u00e7in sonra kendinizi yollara b\u0131rak\u0131n.<\/p>\n","protected":false},"excerpt":{"rendered":"<p>Genelde bisiklet\u00e7iler aras\u0131nda baz\u0131 tabular vard\u0131r. MTB\u2019ciler lastikleri ve s\u00fcr\u00fcld\u00fc\u011f\u00fc alanlardan dolay\u0131 yol bisikletlerine garip bakarlar. Yol bisiklet\u00e7ileri de a\u011f\u0131rl\u0131\u011f\u0131 ve yine kullan\u0131ld\u0131\u011f\u0131 yerlerden dolay\u0131 [&#8230;]<\/p>\n","protected":false},"author":1,"featured_media":0,"comment_status":"open","ping_status":"open","sticky":false,"template":"","format":"standard","meta":{"jetpack_post_was_ever_published":false,"_jetpack_newsletter_access":"","_jetpack_dont_email_post_to_subs":false,"_jetpack_newsletter_tier_id":0,"_jetpack_memberships_contains_paywalled_content":false,"_jetpack_memberships_contains_paid_content":false,"footnotes":"","jetpack_publicize_message":"","jetpack_publicize_feature_enabled":true,"jetpack_social_post_already_shared":true,"jetpack_social_options":{"image_generator_settings":{"template":"highway","default_image_id":0,"font":"","enabled":false},"version":2}},"categories":[93],"tags":[95,96,8,99,97,17,110,106,107,109,108,101,100,98,10,104,94,103,105,102],"class_list":["post-77","post","type-post","status-publish","format-standard","hentry","category-bisiklet-tercihi","tag-arazi","tag-arazi-bisikleti","tag-bisiklet","tag-bisiklet-festivali","tag-bisiklet-turlari","tag-bisiklet-turu","tag-citiy","tag-citiy-bike","tag-commute","tag-commute-bike","tag-commuter","tag-cyclocross","tag-festival","tag-festivaller","tag-istanbul","tag-mountain-bike","tag-mtb","tag-road-bike","tag-urban-bike","tag-yol"],"jetpack_publicize_connections":[],"jetpack_featured_media_url":"","jetpack_sharing_enabled":true,"jetpack_shortlink":"https:\/\/wp.me\/p51p4O-1f","jetpack_likes_enabled":true,"jetpack-related-posts":[{"id":167,"url":"https:\/\/aynakol.org\/?p=167","url_meta":{"origin":77,"position":0},"title":"Arazi Bisikleti S\u00fcr\u00fc\u015f\u00fc Nedir, Ne De\u011fildir?","author":"Ayd\u0131n Bez","date":"27 Ekim 2014","format":false,"excerpt":"Hobi, e\u011flence ve spor ama\u00e7l\u0131 zinde kalma s\u00fcr\u00fc\u015flerinde tercih edilen arazi bisikletlerinin (yayg\u0131n ad\u0131yla da\u011f bisikleti, \u0130ngilizcesiyle MTB: mounntain bike) kullan\u0131m alanlar\u0131 ad\u0131 \u00fczerinde arazi ve patika a\u011f\u0131rl\u0131kl\u0131d\u0131r, daha fazla dayan\u0131kl\u0131l\u0131k, dikkat ve \u00e7eviklikle birlikte fazlas\u0131yla sa\u011flam kadrolu bisikletler gerektiren tepe ini\u015fi (Downhill, Enduro, Gravity) disiplini ile kar\u0131\u015ft\u0131r\u0131lmamal\u0131d\u0131r. Do\u011fayla i\u00e7\u2026","rel":"","context":"&quot;Arazi Bisikleti - MTB&quot; i\u00e7inde","block_context":{"text":"Arazi Bisikleti - MTB","link":"https:\/\/aynakol.org\/?cat=191"},"img":{"alt_text":"collage_arazi_bisikleti_0","src":"https:\/\/i0.wp.com\/aynakol.org\/wp-content\/uploads\/2014\/10\/collage_arazi_bisikleti_0-1024x1024.jpg?resize=350%2C200","width":350,"height":200,"srcset":"https:\/\/i0.wp.com\/aynakol.org\/wp-content\/uploads\/2014\/10\/collage_arazi_bisikleti_0-1024x1024.jpg?resize=350%2C200 1x, https:\/\/i0.wp.com\/aynakol.org\/wp-content\/uploads\/2014\/10\/collage_arazi_bisikleti_0-1024x1024.jpg?resize=525%2C300 1.5x, https:\/\/i0.wp.com\/aynakol.org\/wp-content\/uploads\/2014\/10\/collage_arazi_bisikleti_0-1024x1024.jpg?resize=700%2C400 2x"},"classes":[]},{"id":214,"url":"https:\/\/aynakol.org\/?p=214","url_meta":{"origin":77,"position":1},"title":"T\u00fcrkiye MTB (Arazi Bisikleti) Yar\u0131\u015f Takvimi 2015","author":"Ayd\u0131n Bez","date":"15 Ekim 2014","format":false,"excerpt":"2014 yar\u0131\u015f sezonu hen\u00fcz kapanm\u0131\u015fken federasyon 2016 Rio Olimpiyatlar\u0131 yolunda 2015 y\u0131l\u0131 takvimini a\u00e7\u0131klad\u0131 bile. Takvim Anadolunun d\u00f6rt bir k\u00f6\u015fesine yay\u0131lm\u0131\u015f \u015fekilde; malum memleket sadece \u0130stanbuldan ibaret say\u0131ld\u0131\u011f\u0131 i\u00e7in\u00a0yar\u0131\u015flar\u0131n Yalovadan Batmana, D\u00fczceden Adanaya, Erzuruma uzanmas\u0131 tan\u0131t\u0131m ve di\u011fer illerde bisiklet spor ve k\u00fclt\u00fcr\u00fcn\u00fcn yerle\u015fmesi a\u00e7\u0131s\u0131ndan sevindirici. 8 Mart - 11\u2026","rel":"","context":"&quot;Arazi Bisikleti - MTB&quot; i\u00e7inde","block_context":{"text":"Arazi Bisikleti - MTB","link":"https:\/\/aynakol.org\/?cat=191"},"img":{"alt_text":"2015 T\u00fcrkiye MTB (Arazi Bisikleti) Yar\u0131\u015f Takvimi","src":"https:\/\/i0.wp.com\/aynakol.org\/wp-content\/uploads\/2014\/10\/2015_Turkiye_MTB_Yaris_Takvimi.gif?resize=350%2C200","width":350,"height":200,"srcset":"https:\/\/i0.wp.com\/aynakol.org\/wp-content\/uploads\/2014\/10\/2015_Turkiye_MTB_Yaris_Takvimi.gif?resize=350%2C200 1x, https:\/\/i0.wp.com\/aynakol.org\/wp-content\/uploads\/2014\/10\/2015_Turkiye_MTB_Yaris_Takvimi.gif?resize=525%2C300 1.5x"},"classes":[]},{"id":122,"url":"https:\/\/aynakol.org\/?p=122","url_meta":{"origin":77,"position":2},"title":"Ben, Bisikletim ve de \u00d6zg\u00fcrl\u00fc\u011f\u00fcm","author":"kcknidos","date":"22 Eyl\u00fcl 2014","format":false,"excerpt":"\u015eimdi yaz\u0131n\u0131n ba\u015fl\u0131\u011f\u0131na bak\u0131p evet \u2018B\u0130S\u0130KLET' beni ilgilendirir ama bize ne \u2018SEN\u2019den diyeniniz \u00e7oktur. Ben olsam derdim. Bisiklet g\u00fcn\u00fcm\u00fczde h\u0131zla yay\u0131lan bir ula\u015f\u0131m arac\u0131. Kullanan herkesin hayata, ya\u015fad\u0131\u011f\u0131 \u015fehre, \u00e7evresine olan bak\u0131\u015f a\u00e7\u0131s\u0131n\u0131, hatta sosyal kimli\u011fini de\u011fi\u015ftiren en etkili ara\u00e7 oldu\u011funu d\u00fc\u015f\u00fcn\u00fcyorum. 9-10 ya\u015flar\u0131ndayken Sirkeciden ilk BMX bisikletimi babam getirdi\u011finde\u2026","rel":"","context":"&quot;Bence Bisiklet&quot; i\u00e7inde","block_context":{"text":"Bence Bisiklet","link":"https:\/\/aynakol.org\/?cat=129"},"img":{"alt_text":"Specialized Secteur Sport with Campagnola Veloce & Khamsin","src":"https:\/\/i0.wp.com\/aynakol.org\/wp-content\/uploads\/2014\/09\/kaan_osmanagaoglu_specialized_secteur-1024x768.jpg?resize=350%2C200","width":350,"height":200,"srcset":"https:\/\/i0.wp.com\/aynakol.org\/wp-content\/uploads\/2014\/09\/kaan_osmanagaoglu_specialized_secteur-1024x768.jpg?resize=350%2C200 1x, https:\/\/i0.wp.com\/aynakol.org\/wp-content\/uploads\/2014\/09\/kaan_osmanagaoglu_specialized_secteur-1024x768.jpg?resize=525%2C300 1.5x, https:\/\/i0.wp.com\/aynakol.org\/wp-content\/uploads\/2014\/09\/kaan_osmanagaoglu_specialized_secteur-1024x768.jpg?resize=700%2C400 2x"},"classes":[]},{"id":1540,"url":"https:\/\/aynakol.org\/?p=1540","url_meta":{"origin":77,"position":3},"title":"Surly G\u00fcnl\u00fc\u011f\u00fcm #15 Mutlu Son!","author":"Ayd\u0131n Bez","date":"19 Temmuz 2015","format":false,"excerpt":"Sonunda bitti! \u0130lk notu yazal\u0131 be\u015f ay olmu\u015f. Surly Long Haul Trucker ya da T\u00fcrk\u00e7esi uzun yol kamyonu ismine yak\u0131\u015f\u0131r \u015fekilde 12 kg olarak d\u00fcnyaya geldi. Surly Long Haul Trucker bisikletimin amac\u0131 evden i\u015fe gitmek, pek fazla yapmam ama bir de \u00f6ylesine s\u00fcr\u00fc\u015f yapmak. Yoksa bu i\u015f i\u00e7in karbon bisikletim\u2026","rel":"","context":"&quot;Surly G\u00fcnl\u00fc\u011f\u00fcm&quot; i\u00e7inde","block_context":{"text":"Surly G\u00fcnl\u00fc\u011f\u00fcm","link":"https:\/\/aynakol.org\/?cat=601"},"img":{"alt_text":"2015-07-15 18.23.01-2","src":"https:\/\/i0.wp.com\/aynakol.org\/wp-content\/uploads\/2015\/07\/2015-07-15-18.23.01-2-1024x768.jpg?resize=350%2C200","width":350,"height":200,"srcset":"https:\/\/i0.wp.com\/aynakol.org\/wp-content\/uploads\/2015\/07\/2015-07-15-18.23.01-2-1024x768.jpg?resize=350%2C200 1x, https:\/\/i0.wp.com\/aynakol.org\/wp-content\/uploads\/2015\/07\/2015-07-15-18.23.01-2-1024x768.jpg?resize=525%2C300 1.5x, https:\/\/i0.wp.com\/aynakol.org\/wp-content\/uploads\/2015\/07\/2015-07-15-18.23.01-2-1024x768.jpg?resize=700%2C400 2x"},"classes":[]},{"id":296,"url":"https:\/\/aynakol.org\/?p=296","url_meta":{"origin":77,"position":4},"title":"Arazi Bisikleti Deneyimim","author":"Ayd\u0131n Bez","date":"6 Kas\u0131m 2014","format":false,"excerpt":"Ekim 2011\u2019de yeni bir arazi bisikleti almak i\u00e7in ara\u015ft\u0131rmalar yap\u0131yordum. TREK 6000 ve Merida Matts TFS 500 modellerini g\u00f6z\u00fcme kestirmi\u015ftim. Velespit K\u0131z\u0131ltoprak ma\u011fazas\u0131na gidip TREK 6000 modelini yerinde g\u00f6rm\u00fc\u015ft\u00fcm ama Merida i\u00e7in g\u00f6rebilece\u011fim bir yer yoktu. Sonra nedendir bu iki modeli eledim ba\u015fka markalara y\u00f6neldim. \u00a0 2012 \u015eubat\u0131nda ald\u0131\u011f\u0131m Salcano\u2026","rel":"","context":"&quot;Arazi Bisikleti - MTB&quot; i\u00e7inde","block_context":{"text":"Arazi Bisikleti - MTB","link":"https:\/\/aynakol.org\/?cat=191"},"img":{"alt_text":"salcano_collage_0","src":"https:\/\/i0.wp.com\/aynakol.org\/wp-content\/uploads\/2014\/11\/salcano_collage_0-1024x337.jpg?resize=350%2C200","width":350,"height":200,"srcset":"https:\/\/i0.wp.com\/aynakol.org\/wp-content\/uploads\/2014\/11\/salcano_collage_0-1024x337.jpg?resize=350%2C200 1x, https:\/\/i0.wp.com\/aynakol.org\/wp-content\/uploads\/2014\/11\/salcano_collage_0-1024x337.jpg?resize=525%2C300 1.5x, https:\/\/i0.wp.com\/aynakol.org\/wp-content\/uploads\/2014\/11\/salcano_collage_0-1024x337.jpg?resize=700%2C400 2x"},"classes":[]},{"id":205,"url":"https:\/\/aynakol.org\/?p=205","url_meta":{"origin":77,"position":5},"title":"\u0130ki teker, Bir d\u00fcnya","author":"vazderov","date":"10 Ekim 2014","format":false,"excerpt":"\u0130ki teker, bir d\u00fcnya. Anlatacaklar\u0131m k\u0131ssadan ba\u015flar, neticesinde bir hisse \u00e7\u0131kar o da size d\u00fc\u015fer dostlar. Ya\u015f otuz k\u00fcsur olmu\u015f otursam evimde. \u00a0Bisiklet tepelerinde, yollarda, orada burada ne i\u015fim var! Demedi\u011fim i\u00e7in \u00e7ok mutluyum. \u00c7\u00fcnk\u00fc tekrar \u00e7ocu\u011fum ama biraz daha ciddi bir \u00e7ocuk. Kilitli (SPD) pedal\u0131, karbon-fiber aynakolu, termal k\u0131yafeti,\u2026","rel":"","context":"&quot;Bence Bisiklet&quot; i\u00e7inde","block_context":{"text":"Bence Bisiklet","link":"https:\/\/aynakol.org\/?cat=129"},"img":{"alt_text":"Specialized Hardrock ile G\u00fclsuyu Orman\u0131nda bir gezinti","src":"https:\/\/i0.wp.com\/aynakol.org\/wp-content\/uploads\/2014\/10\/wpid-wp-1412946467348-768x1024.jpeg?resize=350%2C200","width":350,"height":200,"srcset":"https:\/\/i0.wp.com\/aynakol.org\/wp-content\/uploads\/2014\/10\/wpid-wp-1412946467348-768x1024.jpeg?resize=350%2C200 1x, https:\/\/i0.wp.com\/aynakol.org\/wp-content\/uploads\/2014\/10\/wpid-wp-1412946467348-768x1024.jpeg?resize=525%2C300 1.5x, https:\/\/i0.wp.com\/aynakol.org\/wp-content\/uploads\/2014\/10\/wpid-wp-1412946467348-768x1024.jpeg?resize=700%2C400 2x"},"classes":[]}],"_links":{"self":[{"href":"https:\/\/aynakol.org\/index.php?rest_route=\/wp\/v2\/posts\/77","targetHints":{"allow":["GET"]}}],"collection":[{"href":"https:\/\/aynakol.org\/index.php?rest_route=\/wp\/v2\/posts"}],"about":[{"href":"https:\/\/aynakol.org\/index.php?rest_route=\/wp\/v2\/types\/post"}],"author":[{"embeddable":true,"href":"https:\/\/aynakol.org\/index.php?rest_route=\/wp\/v2\/users\/1"}],"replies":[{"embeddable":true,"href":"https:\/\/aynakol.org\/index.php?rest_route=%2Fwp%2Fv2%2Fcomments&post=77"}],"version-history":[{"count":2,"href":"https:\/\/aynakol.org\/index.php?rest_route=\/wp\/v2\/posts\/77\/revisions"}],"predecessor-version":[{"id":80,"href":"https:\/\/aynakol.org\/index.php?rest_route=\/wp\/v2\/posts\/77\/revisions\/80"}],"wp:attachment":[{"href":"https:\/\/aynakol.org\/index.php?rest_route=%2Fwp%2Fv2%2Fmedia&parent=77"}],"wp:term":[{"taxonomy":"category","embeddable":true,"href":"https:\/\/aynakol.org\/index.php?rest_route=%2Fwp%2Fv2%2Fcategories&post=77"},{"taxonomy":"post_tag","embeddable":true,"href":"https:\/\/aynakol.org\/index.php?rest_route=%2Fwp%2Fv2%2Ftags&post=77"}],"curies":[{"name":"wp","href":"https:\/\/api.w.org\/{rel}","templated":true}]}}