{"id":861,"date":"2015-04-21T10:39:23","date_gmt":"2015-04-21T07:39:23","guid":{"rendered":"http:\/\/aynakol.org\/?p=861"},"modified":"2015-06-04T00:08:26","modified_gmt":"2015-06-03T21:08:26","slug":"20150421-surly-gunlugum-12","status":"publish","type":"post","link":"https:\/\/aynakol.org\/?p=861","title":{"rendered":"Surly G\u00fcnl\u00fc\u011f\u00fcm #12 g\u00fcmr\u00fcksel i\u015fler"},"content":{"rendered":"<p>16 Nisanda yurda giren son sipari\u015fim g\u00fcmr\u00fck incelemesine tabii tutulunca bana da \u0130kitelli Sanayii Sitesinde konumlanan PTT Ukuslararas\u0131 Kargo \u0130\u015fleme M\u00fcd\u00fcrl\u00fc\u011f\u00fcne (UK\u0130M) gitmek kald\u0131.<\/p>\n<p>Paketinizin g\u00fcmr\u00fck incelemesine al\u0131nd\u0131\u011f\u0131 taraf\u0131n\u0131za telgraf yoluyla bildiriliyor. Bu belgeyi yan\u0131n\u0131zda bulundurun, buras\u0131 b\u00fcrokrasi cenneti T\u00fcrkiye, ne olur ne olmaz. Telgrafta 20 g\u00fcn i\u00e7inde paketinizin g\u00fcmr\u00fck memuru huzurunda a\u00e7\u0131l\u0131p incelenmesi i\u015flemini yapmad\u0131\u011f\u0131n\u0131z takdirde geri g\u00f6nderilece\u011fi yaz\u0131yor. Bir de UKIM ileti\u015fim bilgileri; adresi \u00f6\u011frenin yeter, telefonlara ne yaz\u0131k ki cevap vermiyorlar.<\/p>\n<p>UKIM&#8217;e gitmenin en kolay yolu metro. Ben Maltepeden kalk\u0131p \u0130kitelliye 90 dakikada kolayl\u0131kla gittim:<br \/>\n*\u00a0<strong>M4<\/strong>\u00a0Kad\u0131k\u00f6y &#8211; Kartal metrosuna binip\u00a0<strong>Ayr\u0131l\u0131k\u00e7esmesinde<\/strong>\u00a0indim,\u00a0<br \/>\n* buradan\u00a0<strong>Marmaraya<\/strong>\u00a0binerek Yenikap\u0131ya ula\u015ft\u0131m,\u00a0<br \/>\n* yery\u00fcz\u00fcne \u00e7\u0131kmadan\u00a0<strong>M1b<\/strong>\u00a0Yenikap\u0131 &#8211; Ba\u011fc\u0131lar metrosuna binip son durakta indim,\u00a0<br \/>\n*\u00a0<strong>M3<\/strong>\u00a0Kirazl\u0131 &#8211;\u00a0 Ba\u015fak\u015fehir metrosuna binip \u0130kitelli Sanayi Sitesi dura\u011f\u0131nda inerek yery\u00fcz\u00fcne \u00e7\u0131kt\u0131m.\u00a0<\/p>\n<p><a href=\"https:\/\/i0.wp.com\/aynakol.org\/wp-content\/uploads\/2015\/04\/wpid-ag-haritasi.jpg\"><img data-recalc-dims=\"1\" decoding=\"async\" title=\"ag-haritasi.jpg\" class=\"alignnone size-full\"  alt=\"image\" src=\"https:\/\/i0.wp.com\/aynakol.org\/wp-content\/uploads\/2015\/04\/wpid-ag-haritasi.jpg?w=860\" \/><\/a> <\/p>\n<p>\u0130stanbul Ula\u015f\u0131m\u0131n rayl\u0131 ula\u015f\u0131m a\u011f\u0131 haritas\u0131n\u0131 ak\u0131ll\u0131 telefonunuza indirin ya da bas\u0131l\u0131 kopyas\u0131n\u0131 edinin, i\u015finize \u00e7ok yarayacak. Zaten her \u0130stanbullunun elinin alt\u0131nda olmas\u0131 gerekiyor, t\u0131pk\u0131 Akbil gibi.<\/p>\n<p>Yery\u00fcz\u00fcne \u00e7\u0131kt\u0131\u011f\u0131n\u0131z nokta Bedreddin Dalan Bulvar\u0131, d\u00fcmd\u00fcz 300 metre y\u00fcr\u00fcd\u00fc\u011f\u00fcn\u00fczde PTT UKIM binas\u0131 t\u00fcm heybetiyle kar\u015f\u0131n\u0131za \u00e7\u0131k\u0131yor. Sabah\u0131n k\u00f6r\u00fcnde Kahvalt\u0131 yapmadan erken kalkan erken yol al\u0131r s\u00f6z\u00fcne inanarak yola \u00e7\u0131kt\u0131\u011f\u0131m\u0131z\u0131 varsayarak k\u00f6\u015fedeki simit\u00e7iden bir simit al\u0131p UKIM nerede diye sorabilirsiniz. <\/p>\n<p>Mesai 9&#8217;da ba\u015fl\u0131yor, erken gittiyseniz UKIM&#8217;in kar\u015f\u0131 \u00e7apraz\u0131ndaki bisiklet dostu\u00a0<strong>Dedeo\u011flu\u00a0B\u00f6rekte\u00a0<\/strong>kahvalt\u0131 yapabilirsiniz. Ben yaya gitmeme kar\u015f\u0131n hesap \u00f6deyece\u011fim zaman kasadaki beyefendi\u00a0<em>bisikletle\u00a0mi\u00a0geldiniz<\/em>\u00a0diye sorunca bir an afallad\u0131m. Evet,  hay\u0131r, hay\u0131r, yaya dedikten sonra nereden anlad\u0131\u011f\u0131n\u0131 sorunca da giyiminiz dedi, hakikaten de normal giyinmeyi unutmu\u015f biri olarak \u00fczerimde uzun kollu k\u0131\u015fl\u0131k bisiklet formas\u0131, r\u00fczgar yele\u011fi ve do\u011fa y\u00fcr\u00fcy\u00fc\u015f\u00fc pantolonu vard\u0131. Kendisinin kuzeni de bisikletle sanayideki i\u015fine bisikletle gelip gidiyormu\u015f, k\u0131yafetleri benim gibiymi\u015f. Bisikletimi g\u00f6rmek isteyince de g\u00fcmr\u00fckten alaca\u011f\u0131m b\u00fcy\u00fck\u00e7e bir paketim oldu\u011fundan yaya geldi\u011fimi s\u00f6yledim ama foto\u011fraflar\u0131n\u0131 g\u00f6stermeyi de ihmal etmedim emektar <a href=\"https:\/\/instagram.com\/p\/1YsFd7nsYC\/\">bisikletimin<\/a>.<\/p>\n<p>Mesai ba\u015flay\u0131nca UKIM&#8217;e girip dan\u0131\u015fmaya ad\u0131ma gelen telgraf\u0131 verip kimli\u011fimi ibraz ettim, i\u00e7eri ge\u00e7ip \u00e7a\u011fr\u0131lana dek beklememi s\u00f6ylediler, telgraf\u0131 ald\u0131lar. Erken giderseniz beklemeniz k\u0131sa s\u00fcrer, \u00e7abuk biter i\u015flemleriniz. 5 dakika sonra \u00e7a\u011fr\u0131l\u0131nca g\u00fcmr\u00fck memuru huzurunda paket a\u00e7\u0131ld\u0131 ve par\u00e7alar g\u00fcmr\u00fck mevzuat\u0131 gere\u011fince yurda belirli \u015fartlar sa\u011fland\u0131ktan sonra sokulmas\u0131na izin verilen \u00fcr\u00fcnler olup olmad\u0131\u011f\u0131na bak\u0131ld\u0131. Bu k\u0131s\u0131m g\u00fcmr\u00fck incelemesi, muayene olarak ge\u00e7iyor. G\u00fcmr\u00fck memuruna yard\u0131mc\u0131 olun, a\u00e7\u0131klama yapmaktan \u00e7ekinmeyin.<\/p>\n<p>Benim incelemem \u00f6ncesi sporcu g\u0131das\u0131, ila\u00e7 vs getiren birisinin istedi\u011fi ne varsa g\u00fcmr\u00fckte kald\u0131. Sebep? \u0130stedikleri birden fazla ve re\u00e7etelenmemi\u0219ti. Benden sonra giren birisi ise internet da\u011f\u0131t\u0131c\u0131s\u0131 &#8211; router ald\u0131\u011f\u0131 i\u00e7in fatura ibraz\u0131 yap\u0131p vergi \u00f6demeden ald\u0131.<\/p>\n<p>Benim ilk kar\u015f\u0131la\u015ft\u0131\u011f\u0131m soru\u00a0<em>neden\u00a0bu\u00a0kadar\u00a0fazla\u00a0\u00fcr\u00fcn\u00a0oldu\u011fu<\/em>\u00a0idi. Memur hakl\u0131, 26 adet \u00fcr\u00fcn istemi\u015ftim. Neler yoktu ki? Kendisine bisiklet sporcusu oldu\u011fumu, halihaz\u0131rda bisiklet ma\u011fazas\u0131nda \u00e7al\u0131\u015ft\u0131\u011f\u0131m\u0131 ve \u00fcr\u00fcnlerin ticari olmay\u0131p toplayaca\u011f\u0131m bisikletim i\u00e7in kullanaca\u011f\u0131m\u0131 anlatt\u0131m.<\/p>\n<p>Aynakol, vites kollar\u0131, rulman seti, i\u00e7 lastik gibi birka\u00e7 \u00fcr\u00fcne bak\u0131p neler olduklar\u0131n\u0131 sordular, izah ettim. Sonra Brooks sele i\u00e7in istedi\u011fim koruyucu krem g\u00f6z\u00fcne \u00e7arpt\u0131 ve onunda ila\u00e7 veya kozmetik \u00fcr\u00fcn olmad\u0131\u011f\u0131n\u0131 s\u0131\u011f\u0131r derisinden \u00f6zel olarak yap\u0131lm\u0131\u015f sele i\u00e7in koruyucu bir ya\u011f i\u00e7eren krem oldu\u011funu a\u00e7\u0131klay\u0131nca inceleme bitti hesap kitap i\u015flerine geldi s\u0131ra.<\/p>\n<p>Yan\u0131mdaki\u00a0<a href=\"http:\/\/bike-components.de\/\">Bike-components.de<\/a>\u00a0sitesinden ad\u0131ma d\u00fczenlenip e-posta ile yollanm\u0131\u0219 faturay\u0131, kredi kart\u0131 hesap \u00f6zetini, banka \u00f6deme makbuzunu g\u00f6sterdim. <strong>548 Euro kar\u015f\u0131l\u0131\u011f\u0131 1560 TL \u00fczerinden %18 KDV ve 4 lira da ta\u015f\u0131ma \u00fccreti dahil 286 TL<\/strong> \u00f6demeyi vezneden yap\u0131p paketimi teslim ald\u0131m.<\/p>\n<p>G\u00fcmr\u00fck memurlar\u0131 gayet anlay\u0131\u015fl\u0131 ve sadece i\u015fini yapan insanlar, \u015fehir efsanelerine inanmay\u0131n, ellerinden geldi\u011fince i\u015flerini h\u0131zl\u0131 yap\u0131yorlar. Ancak siz yine de i\u015finizi \u00e7abuk yapmak i\u00e7in erken hareket edin, \u0130stanbul Kart\u0131n\u0131z dolu olsun, yan\u0131n\u0131zda bozuk para bulundurun.<\/p>\n<p><a href=\"https:\/\/i0.wp.com\/aynakol.org\/wp-content\/uploads\/2015\/04\/wpid-img_20150421_092732.jpg\"><img data-recalc-dims=\"1\" decoding=\"async\" title=\"IMG_20150421_092732.jpg\" class=\"alignnone size-full\"  alt=\"image\" src=\"https:\/\/i0.wp.com\/aynakol.org\/wp-content\/uploads\/2015\/04\/wpid-img_20150421_092732.jpg?w=860\" \/><\/a><\/p>\n<p>9560 gram a\u011f\u0131rl\u0131\u011f\u0131ndaki 100x40x30 cm \u00f6l\u00e7\u00fclerindeki paketimi s\u0131ralay\u0131p yeniden yerin alt\u0131na inip metro ile geri d\u00f6nd\u00fcm. Tahmin etti\u011fimden de kolay oldu. \u015eimdi s\u0131ra par\u00e7alar\u0131 a\u00e7\u0131p her birine hayranl\u0131kla bakmakta.\u00a0<\/p>\n","protected":false},"excerpt":{"rendered":"<p>16 Nisanda yurda giren son sipari\u015fim g\u00fcmr\u00fck incelemesine tabii tutulunca bana da \u0130kitelli Sanayii Sitesinde konumlanan PTT Ukuslararas\u0131 Kargo \u0130\u015fleme M\u00fcd\u00fcrl\u00fc\u011f\u00fcne (UK\u0130M) gitmek kald\u0131. Paketinizin [&#8230;]<\/p>\n","protected":false},"author":1,"featured_media":0,"comment_status":"open","ping_status":"open","sticky":false,"template":"","format":"standard","meta":{"jetpack_post_was_ever_published":false,"_jetpack_newsletter_access":"","_jetpack_dont_email_post_to_subs":false,"_jetpack_newsletter_tier_id":0,"_jetpack_memberships_contains_paywalled_content":false,"_jetpack_memberships_contains_paid_content":false,"footnotes":"","jetpack_publicize_message":"","jetpack_publicize_feature_enabled":true,"jetpack_social_post_already_shared":true,"jetpack_social_options":{"image_generator_settings":{"template":"highway","default_image_id":0,"font":"","enabled":false},"version":2}},"categories":[601],"tags":[663,5,619,659,662,10,664,598,661,199,608,113,613,660],"class_list":["post-861","post","type-post","status-publish","format-standard","hentry","category-surly-gunlugum","tag-akbil","tag-aynakol","tag-bike-components","tag-bike-components-de","tag-ikitelli","tag-istanbul","tag-istanbulkart","tag-metro","tag-ptt","tag-shimano","tag-surly","tag-toplu-tasima","tag-tur-bisikleti","tag-ukim"],"jetpack_publicize_connections":[],"jetpack_featured_media_url":"","jetpack_sharing_enabled":true,"jetpack_shortlink":"https:\/\/wp.me\/p51p4O-dT","jetpack_likes_enabled":true,"jetpack-related-posts":[{"id":792,"url":"https:\/\/aynakol.org\/?p=792","url_meta":{"origin":861,"position":0},"title":"Surly g\u00fcnl\u00fc\u011f\u00fcm #8 beklenen ziyaret\u00e7i","author":"Ayd\u0131n Bez","date":"17 Mart 2015","format":false,"excerpt":"\u00d6deyece\u011fim g\u00fcmr\u00fck vergisi 221 lira 60 kuru\u015f tutmu\u015f, teslimat\u0131 yapacak PTT g\u00f6revlisine \u00f6demem yeterli imi\u015f, ba\u015fka bir \u015fey yok. Bunlar\u0131 \u00f6\u011frenip de not al\u0131rken PTT'den tesliman\u0131 yapacak personelin telefonunu ald\u0131m ve ileti\u015fime ge\u00e7ip randevula\u015ft\u0131k. Heyecan had safhada. Saatler ge\u00e7miyor derken saat 15 sular\u0131nda geldiler, bir heyecan dalgas\u0131yla teknik servise ge\u00e7ip\u2026","rel":"","context":"&quot;Surly G\u00fcnl\u00fc\u011f\u00fcm&quot; i\u00e7inde","block_context":{"text":"Surly G\u00fcnl\u00fc\u011f\u00fcm","link":"https:\/\/aynakol.org\/?cat=601"},"img":{"alt_text":"","src":"https:\/\/i0.wp.com\/aynakol.org\/wp-content\/uploads\/2015\/03\/2015-03-17-15.24.46.jpg?fit=1024%2C768&ssl=1&resize=350%2C200","width":350,"height":200,"srcset":"https:\/\/i0.wp.com\/aynakol.org\/wp-content\/uploads\/2015\/03\/2015-03-17-15.24.46.jpg?fit=1024%2C768&ssl=1&resize=350%2C200 1x, https:\/\/i0.wp.com\/aynakol.org\/wp-content\/uploads\/2015\/03\/2015-03-17-15.24.46.jpg?fit=1024%2C768&ssl=1&resize=525%2C300 1.5x, https:\/\/i0.wp.com\/aynakol.org\/wp-content\/uploads\/2015\/03\/2015-03-17-15.24.46.jpg?fit=1024%2C768&ssl=1&resize=700%2C400 2x"},"classes":[]},{"id":833,"url":"https:\/\/aynakol.org\/?p=833","url_meta":{"origin":861,"position":1},"title":"Surly g\u00fcnl\u00fc\u011f\u00fcm #11 jant \u00e7emberi tercihi","author":"Ayd\u0131n Bez","date":"15 Nisan 2015","format":false,"excerpt":"En son bike-components.de sitesinden sipari\u015f verip beklemeye ba\u015flam\u0131\u015ft\u0131m. Bu arada jant \u00e7emberlerini de Asl\u0131 Bisikletten ald\u0131\u011f\u0131m\u0131 belirteyim: DT Swiss 535 700c rim \u0130lk ba\u015fta Mavic A119 veya A319 almak isterken neden DT Swiss ald\u0131\u011f\u0131ma gelince: jant \u00e7emberi b\u00fcy\u00fck yer kaplad\u0131\u011f\u0131 i\u00e7in kargo masraf\u0131 15 Eurodan 35 Euroya \u00e7\u0131k\u0131yordu, haliyle hem\u2026","rel":"","context":"&quot;Surly G\u00fcnl\u00fc\u011f\u00fcm&quot; i\u00e7inde","block_context":{"text":"Surly G\u00fcnl\u00fc\u011f\u00fcm","link":"https:\/\/aynakol.org\/?cat=601"},"img":{"alt_text":"","src":"","width":0,"height":0},"classes":[]},{"id":780,"url":"https:\/\/aynakol.org\/?p=780","url_meta":{"origin":861,"position":2},"title":"Surly G\u00fcnl\u00fc\u011f\u00fcm #2 \u00e7elik her zaman iyidir!","author":"Ayd\u0131n Bez","date":"6 Mart 2015","format":false,"excerpt":"Uzatmadan 186 cm boy ile bana 58 cm kadronun uygun olaca\u011f\u0131n\u0131 d\u00fc\u015f\u00fcnerek ara\u015ft\u0131rmalar\u0131ma g\u00f6re 377 Euro ile en uygun fiyat\u0131 veren Bike-Components.de sitesinden sipari\u015fimi verdim. Kadronun yan\u0131nda i\u015fime yarayaca\u011f\u0131n\u0131 d\u00fc\u015f\u00fcnd\u00fc\u011f\u00fcm Ritchey Classic Seatpost Shimano BR-CX50 cantilever brake (2 adet) 2 de Tacx matara kafesi sipari\u015fini verdim. 35 \u20ac kargo bedeli\u2026","rel":"","context":"&quot;Surly G\u00fcnl\u00fc\u011f\u00fcm&quot; i\u00e7inde","block_context":{"text":"Surly G\u00fcnl\u00fc\u011f\u00fcm","link":"https:\/\/aynakol.org\/?cat=601"},"img":{"alt_text":"","src":"","width":0,"height":0},"classes":[]},{"id":1540,"url":"https:\/\/aynakol.org\/?p=1540","url_meta":{"origin":861,"position":3},"title":"Surly G\u00fcnl\u00fc\u011f\u00fcm #15 Mutlu Son!","author":"Ayd\u0131n Bez","date":"19 Temmuz 2015","format":false,"excerpt":"Sonunda bitti! \u0130lk notu yazal\u0131 be\u015f ay olmu\u015f. Surly Long Haul Trucker ya da T\u00fcrk\u00e7esi uzun yol kamyonu ismine yak\u0131\u015f\u0131r \u015fekilde 12 kg olarak d\u00fcnyaya geldi. Surly Long Haul Trucker bisikletimin amac\u0131 evden i\u015fe gitmek, pek fazla yapmam ama bir de \u00f6ylesine s\u00fcr\u00fc\u015f yapmak. Yoksa bu i\u015f i\u00e7in karbon bisikletim\u2026","rel":"","context":"&quot;Surly G\u00fcnl\u00fc\u011f\u00fcm&quot; i\u00e7inde","block_context":{"text":"Surly G\u00fcnl\u00fc\u011f\u00fcm","link":"https:\/\/aynakol.org\/?cat=601"},"img":{"alt_text":"2015-07-15 18.23.01-2","src":"https:\/\/i0.wp.com\/aynakol.org\/wp-content\/uploads\/2015\/07\/2015-07-15-18.23.01-2-1024x768.jpg?resize=350%2C200","width":350,"height":200,"srcset":"https:\/\/i0.wp.com\/aynakol.org\/wp-content\/uploads\/2015\/07\/2015-07-15-18.23.01-2-1024x768.jpg?resize=350%2C200 1x, https:\/\/i0.wp.com\/aynakol.org\/wp-content\/uploads\/2015\/07\/2015-07-15-18.23.01-2-1024x768.jpg?resize=525%2C300 1.5x, https:\/\/i0.wp.com\/aynakol.org\/wp-content\/uploads\/2015\/07\/2015-07-15-18.23.01-2-1024x768.jpg?resize=700%2C400 2x"},"classes":[]},{"id":771,"url":"https:\/\/aynakol.org\/?p=771","url_meta":{"origin":861,"position":4},"title":"Surly G\u00fcnl\u00fc\u011f\u00fcm #1 neden surly?","author":"Ayd\u0131n Bez","date":"1 Mart 2015","format":false,"excerpt":"Evden i\u015fe, i\u015ften eve, i\u015ften eve, evden i\u015fe... Sa\u011fa sola, bay\u0131ra \u00e7ay\u0131ra, \u00e7ar\u015f\u0131 pazarlarda deli gibi bisiklete biniyor dedikleri deli benim. Bir y\u0131la yak\u0131n s\u00fcredir yol bisikletimi kullan\u0131yorum, hem ula\u015f\u0131m he idman hem de keyif turlar\u0131 i\u00e7in. Specialized Allez Elite kadro \u00fczerine itinayla toplanan Campagnolo Veloce vites ve fren, Khamsin\u2026","rel":"","context":"&quot;Surly G\u00fcnl\u00fc\u011f\u00fcm&quot; i\u00e7inde","block_context":{"text":"Surly G\u00fcnl\u00fc\u011f\u00fcm","link":"https:\/\/aynakol.org\/?cat=601"},"img":{"alt_text":"wpid-wp-1426008175026.jpeg","src":"https:\/\/i0.wp.com\/aynakol.org\/wp-content\/uploads\/2015\/03\/wpid-wp-1426008175026-1024x768.jpeg?resize=350%2C200","width":350,"height":200,"srcset":"https:\/\/i0.wp.com\/aynakol.org\/wp-content\/uploads\/2015\/03\/wpid-wp-1426008175026-1024x768.jpeg?resize=350%2C200 1x, https:\/\/i0.wp.com\/aynakol.org\/wp-content\/uploads\/2015\/03\/wpid-wp-1426008175026-1024x768.jpeg?resize=525%2C300 1.5x, https:\/\/i0.wp.com\/aynakol.org\/wp-content\/uploads\/2015\/03\/wpid-wp-1426008175026-1024x768.jpeg?resize=700%2C400 2x"},"classes":[]},{"id":1456,"url":"https:\/\/aynakol.org\/?p=1456","url_meta":{"origin":861,"position":5},"title":"Surly G\u00fcnl\u00fc\u011f\u00fcm #14","author":"Ayd\u0131n Bez","date":"15 Temmuz 2015","format":false,"excerpt":"Jant telleri sonunda geldi. Asl\u0131nda baya\u011f\u0131d\u0131r gelmi\u015fti ama \u00f6rmek i\u00e7in yeni f\u0131rsat\u0131m\u0131z oldu Ferhat ile. Hat\u0131rlatay\u0131m: Jant \u00e7emberleri: DT Swiss 535 Tour & E-Bike 700c Jant tel ve ba\u015flar\u0131: DT Swiss Champion 2.0 Tel uzunluklar\u0131: \u00f6n 288 mm, arka 286 mm \u00d6n ve arka jant g\u00f6bekleri: Shimano LX T670 serisi\u2026","rel":"","context":"&quot;Surly G\u00fcnl\u00fc\u011f\u00fcm&quot; i\u00e7inde","block_context":{"text":"Surly G\u00fcnl\u00fc\u011f\u00fcm","link":"https:\/\/aynakol.org\/?cat=601"},"img":{"alt_text":"wpid-img_20150715_13363501.jpg.jpg","src":"https:\/\/i0.wp.com\/aynakol.org\/wp-content\/uploads\/2015\/07\/wpid-img_20150715_13363501.jpg-1024x768.jpg?resize=350%2C200","width":350,"height":200,"srcset":"https:\/\/i0.wp.com\/aynakol.org\/wp-content\/uploads\/2015\/07\/wpid-img_20150715_13363501.jpg-1024x768.jpg?resize=350%2C200 1x, https:\/\/i0.wp.com\/aynakol.org\/wp-content\/uploads\/2015\/07\/wpid-img_20150715_13363501.jpg-1024x768.jpg?resize=525%2C300 1.5x, https:\/\/i0.wp.com\/aynakol.org\/wp-content\/uploads\/2015\/07\/wpid-img_20150715_13363501.jpg-1024x768.jpg?resize=700%2C400 2x"},"classes":[]}],"_links":{"self":[{"href":"https:\/\/aynakol.org\/index.php?rest_route=\/wp\/v2\/posts\/861","targetHints":{"allow":["GET"]}}],"collection":[{"href":"https:\/\/aynakol.org\/index.php?rest_route=\/wp\/v2\/posts"}],"about":[{"href":"https:\/\/aynakol.org\/index.php?rest_route=\/wp\/v2\/types\/post"}],"author":[{"embeddable":true,"href":"https:\/\/aynakol.org\/index.php?rest_route=\/wp\/v2\/users\/1"}],"replies":[{"embeddable":true,"href":"https:\/\/aynakol.org\/index.php?rest_route=%2Fwp%2Fv2%2Fcomments&post=861"}],"version-history":[{"count":4,"href":"https:\/\/aynakol.org\/index.php?rest_route=\/wp\/v2\/posts\/861\/revisions"}],"predecessor-version":[{"id":1285,"href":"https:\/\/aynakol.org\/index.php?rest_route=\/wp\/v2\/posts\/861\/revisions\/1285"}],"wp:attachment":[{"href":"https:\/\/aynakol.org\/index.php?rest_route=%2Fwp%2Fv2%2Fmedia&parent=861"}],"wp:term":[{"taxonomy":"category","embeddable":true,"href":"https:\/\/aynakol.org\/index.php?rest_route=%2Fwp%2Fv2%2Fcategories&post=861"},{"taxonomy":"post_tag","embeddable":true,"href":"https:\/\/aynakol.org\/index.php?rest_route=%2Fwp%2Fv2%2Ftags&post=861"}],"curies":[{"name":"wp","href":"https:\/\/api.w.org\/{rel}","templated":true}]}}