{"id":8998,"date":"2024-07-03T23:44:55","date_gmt":"2024-07-03T20:44:55","guid":{"rendered":"http:\/\/aynakol.org\/?p=8998"},"modified":"2024-07-03T23:44:55","modified_gmt":"2024-07-03T20:44:55","slug":"tour-de-france-2024-6-etap-macon-dijon-1635-km","status":"publish","type":"post","link":"https:\/\/aynakol.org\/?p=8998","title":{"rendered":"Tour de France 2024 6. Etap: M\u00e2con > Dijon, 163,5 km"},"content":{"rendered":"<p><span style=\"font-size: 12pt; font-family: georgia, palatino, serif;\">Rekor! Rekor! Rekor!<\/span><\/p>\n<p><img data-recalc-dims=\"1\" loading=\"lazy\" decoding=\"async\" data-attachment-id=\"9000\" data-permalink=\"https:\/\/aynakol.org\/?attachment_id=9000\" data-orig-file=\"https:\/\/i0.wp.com\/aynakol.org\/wp-content\/uploads\/2024\/07\/tdf2024_stage5_winner_cavendish-scaled.jpg?fit=2560%2C2560&amp;ssl=1\" data-orig-size=\"2560,2560\" data-comments-opened=\"1\" data-image-meta=\"{&quot;aperture&quot;:&quot;0&quot;,&quot;credit&quot;:&quot;&quot;,&quot;camera&quot;:&quot;&quot;,&quot;caption&quot;:&quot;&quot;,&quot;created_timestamp&quot;:&quot;0&quot;,&quot;copyright&quot;:&quot;&quot;,&quot;focal_length&quot;:&quot;0&quot;,&quot;iso&quot;:&quot;0&quot;,&quot;shutter_speed&quot;:&quot;0&quot;,&quot;title&quot;:&quot;&quot;,&quot;orientation&quot;:&quot;0&quot;}\" data-image-title=\"tdf2024_stage5_winner_cavendish\" data-image-description=\"\" data-image-caption=\"\" data-large-file=\"https:\/\/i0.wp.com\/aynakol.org\/wp-content\/uploads\/2024\/07\/tdf2024_stage5_winner_cavendish-scaled.jpg?fit=860%2C860&amp;ssl=1\" class=\"aligncenter size-large wp-image-9000\" src=\"https:\/\/i0.wp.com\/aynakol.org\/wp-content\/uploads\/2024\/07\/tdf2024_stage5_winner_cavendish.jpg?resize=860%2C860\" alt=\"\" width=\"860\" height=\"860\" srcset=\"https:\/\/i0.wp.com\/aynakol.org\/wp-content\/uploads\/2024\/07\/tdf2024_stage5_winner_cavendish-scaled.jpg?resize=1024%2C1024&amp;ssl=1 1024w, https:\/\/i0.wp.com\/aynakol.org\/wp-content\/uploads\/2024\/07\/tdf2024_stage5_winner_cavendish-scaled.jpg?resize=300%2C300&amp;ssl=1 300w, https:\/\/i0.wp.com\/aynakol.org\/wp-content\/uploads\/2024\/07\/tdf2024_stage5_winner_cavendish-scaled.jpg?resize=150%2C150&amp;ssl=1 150w, https:\/\/i0.wp.com\/aynakol.org\/wp-content\/uploads\/2024\/07\/tdf2024_stage5_winner_cavendish-scaled.jpg?resize=768%2C768&amp;ssl=1 768w, https:\/\/i0.wp.com\/aynakol.org\/wp-content\/uploads\/2024\/07\/tdf2024_stage5_winner_cavendish-scaled.jpg?resize=1536%2C1536&amp;ssl=1 1536w, https:\/\/i0.wp.com\/aynakol.org\/wp-content\/uploads\/2024\/07\/tdf2024_stage5_winner_cavendish-scaled.jpg?resize=2048%2C2048&amp;ssl=1 2048w, https:\/\/i0.wp.com\/aynakol.org\/wp-content\/uploads\/2024\/07\/tdf2024_stage5_winner_cavendish-scaled.jpg?w=1720 1720w\" sizes=\"auto, (max-width: 860px) 100vw, 860px\" \/><\/p>\n<p>&nbsp;<\/p>\n<p>&nbsp;<\/p>\n<p><span style=\"font-size: 12pt; font-family: georgia, palatino, serif;\">Tarihe canl\u0131 kanl\u0131 tan\u0131kl\u0131k etmenin sevinci hepimizi esir ald\u0131! Sir Mark Cavendish Le Tour de France da 35. etap zaferiyle, en \u00e7ok etap kazanan isim oldu! 34 zaferle Eddy Merckx yamyam\u0131na ait olan rekora ortak olan Cavendish 2020 y\u0131l\u0131ndan bug\u00fcne ger\u00e7ekten \u00e7ok \u00e7al\u0131\u015ft\u0131, \u00e7ok cabalad\u0131, sakatland\u0131, form tutamad\u0131, a\u011flad\u0131, b\u0131rak\u0131yorum dedi, bele\u015fe \u00e7al\u0131\u015ft\u0131, T\u00fcrkiye Turunda form tuttu, Fransada f\u0131rt\u0131naya d\u00f6nd\u00fc, tak\u0131ms\u0131z kald\u0131, kaza ge\u00e7irdi derken bug\u00fcn rekoru k\u0131rmas\u0131na canl\u0131 kanl\u0131 tan\u0131kl\u0131k ettik! <\/span><\/p>\n<p>&nbsp;<\/p>\n<p><span style=\"font-size: 12pt; font-family: georgia, palatino, serif;\"><span style=\"font-size: 14pt;\"><strong>La Flamme Rouge<\/strong><\/span><br \/>\n<\/span><\/p>\n<p><iframe loading=\"lazy\" title=\"YouTube video player\" src=\"\/\/www.youtube.com\/embed\/9Wi1pSLNV8c?si=WzKPFaZcu963QOZI\" width=\"560\" height=\"315\" frameborder=\"0\" allowfullscreen=\"allowfullscreen\"><\/iframe><\/p>\n<p>&nbsp;<\/p>\n<p><span style=\"font-size: 12pt; font-family: georgia, palatino, serif;\">Sadece Cavendish kazamad\u0131, t\u00fcm peloton kazand\u0131 adeta! Etap bitti ama her tak\u0131mdan, her milletten pelotonda\u015f\u0131 geldi, sar\u0131ld\u0131, \u00f6pr\u00fc, a\u011flad\u0131, tebrik etti! Muaazam bir ba\u015far\u0131! <\/span><\/p>\n<p>&nbsp;<\/p>\n<p><span style=\"font-size: 12pt; font-family: georgia, palatino, serif;\"><strong><span style=\"font-size: 14pt;\">2008 y\u0131l\u0131ndan bugune dek mark Cavendishin etap zaferleri<\/span> <\/strong><\/span><\/p>\n<p><iframe loading=\"lazy\" title=\"YouTube video player\" src=\"\/\/www.youtube.com\/embed\/Mt7amdzFVU0?si=a2nzmaSSGEmoa46G\" width=\"560\" height=\"315\" frameborder=\"0\" allowfullscreen=\"allowfullscreen\"><\/iframe><\/p>\n<p><span style=\"font-size: 12pt; font-family: georgia, palatino, serif;\">D\u00fcnk\u00fc Galiber ge\u00e7i\u015finin yorgunlu\u011funun at\u0131ld\u0131\u011f\u0131 bir sprint g\u00fcn\u00fcnde de\u011fi\u015fik tek \u015fey Mark Cavendishi rekoru k\u0131rmas\u0131 olurdu ki, Manx Missile Cav bunu ba\u015fard\u0131 ve s\u0131k\u0131c\u0131 ge\u00e7en g\u00fcn\u00fcn sonunu zafer ve sevin\u00e7le ta\u00e7land\u0131rd\u0131.<\/span><\/p>\n<p>&nbsp;<\/p>\n<p><span style=\"font-size: 14pt; font-family: georgia, palatino, serif;\"><strong>Etab\u0131n \u00f6ne \u00e7\u0131kan anlar\u0131<\/strong><\/span><\/p>\n<p><iframe loading=\"lazy\" title=\"YouTube video player\" src=\"\/\/www.youtube.com\/embed\/QktJ2u_PAbw?si=3xBn1W8ILE738eNZ\" width=\"560\" height=\"315\" frameborder=\"0\" allowfullscreen=\"allowfullscreen\"><\/iframe><\/p>\n<p>&nbsp;<\/p>\n<p><span style=\"font-size: 12pt; font-family: georgia, palatino, serif;\">Sar\u0131 Mayo h\u00e2l\u00e2 Tadej Pogacarda, etab\u0131 Cavendish kazansa da Ye\u015fil Mayo bug\u00fcn Biniam Girmay\u0131n s\u0131rt\u0131na ge\u00e7ti ve bundan sonrada hakedi\u015fi bir sprinter pedal\u0131n s\u0131rt\u0131 olacak gibi. <\/span><\/p>\n<p><span style=\"font-size: 14pt; font-family: georgia, palatino, serif;\"><strong>S\u0131ral\u0131 tam liste<\/strong><\/span><\/p>\n<p><iframe loading=\"lazy\" src=\"https:\/\/www.procyclingstats.com\/widgets\/result.php?h=e2e3c35af6a5560c978bada75700974768c3fc0a\" width=\"520\" height=\"297\"><\/iframe><\/p>\n<p>&nbsp;<\/p>\n<p><span style=\"font-size: 14pt; font-family: georgia, palatino, serif;\"><strong>Bug\u00fcnk\u00fc etaba gelirsek&#8230;<\/strong><\/span><\/p>\n<p><span style=\"font-size: 12pt; font-family: georgia, palatino, serif;\">D\u00fcn ne g\u00f6rd\u00fcysek bug\u00fcnde ayn\u0131s\u0131n\u0131 g\u00f6rece\u011fiz, hatta bu kadar d\u00fcz bir etap daha da g\u00f6rmeyecek gibiyiz bu sene. Organizasyonu tebrik etmeli, 164 km uzunlu\u011fundaki etapta \u00e7\u0131k\u0131nt\u0131 yok! <\/span><\/p>\n<p><img data-recalc-dims=\"1\" loading=\"lazy\" decoding=\"async\" data-attachment-id=\"9001\" data-permalink=\"https:\/\/aynakol.org\/?attachment_id=9001\" data-orig-file=\"https:\/\/i0.wp.com\/aynakol.org\/wp-content\/uploads\/2024\/07\/tour-de-france-2024-stage-6-profile-6b96d0a92d.jpg?fit=1250%2C625&amp;ssl=1\" data-orig-size=\"1250,625\" data-comments-opened=\"1\" data-image-meta=\"{&quot;aperture&quot;:&quot;0&quot;,&quot;credit&quot;:&quot;&quot;,&quot;camera&quot;:&quot;&quot;,&quot;caption&quot;:&quot;&quot;,&quot;created_timestamp&quot;:&quot;0&quot;,&quot;copyright&quot;:&quot;&quot;,&quot;focal_length&quot;:&quot;0&quot;,&quot;iso&quot;:&quot;0&quot;,&quot;shutter_speed&quot;:&quot;0&quot;,&quot;title&quot;:&quot;&quot;,&quot;orientation&quot;:&quot;0&quot;}\" data-image-title=\"tour-de-france-2024-stage-6-profile-6b96d0a92d\" data-image-description=\"\" data-image-caption=\"\" data-large-file=\"https:\/\/i0.wp.com\/aynakol.org\/wp-content\/uploads\/2024\/07\/tour-de-france-2024-stage-6-profile-6b96d0a92d.jpg?fit=860%2C430&amp;ssl=1\" class=\"aligncenter size-large wp-image-9001\" src=\"https:\/\/i0.wp.com\/aynakol.org\/wp-content\/uploads\/2024\/07\/tour-de-france-2024-stage-6-profile-6b96d0a92d.jpg?resize=860%2C430\" alt=\"\" width=\"860\" height=\"430\" srcset=\"https:\/\/i0.wp.com\/aynakol.org\/wp-content\/uploads\/2024\/07\/tour-de-france-2024-stage-6-profile-6b96d0a92d.jpg?resize=1024%2C512&amp;ssl=1 1024w, https:\/\/i0.wp.com\/aynakol.org\/wp-content\/uploads\/2024\/07\/tour-de-france-2024-stage-6-profile-6b96d0a92d.jpg?resize=300%2C150&amp;ssl=1 300w, https:\/\/i0.wp.com\/aynakol.org\/wp-content\/uploads\/2024\/07\/tour-de-france-2024-stage-6-profile-6b96d0a92d.jpg?resize=768%2C384&amp;ssl=1 768w, https:\/\/i0.wp.com\/aynakol.org\/wp-content\/uploads\/2024\/07\/tour-de-france-2024-stage-6-profile-6b96d0a92d.jpg?w=1250&amp;ssl=1 1250w\" sizes=\"auto, (max-width: 860px) 100vw, 860px\" \/><\/p>\n<p><span style=\"font-size: 12pt; font-family: georgia, palatino, serif;\">Yar\u0131nki zaman kar\u015f\u0131 etab\u0131 \u00f6ncesi bacaklar\u0131n iyice dinlendirilmesi isteniyor belliki. Yeni rekor k\u0131rmak isteyen kazans\u0131n!<\/span><\/p>\n","protected":false},"excerpt":{"rendered":"<p>Rekor! Rekor! Rekor! &nbsp; &nbsp; Tarihe canl\u0131 kanl\u0131 tan\u0131kl\u0131k etmenin sevinci hepimizi esir ald\u0131! Sir Mark Cavendish Le Tour de France da 35. etap zaferiyle, [&#8230;]<\/p>\n","protected":false},"author":1,"featured_media":0,"comment_status":"open","ping_status":"open","sticky":false,"template":"","format":"standard","meta":{"jetpack_post_was_ever_published":false,"_jetpack_newsletter_access":"","_jetpack_dont_email_post_to_subs":false,"_jetpack_newsletter_tier_id":0,"_jetpack_memberships_contains_paywalled_content":false,"_jetpack_memberships_contains_paid_content":false,"footnotes":"","jetpack_publicize_message":"","jetpack_publicize_feature_enabled":true,"jetpack_social_post_already_shared":true,"jetpack_social_options":{"image_generator_settings":{"template":"highway","default_image_id":0,"font":"","enabled":false},"version":2}},"categories":[89],"tags":[1626,515],"class_list":["post-8998","post","type-post","status-publish","format-standard","hentry","category-tour","tag-35th","tag-cavendish"],"jetpack_publicize_connections":[],"jetpack_featured_media_url":"","jetpack_sharing_enabled":true,"jetpack_shortlink":"https:\/\/wp.me\/p51p4O-2l8","jetpack_likes_enabled":true,"jetpack-related-posts":[{"id":6800,"url":"https:\/\/aynakol.org\/?p=6800","url_meta":{"origin":8998,"position":0},"title":"Le Tour de France 2021 11. Etap: Sorgues \u2192 Malauc\u00e8ne, 199km","author":"Ayd\u0131n Bez","date":"7 Temmuz 2021","format":false,"excerpt":"D\u00fcnk\u00fc etapta neler olmu\u015ftu? Art\u0131k \u015fa\u015f\u0131rm\u0131yoruz: Cavendish 33. Le Tour zaferine ula\u015f\u0131rken Eddy Merckx reyizin rekoruna ortak olmas\u0131na sadece 1 zafer uzakl\u0131kta... Yemye\u015fil bir rotada Alpleri arkas\u0131na Mont Ventoux zirvesini kar\u015f\u0131s\u0131na alan peloton t\u00fcm g\u00fcn\u00fc sakin tempoda ka\u00e7anlara izin verip dinlenerek ge\u00e7irirken Bel\u00e7ika lokomotifi Deceuninck - Quick Step tak\u0131m\u0131n\u0131n plan\u0131\u2026","rel":"","context":"&quot;Tour de France&quot; i\u00e7inde","block_context":{"text":"Tour de France","link":"https:\/\/aynakol.org\/?cat=89"},"img":{"alt_text":"","src":"https:\/\/i0.wp.com\/aynakol.org\/wp-content\/uploads\/2021\/07\/tdf2021_stage10_peloton_3-e1625602404327.jpg?fit=1200%2C522&ssl=1&resize=350%2C200","width":350,"height":200,"srcset":"https:\/\/i0.wp.com\/aynakol.org\/wp-content\/uploads\/2021\/07\/tdf2021_stage10_peloton_3-e1625602404327.jpg?fit=1200%2C522&ssl=1&resize=350%2C200 1x, https:\/\/i0.wp.com\/aynakol.org\/wp-content\/uploads\/2021\/07\/tdf2021_stage10_peloton_3-e1625602404327.jpg?fit=1200%2C522&ssl=1&resize=525%2C300 1.5x, https:\/\/i0.wp.com\/aynakol.org\/wp-content\/uploads\/2021\/07\/tdf2021_stage10_peloton_3-e1625602404327.jpg?fit=1200%2C522&ssl=1&resize=700%2C400 2x, https:\/\/i0.wp.com\/aynakol.org\/wp-content\/uploads\/2021\/07\/tdf2021_stage10_peloton_3-e1625602404327.jpg?fit=1200%2C522&ssl=1&resize=1050%2C600 3x"},"classes":[]},{"id":7561,"url":"https:\/\/aynakol.org\/?p=7561","url_meta":{"origin":8998,"position":1},"title":"#TdF2023tr 4. Etap: Dax > Nogaro, 181,8 km","author":"Ayd\u0131n Bez","date":"4 Temmuz 2023","format":false,"excerpt":"D\u00fcnk\u00fc etapta neler olmu\u015ftu? Bask B\u00f6lgesinin \u0130spanya taraf\u0131ndan Fransa yakas\u0131na uzand\u0131\u011f\u0131m\u0131z 3. Etab\u0131n sonunda zafere pedallayan isim Jasper Philipsen! Flamme Rouge \u00a0 Favorilerden sprinterlerin en \u00f6nde m\u00fccadele i\u00e7inde, genel klasmanc\u0131lar\u0131n da arkada yata yata geldi\u011fi \u00fc\u00e7\u00fcnc\u00fc g\u00fcn\u00fcn sonunda s\u0131k\u0131 bir sprint m\u00fccadelesi izledik. D\u00fcn etab\u0131 Victor Lafaya kapt\u0131ran sprinter odakl\u0131\u2026","rel":"","context":"&quot;Tour de France&quot; i\u00e7inde","block_context":{"text":"Tour de France","link":"https:\/\/aynakol.org\/?cat=89"},"img":{"alt_text":"","src":"https:\/\/i0.wp.com\/aynakol.org\/wp-content\/uploads\/2023\/07\/tdf2023_stage3_peloton_3-scaled.jpg?fit=1200%2C800&ssl=1&resize=350%2C200","width":350,"height":200,"srcset":"https:\/\/i0.wp.com\/aynakol.org\/wp-content\/uploads\/2023\/07\/tdf2023_stage3_peloton_3-scaled.jpg?fit=1200%2C800&ssl=1&resize=350%2C200 1x, https:\/\/i0.wp.com\/aynakol.org\/wp-content\/uploads\/2023\/07\/tdf2023_stage3_peloton_3-scaled.jpg?fit=1200%2C800&ssl=1&resize=525%2C300 1.5x, https:\/\/i0.wp.com\/aynakol.org\/wp-content\/uploads\/2023\/07\/tdf2023_stage3_peloton_3-scaled.jpg?fit=1200%2C800&ssl=1&resize=700%2C400 2x, https:\/\/i0.wp.com\/aynakol.org\/wp-content\/uploads\/2023\/07\/tdf2023_stage3_peloton_3-scaled.jpg?fit=1200%2C800&ssl=1&resize=1050%2C600 3x"},"classes":[]},{"id":6836,"url":"https:\/\/aynakol.org\/?p=6836","url_meta":{"origin":8998,"position":2},"title":"Le Tour de France 2021 14. Etap: Carcassonne \u2192 Quillan, 184km","author":"Ayd\u0131n Bez","date":"10 Temmuz 2021","format":false,"excerpt":"D\u00fcnk\u00fc etapta neler olmu\u015ftu? Carcassonne kentinde sona eren 13. etab\u0131n sonunda ya\u015fanan toplu sprint m\u00fccadelesinde zafere uzanan isim yine, yeniden Mark Cavendish! B\u00fcy\u00fck Britanyal\u0131 b\u00f6ylelikle 34. Le Tour zaferiyle Eddy Merckxin rekoruna ortak oldu. Etab\u0131n \u00f6ne \u00e7\u0131kan anlar\u0131 Sessiz ve sakin, ka\u00e7\u0131\u015flar\u0131n t\u00fckendi\u011fi sprint etab\u0131 izliyoruz derken 20km kala ya\u015fanan\u2026","rel":"","context":"&quot;Tour de France&quot; i\u00e7inde","block_context":{"text":"Tour de France","link":"https:\/\/aynakol.org\/?cat=89"},"img":{"alt_text":"","src":"https:\/\/i0.wp.com\/aynakol.org\/wp-content\/uploads\/2021\/07\/tdf2021_stage13_winner_mark_cavendish-1024x629.jpeg?resize=350%2C200","width":350,"height":200,"srcset":"https:\/\/i0.wp.com\/aynakol.org\/wp-content\/uploads\/2021\/07\/tdf2021_stage13_winner_mark_cavendish-1024x629.jpeg?resize=350%2C200 1x, https:\/\/i0.wp.com\/aynakol.org\/wp-content\/uploads\/2021\/07\/tdf2021_stage13_winner_mark_cavendish-1024x629.jpeg?resize=525%2C300 1.5x, https:\/\/i0.wp.com\/aynakol.org\/wp-content\/uploads\/2021\/07\/tdf2021_stage13_winner_mark_cavendish-1024x629.jpeg?resize=700%2C400 2x"},"classes":[]},{"id":6763,"url":"https:\/\/aynakol.org\/?p=6763","url_meta":{"origin":8998,"position":3},"title":"Le Tour de France 2021 7. Etap: Vierzon \u2192 Le Creusot, 249km","author":"Ayd\u0131n Bez","date":"2 Temmuz 2021","format":false,"excerpt":"D\u00fcnk\u00fc etapta neler olmu\u015ftu? Cav geri d\u00f6nd\u00fc! Alplere do\u011fru yol ald\u0131\u011f\u0131m\u0131z ge\u00e7i\u015f etab\u0131n\u0131n sonunda g\u00fclen isim Mark Cavendish! Deceuninck - Quick Step tak\u0131m\u0131n\u0131n 36 ya\u015f\u0131ndaki B\u00fcy\u00fck Britanyal\u0131 pedal Cavendish b\u00f6ylece 32. Tour de France zaferine uzan\u0131rken Eddy Merckx rekoruna 2 etap kald\u0131! Chappeu Cav! Etab\u0131n \u00f6ne \u00e7\u0131kan anlar\u0131 \u00a0 Mathieu\u2026","rel":"","context":"&quot;Grand Tour&quot; i\u00e7inde","block_context":{"text":"Grand Tour","link":"https:\/\/aynakol.org\/?cat=92"},"img":{"alt_text":"","src":"https:\/\/i0.wp.com\/aynakol.org\/wp-content\/uploads\/2021\/07\/tdf2021_stage4_two_men_breakaway-e1625164427578.jpg?fit=1200%2C252&ssl=1&resize=350%2C200","width":350,"height":200,"srcset":"https:\/\/i0.wp.com\/aynakol.org\/wp-content\/uploads\/2021\/07\/tdf2021_stage4_two_men_breakaway-e1625164427578.jpg?fit=1200%2C252&ssl=1&resize=350%2C200 1x, https:\/\/i0.wp.com\/aynakol.org\/wp-content\/uploads\/2021\/07\/tdf2021_stage4_two_men_breakaway-e1625164427578.jpg?fit=1200%2C252&ssl=1&resize=525%2C300 1.5x, https:\/\/i0.wp.com\/aynakol.org\/wp-content\/uploads\/2021\/07\/tdf2021_stage4_two_men_breakaway-e1625164427578.jpg?fit=1200%2C252&ssl=1&resize=700%2C400 2x, https:\/\/i0.wp.com\/aynakol.org\/wp-content\/uploads\/2021\/07\/tdf2021_stage4_two_men_breakaway-e1625164427578.jpg?fit=1200%2C252&ssl=1&resize=1050%2C600 3x"},"classes":[]},{"id":3736,"url":"https:\/\/aynakol.org\/?p=3736","url_meta":{"origin":8998,"position":4},"title":"TdF2016 6. Etap: Arpajon-sur-C\u00e8re \u2192 Montauban, 187 km","author":"Ayd\u0131n Bez","date":"7 Temmuz 2016","format":false,"excerpt":"\u00a0 La Lioran da\u011flar\u0131nda sona eren d\u00fcnk\u00fc etapta Greg van Avermaet ka\u00e7\u0131\u015f\u0131 zaferle ta\u00e7land\u0131rarak 5 dakikal\u0131k\u00a0farkla sar\u0131 mayoyu da ele ge\u00e7irdi. Ancak kendisinin de ifade etti\u011fi gibi Pirenelere dek mayosunu koruyacak ama sonras\u0131nda iyi bir t\u0131rman\u0131\u015f\u00e7\u0131 olmad\u0131\u011f\u0131 i\u00e7in\u00a0kaybedecek. Etap incelemesi Massif Central b\u00f6lgesini geride b\u0131rak\u0131p bir ad\u0131m daha Pirenelere yakla\u015f\u0131yoruz.\u2026","rel":"","context":"&quot;Tour de France&quot; i\u00e7inde","block_context":{"text":"Tour de France","link":"https:\/\/aynakol.org\/?cat=89"},"img":{"alt_text":"TDF2016 6. Etap profili: Yayladan ovaya inip y\u00fcce da\u011flar\u0131n ete\u011fine s\u0131\u011f\u0131nmak...","src":"https:\/\/i0.wp.com\/aynakol.org\/wp-content\/uploads\/2016\/07\/TDF2016_stage6.png?resize=350%2C200","width":350,"height":200,"srcset":"https:\/\/i0.wp.com\/aynakol.org\/wp-content\/uploads\/2016\/07\/TDF2016_stage6.png?resize=350%2C200 1x, https:\/\/i0.wp.com\/aynakol.org\/wp-content\/uploads\/2016\/07\/TDF2016_stage6.png?resize=525%2C300 1.5x, https:\/\/i0.wp.com\/aynakol.org\/wp-content\/uploads\/2016\/07\/TDF2016_stage6.png?resize=700%2C400 2x"},"classes":[]},{"id":6886,"url":"https:\/\/aynakol.org\/?p=6886","url_meta":{"origin":8998,"position":5},"title":"Le Tour de France 2021 19. Etap: Mourenx \u2192 Libourne, 203km","author":"Ayd\u0131n Bez","date":"16 Temmuz 2021","format":false,"excerpt":"D\u00fcnk\u00fc etapta neler oldu? 17. etapta ya\u015fananlar\u0131 sadece t\u0131rman\u0131\u015f ve biti\u015f \u00e7izgisi isimlerini de\u011fi\u015ftirip 18. etapta neler olmu\u015ftu \u015feklinde yazsam yeridir... Pogacar bey ne yap\u0131yorsunuz? 130km k\u0131sal\u0131\u011f\u0131ndaki 18. etab\u0131n bitmek bilmeyen iki HC t\u0131rman\u0131\u015f\u0131n\u0131n ilkini, Col du Tourmaleti ka\u00e7aklar rahat\u00e7a geride b\u0131rak\u0131p da ini\u015fin pe\u015finden Luz Ardidene uzanan zorlu t\u0131rman\u0131\u015f\u2026","rel":"","context":"&quot;Tour de France&quot; i\u00e7inde","block_context":{"text":"Tour de France","link":"https:\/\/aynakol.org\/?cat=89"},"img":{"alt_text":"","src":"https:\/\/i0.wp.com\/aynakol.org\/wp-content\/uploads\/2021\/07\/td2021_stage18_winner_tadej_pogacar-1024x682.jpeg?resize=350%2C200","width":350,"height":200,"srcset":"https:\/\/i0.wp.com\/aynakol.org\/wp-content\/uploads\/2021\/07\/td2021_stage18_winner_tadej_pogacar-1024x682.jpeg?resize=350%2C200 1x, https:\/\/i0.wp.com\/aynakol.org\/wp-content\/uploads\/2021\/07\/td2021_stage18_winner_tadej_pogacar-1024x682.jpeg?resize=525%2C300 1.5x, https:\/\/i0.wp.com\/aynakol.org\/wp-content\/uploads\/2021\/07\/td2021_stage18_winner_tadej_pogacar-1024x682.jpeg?resize=700%2C400 2x"},"classes":[]}],"_links":{"self":[{"href":"https:\/\/aynakol.org\/index.php?rest_route=\/wp\/v2\/posts\/8998","targetHints":{"allow":["GET"]}}],"collection":[{"href":"https:\/\/aynakol.org\/index.php?rest_route=\/wp\/v2\/posts"}],"about":[{"href":"https:\/\/aynakol.org\/index.php?rest_route=\/wp\/v2\/types\/post"}],"author":[{"embeddable":true,"href":"https:\/\/aynakol.org\/index.php?rest_route=\/wp\/v2\/users\/1"}],"replies":[{"embeddable":true,"href":"https:\/\/aynakol.org\/index.php?rest_route=%2Fwp%2Fv2%2Fcomments&post=8998"}],"version-history":[{"count":1,"href":"https:\/\/aynakol.org\/index.php?rest_route=\/wp\/v2\/posts\/8998\/revisions"}],"predecessor-version":[{"id":9003,"href":"https:\/\/aynakol.org\/index.php?rest_route=\/wp\/v2\/posts\/8998\/revisions\/9003"}],"wp:attachment":[{"href":"https:\/\/aynakol.org\/index.php?rest_route=%2Fwp%2Fv2%2Fmedia&parent=8998"}],"wp:term":[{"taxonomy":"category","embeddable":true,"href":"https:\/\/aynakol.org\/index.php?rest_route=%2Fwp%2Fv2%2Fcategories&post=8998"},{"taxonomy":"post_tag","embeddable":true,"href":"https:\/\/aynakol.org\/index.php?rest_route=%2Fwp%2Fv2%2Ftags&post=8998"}],"curies":[{"name":"wp","href":"https:\/\/api.w.org\/{rel}","templated":true}]}}