{"id":915,"date":"2015-04-26T09:22:09","date_gmt":"2015-04-26T06:22:09","guid":{"rendered":"http:\/\/aynakol.org\/?p=915"},"modified":"2015-04-27T20:17:14","modified_gmt":"2015-04-27T17:17:14","slug":"tur2015-1-etap-alanya-alanya","status":"publish","type":"post","link":"https:\/\/aynakol.org\/?p=915","title":{"rendered":"#TUR2015 1. Etap Alanya &#8211; Alanya"},"content":{"rendered":"<p>Bu y\u0131l 51. kez\u0131 pedallanacak Cumhurba\u015fkanl\u0131\u011f\u0131 Bisiklet Turunun a\u00e7\u0131l\u0131\u015f\u0131 i\u00e7in <a href=\"http:\/\/aynakol.org\/wp-content\/uploads\/2015\/04\/stage1_STA.pdf\" target=\"_blank\">21 tak\u0131mdan 168 pedal<\/a>Alanya &#8211; Alanya sprint etab\u0131nda turkuaz mayo i\u00e7in m\u00fccadele edecek!<\/p>\n<p>1. etap saat 11:30&#8217;da ba\u015flayacak olup g\u00f6zleriniz TRT ve EuroSport ekranlar\u0131nda olsun.<\/p>\n<p><strong>1. etap: Alanya &#8211; Alanya: 145 km (26 Nisan)<\/strong><\/p>\n<div id=\"attachment_890\" style=\"width: 715px\" class=\"wp-caption alignnone\"><a href=\"https:\/\/i0.wp.com\/aynakol.org\/wp-content\/uploads\/2015\/04\/Tour_of_Turkey_stage_1_Alanya_Alanya_mostly_flat.png\"><img data-recalc-dims=\"1\" loading=\"lazy\" decoding=\"async\" aria-describedby=\"caption-attachment-890\" data-attachment-id=\"890\" data-permalink=\"https:\/\/aynakol.org\/?attachment_id=890\" data-orig-file=\"https:\/\/i0.wp.com\/aynakol.org\/wp-content\/uploads\/2015\/04\/Tour_of_Turkey_stage_1_Alanya_Alanya_mostly_flat.png?fit=1600%2C840&amp;ssl=1\" data-orig-size=\"1600,840\" data-comments-opened=\"1\" data-image-meta=\"{&quot;aperture&quot;:&quot;0&quot;,&quot;credit&quot;:&quot;&quot;,&quot;camera&quot;:&quot;&quot;,&quot;caption&quot;:&quot;&quot;,&quot;created_timestamp&quot;:&quot;0&quot;,&quot;copyright&quot;:&quot;&quot;,&quot;focal_length&quot;:&quot;0&quot;,&quot;iso&quot;:&quot;0&quot;,&quot;shutter_speed&quot;:&quot;0&quot;,&quot;title&quot;:&quot;&quot;,&quot;orientation&quot;:&quot;0&quot;}\" data-image-title=\"Tour_of_Turkey_stage_1_Alanya_Alanya_mostly_flat\" data-image-description=\"\" data-image-caption=\"\" data-large-file=\"https:\/\/i0.wp.com\/aynakol.org\/wp-content\/uploads\/2015\/04\/Tour_of_Turkey_stage_1_Alanya_Alanya_mostly_flat.png?fit=860%2C452&amp;ssl=1\" class=\"wp-image-890 size-large\" src=\"https:\/\/i0.wp.com\/aynakol.org\/wp-content\/uploads\/2015\/04\/Tour_of_Turkey_stage_1_Alanya_Alanya_mostly_flat.png?resize=705%2C370\" alt=\"Tour_of_Turkey_stage_1_Alanya_Alanya_mostly_flat\" width=\"705\" height=\"370\" srcset=\"https:\/\/i0.wp.com\/aynakol.org\/wp-content\/uploads\/2015\/04\/Tour_of_Turkey_stage_1_Alanya_Alanya_mostly_flat.png?resize=1024%2C538&amp;ssl=1 1024w, https:\/\/i0.wp.com\/aynakol.org\/wp-content\/uploads\/2015\/04\/Tour_of_Turkey_stage_1_Alanya_Alanya_mostly_flat.png?resize=300%2C158&amp;ssl=1 300w, https:\/\/i0.wp.com\/aynakol.org\/wp-content\/uploads\/2015\/04\/Tour_of_Turkey_stage_1_Alanya_Alanya_mostly_flat.png?resize=705%2C370&amp;ssl=1 705w, https:\/\/i0.wp.com\/aynakol.org\/wp-content\/uploads\/2015\/04\/Tour_of_Turkey_stage_1_Alanya_Alanya_mostly_flat.png?w=1600&amp;ssl=1 1600w\" sizes=\"auto, (max-width: 705px) 100vw, 705px\" \/><\/a><p id=\"caption-attachment-890\" class=\"wp-caption-text\">Alanya Alanya aras\u0131 pedallanacak 144 km uzunlu\u011fundaki etap sprint pedallar i\u00e7in adeta \u00e7erez niteli\u011finde.<\/p><\/div>\n<p><a href=\"https:\/\/www.tourofturkey.org\/2015\/TR\/etap\/1-alanya-alanya\" target=\"_blank\">TUR2015&#8217;in a\u00e7\u0131l\u0131\u015f etab\u0131 145 km uzunlu\u011funda olup Alanyada ba\u015flay\u0131p yine Alanyada bitecek.<\/a> Etab\u0131n sonu Alanya i\u00e7inde iki tur at\u0131ld\u0131ktan sonra her zamanki gibi sprinter pedallar\u0131n g\u00f6vde g\u00f6sterisine sahne olacak.<\/p>\n<p>TUR2014&#8217;de yine <a href=\"http:\/\/www.procyclingstats.com\/race\/Presidential_Cycling_Tour_of_Turkey_2014_Stage_1_Alanya\" target=\"_blank\">Alanya &#8211; Alanya<\/a> aras\u0131nda pedallanan etapta zafer Omega Pharma &#8211; Quick Step tak\u0131m\u0131n\u0131n \u0130ngiliz pedal\u0131 Mark Cavendish&#8217;in olmu\u015ftu.<\/p>\n<p><a href=\"https:\/\/i0.wp.com\/aynakol.org\/wp-content\/uploads\/2015\/04\/TUR2015_stage_1_alanya_alanya_footer.jpg\"><img data-recalc-dims=\"1\" loading=\"lazy\" decoding=\"async\" data-attachment-id=\"921\" data-permalink=\"https:\/\/aynakol.org\/?attachment_id=921\" data-orig-file=\"https:\/\/i0.wp.com\/aynakol.org\/wp-content\/uploads\/2015\/04\/TUR2015_stage_1_alanya_alanya_footer.jpg?fit=800%2C335&amp;ssl=1\" data-orig-size=\"800,335\" data-comments-opened=\"1\" data-image-meta=\"{&quot;aperture&quot;:&quot;0&quot;,&quot;credit&quot;:&quot;&quot;,&quot;camera&quot;:&quot;&quot;,&quot;caption&quot;:&quot;&quot;,&quot;created_timestamp&quot;:&quot;0&quot;,&quot;copyright&quot;:&quot;&quot;,&quot;focal_length&quot;:&quot;0&quot;,&quot;iso&quot;:&quot;0&quot;,&quot;shutter_speed&quot;:&quot;0&quot;,&quot;title&quot;:&quot;&quot;,&quot;orientation&quot;:&quot;1&quot;}\" data-image-title=\"TUR2015_stage_1_alanya_alanya_footer\" data-image-description=\"\" data-image-caption=\"\" data-large-file=\"https:\/\/i0.wp.com\/aynakol.org\/wp-content\/uploads\/2015\/04\/TUR2015_stage_1_alanya_alanya_footer.jpg?fit=800%2C335&amp;ssl=1\" class=\"alignnone size-full wp-image-921\" src=\"https:\/\/i0.wp.com\/aynakol.org\/wp-content\/uploads\/2015\/04\/TUR2015_stage_1_alanya_alanya_footer.jpg?resize=800%2C335\" alt=\"TUR2015_stage_1_alanya_alanya_footer\" width=\"800\" height=\"335\" srcset=\"https:\/\/i0.wp.com\/aynakol.org\/wp-content\/uploads\/2015\/04\/TUR2015_stage_1_alanya_alanya_footer.jpg?w=800&amp;ssl=1 800w, https:\/\/i0.wp.com\/aynakol.org\/wp-content\/uploads\/2015\/04\/TUR2015_stage_1_alanya_alanya_footer.jpg?resize=300%2C126&amp;ssl=1 300w, https:\/\/i0.wp.com\/aynakol.org\/wp-content\/uploads\/2015\/04\/TUR2015_stage_1_alanya_alanya_footer.jpg?resize=705%2C295&amp;ssl=1 705w\" sizes=\"auto, (max-width: 800px) 100vw, 800px\" \/><\/a><\/p>\n<p>Etap primleri ise \u015fu \u015fekilde:<\/p>\n<ul class=\"list-unstyled\">\n<li><strong>54.8 km:<\/strong> T\u0131rman\u0131\u015f Primi (Kategori 3)<\/li>\n<li><strong>67.0 km:<\/strong> Sprint Primi<\/li>\n<li><strong>110.1 km:<\/strong> T\u00fcrkiye G\u00fczellikleri Primi: Alanya Kalesi<\/li>\n<\/ul>\n<p><strong>Etap tahmini<\/strong><\/p>\n<p>Etab\u0131n kazanmas\u0131 muhtemel \u00fc\u00e7 isim var: Mark Cavendish, Andr\u00e9 Greipel ve sahalara yeniden d\u00f6n\u00fc\u015f\u00fcn\u00fc bir etap zaferi ile ta\u00e7land\u0131rmak isteyen Tom Boonen. Ancak b\u00f6ylesi k\u0131sa ve patlamas\u0131 bol bir etapta Cavendish rakipsiz g\u00f6r\u00fcn\u00fcyor. Tinkoff-Saxo&#8217;da Pavel Brutt&#8217;u ta\u015f\u0131yabilirse etap kazanabilir. Ancak g\u00f6nl\u00fcm\u00fcz ne de olsa Torku \u015eekerspordan yana.<\/p>\n<div id=\"attachment_925\" style=\"width: 1011px\" class=\"wp-caption alignnone\"><a href=\"https:\/\/i0.wp.com\/aynakol.org\/wp-content\/uploads\/2015\/04\/mark_cavendish_does_not_like_bananas.jpg\"><img data-recalc-dims=\"1\" loading=\"lazy\" decoding=\"async\" aria-describedby=\"caption-attachment-925\" data-attachment-id=\"925\" data-permalink=\"https:\/\/aynakol.org\/?attachment_id=925\" data-orig-file=\"https:\/\/i0.wp.com\/aynakol.org\/wp-content\/uploads\/2015\/04\/mark_cavendish_does_not_like_bananas.jpg?fit=1001%2C665&amp;ssl=1\" data-orig-size=\"1001,665\" data-comments-opened=\"1\" data-image-meta=\"{&quot;aperture&quot;:&quot;8&quot;,&quot;credit&quot;:&quot;&quot;,&quot;camera&quot;:&quot;NIKON D300S&quot;,&quot;caption&quot;:&quot;&quot;,&quot;created_timestamp&quot;:&quot;1398597967&quot;,&quot;copyright&quot;:&quot;&quot;,&quot;focal_length&quot;:&quot;42&quot;,&quot;iso&quot;:&quot;400&quot;,&quot;shutter_speed&quot;:&quot;0.000625&quot;,&quot;title&quot;:&quot;&quot;,&quot;orientation&quot;:&quot;1&quot;}\" data-image-title=\"mark_cavendish_does_not_like_bananas\" data-image-description=\"\" data-image-caption=\"&lt;p&gt;Cavendish ve muz&amp;#8230; Pek anla\u015f\u0131yorlarm\u0131\u015f gibi g\u00f6r\u00fcnm\u00fcyorlar!&lt;\/p&gt;\n\" data-large-file=\"https:\/\/i0.wp.com\/aynakol.org\/wp-content\/uploads\/2015\/04\/mark_cavendish_does_not_like_bananas.jpg?fit=860%2C571&amp;ssl=1\" class=\"size-full wp-image-925\" src=\"https:\/\/i0.wp.com\/aynakol.org\/wp-content\/uploads\/2015\/04\/mark_cavendish_does_not_like_bananas.jpg?resize=860%2C571\" alt=\"Cavendish ve muz... Pek anla\u015f\u0131yorlarm\u0131\u015f gibi g\u00f6r\u00fcnm\u00fcyorlar!\" width=\"860\" height=\"571\" srcset=\"https:\/\/i0.wp.com\/aynakol.org\/wp-content\/uploads\/2015\/04\/mark_cavendish_does_not_like_bananas.jpg?w=1001&amp;ssl=1 1001w, https:\/\/i0.wp.com\/aynakol.org\/wp-content\/uploads\/2015\/04\/mark_cavendish_does_not_like_bananas.jpg?resize=300%2C199&amp;ssl=1 300w, https:\/\/i0.wp.com\/aynakol.org\/wp-content\/uploads\/2015\/04\/mark_cavendish_does_not_like_bananas.jpg?resize=705%2C468&amp;ssl=1 705w\" sizes=\"auto, (max-width: 860px) 100vw, 860px\" \/><\/a><p id=\"caption-attachment-925\" class=\"wp-caption-text\">Cavendish ve muz&#8230; Pek anla\u015f\u0131yorlarm\u0131\u015f gibi g\u00f6r\u00fcnm\u00fcyorlar!<\/p><\/div>\n<p>Son olarak: kazanan Mark Cavendish olursa organizat\u00f6rlerin ge\u00e7en seneden bir \u015feyi unutmam\u0131\u015f olmalar\u0131 gerekiyor: Muz Antalyan\u0131n g\u00fczelliklerinden biri olabilir ama Mark Cavendish&#8217;in muzla aras\u0131 pek de iyi de\u011fil.<\/p>\n<p>Ge\u00e7en sene etap galibiyeti sonras\u0131 forma ve \u00f6d\u00fcl t\u00f6reninde kuca\u011f\u0131na 10 kilo kadar ir muz balyas\u0131 tutu\u015fturulmu\u015ftu. Cavendish bas\u0131nla soru-cevap-s\u00f6yle\u015fi k\u0131sm\u0131nda kendisine muzlarla ilgili y\u00f6neltilen bir sorula s\u0131cakkanl\u0131 ve rahat tav\u0131rlar\u0131yla \u015f\u00f6yle <a href=\"http:\/\/www.tourofturkey.org\/2014\/TR\/haberler\/141-kilometrelik-alanya-alanya-etabini-mark-cavendish-kazandi\" target=\"_blank\">cevap vermi\u015fti:<\/a><\/p>\n<blockquote><p><strong>A\u00e7\u0131k\u00e7as\u0131 muzu pek sevmem. G\u00f6r\u00fcnce pek \u015fa\u015f\u0131rd\u0131m. \u0130ki ki\u015fi zor tutabildik. \u015eimdi ne yapaca\u011f\u0131m hala bilmiyorum!<\/strong><\/p><\/blockquote>\n<p><strong>Yar\u0131\u015f sonras\u0131 <\/strong><\/p>\n<p><a href=\"https:\/\/i0.wp.com\/aynakol.org\/wp-content\/uploads\/2015\/04\/wpid-img_20150427_002714.jpg\"><img data-recalc-dims=\"1\" decoding=\"async\" class=\"alignnone size-full\" title=\"IMG_20150427_002714.jpg\" src=\"https:\/\/i0.wp.com\/aynakol.org\/wp-content\/uploads\/2015\/04\/wpid-img_20150427_002714.jpg?w=860\" alt=\"image\" \/><\/a><\/p>\n<p>Ola\u011fan d\u0131\u015f\u0131 herhangi bir \u015feyin ya\u015fanmad\u0131\u011f\u0131 etapta zafer Etixx-QuickStep tak\u0131m\u0131n\u0131n \u0130ngiliz pedal\u0131 Mark Cavendish\u2019in oldu. Kendisi bu etab\u0131 ge\u00e7en sene de kazanm\u0131\u015ft\u0131.<\/p>\n<p><a href=\"https:\/\/i0.wp.com\/aynakol.org\/wp-content\/uploads\/2015\/04\/wpid-img_20150427_081150.jpg\"><img data-recalc-dims=\"1\" decoding=\"async\" class=\"alignnone size-full\" title=\"IMG_20150427_081150.jpg\" src=\"https:\/\/i0.wp.com\/aynakol.org\/wp-content\/uploads\/2015\/04\/wpid-img_20150427_081150.jpg?w=860\" alt=\"image\" \/><\/a><\/p>\n<p>Toplu sprint biti\u015finde Orica-GreenEDGE tak\u0131m\u0131ndan Caleb Ewan ikinci olurken Bardiani &#8211; CSF Pro Team tak\u0131m\u0131nda forma Nicola Ruffoni \u00fc\u00e7\u00fcnc\u00fc oldu.<\/p>\n<p>Alanya etab\u0131n\u0131n m\u00fcdavimi Lotto-Soudal tak\u0131m\u0131n\u0131n y\u0131ld\u0131z\u0131 Andr\u00e9 Graipel ise g\u00fcn\u00fcn \u015fanss\u0131z ismiydi. Zira, iyi bir pozisyon almaya \u00e7al\u0131\u015f\u0131rken s\u00fcrekli taktiksel olarak The Gorilla&#8217;n\u0131n onu kesildi ve son 50 metreye girildi\u011finde isyan edip hayk\u0131rd\u0131.<\/p>\n<blockquote class=\"twitter-tweet\" lang=\"tr\"><p><a href=\"https:\/\/twitter.com\/hashtag\/TUR2015?src=hash\">#TUR2015<\/a>: A great effort by <a href=\"https:\/\/twitter.com\/CalebEwan\">@CalebEwan<\/a> for a close 2nd against a top field. <a href=\"http:\/\/t.co\/ZI0e1kkTUM\">pic.twitter.com\/ZI0e1kkTUM<\/a><\/p>\n<p>\u2014 ORICA-GreenEDGE (@ORICA_GreenEDGE) <a href=\"https:\/\/twitter.com\/ORICA_GreenEDGE\/status\/592300166218174464\">26 Nisan 2015<\/a><\/p><\/blockquote>\n<p><script src=\"\/\/platform.twitter.com\/widgets.js\" async=\"\" charset=\"utf-8\"><\/script><\/p>\n<p>Tam bir tak\u0131m \u00e7al\u0131\u015fmas\u0131yla kazan\u0131lan etapta Mark Cavendish kadar konu\u015fulmas\u0131 gereken bir di\u011fer isim Mark Renshaw; kendisi tak\u0131m lideri Cavendish&#8217;i biti\u015fe kadar azim ve s\u00fcratle, di\u011fer pedallar\u0131 oyundan d\u00fc\u015f\u00fcrerek getirmesini bildi. Mark Renshaw tam bir g\u00f6rev adam\u0131!<\/p>\n<p><strong>Etab\u0131n son 10 kilometresi:<\/strong><\/p>\n<p><iframe loading=\"lazy\" src=\"https:\/\/www.youtube.com\/embed\/MJJ8yXjThC0\" width=\"560\" height=\"315\" frameborder=\"0\" allowfullscreen=\"allowfullscreen\"><\/iframe><\/p>\n<p>Ge\u00e7ti\u011fimiz sene podyumda Cavendish&#8217;e Almanyan\u0131n gururu bir kucak dolusu muz takdim edilmi\u015fti. Gelenek bu sene de bozulmad\u0131: Cavendish sevemedi\u011fi muzlarla ba\u015fba\u015fa kald\u0131:<br \/>\n<a href=\"https:\/\/i0.wp.com\/aynakol.org\/wp-content\/uploads\/2015\/04\/wpid-img_20150427_081113.jpg\"><img data-recalc-dims=\"1\" decoding=\"async\" class=\"alignnone size-full\" title=\"IMG_20150427_081113.jpg\" src=\"https:\/\/i0.wp.com\/aynakol.org\/wp-content\/uploads\/2015\/04\/wpid-img_20150427_081113.jpg?w=860\" alt=\"image\" \/><\/a><\/p>\n<p><a href=\"https:\/\/gallery.mailchimp.com\/61d239a2ce82ebba7533d455e\/files\/01_full_results.pdf\"><strong>Birinci etap sonu\u00e7lar\u0131:<\/strong><\/a><\/p>\n<ol>\n<li>GBR\u00a0 1\u00a0 CAVENDISH, Mark (ETIXX &#8211; QUICK STEP)\u00a0\u00a0 3:17:58<\/li>\n<li>AUS\u00a0 2\u00a0 EWAN, Caleb (ORICA GreenEDGE)<\/li>\n<li>ITA\u00a0 3\u00a0 RUFFONI, Nicola (BARDIANI CSF)<\/li>\n<li>ITA\u00a0 4\u00a0 MODOLO, Sacha (LAMPRE &#8211; MERIDA)<\/li>\n<li>\u00a0NED\u00a0 5\u00a0 BOS, Theo (MTN &#8211; QHUBEKA)<\/li>\n<li>SVK\u00a0 6\u00a0 KOL\u00c1R, Michal (TINKOFF &#8211; SAXO)<\/li>\n<li>ITA\u00a0 7\u00a0 RATTO, Daniele (UNITEDHEALTHCARE)<\/li>\n<li>GER\u00a0 8\u00a0 GREIPEL, Andr\u00e9 (LOTTO SOUDAL)<\/li>\n<li>AUS\u00a0 9\u00a0 JONES, Brenton (DRAPAC)<\/li>\n<li>ITA\u00a0 10 MARECZKO, Jakub (SOUTHEAST)<\/li>\n<\/ol>\n<p>&nbsp;<\/p>\n<p><strong>Birinci etap sonras\u0131 genel klasman s\u0131ralamas\u0131<\/strong><\/p>\n<ol>\n<li>GBR\u00a0 1\u00a0 CAVENDISH, Mark (ETIXX &#8211; QUICK STEP)\u00a0\u00a0 3:17:58 Turkuaz mayo<\/li>\n<li>AUS\u00a0 2\u00a0 EWAN, Caleb (ORICA GreenEDGE)<\/li>\n<li>ITA\u00a0 3\u00a0 RUFFONI, Nicola (BARDIANI CSF)<\/li>\n<li>ITA\u00a0 4\u00a0 MODOLO, Sacha (LAMPRE &#8211; MERIDA)<\/li>\n<li>NED\u00a0 5\u00a0 BOS, Theo (MTN &#8211; QHUBEKA)<\/li>\n<li>SVK\u00a0 6\u00a0 KOL\u00c1R, Michal (TINKOFF &#8211; SAXO)<\/li>\n<li>ITA\u00a0 7\u00a0 RATTO, Daniele (UNITEDHEALTHCARE)<\/li>\n<li>GER\u00a0 8\u00a0 GREIPEL, Andr\u00e9 (LOTTO SOUDAL)<\/li>\n<li>AUS\u00a0 9\u00a0 JONES, Brenton (DRAPAC)<\/li>\n<li>ITA\u00a0 10 MARECZKO, Jakub (SOUTHEAST)<\/li>\n<\/ol>\n<p>Etaptan foto\u011fraflar i\u00e7in:<\/p>\n<ul>\n<li><a href=\"http:\/\/www.steephill.tv\/2015\/tour-of-turkey\/photos\/stage-01\/\">SteepHill.TV <\/a>objektiflerine ba\u011flan\u0131yoruz&#8230;<\/li>\n<li>Ayr\u0131ca Kei Tsuji&#8217;yi de takip edebilirsiniz: <strong><a href=\"https:\/\/twitter.com\/keitsuji\" target=\"_blank\">@keitsuji<\/a><\/strong><\/li>\n<\/ul>\n","protected":false},"excerpt":{"rendered":"<p>Bu y\u0131l 51. kez\u0131 pedallanacak Cumhurba\u015fkanl\u0131\u011f\u0131 Bisiklet Turunun a\u00e7\u0131l\u0131\u015f\u0131 i\u00e7in 21 tak\u0131mdan 168 pedalAlanya &#8211; Alanya sprint etab\u0131nda turkuaz mayo i\u00e7in m\u00fccadele edecek! 1. etap [&#8230;]<\/p>\n","protected":false},"author":1,"featured_media":922,"comment_status":"open","ping_status":"open","sticky":false,"template":"","format":"standard","meta":{"jetpack_post_was_ever_published":false,"_jetpack_newsletter_access":"","_jetpack_dont_email_post_to_subs":false,"_jetpack_newsletter_tier_id":0,"_jetpack_memberships_contains_paywalled_content":false,"_jetpack_memberships_contains_paid_content":false,"footnotes":"","jetpack_publicize_message":"","jetpack_publicize_feature_enabled":true,"jetpack_social_post_already_shared":true,"jetpack_social_options":{"image_generator_settings":{"template":"highway","default_image_id":0,"font":"","enabled":false},"version":2}},"categories":[704],"tags":[680,708,710,24,17,707,709,625,485,18,46,706,676,677,679],"class_list":["post-915","post","type-post","status-publish","format-standard","has-post-thumbnail","hentry","category-tur","tag-alanya","tag-andre-graipel","tag-argeus-truzm","tag-astana","tag-bisiklet-turu","tag-etixx-quickstep","tag-guardini","tag-lotto-soudal","tag-mark-cavendish","tag-tinkoff-saxo","tag-tom-boonen","tag-tourofturkey","tag-tur2014","tag-tur2015","tag-turkiye-bisiklet-turu"],"jetpack_publicize_connections":[],"jetpack_featured_media_url":"https:\/\/i0.wp.com\/aynakol.org\/wp-content\/uploads\/2015\/04\/TUR2015_stage_1_alanya_alanya_header.jpg?fit=800%2C251&ssl=1","jetpack_sharing_enabled":true,"jetpack_shortlink":"https:\/\/wp.me\/p51p4O-eL","jetpack_likes_enabled":true,"jetpack-related-posts":[{"id":887,"url":"https:\/\/aynakol.org\/?p=887","url_meta":{"origin":915,"position":0},"title":"51. Cumhurba\u015fkanl\u0131\u011f\u0131 T\u00fcrkiye Bisiklet Turu etap incelemeleri","author":"Ayd\u0131n Bez","date":"24 Nisan 2015","format":false,"excerpt":"TUR 2015 tan\u0131t\u0131m filmi - Tour of Turkey - Vimeo. 51. kez pedallanacak 8 g\u00fcn s\u00fcrecek Cumhurba\u015fkanl\u0131\u011f\u0131 Bisiklet Turu (k\u0131saca TUR2015 diyece\u011fiz) bu sene de Alanyadan ba\u015flay\u0131p tarihin de\u011fil de in\u015faat\u00e7\u0131lar\u0131n, hafriyat kamyonlar\u0131n\u0131n ve rant\u00e7\u0131lar\u0131n bulu\u015fma noktas\u0131 \u0130stanbulda sona erecek. 21 tak\u0131mdan 168 sporcunun 8 g\u00fcn s\u00fcresince yakla\u015f\u0131k 1260 km\u2026","rel":"","context":"&quot;Tour of Turkey&quot; i\u00e7inde","block_context":{"text":"Tour of Turkey","link":"https:\/\/aynakol.org\/?cat=704"},"img":{"alt_text":"","src":"https:\/\/i0.wp.com\/aynakol.org\/wp-content\/uploads\/2015\/04\/Tour_of_turkey_2014_stage_8_istanbul_istanbul.jpg?fit=1001%2C655&ssl=1&resize=350%2C200","width":350,"height":200,"srcset":"https:\/\/i0.wp.com\/aynakol.org\/wp-content\/uploads\/2015\/04\/Tour_of_turkey_2014_stage_8_istanbul_istanbul.jpg?fit=1001%2C655&ssl=1&resize=350%2C200 1x, https:\/\/i0.wp.com\/aynakol.org\/wp-content\/uploads\/2015\/04\/Tour_of_turkey_2014_stage_8_istanbul_istanbul.jpg?fit=1001%2C655&ssl=1&resize=525%2C300 1.5x, https:\/\/i0.wp.com\/aynakol.org\/wp-content\/uploads\/2015\/04\/Tour_of_turkey_2014_stage_8_istanbul_istanbul.jpg?fit=1001%2C655&ssl=1&resize=700%2C400 2x"},"classes":[]},{"id":928,"url":"https:\/\/aynakol.org\/?p=928","url_meta":{"origin":915,"position":1},"title":"#TUR2015 2. Etap: Alanya &#8211; Antalya","author":"Ayd\u0131n Bez","date":"27 Nisan 2015","format":false,"excerpt":"\u00a0 2. etap: Alanya - Antalya: 182 km (27 Nisan) Alanya - Antalya aras\u0131nda pedallanacak 182 km uzunlu\u011fundaki 2. etapta t\u0131rman\u0131\u015f primi bulunmuyor. Ge\u00e7en seneki etapla ayn\u0131, bildi\u011fimiz sprint etab\u0131, tek fark Kemer yerine Antalyada bitecek olmas\u0131 ve uzunlu\u011fu. TUR2014'de Alanya - Kemer aras\u0131 pedallanan etapta zafer Omega Pharma -\u2026","rel":"","context":"&quot;Tour of Turkey&quot; i\u00e7inde","block_context":{"text":"Tour of Turkey","link":"https:\/\/aynakol.org\/?cat=704"},"img":{"alt_text":"","src":"https:\/\/i0.wp.com\/aynakol.org\/wp-content\/uploads\/2015\/04\/TUR2015_stage_2_poster_alanya_antalya.jpg?fit=800%2C294&ssl=1&resize=350%2C200","width":350,"height":200,"srcset":"https:\/\/i0.wp.com\/aynakol.org\/wp-content\/uploads\/2015\/04\/TUR2015_stage_2_poster_alanya_antalya.jpg?fit=800%2C294&ssl=1&resize=350%2C200 1x, https:\/\/i0.wp.com\/aynakol.org\/wp-content\/uploads\/2015\/04\/TUR2015_stage_2_poster_alanya_antalya.jpg?fit=800%2C294&ssl=1&resize=525%2C300 1.5x, https:\/\/i0.wp.com\/aynakol.org\/wp-content\/uploads\/2015\/04\/TUR2015_stage_2_poster_alanya_antalya.jpg?fit=800%2C294&ssl=1&resize=700%2C400 2x"},"classes":[]},{"id":945,"url":"https:\/\/aynakol.org\/?p=945","url_meta":{"origin":915,"position":2},"title":"#TUR2015 3. Etap Kemer &#8211; Elmal\u0131","author":"Ayd\u0131n Bez","date":"27 Nisan 2015","format":false,"excerpt":"3. etap: Kemer - Elmal\u0131: 165 km (28 Nisan) \u0130lk iki d\u00fcz etaptan sonra biraz da t\u0131rman\u0131\u015f etab\u0131 izlemek herkesi heyecanland\u0131racakt\u0131r. TUR2015'in 165 km uzunlu\u011fundaki Kemer - Elmal\u0131 3. etab\u0131 milli ve efsanevi bisiklet\u00e7imiz R\u0131fat \u00c7al\u0131\u015fkan onuruna pedallanacak. Canl\u0131 yay\u0131n ekibi \u00e7ekerse dikkatli g\u00f6zler zirveye do\u011fru R\u0131fat \u00c7al\u0131\u015fkan isminin yollara\u2026","rel":"","context":"&quot;Tour of Turkey&quot; i\u00e7inde","block_context":{"text":"Tour of Turkey","link":"https:\/\/aynakol.org\/?cat=704"},"img":{"alt_text":"","src":"https:\/\/i0.wp.com\/aynakol.org\/wp-content\/uploads\/2015\/04\/TUR2015_stage_3_poster_kemer_elmali.png?fit=800%2C554&ssl=1&resize=350%2C200","width":350,"height":200,"srcset":"https:\/\/i0.wp.com\/aynakol.org\/wp-content\/uploads\/2015\/04\/TUR2015_stage_3_poster_kemer_elmali.png?fit=800%2C554&ssl=1&resize=350%2C200 1x, https:\/\/i0.wp.com\/aynakol.org\/wp-content\/uploads\/2015\/04\/TUR2015_stage_3_poster_kemer_elmali.png?fit=800%2C554&ssl=1&resize=525%2C300 1.5x, https:\/\/i0.wp.com\/aynakol.org\/wp-content\/uploads\/2015\/04\/TUR2015_stage_3_poster_kemer_elmali.png?fit=800%2C554&ssl=1&resize=700%2C400 2x"},"classes":[]},{"id":1033,"url":"https:\/\/aynakol.org\/?p=1033","url_meta":{"origin":915,"position":3},"title":"#TUR2015 8. Etap: \u0130stanbul &#8211; istanbul","author":"Ayd\u0131n Bez","date":"2 May\u0131s 2015","format":false,"excerpt":"7. etab\u0131n k\u0131sa \u00f6zeti Etixx-QuickStep tak\u0131m\u0131n\u0131n son 10 km'de b\u00f6l\u00fcnen pelotonu birle\u015ftirip Mark Cavendish'i etap galibiyetine ta\u015f\u0131d\u0131klar\u0131 168 km uzunlu\u011fundaki Sel\u00e7uk - \u0130zmir aras\u0131nda pedallanan TUR2015 7. etab\u0131nda adeta di\u011fer tak\u0131mlara ders verdiler. B\u00f6ylece Mark Cavendish ge\u00e7en senede dahil olmak \u00fczere TUR boyunca 7 etap zaferi elde etti. Biti\u015fe son\u2026","rel":"","context":"&quot;Tour of Turkey&quot; i\u00e7inde","block_context":{"text":"Tour of Turkey","link":"https:\/\/aynakol.org\/?cat=704"},"img":{"alt_text":"","src":"https:\/\/i0.wp.com\/aynakol.org\/wp-content\/uploads\/2015\/05\/TUR2015_stage_8_home_of_istanbul_poster.jpg?fit=1200%2C675&ssl=1&resize=350%2C200","width":350,"height":200,"srcset":"https:\/\/i0.wp.com\/aynakol.org\/wp-content\/uploads\/2015\/05\/TUR2015_stage_8_home_of_istanbul_poster.jpg?fit=1200%2C675&ssl=1&resize=350%2C200 1x, https:\/\/i0.wp.com\/aynakol.org\/wp-content\/uploads\/2015\/05\/TUR2015_stage_8_home_of_istanbul_poster.jpg?fit=1200%2C675&ssl=1&resize=525%2C300 1.5x, https:\/\/i0.wp.com\/aynakol.org\/wp-content\/uploads\/2015\/05\/TUR2015_stage_8_home_of_istanbul_poster.jpg?fit=1200%2C675&ssl=1&resize=700%2C400 2x, https:\/\/i0.wp.com\/aynakol.org\/wp-content\/uploads\/2015\/05\/TUR2015_stage_8_home_of_istanbul_poster.jpg?fit=1200%2C675&ssl=1&resize=1050%2C600 3x"},"classes":[]},{"id":2462,"url":"https:\/\/aynakol.org\/?p=2462","url_meta":{"origin":915,"position":4},"title":"Cumhurba\u015fkanl\u0131\u011f\u0131 Bisiklet Turu Rotas\u0131nda De\u011fi\u015fiklik Var!","author":"Ayd\u0131n Bez","date":"14 \u015eubat 2016","format":false,"excerpt":"#TUR2016 52. Cumhurba\u015fkanl\u0131\u011f\u0131 Bisiklet Turunda de\u011fi\u015fiklikler var, hem de ciddi de\u011fi\u015fiklikler. S\u0131zan son bilgilere g\u00f6re 2012 y\u0131l\u0131ndan beri Alanyadan ba\u015flay\u0131p Akdeniz ve Ege K\u0131y\u0131lar\u0131 boyunca ilerleyen, \u0130stanbulda sona eren Cumhurba\u015fkanl\u0131\u011f\u0131 Bisiklet Turu bu sene \u0130stanbulda ba\u015flay\u0131p Egeden \u0130\u00e7 Anadoluya, buradan da Akdeniz k\u0131y\u0131lar\u0131na uzan\u0131p Alanyada sona erecek. \u0130stanbulda ba\u015flayacak TUR2016\u2026","rel":"","context":"&quot;Tour of Turkey&quot; i\u00e7inde","block_context":{"text":"Tour of Turkey","link":"https:\/\/aynakol.org\/?cat=704"},"img":{"alt_text":"","src":"https:\/\/i0.wp.com\/aynakol.org\/wp-content\/uploads\/2016\/02\/54fad9d37b998460459b95f1.jpg?fit=719%2C440&ssl=1&resize=350%2C200","width":350,"height":200,"srcset":"https:\/\/i0.wp.com\/aynakol.org\/wp-content\/uploads\/2016\/02\/54fad9d37b998460459b95f1.jpg?fit=719%2C440&ssl=1&resize=350%2C200 1x, https:\/\/i0.wp.com\/aynakol.org\/wp-content\/uploads\/2016\/02\/54fad9d37b998460459b95f1.jpg?fit=719%2C440&ssl=1&resize=525%2C300 1.5x, https:\/\/i0.wp.com\/aynakol.org\/wp-content\/uploads\/2016\/02\/54fad9d37b998460459b95f1.jpg?fit=719%2C440&ssl=1&resize=700%2C400 2x"},"classes":[]},{"id":1013,"url":"https:\/\/aynakol.org\/?p=1013","url_meta":{"origin":915,"position":5},"title":"#TUR2015 7. Etap: Sel\u00e7uk &#8211; \u0130zmir","author":"Ayd\u0131n Bez","date":"2 May\u0131s 2015","format":false,"excerpt":"6. etap k\u0131sa \u00f6zeti... D\u00fcnk\u00fc Meryem Ana Evi zirvesinde liderli\u011fin el de\u011fi\u015ftirmesiyle bug\u00fcn Turkuaz Mayoyu Lampre-Merida tak\u0131m\u0131ndan Kristijan Durasek ta\u015f\u0131yacak; ayn\u0131 zamanda Ye\u015fil Mayonun da Lampre-Merida tak\u0131m\u0131nda oldu\u011funu ekleyelim. 7. etap: Sel\u00e7uk - \u0130zmir: 168 km (2 May\u0131s) TUR'un sprint etaplar\u0131 b\u00fct\u00fcnl\u00fc\u011f\u00fcnden s\u0131yr\u0131l\u0131p da daha \u00e7ok kategorilenmi\u015f t\u0131rman\u0131\u015f i\u00e7ermesi b\u00fcy\u00fck\u2026","rel":"","context":"&quot;Tour of Turkey&quot; i\u00e7inde","block_context":{"text":"Tour of Turkey","link":"https:\/\/aynakol.org\/?cat=704"},"img":{"alt_text":"","src":"https:\/\/i0.wp.com\/aynakol.org\/wp-content\/uploads\/2015\/05\/TUR2015_stage_7_home_of_turkey_selcuk_izmir_poster.jpg?fit=1200%2C675&ssl=1&resize=350%2C200","width":350,"height":200,"srcset":"https:\/\/i0.wp.com\/aynakol.org\/wp-content\/uploads\/2015\/05\/TUR2015_stage_7_home_of_turkey_selcuk_izmir_poster.jpg?fit=1200%2C675&ssl=1&resize=350%2C200 1x, https:\/\/i0.wp.com\/aynakol.org\/wp-content\/uploads\/2015\/05\/TUR2015_stage_7_home_of_turkey_selcuk_izmir_poster.jpg?fit=1200%2C675&ssl=1&resize=525%2C300 1.5x, https:\/\/i0.wp.com\/aynakol.org\/wp-content\/uploads\/2015\/05\/TUR2015_stage_7_home_of_turkey_selcuk_izmir_poster.jpg?fit=1200%2C675&ssl=1&resize=700%2C400 2x, https:\/\/i0.wp.com\/aynakol.org\/wp-content\/uploads\/2015\/05\/TUR2015_stage_7_home_of_turkey_selcuk_izmir_poster.jpg?fit=1200%2C675&ssl=1&resize=1050%2C600 3x"},"classes":[]}],"_links":{"self":[{"href":"https:\/\/aynakol.org\/index.php?rest_route=\/wp\/v2\/posts\/915","targetHints":{"allow":["GET"]}}],"collection":[{"href":"https:\/\/aynakol.org\/index.php?rest_route=\/wp\/v2\/posts"}],"about":[{"href":"https:\/\/aynakol.org\/index.php?rest_route=\/wp\/v2\/types\/post"}],"author":[{"embeddable":true,"href":"https:\/\/aynakol.org\/index.php?rest_route=\/wp\/v2\/users\/1"}],"replies":[{"embeddable":true,"href":"https:\/\/aynakol.org\/index.php?rest_route=%2Fwp%2Fv2%2Fcomments&post=915"}],"version-history":[{"count":8,"href":"https:\/\/aynakol.org\/index.php?rest_route=\/wp\/v2\/posts\/915\/revisions"}],"predecessor-version":[{"id":937,"href":"https:\/\/aynakol.org\/index.php?rest_route=\/wp\/v2\/posts\/915\/revisions\/937"}],"wp:featuredmedia":[{"embeddable":true,"href":"https:\/\/aynakol.org\/index.php?rest_route=\/wp\/v2\/media\/922"}],"wp:attachment":[{"href":"https:\/\/aynakol.org\/index.php?rest_route=%2Fwp%2Fv2%2Fmedia&parent=915"}],"wp:term":[{"taxonomy":"category","embeddable":true,"href":"https:\/\/aynakol.org\/index.php?rest_route=%2Fwp%2Fv2%2Fcategories&post=915"},{"taxonomy":"post_tag","embeddable":true,"href":"https:\/\/aynakol.org\/index.php?rest_route=%2Fwp%2Fv2%2Ftags&post=915"}],"curies":[{"name":"wp","href":"https:\/\/api.w.org\/{rel}","templated":true}]}}