{"id":9512,"date":"2025-07-17T00:26:53","date_gmt":"2025-07-16T21:26:53","guid":{"rendered":"https:\/\/aynakol.org\/?p=9512"},"modified":"2025-07-18T22:42:19","modified_gmt":"2025-07-18T19:42:19","slug":"tour-de-france-2025-12-etap-auch-hautacam-1806-km","status":"publish","type":"post","link":"https:\/\/aynakol.org\/?p=9512","title":{"rendered":"Tour de France 2025 12. Etap: Auch > Hautacam, 180,6 km"},"content":{"rendered":"<p><span style=\"font-size: 14pt; font-family: georgia, palatino, serif;\"><strong>12. Etab\u0131n incelemesi<\/strong><\/span><\/p>\n<p><span style=\"font-size: 12pt; font-family: georgia, palatino, serif;\">Ve geldik Pirenelere&#8230; \u00dclkenin g\u00fcney bat\u0131 k\u0131sm\u0131nda \u0130spanya ile do\u011fal s\u0131n\u0131r\u0131 belirleyen y\u00fcce Pireneler s\u0131ra da\u011flar\u0131nday\u0131z. 180,6 km uzunlu\u011fundaki etap bu senenin ilk ciddi da\u011fl\u0131k t\u0131rman\u0131\u015f\u0131na ev sahipli\u011fi yap\u0131yor: Roma \u0130mparatorlu\u011fu zaman\u0131nda kurulan Le Gern nehri k\u0131y\u0131ndaki Auch k\u00f6m\u00fcn\u00fcnden ba\u015flayan etap 180,6 km sonunda zorlu Hautacam Da\u011f\u0131nda sona erecek. <\/span><\/p>\n<p><img data-recalc-dims=\"1\" loading=\"lazy\" decoding=\"async\" data-attachment-id=\"9524\" data-permalink=\"https:\/\/aynakol.org\/?attachment_id=9524\" data-orig-file=\"https:\/\/i0.wp.com\/aynakol.org\/wp-content\/uploads\/2025\/07\/tdf2025_stage12_1.jpg?fit=960%2C576&amp;ssl=1\" data-orig-size=\"960,576\" data-comments-opened=\"1\" data-image-meta=\"{&quot;aperture&quot;:&quot;0&quot;,&quot;credit&quot;:&quot;&quot;,&quot;camera&quot;:&quot;&quot;,&quot;caption&quot;:&quot;&quot;,&quot;created_timestamp&quot;:&quot;0&quot;,&quot;copyright&quot;:&quot;&quot;,&quot;focal_length&quot;:&quot;0&quot;,&quot;iso&quot;:&quot;0&quot;,&quot;shutter_speed&quot;:&quot;0&quot;,&quot;title&quot;:&quot;&quot;,&quot;orientation&quot;:&quot;0&quot;}\" data-image-title=\"tdf2025_stage12_1\" data-image-description=\"\" data-image-caption=\"\" data-large-file=\"https:\/\/i0.wp.com\/aynakol.org\/wp-content\/uploads\/2025\/07\/tdf2025_stage12_1.jpg?fit=860%2C516&amp;ssl=1\" class=\"aligncenter size-full wp-image-9524\" src=\"https:\/\/i0.wp.com\/aynakol.org\/wp-content\/uploads\/2025\/07\/tdf2025_stage12_1.jpg?resize=860%2C516\" alt=\"\" width=\"860\" height=\"516\" srcset=\"https:\/\/i0.wp.com\/aynakol.org\/wp-content\/uploads\/2025\/07\/tdf2025_stage12_1.jpg?w=960&amp;ssl=1 960w, https:\/\/i0.wp.com\/aynakol.org\/wp-content\/uploads\/2025\/07\/tdf2025_stage12_1.jpg?resize=300%2C180&amp;ssl=1 300w, https:\/\/i0.wp.com\/aynakol.org\/wp-content\/uploads\/2025\/07\/tdf2025_stage12_1.jpg?resize=768%2C461&amp;ssl=1 768w\" sizes=\"auto, (max-width: 860px) 100vw, 860px\" \/><\/p>\n<p><span style=\"font-size: 12pt; font-family: georgia, palatino, serif;\">Etab\u0131n 122 km&#8217;si g\u00fcle oynaya pedallanacak bir kolayl\u0131kta, g\u00fc\u00e7l\u00fc bir ka\u00e7\u0131\u015f g\u00fcn\u00fcn ilk s\u0131nav\u0131 Col du Doulor eteklerine karde\u015f karde\u015f gelse de t\u0131rman\u0131\u015fta il\u015fer de\u011fi\u015fecek; zira 12 km uzunlu\u011funda ve zirvesinden 1474 mt rak\u0131mdan ge\u00e7it geride kal\u0131r kalmaz 800 metreye dek inilecek ve g\u00fcn\u00fcn ikinci t\u0131rman\u0131\u015f\u0131 ba\u015flayaca: Col des Borderes. <\/span><\/p>\n<p><img data-recalc-dims=\"1\" loading=\"lazy\" decoding=\"async\" data-attachment-id=\"9526\" data-permalink=\"https:\/\/aynakol.org\/?attachment_id=9526\" data-orig-file=\"https:\/\/i0.wp.com\/aynakol.org\/wp-content\/uploads\/2025\/07\/tdf2025_stage12_3.jpg?fit=594%2C800&amp;ssl=1\" data-orig-size=\"594,800\" data-comments-opened=\"1\" data-image-meta=\"{&quot;aperture&quot;:&quot;0&quot;,&quot;credit&quot;:&quot;&quot;,&quot;camera&quot;:&quot;&quot;,&quot;caption&quot;:&quot;&quot;,&quot;created_timestamp&quot;:&quot;0&quot;,&quot;copyright&quot;:&quot;&quot;,&quot;focal_length&quot;:&quot;0&quot;,&quot;iso&quot;:&quot;0&quot;,&quot;shutter_speed&quot;:&quot;0&quot;,&quot;title&quot;:&quot;&quot;,&quot;orientation&quot;:&quot;0&quot;}\" data-image-title=\"tdf2025_stage12_3\" data-image-description=\"\" data-image-caption=\"\" data-large-file=\"https:\/\/i0.wp.com\/aynakol.org\/wp-content\/uploads\/2025\/07\/tdf2025_stage12_3.jpg?fit=594%2C800&amp;ssl=1\" class=\"aligncenter size-full wp-image-9526\" src=\"https:\/\/i0.wp.com\/aynakol.org\/wp-content\/uploads\/2025\/07\/tdf2025_stage12_3.jpg?resize=594%2C800\" alt=\"\" width=\"594\" height=\"800\" srcset=\"https:\/\/i0.wp.com\/aynakol.org\/wp-content\/uploads\/2025\/07\/tdf2025_stage12_3.jpg?w=594&amp;ssl=1 594w, https:\/\/i0.wp.com\/aynakol.org\/wp-content\/uploads\/2025\/07\/tdf2025_stage12_3.jpg?resize=223%2C300&amp;ssl=1 223w\" sizes=\"auto, (max-width: 594px) 100vw, 594px\" \/><\/p>\n<p><span style=\"font-size: 12pt; font-family: georgia, palatino, serif;\">3 km k\u0131sal\u0131\u011f\u0131yla kolay g\u00f6r\u00fcnse de ortalama e\u011fimi %8 civar\u0131ndaki\u00a0 Borderes Ge\u00e7idi geride kal\u0131r kalmaz Hautacam eteklerine do\u011fru sonsuz bir serbest d\u00fc\u015f\u00fc\u015f bekliyor pelotonu. Pe\u015f pe\u015fe iki zirvey a\u015fan bacaklar\u0131n dinlenmesi i\u00e7in iyi bir an buras\u0131.<\/span><\/p>\n<p><img data-recalc-dims=\"1\" loading=\"lazy\" decoding=\"async\" data-attachment-id=\"9525\" data-permalink=\"https:\/\/aynakol.org\/?attachment_id=9525\" data-orig-file=\"https:\/\/i0.wp.com\/aynakol.org\/wp-content\/uploads\/2025\/07\/tdf2025_stage12_2.jpg?fit=585%2C800&amp;ssl=1\" data-orig-size=\"585,800\" data-comments-opened=\"1\" data-image-meta=\"{&quot;aperture&quot;:&quot;0&quot;,&quot;credit&quot;:&quot;&quot;,&quot;camera&quot;:&quot;&quot;,&quot;caption&quot;:&quot;&quot;,&quot;created_timestamp&quot;:&quot;0&quot;,&quot;copyright&quot;:&quot;&quot;,&quot;focal_length&quot;:&quot;0&quot;,&quot;iso&quot;:&quot;0&quot;,&quot;shutter_speed&quot;:&quot;0&quot;,&quot;title&quot;:&quot;&quot;,&quot;orientation&quot;:&quot;0&quot;}\" data-image-title=\"tdf2025_stage12_2\" data-image-description=\"\" data-image-caption=\"\" data-large-file=\"https:\/\/i0.wp.com\/aynakol.org\/wp-content\/uploads\/2025\/07\/tdf2025_stage12_2.jpg?fit=585%2C800&amp;ssl=1\" class=\"aligncenter size-full wp-image-9525\" src=\"https:\/\/i0.wp.com\/aynakol.org\/wp-content\/uploads\/2025\/07\/tdf2025_stage12_2.jpg?resize=585%2C800\" alt=\"\" width=\"585\" height=\"800\" srcset=\"https:\/\/i0.wp.com\/aynakol.org\/wp-content\/uploads\/2025\/07\/tdf2025_stage12_2.jpg?w=585&amp;ssl=1 585w, https:\/\/i0.wp.com\/aynakol.org\/wp-content\/uploads\/2025\/07\/tdf2025_stage12_2.jpg?resize=219%2C300&amp;ssl=1 219w\" sizes=\"auto, (max-width: 585px) 100vw, 585px\" \/><span style=\"font-size: 12pt; font-family: georgia, palatino, serif;\">G\u00fcn\u00fcn son t\u0131rman\u0131\u015f\u0131 165. km\u2019de eteklerine y\u00fcz s\u00fcr\u00fclecek Hautacam 13,6 km uzunlu\u011funda. Ortalama e\u011fimi %8 civar\u0131ndaki t\u0131rman\u0131\u015f\u0131n biti\u015f \u00e7izgisine ev sahipli\u011fi yapt\u0131\u011f\u0131 noktada rak\u0131m 1580 metre! Ba\u015flar ba\u015flamaz g\u00fcn boyunca yanan bacaklar t\u0131rman\u0131\u015f\u0131n tam ortas\u0131nda ba\u015flayan ba\u015flay\u0131p 4 km boyunca devam edecek e\u011fimin %10 oldu\u011fu b\u00f6l\u00fcmde Anka Ku\u015fu misali tutu\u015facak; burada yap\u0131lacak bir atak 2200 metre s\u00fcrecek ve \u00e7al\u0131nabilecek t\u00fcm saniyelerin \u00f6nemi b\u00fcy\u00fck, \u00f6n\u00fcm\u00fczdeki bireysel zamana kar\u015f\u0131 etab\u0131 d\u00fc\u015f\u00fcn\u00fcl\u00fcrse\u2026\u00a0<\/span><\/p>\n<p><span style=\"font-size: 12pt; font-family: georgia, palatino, serif;\"><a href=\"https:\/\/aynakol.org\/?p=7156\" target=\"_blank\" rel=\"noopener\">2022 y\u0131l\u0131nda 18. Etapta<\/a> ini\u015fte ya\u015fad\u0131\u011f\u0131 kaza Pogacar\u0131 yormu\u015f, \u00fczerine uydu atak i\u00e7in bekleyen Wout van Aert ile bulu\u015fan Vingego, bromance karde\u015fine atak \u00e7ekip silkelemi\u015f ve ilk Le Tour \u015fampiyonlu\u011funa uzanm\u0131\u015ft\u0131! O zaman sar\u0131 mayo Vingegaard\u0131n s\u0131rt\u0131nda, Pogacar ise elektrik band\u0131 gibi takipteydi&#8230; Devrisi etap yine bir zamana kar\u015f\u0131! Bu sene ise Pogi sar\u0131 mayoda, Vingego ise takipte.\u00a0<\/span><\/p>\n<p>&nbsp;<\/p>\n<p><span style=\"font-size: 14pt; font-family: georgia, palatino, serif;\"><strong>12. etapta neler olmu\u015ftu?<\/strong><\/span><\/p>\n<p><span style=\"font-size: 12pt; font-family: georgia, palatino, serif;\">20!<\/span><\/p>\n<p><span style=\"font-family: georgia, palatino, serif; font-size: 12pt;\">Anlat\u0131lacak pek bir \u015fey yok: Hesap kapat\u0131ld\u0131, intikam al\u0131nd\u0131: Zaferina d\u0131 Tadej Pogacar! <\/span><\/p>\n<p><img data-recalc-dims=\"1\" loading=\"lazy\" decoding=\"async\" data-attachment-id=\"9535\" data-permalink=\"https:\/\/aynakol.org\/?attachment_id=9535\" data-orig-file=\"https:\/\/i0.wp.com\/aynakol.org\/wp-content\/uploads\/2025\/07\/tdf2025_stage12_6.jpg?fit=1000%2C667&amp;ssl=1\" data-orig-size=\"1000,667\" data-comments-opened=\"1\" data-image-meta=\"{&quot;aperture&quot;:&quot;0&quot;,&quot;credit&quot;:&quot;&quot;,&quot;camera&quot;:&quot;&quot;,&quot;caption&quot;:&quot;&quot;,&quot;created_timestamp&quot;:&quot;0&quot;,&quot;copyright&quot;:&quot;&quot;,&quot;focal_length&quot;:&quot;0&quot;,&quot;iso&quot;:&quot;0&quot;,&quot;shutter_speed&quot;:&quot;0&quot;,&quot;title&quot;:&quot;&quot;,&quot;orientation&quot;:&quot;0&quot;}\" data-image-title=\"tdf2025_stage12_6\" data-image-description=\"\" data-image-caption=\"\" data-large-file=\"https:\/\/i0.wp.com\/aynakol.org\/wp-content\/uploads\/2025\/07\/tdf2025_stage12_6.jpg?fit=860%2C574&amp;ssl=1\" class=\"aligncenter size-full wp-image-9535\" src=\"https:\/\/i0.wp.com\/aynakol.org\/wp-content\/uploads\/2025\/07\/tdf2025_stage12_6.jpg?resize=860%2C574\" alt=\"\" width=\"860\" height=\"574\" srcset=\"https:\/\/i0.wp.com\/aynakol.org\/wp-content\/uploads\/2025\/07\/tdf2025_stage12_6.jpg?w=1000&amp;ssl=1 1000w, https:\/\/i0.wp.com\/aynakol.org\/wp-content\/uploads\/2025\/07\/tdf2025_stage12_6.jpg?resize=300%2C200&amp;ssl=1 300w, https:\/\/i0.wp.com\/aynakol.org\/wp-content\/uploads\/2025\/07\/tdf2025_stage12_6.jpg?resize=768%2C512&amp;ssl=1 768w\" sizes=\"auto, (max-width: 860px) 100vw, 860px\" \/><\/p>\n<p><span style=\"font-size: 12pt; font-family: georgia, palatino, serif;\">2022 y\u0131l\u0131nda 17. Etapta Hautacam eteklerinde yaptu\u011f\u0131 kaza sonras\u0131 zirve yolunda Sar\u0131 Mayoyu kaybetmesi kesinle\u015fen Tadej Pogacar \u00fc\u00e7 y\u0131l sonra bug\u00fcn Hautacam eteklerinden zirvesine solukluz bir tempoyla pedallayarak bu seneki 3, kariyerindeki 20. Le Tour etap zaferini kazand\u0131!<\/span><\/p>\n<p>&nbsp;<\/p>\n<p><span style=\"font-size: 14pt; font-family: georgia, palatino, serif;\"><strong>La Flamme Rouge<\/strong><\/span><\/p>\n<p><iframe loading=\"lazy\" title=\"YouTube video player\" src=\"\/\/www.youtube.com\/embed\/WTmL38Q0QUU?si=4vJJHeSBC1Ogl0Kr\" width=\"560\" height=\"315\" frameborder=\"0\" allowfullscreen=\"allowfullscreen\"><\/iframe><\/p>\n<p>&nbsp;<\/p>\n<p><span style=\"font-family: georgia, palatino, serif; font-size: 12pt;\">\u00d6ncelikle etapta t\u00fcm ka\u00e7aklar yakaland\u0131, son kalan Michael Woods kimse beni yakalayamaz yaaaa dercesine pedallarken yan\u0131ba\u015f\u0131ndan cart diye ge\u00e7en Pogacar\u0131 g\u00f6rmesiyle kendisini sonsuz bo\u015flu\u011fa b\u0131rakt\u0131 ve etab\u0131 18 dakika geriden bitirdi.\u00a0<\/span><\/p>\n<p><img data-recalc-dims=\"1\" loading=\"lazy\" decoding=\"async\" data-attachment-id=\"9532\" data-permalink=\"https:\/\/aynakol.org\/?attachment_id=9532\" data-orig-file=\"https:\/\/i0.wp.com\/aynakol.org\/wp-content\/uploads\/2025\/07\/tdf2025_stage12_9.jpg?fit=1000%2C667&amp;ssl=1\" data-orig-size=\"1000,667\" data-comments-opened=\"1\" data-image-meta=\"{&quot;aperture&quot;:&quot;0&quot;,&quot;credit&quot;:&quot;&quot;,&quot;camera&quot;:&quot;&quot;,&quot;caption&quot;:&quot;&quot;,&quot;created_timestamp&quot;:&quot;0&quot;,&quot;copyright&quot;:&quot;&quot;,&quot;focal_length&quot;:&quot;0&quot;,&quot;iso&quot;:&quot;0&quot;,&quot;shutter_speed&quot;:&quot;0&quot;,&quot;title&quot;:&quot;&quot;,&quot;orientation&quot;:&quot;0&quot;}\" data-image-title=\"tdf2025_stage12_9\" data-image-description=\"\" data-image-caption=\"\" data-large-file=\"https:\/\/i0.wp.com\/aynakol.org\/wp-content\/uploads\/2025\/07\/tdf2025_stage12_9.jpg?fit=860%2C574&amp;ssl=1\" class=\"aligncenter size-full wp-image-9532\" src=\"https:\/\/i0.wp.com\/aynakol.org\/wp-content\/uploads\/2025\/07\/tdf2025_stage12_9.jpg?resize=860%2C574\" alt=\"\" width=\"860\" height=\"574\" srcset=\"https:\/\/i0.wp.com\/aynakol.org\/wp-content\/uploads\/2025\/07\/tdf2025_stage12_9.jpg?w=1000&amp;ssl=1 1000w, https:\/\/i0.wp.com\/aynakol.org\/wp-content\/uploads\/2025\/07\/tdf2025_stage12_9.jpg?resize=300%2C200&amp;ssl=1 300w, https:\/\/i0.wp.com\/aynakol.org\/wp-content\/uploads\/2025\/07\/tdf2025_stage12_9.jpg?resize=768%2C512&amp;ssl=1 768w\" sizes=\"auto, (max-width: 860px) 100vw, 860px\" \/><\/p>\n<p><span style=\"font-family: georgia, palatino, serif; font-size: 12pt;\">Hautacam t\u0131rman\u0131\u015f\u0131n\u0131n ba\u015f\u0131nda g\u00fcn\u00fcn esas ka\u00e7\u0131\u015f\u0131ndan geriye kalan uydu atak eleman\u0131 Tim Wallens ile bulu\u015fan Jnathan Narvaez ve lideri Tadej Pogacar azar azar tempo yap\u0131p izole olmu\u015f Jonas Vingegaard\u0131 adeta test ettiler. Ki, Visma tak\u0131m olarak \u00e7ok sevd\u015fkleir bask\u0131y\u0131 kurmak i\u00e7in tam gaz pedallay\u0131p devasa ka\u00e7\u0131\u015f\u0131 yuta yuta ilerledi. Ancak g\u00fc\u00e7 korunumu da bir yere kadar ve Hautacam eteklerine dek tak\u0131m b\u00fct\u00fcn halde tutunamad\u0131 ve liderleir yaln\u0131z kald\u0131. Pogacar ve Narvaez ikilisi bakt\u0131lar ki Vingego tekerine tutunmakta g\u00fc\u00e7l\u00fck \u00e7ekiyor Pogacar\u0131n, Narvaez o bitirici ata\u011f\u0131n\u0131 yani roketin fitilini yakt\u0131! Ata\u011f\u0131n ba\u015flamas\u0131yla bitmesi aras\u0131nda 400 metre var ya da yoktu ki, Pogacar ok gibi f\u0131rlad\u0131 ve \u00e7ok de\u011fil metreler i\u00e7inde 10 saniye fark olu\u015ftu. <\/span><\/p>\n<p><img data-recalc-dims=\"1\" loading=\"lazy\" decoding=\"async\" data-attachment-id=\"9537\" data-permalink=\"https:\/\/aynakol.org\/?attachment_id=9537\" data-orig-file=\"https:\/\/i0.wp.com\/aynakol.org\/wp-content\/uploads\/2025\/07\/tdf2025_stage12_8.jpg?fit=1000%2C667&amp;ssl=1\" data-orig-size=\"1000,667\" data-comments-opened=\"1\" data-image-meta=\"{&quot;aperture&quot;:&quot;0&quot;,&quot;credit&quot;:&quot;&quot;,&quot;camera&quot;:&quot;&quot;,&quot;caption&quot;:&quot;&quot;,&quot;created_timestamp&quot;:&quot;0&quot;,&quot;copyright&quot;:&quot;&quot;,&quot;focal_length&quot;:&quot;0&quot;,&quot;iso&quot;:&quot;0&quot;,&quot;shutter_speed&quot;:&quot;0&quot;,&quot;title&quot;:&quot;&quot;,&quot;orientation&quot;:&quot;0&quot;}\" data-image-title=\"tdf2025_stage12_8\" data-image-description=\"\" data-image-caption=\"\" data-large-file=\"https:\/\/i0.wp.com\/aynakol.org\/wp-content\/uploads\/2025\/07\/tdf2025_stage12_8.jpg?fit=860%2C574&amp;ssl=1\" class=\"aligncenter size-full wp-image-9537\" src=\"https:\/\/i0.wp.com\/aynakol.org\/wp-content\/uploads\/2025\/07\/tdf2025_stage12_8.jpg?resize=860%2C574\" alt=\"\" width=\"860\" height=\"574\" srcset=\"https:\/\/i0.wp.com\/aynakol.org\/wp-content\/uploads\/2025\/07\/tdf2025_stage12_8.jpg?w=1000&amp;ssl=1 1000w, https:\/\/i0.wp.com\/aynakol.org\/wp-content\/uploads\/2025\/07\/tdf2025_stage12_8.jpg?resize=300%2C200&amp;ssl=1 300w, https:\/\/i0.wp.com\/aynakol.org\/wp-content\/uploads\/2025\/07\/tdf2025_stage12_8.jpg?resize=768%2C512&amp;ssl=1 768w\" sizes=\"auto, (max-width: 860px) 100vw, 860px\" \/><\/p>\n<p><span style=\"font-family: georgia, palatino, serif; font-size: 12pt;\">Zafer ata\u011f\u0131 11 km kala ba\u015flad\u0131 zirveye ve bittirdi\u011fi zaman Pogacar, 2:10 dakika sonra g\u00fc\u00e7 bela bitirebildi etab\u0131 Vingego; etap biraz daha uzun olsayd\u0131 Florian Lipowitz neredeyse yakalayacakt\u0131. <\/span><\/p>\n<p><span style=\"font-family: georgia, palatino, serif; font-size: 12pt;\">Pogacar kariyerinin 20. Le Tour etap zaferini kutlaya ve devam ede dursun, biz birka\u00e7 gen\u00e7 sporcuyu tebrik edelim. <\/span><\/p>\n<p><img data-recalc-dims=\"1\" loading=\"lazy\" decoding=\"async\" data-attachment-id=\"9534\" data-permalink=\"https:\/\/aynakol.org\/?attachment_id=9534\" data-orig-file=\"https:\/\/i0.wp.com\/aynakol.org\/wp-content\/uploads\/2025\/07\/tdf2025_stage12_5.jpg?fit=1000%2C667&amp;ssl=1\" data-orig-size=\"1000,667\" data-comments-opened=\"1\" data-image-meta=\"{&quot;aperture&quot;:&quot;0&quot;,&quot;credit&quot;:&quot;&quot;,&quot;camera&quot;:&quot;&quot;,&quot;caption&quot;:&quot;&quot;,&quot;created_timestamp&quot;:&quot;0&quot;,&quot;copyright&quot;:&quot;&quot;,&quot;focal_length&quot;:&quot;0&quot;,&quot;iso&quot;:&quot;0&quot;,&quot;shutter_speed&quot;:&quot;0&quot;,&quot;title&quot;:&quot;&quot;,&quot;orientation&quot;:&quot;0&quot;}\" data-image-title=\"tdf2025_stage12_5\" data-image-description=\"\" data-image-caption=\"\" data-large-file=\"https:\/\/i0.wp.com\/aynakol.org\/wp-content\/uploads\/2025\/07\/tdf2025_stage12_5.jpg?fit=860%2C574&amp;ssl=1\" class=\"aligncenter size-full wp-image-9534\" src=\"https:\/\/i0.wp.com\/aynakol.org\/wp-content\/uploads\/2025\/07\/tdf2025_stage12_5.jpg?resize=860%2C574\" alt=\"\" width=\"860\" height=\"574\" srcset=\"https:\/\/i0.wp.com\/aynakol.org\/wp-content\/uploads\/2025\/07\/tdf2025_stage12_5.jpg?w=1000&amp;ssl=1 1000w, https:\/\/i0.wp.com\/aynakol.org\/wp-content\/uploads\/2025\/07\/tdf2025_stage12_5.jpg?resize=300%2C200&amp;ssl=1 300w, https:\/\/i0.wp.com\/aynakol.org\/wp-content\/uploads\/2025\/07\/tdf2025_stage12_5.jpg?resize=768%2C512&amp;ssl=1 768w\" sizes=\"auto, (max-width: 860px) 100vw, 860px\" \/><\/p>\n<p><span style=\"font-family: georgia, palatino, serif; font-size: 12pt;\">\u00d6ncelikle Red Bull &#8211; Bora &#8211; hansgrohe tak\u0131m\u0131n\u0131n 21 ya\u015f\u0131ndaki <em>Alman pedal\u0131 Floria Lipowitz<\/em> \u015fahane bir Le Tour pedall\u0131yor: Etab\u0131 Vingegonun hemen ard\u0131ndan ve Remconun da \u00f6n\u00fcnde bitirdi; kendisi \u015fu an genel klasmanda 5:34 dakika geride 4. s\u0131rada yer al\u0131y\u0131or. D\u00fcnk\u00fc etab\u0131n sonunda Pogacar\u0131n tekerine \u00e7arp\u0131p d\u00fc\u015ft\u00fc\u011f\u00fc <em>Norve\u00e7li Tobias Halland Johannessen<\/em> (Uno-X Mobility) de etab\u0131 iyi bir s\u0131rada bitirip kendisini genel klasmanda 2 basamak yukar\u0131 \u00e7ekip 8. s\u0131raya yerle\u015ftirdi. Frans\u0131z Kevin Vauquelin (Arkea &#8211; B&amp;B Hotels) de turun ba\u015f\u0131ndan beri gayet iyi. \u015eunun \u015furas\u0131nda 2019 y\u0131l\u0131nda La Vuelta a Espana da Primoz Roglic f\u0131rt\u0131nas\u0131 eserken kimse Pogacara dikkat etmemi\u015fti bile.\u00a0<\/span><\/p>\n<p><img data-recalc-dims=\"1\" loading=\"lazy\" decoding=\"async\" data-attachment-id=\"9536\" data-permalink=\"https:\/\/aynakol.org\/?attachment_id=9536\" data-orig-file=\"https:\/\/i0.wp.com\/aynakol.org\/wp-content\/uploads\/2025\/07\/tdf2025_stage12_7.jpg?fit=1000%2C667&amp;ssl=1\" data-orig-size=\"1000,667\" data-comments-opened=\"1\" data-image-meta=\"{&quot;aperture&quot;:&quot;0&quot;,&quot;credit&quot;:&quot;&quot;,&quot;camera&quot;:&quot;&quot;,&quot;caption&quot;:&quot;&quot;,&quot;created_timestamp&quot;:&quot;0&quot;,&quot;copyright&quot;:&quot;&quot;,&quot;focal_length&quot;:&quot;0&quot;,&quot;iso&quot;:&quot;0&quot;,&quot;shutter_speed&quot;:&quot;0&quot;,&quot;title&quot;:&quot;&quot;,&quot;orientation&quot;:&quot;0&quot;}\" data-image-title=\"tdf2025_stage12_7\" data-image-description=\"\" data-image-caption=\"\" data-large-file=\"https:\/\/i0.wp.com\/aynakol.org\/wp-content\/uploads\/2025\/07\/tdf2025_stage12_7.jpg?fit=860%2C574&amp;ssl=1\" class=\"aligncenter size-full wp-image-9536\" src=\"https:\/\/i0.wp.com\/aynakol.org\/wp-content\/uploads\/2025\/07\/tdf2025_stage12_7.jpg?resize=860%2C574\" alt=\"\" width=\"860\" height=\"574\" srcset=\"https:\/\/i0.wp.com\/aynakol.org\/wp-content\/uploads\/2025\/07\/tdf2025_stage12_7.jpg?w=1000&amp;ssl=1 1000w, https:\/\/i0.wp.com\/aynakol.org\/wp-content\/uploads\/2025\/07\/tdf2025_stage12_7.jpg?resize=300%2C200&amp;ssl=1 300w, https:\/\/i0.wp.com\/aynakol.org\/wp-content\/uploads\/2025\/07\/tdf2025_stage12_7.jpg?resize=768%2C512&amp;ssl=1 768w\" sizes=\"auto, (max-width: 860px) 100vw, 860px\" \/><\/p>\n<p><span style=\"font-size: 14pt; font-family: georgia, palatino, serif;\"><strong>Etab\u0131n \u00f6ne \u00e7\u0131kan anlar\u0131<\/strong><\/span><\/p>\n<p><iframe loading=\"lazy\" title=\"YouTube video player\" src=\"\/\/www.youtube.com\/embed\/kzfaHR6dTu0?si=diZr-w86cHKRexGl\" width=\"560\" height=\"315\" frameborder=\"0\" allowfullscreen=\"allowfullscreen\"><\/iframe><\/p>\n<p>&nbsp;<\/p>\n<p><span style=\"font-family: georgia, palatino, serif; font-size: 12pt;\">Sar\u0131 May\u0131 yine, yeniden esas sahibine geri d\u00f6nd\u00fc: Tadej Pogacar, Vingegaard\u0131n 2:10 dakika \u00f6n\u00fcnde bitrdi\u011fi etap sonras\u0131 genel klasmand fark\u0131 3:31 dakikaya \u00e7\u0131kartt\u0131; Remco ile fark ise 4:45 dakika! Yar\u0131ndaki zamana kar\u015f\u0131 etab\u0131nda da fark atarsa Pogi, tur bitmi\u015f, seneye g\u00f6r\u00fc\u015f\u00fcr\u00fcz diyebiliriz!<\/span><\/p>\n<p><img data-recalc-dims=\"1\" loading=\"lazy\" decoding=\"async\" data-attachment-id=\"9533\" data-permalink=\"https:\/\/aynakol.org\/?attachment_id=9533\" data-orig-file=\"https:\/\/i0.wp.com\/aynakol.org\/wp-content\/uploads\/2025\/07\/tdf2025_stage12_4.jpg?fit=1000%2C667&amp;ssl=1\" data-orig-size=\"1000,667\" data-comments-opened=\"1\" data-image-meta=\"{&quot;aperture&quot;:&quot;0&quot;,&quot;credit&quot;:&quot;&quot;,&quot;camera&quot;:&quot;&quot;,&quot;caption&quot;:&quot;&quot;,&quot;created_timestamp&quot;:&quot;0&quot;,&quot;copyright&quot;:&quot;&quot;,&quot;focal_length&quot;:&quot;0&quot;,&quot;iso&quot;:&quot;0&quot;,&quot;shutter_speed&quot;:&quot;0&quot;,&quot;title&quot;:&quot;&quot;,&quot;orientation&quot;:&quot;0&quot;}\" data-image-title=\"tdf2025_stage12_4\" data-image-description=\"\" data-image-caption=\"\" data-large-file=\"https:\/\/i0.wp.com\/aynakol.org\/wp-content\/uploads\/2025\/07\/tdf2025_stage12_4.jpg?fit=860%2C574&amp;ssl=1\" class=\"aligncenter size-full wp-image-9533\" src=\"https:\/\/i0.wp.com\/aynakol.org\/wp-content\/uploads\/2025\/07\/tdf2025_stage12_4.jpg?resize=860%2C574\" alt=\"\" width=\"860\" height=\"574\" srcset=\"https:\/\/i0.wp.com\/aynakol.org\/wp-content\/uploads\/2025\/07\/tdf2025_stage12_4.jpg?w=1000&amp;ssl=1 1000w, https:\/\/i0.wp.com\/aynakol.org\/wp-content\/uploads\/2025\/07\/tdf2025_stage12_4.jpg?resize=300%2C200&amp;ssl=1 300w, https:\/\/i0.wp.com\/aynakol.org\/wp-content\/uploads\/2025\/07\/tdf2025_stage12_4.jpg?resize=768%2C512&amp;ssl=1 768w\" sizes=\"auto, (max-width: 860px) 100vw, 860px\" \/><\/p>\n<p>&nbsp;<\/p>\n<p><span style=\"font-size: 14pt; font-family: georgia, palatino, serif;\"><strong>S\u0131ral\u0131 tam liste<\/strong><\/span><\/p>\n<p><iframe loading=\"lazy\" src=\"https:\/\/www.procyclingstats.com\/widgets\/result.php?h=9ffc90c6119c049d32d5ee8c2426ef0bd61f4819\" width=\"520\" height=\"320\"><\/iframe><\/p>\n<p>&nbsp;<\/p>\n","protected":false},"excerpt":{"rendered":"<p>12. Etab\u0131n incelemesi Ve geldik Pirenelere&#8230; \u00dclkenin g\u00fcney bat\u0131 k\u0131sm\u0131nda \u0130spanya ile do\u011fal s\u0131n\u0131r\u0131 belirleyen y\u00fcce Pireneler s\u0131ra da\u011flar\u0131nday\u0131z. 180,6 km uzunlu\u011fundaki etap bu senenin [&#8230;]<\/p>\n","protected":false},"author":1,"featured_media":9517,"comment_status":"open","ping_status":"open","sticky":false,"template":"","format":"standard","meta":{"jetpack_post_was_ever_published":false,"_jetpack_newsletter_access":"","_jetpack_dont_email_post_to_subs":false,"_jetpack_newsletter_tier_id":0,"_jetpack_memberships_contains_paywalled_content":false,"_jetpack_memberships_contains_paid_content":false,"footnotes":"","jetpack_publicize_message":"","jetpack_publicize_feature_enabled":true,"jetpack_social_post_already_shared":true,"jetpack_social_options":{"image_generator_settings":{"template":"highway","default_image_id":0,"font":"","enabled":false},"version":2}},"categories":[89],"tags":[1638,1635,1633],"class_list":["post-9512","post","type-post","status-publish","format-standard","has-post-thumbnail","hentry","category-tour","tag-le-toru-2025","tag-tdf-2025","tag-tdf2025"],"jetpack_publicize_connections":[],"jetpack_featured_media_url":"https:\/\/i0.wp.com\/aynakol.org\/wp-content\/uploads\/2025\/07\/tdf2025_stage11_8.jpg?fit=1000%2C667&ssl=1","jetpack_sharing_enabled":true,"jetpack_shortlink":"https:\/\/wp.me\/p51p4O-2tq","jetpack_likes_enabled":true,"jetpack-related-posts":[{"id":7147,"url":"https:\/\/aynakol.org\/?p=7147","url_meta":{"origin":9512,"position":0},"title":"#TdF2022 18. Etap: Lourdes > Hautacam, 143,2 km","author":"Ayd\u0131n Bez","date":"21 Temmuz 2022","format":false,"excerpt":"Peyragudes zirvesindeki y\u00fcksek irtifa havaliman\u0131n\u0131n pistine \u00e7izilmi\u015f biti\u015f \u00e7izgisinden \u00f6l\u00fcmc\u00fcl %16 e\u011fime kar\u015f\u0131 gelip zafere ad\u0131n\u0131 yazd\u0131ran isim Tadej Pogocar! Alk\u0131\u015f ve \u015fapkay\u0131 sadece Pogacar de\u011fil ba\u015fta ser verip s\u0131r vermez yi\u011fit tak\u0131m arkada\u015f\u0131 Brandon McNulty ve savunmada kal\u0131p Sar\u0131 Mayosunu her t\u00fcrl\u00fc sald\u0131r\u0131ya kar\u015f\u0131 koruyan \u00fczerine atak yap\u0131p g\u00fcc\u00fcn\u00fc\u2026","rel":"","context":"&quot;Tour de France&quot; i\u00e7inde","block_context":{"text":"Tour de France","link":"https:\/\/aynakol.org\/?cat=89"},"img":{"alt_text":"","src":"https:\/\/i0.wp.com\/aynakol.org\/wp-content\/uploads\/2015\/07\/Banner2_Tour.jpg?fit=1200%2C390&ssl=1&resize=350%2C200","width":350,"height":200,"srcset":"https:\/\/i0.wp.com\/aynakol.org\/wp-content\/uploads\/2015\/07\/Banner2_Tour.jpg?fit=1200%2C390&ssl=1&resize=350%2C200 1x, https:\/\/i0.wp.com\/aynakol.org\/wp-content\/uploads\/2015\/07\/Banner2_Tour.jpg?fit=1200%2C390&ssl=1&resize=525%2C300 1.5x, https:\/\/i0.wp.com\/aynakol.org\/wp-content\/uploads\/2015\/07\/Banner2_Tour.jpg?fit=1200%2C390&ssl=1&resize=700%2C400 2x, https:\/\/i0.wp.com\/aynakol.org\/wp-content\/uploads\/2015\/07\/Banner2_Tour.jpg?fit=1200%2C390&ssl=1&resize=1050%2C600 3x"},"classes":[]},{"id":7567,"url":"https:\/\/aynakol.org\/?p=7567","url_meta":{"origin":9512,"position":1},"title":"#TdF2023tr 5. Etap: Pau > Laruns, 162,7 km","author":"Ayd\u0131n Bez","date":"5 Temmuz 2023","format":false,"excerpt":"D\u00fcnk\u00fc etapta neler olmu\u015ftu? Paul Armagnac pistinde sona eren etab\u0131n sonunda zaferin ad\u0131 yine, yeniden Jasper Philipsen! \u00a0 La Flamme Rouge \u00a0 182km uzunlu\u011fundaki etap beklendi\u011fi gibi pelotonun kendi kendisi sele \u00fczerinde transfer etti\u011fi, olays\u0131z bir g\u00fcn olacakken biti\u015f \u00e7izgisine ev sahipli\u011fi yapan Paul Armagnac Pistine girildi ortal\u0131k kar\u0131\u015ft\u0131. Piste\u2026","rel":"","context":"&quot;Tour de France&quot; i\u00e7inde","block_context":{"text":"Tour de France","link":"https:\/\/aynakol.org\/?cat=89"},"img":{"alt_text":"","src":"https:\/\/i0.wp.com\/aynakol.org\/wp-content\/uploads\/2023\/07\/tdf2023_stage4_peloton_3.jpg?fit=1000%2C666&ssl=1&resize=350%2C200","width":350,"height":200,"srcset":"https:\/\/i0.wp.com\/aynakol.org\/wp-content\/uploads\/2023\/07\/tdf2023_stage4_peloton_3.jpg?fit=1000%2C666&ssl=1&resize=350%2C200 1x, https:\/\/i0.wp.com\/aynakol.org\/wp-content\/uploads\/2023\/07\/tdf2023_stage4_peloton_3.jpg?fit=1000%2C666&ssl=1&resize=525%2C300 1.5x, https:\/\/i0.wp.com\/aynakol.org\/wp-content\/uploads\/2023\/07\/tdf2023_stage4_peloton_3.jpg?fit=1000%2C666&ssl=1&resize=700%2C400 2x"},"classes":[]},{"id":5173,"url":"https:\/\/aynakol.org\/?p=5173","url_meta":{"origin":9512,"position":2},"title":"#TdF2017 12. Etap: \tPau \u2192 Peyragudes, 214 km","author":"Ayd\u0131n Bez","date":"13 Temmuz 2017","format":false,"excerpt":"Dinlenme g\u00fcn\u00fc sonras\u0131 Marcel Kittel'in kazand\u0131\u011f\u0131 pe\u015f pe\u015fe iki sprint etab\u0131 geride kal\u0131rken y\u00fcz\u00fcm\u00fcz\u00fc da\u011flara \u00e7evirmenin zaman\u0131 geldi. Art\u0131k genel klasman hesab\u0131 da\u011flarda g\u00f6r\u00fclecek! Sprint etaplar\u0131 diyerek k\u00fc\u00e7\u00fcmsedi\u011fimiz san\u0131lmas\u0131n: Pelotonun \u00f6n taraf\u0131nda sprint m\u00fccadelesi ya\u015fan\u0131rken arka taraf\u0131nda ise genel klasman favorileri ve domestikleri de g\u00fcn\u00fc dinlenerek ge\u00e7iriyorlar. Dinlenme g\u00fcn\u00fc sonras\u0131\u2026","rel":"","context":"&quot;Tour de France&quot; i\u00e7inde","block_context":{"text":"Tour de France","link":"https:\/\/aynakol.org\/?cat=89"},"img":{"alt_text":"","src":"https:\/\/i0.wp.com\/aynakol.org\/wp-content\/uploads\/2017\/07\/TdF2017_stage13_winner_Romain_Bardet1.jpg?fit=1200%2C400&ssl=1&resize=350%2C200","width":350,"height":200,"srcset":"https:\/\/i0.wp.com\/aynakol.org\/wp-content\/uploads\/2017\/07\/TdF2017_stage13_winner_Romain_Bardet1.jpg?fit=1200%2C400&ssl=1&resize=350%2C200 1x, https:\/\/i0.wp.com\/aynakol.org\/wp-content\/uploads\/2017\/07\/TdF2017_stage13_winner_Romain_Bardet1.jpg?fit=1200%2C400&ssl=1&resize=525%2C300 1.5x, https:\/\/i0.wp.com\/aynakol.org\/wp-content\/uploads\/2017\/07\/TdF2017_stage13_winner_Romain_Bardet1.jpg?fit=1200%2C400&ssl=1&resize=700%2C400 2x, https:\/\/i0.wp.com\/aynakol.org\/wp-content\/uploads\/2017\/07\/TdF2017_stage13_winner_Romain_Bardet1.jpg?fit=1200%2C400&ssl=1&resize=1050%2C600 3x"},"classes":[]},{"id":8446,"url":"https:\/\/aynakol.org\/?p=8446","url_meta":{"origin":9512,"position":3},"title":"La Vuelta a Espana 2023 13. etap: Formigal. Huesca la Magia > Col du Tourmalet, 134,7 km","author":"Ayd\u0131n Bez","date":"8 Eyl\u00fcl 2023","format":false,"excerpt":"D\u00fcnk\u00fc Etapta Neler Olmu\u015ftu? Zaragoza kentinde sona eren 151 km uzunlu\u011fundaki 12. Etab\u0131n sonunda zafere a\u00e7\u0131k ara pedallayan isim Juan Sebastian Molano! Ge\u00e7 kalm\u0131\u015f ama hak edilmi\u015f bir zafer! UAE Team Emirates tak\u0131m\u0131n\u0131n 28 ya\u015f\u0131ndaki Kolombiyal\u0131 sprinter pedal\u0131 Molano bu seneki edisyonda tak\u0131m\u0131na ilk etap zaferini kazand\u0131r\u0131rken ge\u00e7en sene de\u2026","rel":"","context":"&quot;Vuelta a Espana&quot; i\u00e7inde","block_context":{"text":"Vuelta a Espana","link":"https:\/\/aynakol.org\/?cat=91"},"img":{"alt_text":"","src":"https:\/\/i0.wp.com\/aynakol.org\/wp-content\/uploads\/2023\/09\/vuelta2023_stage12_peloton.jpg?fit=1000%2C667&ssl=1&resize=350%2C200","width":350,"height":200,"srcset":"https:\/\/i0.wp.com\/aynakol.org\/wp-content\/uploads\/2023\/09\/vuelta2023_stage12_peloton.jpg?fit=1000%2C667&ssl=1&resize=350%2C200 1x, https:\/\/i0.wp.com\/aynakol.org\/wp-content\/uploads\/2023\/09\/vuelta2023_stage12_peloton.jpg?fit=1000%2C667&ssl=1&resize=525%2C300 1.5x, https:\/\/i0.wp.com\/aynakol.org\/wp-content\/uploads\/2023\/09\/vuelta2023_stage12_peloton.jpg?fit=1000%2C667&ssl=1&resize=700%2C400 2x"},"classes":[]},{"id":7588,"url":"https:\/\/aynakol.org\/?p=7588","url_meta":{"origin":9512,"position":4},"title":"#TdF2023 6. Etap: Tarbes > Cauterets-Cambasque, 144,9 km","author":"Ayd\u0131n Bez","date":"6 Temmuz 2023","format":false,"excerpt":"D\u00fcnk\u00fc etapta neler olmu\u015ftu? Pirenelerin kalibne do\u011fru pedallanan 5. etab\u0131n sonunda Laruns kom\u00fcn\u00fcnde zafere ka\u00e7an isim Jai Hindley! La Flamme Rouge \u00a0 BORA - hansgrohe tak\u0131m\u0131n\u0131n 27 ya\u015f\u0131ndaki Avustralyal\u0131 pedal\u0131 g\u00fcn\u00fcn orjinal ka\u00e7\u0131\u015f grubundan geriye kalan tek isimdi. Gariplikte burada zaten! Giro d'Italia 2020'de ikinci, 2023'de Maglia Rosaya uzan\u0131p \u015fampiyon\u2026","rel":"","context":"&quot;Tour de France&quot; i\u00e7inde","block_context":{"text":"Tour de France","link":"https:\/\/aynakol.org\/?cat=89"},"img":{"alt_text":"","src":"https:\/\/i0.wp.com\/aynakol.org\/wp-content\/uploads\/2023\/07\/tdf2023_2023_stage5_winner_jai_hindley.jpg?resize=350%2C200","width":350,"height":200,"srcset":"https:\/\/i0.wp.com\/aynakol.org\/wp-content\/uploads\/2023\/07\/tdf2023_2023_stage5_winner_jai_hindley.jpg?resize=350%2C200 1x, https:\/\/i0.wp.com\/aynakol.org\/wp-content\/uploads\/2023\/07\/tdf2023_2023_stage5_winner_jai_hindley.jpg?resize=525%2C300 1.5x, https:\/\/i0.wp.com\/aynakol.org\/wp-content\/uploads\/2023\/07\/tdf2023_2023_stage5_winner_jai_hindley.jpg?resize=700%2C400 2x"},"classes":[]},{"id":7156,"url":"https:\/\/aynakol.org\/?p=7156","url_meta":{"origin":9512,"position":5},"title":"#TdF2022 19. Etap: Castelnau-Magnoac > Cahors, 188 km","author":"Ayd\u0131n Bez","date":"22 Temmuz 2022","format":false,"excerpt":"D\u00fcn ne ya\u015fand\u0131ysa bug\u00fcn de ayn\u0131s\u0131 ama bu sefer tak\u0131mlar\u0131n ad\u0131 farkl\u0131! Hautacam zirvesinde sona eren 143,2 km uzunlu\u011fundaki \u00e7ilenin sonunda ad\u0131n\u0131 sar\u0131 mayonun tam kalbine yazd\u0131ran isim Jonas Vingegard! \u00a0 Olu\u015fan devasa ka\u00e7\u0131\u015f\u0131n i\u00e7ine Laporte ve Van Aert ikilisini yerle\u015ftiren Jumbo-Visman\u0131n planlar\u0131 etab\u0131n ba\u015f\u0131nda az \u00e7ok belli idi: Kuss,\u2026","rel":"","context":"&quot;Tour de France&quot; i\u00e7inde","block_context":{"text":"Tour de France","link":"https:\/\/aynakol.org\/?cat=89"},"img":{"alt_text":"","src":"https:\/\/i0.wp.com\/aynakol.org\/wp-content\/uploads\/2021\/07\/tdf2021_stage14_peloton_1-1-e1625942717592.jpg?fit=1200%2C362&ssl=1&resize=350%2C200","width":350,"height":200,"srcset":"https:\/\/i0.wp.com\/aynakol.org\/wp-content\/uploads\/2021\/07\/tdf2021_stage14_peloton_1-1-e1625942717592.jpg?fit=1200%2C362&ssl=1&resize=350%2C200 1x, https:\/\/i0.wp.com\/aynakol.org\/wp-content\/uploads\/2021\/07\/tdf2021_stage14_peloton_1-1-e1625942717592.jpg?fit=1200%2C362&ssl=1&resize=525%2C300 1.5x, https:\/\/i0.wp.com\/aynakol.org\/wp-content\/uploads\/2021\/07\/tdf2021_stage14_peloton_1-1-e1625942717592.jpg?fit=1200%2C362&ssl=1&resize=700%2C400 2x, https:\/\/i0.wp.com\/aynakol.org\/wp-content\/uploads\/2021\/07\/tdf2021_stage14_peloton_1-1-e1625942717592.jpg?fit=1200%2C362&ssl=1&resize=1050%2C600 3x"},"classes":[]}],"_links":{"self":[{"href":"https:\/\/aynakol.org\/index.php?rest_route=\/wp\/v2\/posts\/9512","targetHints":{"allow":["GET"]}}],"collection":[{"href":"https:\/\/aynakol.org\/index.php?rest_route=\/wp\/v2\/posts"}],"about":[{"href":"https:\/\/aynakol.org\/index.php?rest_route=\/wp\/v2\/types\/post"}],"author":[{"embeddable":true,"href":"https:\/\/aynakol.org\/index.php?rest_route=\/wp\/v2\/users\/1"}],"replies":[{"embeddable":true,"href":"https:\/\/aynakol.org\/index.php?rest_route=%2Fwp%2Fv2%2Fcomments&post=9512"}],"version-history":[{"count":3,"href":"https:\/\/aynakol.org\/index.php?rest_route=\/wp\/v2\/posts\/9512\/revisions"}],"predecessor-version":[{"id":9542,"href":"https:\/\/aynakol.org\/index.php?rest_route=\/wp\/v2\/posts\/9512\/revisions\/9542"}],"wp:featuredmedia":[{"embeddable":true,"href":"https:\/\/aynakol.org\/index.php?rest_route=\/wp\/v2\/media\/9517"}],"wp:attachment":[{"href":"https:\/\/aynakol.org\/index.php?rest_route=%2Fwp%2Fv2%2Fmedia&parent=9512"}],"wp:term":[{"taxonomy":"category","embeddable":true,"href":"https:\/\/aynakol.org\/index.php?rest_route=%2Fwp%2Fv2%2Fcategories&post=9512"},{"taxonomy":"post_tag","embeddable":true,"href":"https:\/\/aynakol.org\/index.php?rest_route=%2Fwp%2Fv2%2Ftags&post=9512"}],"curies":[{"name":"wp","href":"https:\/\/api.w.org\/{rel}","templated":true}]}}