{"id":9609,"date":"2025-07-23T23:52:50","date_gmt":"2025-07-23T20:52:50","guid":{"rendered":"https:\/\/aynakol.org\/?p=9609"},"modified":"2025-07-26T00:32:28","modified_gmt":"2025-07-25T21:32:28","slug":"tour-de-france-2025-17-etap-vif-courchevel-col-de-la-loze-1715-km","status":"publish","type":"post","link":"https:\/\/aynakol.org\/?p=9609","title":{"rendered":"Tour de France 2025 18. Etap:  Vif  \u203a  Courchevel (Col de la Loze) 171,5 km"},"content":{"rendered":"<p>&nbsp;<\/p>\n<p><span style=\"font-size: 14pt; font-family: georgia, palatino, serif;\"><strong>18. Etab\u0131n incelemesi<\/strong><\/span><\/p>\n<p><span style=\"font-size: 12pt; font-family: georgia, palatino, serif;\">Krali\u00e7e etaptay\u0131z!\u00a0<\/span><\/p>\n<p><img data-recalc-dims=\"1\" loading=\"lazy\" decoding=\"async\" data-attachment-id=\"9594\" data-permalink=\"https:\/\/aynakol.org\/?attachment_id=9594\" data-orig-file=\"https:\/\/i0.wp.com\/aynakol.org\/wp-content\/uploads\/2025\/07\/tdf2025_stage18_1.jpg?fit=960%2C577&amp;ssl=1\" data-orig-size=\"960,577\" data-comments-opened=\"1\" data-image-meta=\"{&quot;aperture&quot;:&quot;0&quot;,&quot;credit&quot;:&quot;&quot;,&quot;camera&quot;:&quot;&quot;,&quot;caption&quot;:&quot;&quot;,&quot;created_timestamp&quot;:&quot;0&quot;,&quot;copyright&quot;:&quot;&quot;,&quot;focal_length&quot;:&quot;0&quot;,&quot;iso&quot;:&quot;0&quot;,&quot;shutter_speed&quot;:&quot;0&quot;,&quot;title&quot;:&quot;&quot;,&quot;orientation&quot;:&quot;0&quot;}\" data-image-title=\"tdf2025_stage18_1\" data-image-description=\"\" data-image-caption=\"\" data-large-file=\"https:\/\/i0.wp.com\/aynakol.org\/wp-content\/uploads\/2025\/07\/tdf2025_stage18_1.jpg?fit=860%2C517&amp;ssl=1\" class=\"aligncenter size-full wp-image-9594\" src=\"https:\/\/i0.wp.com\/aynakol.org\/wp-content\/uploads\/2025\/07\/tdf2025_stage18_1.jpg?resize=860%2C517\" alt=\"\" width=\"860\" height=\"517\" srcset=\"https:\/\/i0.wp.com\/aynakol.org\/wp-content\/uploads\/2025\/07\/tdf2025_stage18_1.jpg?w=960&amp;ssl=1 960w, https:\/\/i0.wp.com\/aynakol.org\/wp-content\/uploads\/2025\/07\/tdf2025_stage18_1.jpg?resize=300%2C180&amp;ssl=1 300w, https:\/\/i0.wp.com\/aynakol.org\/wp-content\/uploads\/2025\/07\/tdf2025_stage18_1.jpg?resize=768%2C462&amp;ssl=1 768w\" sizes=\"auto, (max-width: 860px) 100vw, 860px\" \/><\/p>\n<p><span style=\"font-size: 12pt; font-family: georgia, palatino, serif;\">171,5 km uzunlu\u011fundaki Krali\u00e7e (Queen Stage) Etap \u00fc\u00e7 adet HC yani s\u0131n\u0131f d\u0131\u015f\u0131 t\u0131rman\u0131\u015f i\u00e7ieriyor, biri \u00e7ok sevilmi\u015f olmal\u0131 ki 2019 y\u0131l\u0131nda Frans\u0131z Alplerinin bu zorlu zirvesine uzana. yol bin bir u\u011fra\u015fla a\u00e7\u0131ld\u0131 ve da\u011f ge\u00e7idi haline getirilerek, Tour de France rotas\u0131na dahil edildi. Hem de ne edilme: A\u00e7\u0131ld\u0131\u011f\u0131 g\u00fcnden bug\u00fcne tam \u00fc\u00e7 kere kendine\u00a0 (2020, <a href=\"https:\/\/aynakol.org\/?p=7894\">2023<\/a> ve bug\u00fcn) yer buldu!\u00a0 <\/span><\/p>\n<p><span style=\"font-size: 12pt; font-family: georgia, palatino, serif;\">Bilgi verelim krali\u00e7e etap dememizin sebebi, o sene herhangi bir b\u00fcy\u00fck turda a\u015f\u0131lacak en y\u00fcksek zirveyi i\u00e7eren etap olmas\u0131. Bu sene 17. etap bu \u00fcnvana bo\u015fa lay\u0131k olmuyor, \u00e7\u00fcnk\u00fc a\u015f\u0131lacak \u00fc\u00e7 zirve de ululardan ulu: Col du Glando\u0131n, Col de la Madeleine ve pe\u015finden Col de la Loze da\u011f ge\u00e7idi zirvelerinin irtifa kazan\u0131m toplam\u0131 5650 metre!\u00a0 <\/span><\/p>\n<p><img data-recalc-dims=\"1\" loading=\"lazy\" decoding=\"async\" data-attachment-id=\"9614\" data-permalink=\"https:\/\/aynakol.org\/?attachment_id=9614\" data-orig-file=\"https:\/\/i0.wp.com\/aynakol.org\/wp-content\/uploads\/2025\/07\/tdf2025_stage18_3.jpg?fit=728%2C689&amp;ssl=1\" data-orig-size=\"728,689\" data-comments-opened=\"1\" data-image-meta=\"{&quot;aperture&quot;:&quot;0&quot;,&quot;credit&quot;:&quot;&quot;,&quot;camera&quot;:&quot;&quot;,&quot;caption&quot;:&quot;&quot;,&quot;created_timestamp&quot;:&quot;0&quot;,&quot;copyright&quot;:&quot;&quot;,&quot;focal_length&quot;:&quot;0&quot;,&quot;iso&quot;:&quot;0&quot;,&quot;shutter_speed&quot;:&quot;0&quot;,&quot;title&quot;:&quot;&quot;,&quot;orientation&quot;:&quot;0&quot;}\" data-image-title=\"tdf2025_stage18_3\" data-image-description=\"\" data-image-caption=\"\" data-large-file=\"https:\/\/i0.wp.com\/aynakol.org\/wp-content\/uploads\/2025\/07\/tdf2025_stage18_3.jpg?fit=728%2C689&amp;ssl=1\" class=\"aligncenter size-full wp-image-9614\" src=\"https:\/\/i0.wp.com\/aynakol.org\/wp-content\/uploads\/2025\/07\/tdf2025_stage18_3.jpg?resize=728%2C689\" alt=\"\" width=\"728\" height=\"689\" srcset=\"https:\/\/i0.wp.com\/aynakol.org\/wp-content\/uploads\/2025\/07\/tdf2025_stage18_3.jpg?w=728&amp;ssl=1 728w, https:\/\/i0.wp.com\/aynakol.org\/wp-content\/uploads\/2025\/07\/tdf2025_stage18_3.jpg?resize=300%2C284&amp;ssl=1 300w\" sizes=\"auto, (max-width: 728px) 100vw, 728px\" \/><\/p>\n<p><span style=\"font-size: 12pt; font-family: georgia, palatino, serif;\">Fransa Bisiklet Turunun babas\u0131 Henri Desgrange an\u0131s\u0131na bir de \u00f6d\u00fcl\u00fcn verilece\u011fi Col de La Loze zirvesine bu sefer Courchevel y\u00f6n\u00fcnden t\u0131rman\u0131lacak: 26,4 km uzunlu\u011fundaki \u0131zd\u0131rap dolu yolun ortalama e\u011fimi %7 s\u0131n\u0131rlar\u0131nda olsa da buraya gelene dek a\u015f\u0131lacak \u00f6nce Col du Glandon (21,7 km. ve %5 e\u011fim) ve pe\u015finden Col de la Madeleine (19,2 km ve %9!) ge\u00e7itleri pelotonu yoracak, h\u0131rpalayacak&#8230; <\/span><\/p>\n<p><img data-recalc-dims=\"1\" loading=\"lazy\" decoding=\"async\" data-attachment-id=\"9615\" data-permalink=\"https:\/\/aynakol.org\/?attachment_id=9615\" data-orig-file=\"https:\/\/i0.wp.com\/aynakol.org\/wp-content\/uploads\/2025\/07\/tdf2025_stage18_4.jpg?fit=621%2C800&amp;ssl=1\" data-orig-size=\"621,800\" data-comments-opened=\"1\" data-image-meta=\"{&quot;aperture&quot;:&quot;0&quot;,&quot;credit&quot;:&quot;&quot;,&quot;camera&quot;:&quot;&quot;,&quot;caption&quot;:&quot;&quot;,&quot;created_timestamp&quot;:&quot;0&quot;,&quot;copyright&quot;:&quot;&quot;,&quot;focal_length&quot;:&quot;0&quot;,&quot;iso&quot;:&quot;0&quot;,&quot;shutter_speed&quot;:&quot;0&quot;,&quot;title&quot;:&quot;&quot;,&quot;orientation&quot;:&quot;0&quot;}\" data-image-title=\"tdf2025_stage18_4\" data-image-description=\"\" data-image-caption=\"\" data-large-file=\"https:\/\/i0.wp.com\/aynakol.org\/wp-content\/uploads\/2025\/07\/tdf2025_stage18_4.jpg?fit=621%2C800&amp;ssl=1\" class=\"aligncenter size-full wp-image-9615\" src=\"https:\/\/i0.wp.com\/aynakol.org\/wp-content\/uploads\/2025\/07\/tdf2025_stage18_4.jpg?resize=621%2C800\" alt=\"\" width=\"621\" height=\"800\" srcset=\"https:\/\/i0.wp.com\/aynakol.org\/wp-content\/uploads\/2025\/07\/tdf2025_stage18_4.jpg?w=621&amp;ssl=1 621w, https:\/\/i0.wp.com\/aynakol.org\/wp-content\/uploads\/2025\/07\/tdf2025_stage18_4.jpg?resize=233%2C300&amp;ssl=1 233w\" sizes=\"auto, (max-width: 621px) 100vw, 621px\" \/><\/p>\n<p><span style=\"font-size: 12pt; font-family: georgia, palatino, serif;\">Zira, 2023 y\u0131l\u0131nda Felix Gall zafer uzan\u0131rken Col de la Loze zirvesinde hen\u00fcz t\u0131rman\u0131\u015f\u0131n orta yerinde bahar Klasiklerinde yar\u0131\u015ftan yar\u0131\u015fa pedallarken LiegeBbastogne-Liege klasi\u011finde ge\u00e7irdi\u011fi kazan\u0131n ceremesini \u00e7eken Pogacar o efsanevi repli\u011fi s\u00f6yleyip m\u00fccadeleyi b\u0131rakm\u0131\u015ft\u0131: <a href=\"https:\/\/aynakol.org\/?p=7894\"><em>&#8220;I am gone, I am dead!&#8221;<\/em><\/a><\/span><\/p>\n<p><iframe loading=\"lazy\" title=\"YouTube video player\" src=\"https:\/\/www.youtube.com\/embed\/bjDD5w5zfBc?si=iPbTe3p1sDGqsGb4\" width=\"560\" height=\"315\" frameborder=\"0\" allowfullscreen=\"allowfullscreen\"><\/iframe><\/p>\n<p>&nbsp;<\/p>\n<p><img data-recalc-dims=\"1\" loading=\"lazy\" decoding=\"async\" data-attachment-id=\"9613\" data-permalink=\"https:\/\/aynakol.org\/?attachment_id=9613\" data-orig-file=\"https:\/\/i0.wp.com\/aynakol.org\/wp-content\/uploads\/2025\/07\/tdf2025_stage18_2.jpg?fit=728%2C806&amp;ssl=1\" data-orig-size=\"728,806\" data-comments-opened=\"1\" data-image-meta=\"{&quot;aperture&quot;:&quot;0&quot;,&quot;credit&quot;:&quot;&quot;,&quot;camera&quot;:&quot;&quot;,&quot;caption&quot;:&quot;&quot;,&quot;created_timestamp&quot;:&quot;0&quot;,&quot;copyright&quot;:&quot;&quot;,&quot;focal_length&quot;:&quot;0&quot;,&quot;iso&quot;:&quot;0&quot;,&quot;shutter_speed&quot;:&quot;0&quot;,&quot;title&quot;:&quot;&quot;,&quot;orientation&quot;:&quot;0&quot;}\" data-image-title=\"tdf2025_stage18_2\" data-image-description=\"\" data-image-caption=\"\" data-large-file=\"https:\/\/i0.wp.com\/aynakol.org\/wp-content\/uploads\/2025\/07\/tdf2025_stage18_2.jpg?fit=728%2C806&amp;ssl=1\" class=\"aligncenter size-full wp-image-9613\" src=\"https:\/\/i0.wp.com\/aynakol.org\/wp-content\/uploads\/2025\/07\/tdf2025_stage18_2.jpg?resize=728%2C806\" alt=\"\" width=\"728\" height=\"806\" srcset=\"https:\/\/i0.wp.com\/aynakol.org\/wp-content\/uploads\/2025\/07\/tdf2025_stage18_2.jpg?w=728&amp;ssl=1 728w, https:\/\/i0.wp.com\/aynakol.org\/wp-content\/uploads\/2025\/07\/tdf2025_stage18_2.jpg?resize=271%2C300&amp;ssl=1 271w\" sizes=\"auto, (max-width: 728px) 100vw, 728px\" \/><\/p>\n<p><span style=\"font-size: 12pt; font-family: georgia, palatino, serif;\">Col de la Madeleine zirvesinde ka\u00e7aklar birlikte ge\u00e7seler de ini\u015fte risk al\u0131p sonsuzluk ve \u00f6tesine do\u011fru pedallayacak ki\u015fi solu\u011fu Col de la Loze zirvesinde alacakt\u0131r. Etap profili genel klasman favorilerinin dahas\u0131 rakipsiz Pogacar\u0131n defteri kesinlikle kendi hesab\u0131na kapataca\u011f\u0131 bir g\u00fcn; Visma tak\u0131m olarak t\u00fcm g\u00fcc\u00fcn\u00fc Vingegaard\u0131n kazanmas\u0131 hi\u00e7 olmazsa bir \u015feyler yapmas\u0131 i\u00e7in ortaya koyacak, bu kesin. Ama silkelenemeyeni silkelerler mottosuyla pedallayan Pogacar\u0131n nas\u0131l bir k\u0131r\u0131lma ya\u015fayaca\u011f\u0131 \u00f6nemli. 2023 y\u0131l\u0131n\u0131n intikam\u0131n\u0131 almak isteyecektir, Hautacam da bunu g\u00f6rd\u00fck, Courchevel de neden olmas\u0131n?\u00a0<\/span><\/p>\n<p>&nbsp;<\/p>\n<p>&nbsp;<\/p>\n<p><span style=\"font-size: 14pt; font-family: georgia,palatino,serif;\"><strong>18. Etapta neler oldu?<\/strong><\/span><\/p>\n<p><img data-recalc-dims=\"1\" loading=\"lazy\" decoding=\"async\" data-attachment-id=\"9622\" data-permalink=\"https:\/\/aynakol.org\/?attachment_id=9622\" data-orig-file=\"https:\/\/i0.wp.com\/aynakol.org\/wp-content\/uploads\/2025\/07\/tdf2025_stage18_9_be_oconnor.jpg?fit=1000%2C667&amp;ssl=1\" data-orig-size=\"1000,667\" data-comments-opened=\"1\" data-image-meta=\"{&quot;aperture&quot;:&quot;0&quot;,&quot;credit&quot;:&quot;&quot;,&quot;camera&quot;:&quot;&quot;,&quot;caption&quot;:&quot;&quot;,&quot;created_timestamp&quot;:&quot;0&quot;,&quot;copyright&quot;:&quot;&quot;,&quot;focal_length&quot;:&quot;0&quot;,&quot;iso&quot;:&quot;0&quot;,&quot;shutter_speed&quot;:&quot;0&quot;,&quot;title&quot;:&quot;&quot;,&quot;orientation&quot;:&quot;0&quot;}\" data-image-title=\"tdf2025_stage18_9_be_oconnor\" data-image-description=\"\" data-image-caption=\"\" data-large-file=\"https:\/\/i0.wp.com\/aynakol.org\/wp-content\/uploads\/2025\/07\/tdf2025_stage18_9_be_oconnor.jpg?fit=860%2C574&amp;ssl=1\" class=\"aligncenter size-full wp-image-9622\" src=\"https:\/\/i0.wp.com\/aynakol.org\/wp-content\/uploads\/2025\/07\/tdf2025_stage18_9_be_oconnor.jpg?resize=860%2C574\" alt=\"\" width=\"860\" height=\"574\" srcset=\"https:\/\/i0.wp.com\/aynakol.org\/wp-content\/uploads\/2025\/07\/tdf2025_stage18_9_be_oconnor.jpg?w=1000&amp;ssl=1 1000w, https:\/\/i0.wp.com\/aynakol.org\/wp-content\/uploads\/2025\/07\/tdf2025_stage18_9_be_oconnor.jpg?resize=300%2C200&amp;ssl=1 300w, https:\/\/i0.wp.com\/aynakol.org\/wp-content\/uploads\/2025\/07\/tdf2025_stage18_9_be_oconnor.jpg?resize=768%2C512&amp;ssl=1 768w\" sizes=\"auto, (max-width: 860px) 100vw, 860px\" \/><br \/>\n<span style=\"font-size: 12pt; font-family: georgia,palatino,serif;\">Y\u00fcce da\u011flar\u0131 birer, iki\u015fer, \u00fc\u00e7er a\u015f\u0131p <em>Sisler Bulvar\u0131nda <\/em>g\u00f6ky\u00fcz\u00fcne bu kadar yak\u0131nsayarak pedallay\u0131p zafere ula\u015fan isim Ben O&#8217;Connor! <\/span><br \/>\n<span style=\"font-size: 12pt; font-family: georgia,palatino,serif;\">Kariyerini Le Tour da krali\u00e7e etab\u0131 kazanarak ta\u00e7land\u0131ran Ben O&#8217;Connor g\u00f6rd\u00fck ki, genel klasman m\u00fccadelesi vermedi\u011fi anlar, daha iyi bir yar\u0131\u015f ortaya koyuyor. T\u00fcm yar\u0131\u015f boyunca ka\u00e7\u0131\u015f i\u00e7indeki Jayco AlUla tak\u0131m\u0131n\u0131n Avustralyal\u0131 pedal\u0131, ka\u00e7t\u0131, yakaland\u0131, yutuldu, ufak bir grupla liderli\u011fi ele ald\u0131, kar\u015f\u0131 atak yap\u0131p zafere uzand\u0131. <\/span><\/p>\n<p><span style=\"font-size: 14pt; font-family: georgia,palatino,serif;\"><strong>La Flamme Rouge<\/strong><\/span><\/p>\n<p><iframe loading=\"lazy\" title=\"YouTube video player\" src=\"https:\/\/www.youtube.com\/embed\/arg6WnQeb3U?si=HrRjeJhP85Ud6g57\" width=\"560\" height=\"315\" frameborder=\"0\" allowfullscreen=\"allowfullscreen\"><\/iframe><\/p>\n<p><span style=\"font-size: 12pt; font-family: georgia,palatino,serif;\">Etap fare do\u011furdu diyebiliriz Sar\u0131 Mayo Pogacar ve Vingegaard aras\u0131ndaki m\u00fccadele i\u00e7in; yoksa ilk iki basama\u011f\u0131 belli podyumun \u00fc\u00e7\u00fcnc\u00fc basama\u011f\u0131 i\u00e7in verilen m\u00fccadeleyi izlemek keyifliydi. <\/span><br \/>\n<span style=\"font-size: 12pt; font-family: georgia,palatino,serif;\">Fare do\u011furdu diyoruz, \u00e7\u00fcnk\u00fc sar\u0131 mayo \u00f6yle biti\u015f \u00e7izgisine 1 km kala yap\u0131lan atakla dize getirilmez, getirilse bile 4 dakikal\u0131k fark kapat\u0131lmaz. Hele ki bu 1 km ata\u011f\u0131n\u0131 kariyerinde solo bir atakla zafere pedallamam\u0131\u015f Vingegaard yapamaz. <\/span><\/p>\n<p>&nbsp;<\/p>\n<p><span style=\"font-size: 12pt; font-family: georgia,palatino,serif;\"><img data-recalc-dims=\"1\" loading=\"lazy\" decoding=\"async\" data-attachment-id=\"9618\" data-permalink=\"https:\/\/aynakol.org\/?attachment_id=9618\" data-orig-file=\"https:\/\/i0.wp.com\/aynakol.org\/wp-content\/uploads\/2025\/07\/tdf2025_stage18_5.jpg?fit=1000%2C667&amp;ssl=1\" data-orig-size=\"1000,667\" data-comments-opened=\"1\" data-image-meta=\"{&quot;aperture&quot;:&quot;0&quot;,&quot;credit&quot;:&quot;&quot;,&quot;camera&quot;:&quot;&quot;,&quot;caption&quot;:&quot;&quot;,&quot;created_timestamp&quot;:&quot;0&quot;,&quot;copyright&quot;:&quot;&quot;,&quot;focal_length&quot;:&quot;0&quot;,&quot;iso&quot;:&quot;0&quot;,&quot;shutter_speed&quot;:&quot;0&quot;,&quot;title&quot;:&quot;&quot;,&quot;orientation&quot;:&quot;0&quot;}\" data-image-title=\"tdf2025_stage18_5\" data-image-description=\"\" data-image-caption=\"\" data-large-file=\"https:\/\/i0.wp.com\/aynakol.org\/wp-content\/uploads\/2025\/07\/tdf2025_stage18_5.jpg?fit=860%2C574&amp;ssl=1\" class=\"aligncenter size-full wp-image-9618\" src=\"https:\/\/i0.wp.com\/aynakol.org\/wp-content\/uploads\/2025\/07\/tdf2025_stage18_5.jpg?resize=860%2C574\" alt=\"\" width=\"860\" height=\"574\" srcset=\"https:\/\/i0.wp.com\/aynakol.org\/wp-content\/uploads\/2025\/07\/tdf2025_stage18_5.jpg?w=1000&amp;ssl=1 1000w, https:\/\/i0.wp.com\/aynakol.org\/wp-content\/uploads\/2025\/07\/tdf2025_stage18_5.jpg?resize=300%2C200&amp;ssl=1 300w, https:\/\/i0.wp.com\/aynakol.org\/wp-content\/uploads\/2025\/07\/tdf2025_stage18_5.jpg?resize=768%2C512&amp;ssl=1 768w\" sizes=\"auto, (max-width: 860px) 100vw, 860px\" \/><\/span><\/p>\n<p>&nbsp;<\/p>\n<p><span style=\"font-family: georgia, palatino, serif;\"><span style=\"font-size: 12pt;\">Bu ikiliyi burada b\u0131rakal\u0131m ve <\/span><span style=\"font-size: 12pt;\">Onley, Lipowitz, Vauquelin, Roglic ve Gall be\u015flisini konu\u015fal\u0131m. Visma-lab tak\u0131m olarak anlamas\u0131 gerekiyor ki tek ba\u015f\u0131na Pogacar, t\u00fcm tak\u0131m\u0131 yenebilecek g\u00fc\u00e7te, zira izole etselerde ne yapt\u0131larsa silkeleyemediler, ne tak\u0131m oalrak ne de ba\u015fa ba\u015f. Oysa sayd\u0131\u011f\u0131m\u0131z be\u015fli etab\u0131 adeta \u015fenlendirdi, atak yaparak, ka\u00e7\u0131\u015fa girerek, ka\u00e7\u0131\u015f i\u00e7inden atak yapsalarda favorilerden olu\u015fan pelotona yakalan\u0131p yine atak yap\u0131p yar\u0131\u015f\u0131n sonuna dek giderek s\u00fcrekli m\u00fccadele ettiler. <\/span><\/span><\/p>\n<p>&nbsp;<\/p>\n<p><span style=\"font-size: 14pt; font-family: georgia,palatino,serif;\"><strong>Etab\u0131n \u00f6ne \u00e7\u0131kan anlar\u0131<\/strong><\/span><\/p>\n<p><iframe loading=\"lazy\" title=\"YouTube video player\" src=\"https:\/\/www.youtube.com\/embed\/lMVa2OnbxuM?si=Dn6kpsntPp86cUXZ\" width=\"560\" height=\"315\" frameborder=\"0\" allowfullscreen=\"allowfullscreen\"><\/iframe><\/p>\n<p>&nbsp;<\/p>\n<p><span style=\"font-size: 12pt; font-family: georgia,palatino,serif;\">Tadej Pogacar s\u0131rt\u0131nda sar\u0131 mayosu ile rakibi Vingegaard\u0131n tekerine yap\u0131\u015ft\u0131 ve b\u0131rakmad\u0131, b\u0131rakmad\u0131, son metrelerde f\u0131rlad\u0131, etab\u0131 ikinci bitrdi\u011fi gibi g\u0131d\u0131m g\u0131d\u0131m da olsa zaman \u00e7alarak Vingegodan zaman fark\u0131n\u0131 a\u00e7t\u0131. <\/span><\/p>\n<p>&nbsp;<\/p>\n<p><img data-recalc-dims=\"1\" loading=\"lazy\" decoding=\"async\" data-attachment-id=\"9620\" data-permalink=\"https:\/\/aynakol.org\/?attachment_id=9620\" data-orig-file=\"https:\/\/i0.wp.com\/aynakol.org\/wp-content\/uploads\/2025\/07\/tdf2025_stage18_7.jpg?fit=1000%2C667&amp;ssl=1\" data-orig-size=\"1000,667\" data-comments-opened=\"1\" data-image-meta=\"{&quot;aperture&quot;:&quot;0&quot;,&quot;credit&quot;:&quot;&quot;,&quot;camera&quot;:&quot;&quot;,&quot;caption&quot;:&quot;&quot;,&quot;created_timestamp&quot;:&quot;0&quot;,&quot;copyright&quot;:&quot;&quot;,&quot;focal_length&quot;:&quot;0&quot;,&quot;iso&quot;:&quot;0&quot;,&quot;shutter_speed&quot;:&quot;0&quot;,&quot;title&quot;:&quot;&quot;,&quot;orientation&quot;:&quot;0&quot;}\" data-image-title=\"tdf2025_stage18_7\" data-image-description=\"\" data-image-caption=\"\" data-large-file=\"https:\/\/i0.wp.com\/aynakol.org\/wp-content\/uploads\/2025\/07\/tdf2025_stage18_7.jpg?fit=860%2C574&amp;ssl=1\" class=\"aligncenter size-full wp-image-9620\" src=\"https:\/\/i0.wp.com\/aynakol.org\/wp-content\/uploads\/2025\/07\/tdf2025_stage18_7.jpg?resize=860%2C574\" alt=\"\" width=\"860\" height=\"574\" srcset=\"https:\/\/i0.wp.com\/aynakol.org\/wp-content\/uploads\/2025\/07\/tdf2025_stage18_7.jpg?w=1000&amp;ssl=1 1000w, https:\/\/i0.wp.com\/aynakol.org\/wp-content\/uploads\/2025\/07\/tdf2025_stage18_7.jpg?resize=300%2C200&amp;ssl=1 300w, https:\/\/i0.wp.com\/aynakol.org\/wp-content\/uploads\/2025\/07\/tdf2025_stage18_7.jpg?resize=768%2C512&amp;ssl=1 768w\" sizes=\"auto, (max-width: 860px) 100vw, 860px\" \/><br \/>\n<span style=\"font-size: 12pt; font-family: georgia,palatino,serif;\">Florian Lipowitz bug\u00fcn ka\u00e7\u0131\u015f yakaland\u0131ktan sonra yapt\u0131\u011f\u0131 umuda takip yolculu\u011funda yeninden yakaland\u0131 ama g\u00fcc\u00fc t\u00fckendi\u011fi i\u00e7in olsa gerek gruba tutunamay\u0131p geriye d\u00fc\u015ft\u00fc, d\u00fc\u015ft\u00fc yok oldu. \u00d6yle ki Col de la Loze t\u0131rman\u0131\u015f\u0131n\u0131n son 5 km&#8217;sinde Pogi ve Vingegonun tekerine yap\u0131\u015farak onlarla etab\u0131 bitiren Oscar Onley \u00e7ald\u0131\u011f\u0131 zamanlarla Florian ile aras\u0131ndaki fark\u0131 20 saniyeye indirdi. <\/span><br \/>\n<span style=\"font-size: 12pt; font-family: georgia,palatino,serif;\">2023 y\u0131l\u0131nda Col de la Loze t\u0131rman\u015f\u0131n\u0131 kazanan Felix Gall da bug\u00fcn kendisini iyi hissedenler aras\u0131ndayd\u0131, Ben O&#8217;Connor etab\u0131 kazan\u0131p bir de d\u00fcnk\u00fc etab\u0131n sonunda ya\u015fanan kazada ald\u0131\u011f\u0131 yaralar y\u00fcz\u00fcnden Le Touru b\u0131rakan Carlos Rodriguezin yoklu\u011funda kendisin i ilk 10&#8217;da bulurken etab\u0131 renklendiren veteran Roglic, ne zaman bavul toplayacak derken bug\u00fcn son derece m\u00fccadeleci bir yar\u0131\u015f ortaya koydu.<\/span><\/p>\n<p>&nbsp;<\/p>\n<p><span style=\"font-size: 14pt; font-family: georgia,palatino,serif;\"><strong>S\u0131ral\u0131 tam liste<\/strong><\/span><\/p>\n<p><iframe loading=\"lazy\" src=\"https:\/\/www.procyclingstats.com\/widgets\/result.php?h=6437cf1c9500f59d3646977045f4582a664f6613\" width=\"520\" height=\"320\"><\/iframe><\/p>\n","protected":false},"excerpt":{"rendered":"<p>&nbsp; 18. Etab\u0131n incelemesi Krali\u00e7e etaptay\u0131z!\u00a0 171,5 km uzunlu\u011fundaki Krali\u00e7e (Queen Stage) Etap \u00fc\u00e7 adet HC yani s\u0131n\u0131f d\u0131\u015f\u0131 t\u0131rman\u0131\u015f i\u00e7ieriyor, biri \u00e7ok sevilmi\u015f olmal\u0131 [&#8230;]<\/p>\n","protected":false},"author":1,"featured_media":9598,"comment_status":"open","ping_status":"open","sticky":false,"template":"","format":"standard","meta":{"jetpack_post_was_ever_published":false,"_jetpack_newsletter_access":"","_jetpack_dont_email_post_to_subs":false,"_jetpack_newsletter_tier_id":0,"_jetpack_memberships_contains_paywalled_content":false,"_jetpack_memberships_contains_paid_content":false,"footnotes":"","jetpack_publicize_message":"","jetpack_publicize_feature_enabled":true,"jetpack_social_post_already_shared":true,"jetpack_social_options":{"image_generator_settings":{"template":"highway","default_image_id":0,"font":"","enabled":false},"version":2}},"categories":[89],"tags":[1636,1633],"class_list":["post-9609","post","type-post","status-publish","format-standard","has-post-thumbnail","hentry","category-tour","tag-le-tour-2025","tag-tdf2025"],"jetpack_publicize_connections":[],"jetpack_featured_media_url":"https:\/\/i0.wp.com\/aynakol.org\/wp-content\/uploads\/2025\/07\/tdf2025_stage17_3.jpg?fit=1000%2C667&ssl=1","jetpack_sharing_enabled":true,"jetpack_shortlink":"https:\/\/wp.me\/p51p4O-2uZ","jetpack_likes_enabled":true,"jetpack-related-posts":[{"id":8446,"url":"https:\/\/aynakol.org\/?p=8446","url_meta":{"origin":9609,"position":0},"title":"La Vuelta a Espana 2023 13. etap: Formigal. Huesca la Magia > Col du Tourmalet, 134,7 km","author":"Ayd\u0131n Bez","date":"8 Eyl\u00fcl 2023","format":false,"excerpt":"D\u00fcnk\u00fc Etapta Neler Olmu\u015ftu? Zaragoza kentinde sona eren 151 km uzunlu\u011fundaki 12. Etab\u0131n sonunda zafere a\u00e7\u0131k ara pedallayan isim Juan Sebastian Molano! Ge\u00e7 kalm\u0131\u015f ama hak edilmi\u015f bir zafer! UAE Team Emirates tak\u0131m\u0131n\u0131n 28 ya\u015f\u0131ndaki Kolombiyal\u0131 sprinter pedal\u0131 Molano bu seneki edisyonda tak\u0131m\u0131na ilk etap zaferini kazand\u0131r\u0131rken ge\u00e7en sene de\u2026","rel":"","context":"&quot;Vuelta a Espana&quot; i\u00e7inde","block_context":{"text":"Vuelta a Espana","link":"https:\/\/aynakol.org\/?cat=91"},"img":{"alt_text":"","src":"https:\/\/i0.wp.com\/aynakol.org\/wp-content\/uploads\/2023\/09\/vuelta2023_stage12_peloton.jpg?fit=1000%2C667&ssl=1&resize=350%2C200","width":350,"height":200,"srcset":"https:\/\/i0.wp.com\/aynakol.org\/wp-content\/uploads\/2023\/09\/vuelta2023_stage12_peloton.jpg?fit=1000%2C667&ssl=1&resize=350%2C200 1x, https:\/\/i0.wp.com\/aynakol.org\/wp-content\/uploads\/2023\/09\/vuelta2023_stage12_peloton.jpg?fit=1000%2C667&ssl=1&resize=525%2C300 1.5x, https:\/\/i0.wp.com\/aynakol.org\/wp-content\/uploads\/2023\/09\/vuelta2023_stage12_peloton.jpg?fit=1000%2C667&ssl=1&resize=700%2C400 2x"},"classes":[]},{"id":7843,"url":"https:\/\/aynakol.org\/?p=7843","url_meta":{"origin":9609,"position":1},"title":"#TdF2023 17. Etap: Saint-Gervais Mont-Blanc > Courchevel, 165,7 km","author":"Ayd\u0131n Bez","date":"19 Temmuz 2023","format":false,"excerpt":"Bu yaz\u0131 18 Temmuz 2023 tarih, sabah 5:30'da bir araban\u0131n vurup ka\u00e7mas\u0131yla aram\u0131zdan ayr\u0131lan sevgili abimiz DO\u011eANAY G\u00dcZELG\u00dcN'e adanm\u0131\u015ft\u0131r. Huzur seninle olsun Do\u011fanay abi. Zafer nedir nas\u0131l kazan\u0131l\u0131r dersi gibiydi 16. Etap adeta! 22,4 km uzunlu\u011fundaki bireysel zamana kar\u015f\u0131 etab\u0131nda Jonas Vingegaard, Combloux ge\u00e7idinde zaferi kendi yaratt\u0131, kendi pedallad\u0131! \u00a0\u2026","rel":"","context":"&quot;Tour de France&quot; i\u00e7inde","block_context":{"text":"Tour de France","link":"https:\/\/aynakol.org\/?cat=89"},"img":{"alt_text":"","src":"https:\/\/i0.wp.com\/aynakol.org\/wp-content\/uploads\/2023\/07\/screenshot_20230718_182138_blutv3817118263167420286.jpg?fit=1200%2C568&ssl=1&resize=350%2C200","width":350,"height":200,"srcset":"https:\/\/i0.wp.com\/aynakol.org\/wp-content\/uploads\/2023\/07\/screenshot_20230718_182138_blutv3817118263167420286.jpg?fit=1200%2C568&ssl=1&resize=350%2C200 1x, https:\/\/i0.wp.com\/aynakol.org\/wp-content\/uploads\/2023\/07\/screenshot_20230718_182138_blutv3817118263167420286.jpg?fit=1200%2C568&ssl=1&resize=525%2C300 1.5x, https:\/\/i0.wp.com\/aynakol.org\/wp-content\/uploads\/2023\/07\/screenshot_20230718_182138_blutv3817118263167420286.jpg?fit=1200%2C568&ssl=1&resize=700%2C400 2x, https:\/\/i0.wp.com\/aynakol.org\/wp-content\/uploads\/2023\/07\/screenshot_20230718_182138_blutv3817118263167420286.jpg?fit=1200%2C568&ssl=1&resize=1050%2C600 3x"},"classes":[]},{"id":5140,"url":"https:\/\/aynakol.org\/?p=5140","url_meta":{"origin":9609,"position":2},"title":"#TdF2017 9. Etap: Nantua \u2192 Chambery, 181 km","author":"Ayd\u0131n Bez","date":"9 Temmuz 2017","format":false,"excerpt":"D\u00fcn Direct Energi tak\u0131m\u0131n\u0131n gen\u00e7 Frans\u0131z pedal\u0131 Lilian Calmejane'nin kimse atak yapm\u0131yorsa ben yapar diyerek ka\u00e7\u0131\u015f grubuna kar\u015f\u0131 yapt\u0131\u011f\u0131 atakla\u00a0C\u00f4te de la Combe de Laisia-Les Molunes zirvesini kraplar i\u00e7inde geride b\u0131rak\u0131p zafere uzand\u0131\u011f\u0131 8. etapla birlikte da\u011flara merhaba demi\u015ftik. Ancak orta \u015fiddette bir da\u011fl\u0131k etap ne yaz\u0131k ki genel klasman\u2026","rel":"","context":"&quot;Tour de France&quot; i\u00e7inde","block_context":{"text":"Tour de France","link":"https:\/\/aynakol.org\/?cat=89"},"img":{"alt_text":"","src":"https:\/\/i0.wp.com\/aynakol.org\/wp-content\/uploads\/2017\/07\/TdF2017_stage9_winner_Rigoberto_Uran.jpg?fit=1000%2C667&ssl=1&resize=350%2C200","width":350,"height":200,"srcset":"https:\/\/i0.wp.com\/aynakol.org\/wp-content\/uploads\/2017\/07\/TdF2017_stage9_winner_Rigoberto_Uran.jpg?fit=1000%2C667&ssl=1&resize=350%2C200 1x, https:\/\/i0.wp.com\/aynakol.org\/wp-content\/uploads\/2017\/07\/TdF2017_stage9_winner_Rigoberto_Uran.jpg?fit=1000%2C667&ssl=1&resize=525%2C300 1.5x, https:\/\/i0.wp.com\/aynakol.org\/wp-content\/uploads\/2017\/07\/TdF2017_stage9_winner_Rigoberto_Uran.jpg?fit=1000%2C667&ssl=1&resize=700%2C400 2x"},"classes":[]},{"id":9103,"url":"https:\/\/aynakol.org\/?p=9103","url_meta":{"origin":9609,"position":3},"title":"Tour de France 2024 19. Etap: Embrun > Isola 2000, 144,6 km","author":"Ayd\u0131n Bez","date":"18 Temmuz 2024","format":false,"excerpt":"D\u00fcnk\u00fc Etapta Nelet Olmu\u015ftu? Devasa bir ka\u00e7\u0131\u015f\u0131n destan\u0131n\u0131 izledik bug\u00fcn; kendi hikayesini yaz\u0131p zaferle ta\u00e7land\u0131ran da Lotto Dstny tak\u0131m\u0131n\u0131n 32 ya\u015f\u0131ndaki Bel\u00e7ikal\u0131 pedal\u0131 Victor Campenaerts! S\u00f6zle\u015fmesiz geleceksiz ama yeni do\u011fan bebekli bir kariyere do\u011fru pedallayan Campenaerts mutlu, t\u00fcm peloton mutlu! Chapeu! \u00a0 Kariyerinin ilk Le Tour etap zaferine pedallamak hi\u00e7\u2026","rel":"","context":"&quot;Tour de France&quot; i\u00e7inde","block_context":{"text":"Tour de France","link":"https:\/\/aynakol.org\/?cat=89"},"img":{"alt_text":"","src":"https:\/\/i0.wp.com\/aynakol.org\/wp-content\/uploads\/2024\/07\/tdf2024_stage18_peloton_3-scaled.jpg?fit=1200%2C800&ssl=1&resize=350%2C200","width":350,"height":200,"srcset":"https:\/\/i0.wp.com\/aynakol.org\/wp-content\/uploads\/2024\/07\/tdf2024_stage18_peloton_3-scaled.jpg?fit=1200%2C800&ssl=1&resize=350%2C200 1x, https:\/\/i0.wp.com\/aynakol.org\/wp-content\/uploads\/2024\/07\/tdf2024_stage18_peloton_3-scaled.jpg?fit=1200%2C800&ssl=1&resize=525%2C300 1.5x, https:\/\/i0.wp.com\/aynakol.org\/wp-content\/uploads\/2024\/07\/tdf2024_stage18_peloton_3-scaled.jpg?fit=1200%2C800&ssl=1&resize=700%2C400 2x, https:\/\/i0.wp.com\/aynakol.org\/wp-content\/uploads\/2024\/07\/tdf2024_stage18_peloton_3-scaled.jpg?fit=1200%2C800&ssl=1&resize=1050%2C600 3x"},"classes":[]},{"id":9648,"url":"https:\/\/aynakol.org\/?p=9648","url_meta":{"origin":9609,"position":4},"title":"Tour de France Femmes 2025 A\u00e7\u0131l\u0131\u015f Etab\u0131: Vannes > Plumelec, 78,8 km","author":"Ayd\u0131n Bez","date":"26 Temmuz 2025","format":false,"excerpt":"Tour de France Kad\u0131nlar edisyonu bu sene \u00fclkenin kuzey bat\u0131s\u0131ndan, Bretonya b\u00f6lgesinden ba\u015fl\u0131yor. Toplam 9 etaptan olu\u015fan m\u00fccadele \u00fclkeyi bir Ma\u015fallah Ku\u015fa\u011f\u0131\u00a0misali kuzeybat\u0131dan g\u00fcneydo\u011fuya do\u011fru ge\u00e7erken zorluk tabii ki d\u00fczl\u00fcklerden Alplere do\u011fru ilerledik\u00e7e art\u0131yor.\u00a0 Bretonyadan Massif Central b\u00f6lgesine do\u011fru pay edilen ilk be\u015f etap hafif da\u011fl\u0131k ve d\u00fcz ge\u00e7ilecek \u015fekilde\u2026","rel":"","context":"&quot;Tour de France Femmes&quot; i\u00e7inde","block_context":{"text":"Tour de France Femmes","link":"https:\/\/aynakol.org\/?cat=1548"},"img":{"alt_text":"","src":"https:\/\/i0.wp.com\/aynakol.org\/wp-content\/uploads\/2023\/07\/femmes2023_stage7_peloton_1.jpeg?fit=1000%2C667&ssl=1&resize=350%2C200","width":350,"height":200,"srcset":"https:\/\/i0.wp.com\/aynakol.org\/wp-content\/uploads\/2023\/07\/femmes2023_stage7_peloton_1.jpeg?fit=1000%2C667&ssl=1&resize=350%2C200 1x, https:\/\/i0.wp.com\/aynakol.org\/wp-content\/uploads\/2023\/07\/femmes2023_stage7_peloton_1.jpeg?fit=1000%2C667&ssl=1&resize=525%2C300 1.5x, https:\/\/i0.wp.com\/aynakol.org\/wp-content\/uploads\/2023\/07\/femmes2023_stage7_peloton_1.jpeg?fit=1000%2C667&ssl=1&resize=700%2C400 2x"},"classes":[]},{"id":3617,"url":"https:\/\/aynakol.org\/?p=3617","url_meta":{"origin":9609,"position":5},"title":"TdF2016: Son 3 g\u00fcn!","author":"Ayd\u0131n Bez","date":"29 Haziran 2016","format":false,"excerpt":"Tour de France 2016 i\u00e7in son 3 g\u00fcn! Modane kentinden ba\u015flay\u0131p da efsanevi L\u2019Alpe d\u2019Huez, yani 21 firketeli k\u0131z\u0131n zirvesinde bitecek 111 km uzunlu\u011fundaki 20. Etap ayn\u0131 zamanda turun krali\u00e7e etab\u0131yd\u0131. Ne olacaksa bu zirvede olacakt\u0131! Foto\u011fraf karesinde g\u00f6r\u00fcnen isim FDJ tak\u0131m\u0131n\u0131n gen\u00e7 Frans\u0131z lideri Thibaut Pinot ki, kendisi ba\u015ftan\u2026","rel":"","context":"&quot;Tour de France&quot; i\u00e7inde","block_context":{"text":"Tour de France","link":"https:\/\/aynakol.org\/?cat=89"},"img":{"alt_text":"","src":"https:\/\/i0.wp.com\/aynakol.org\/wp-content\/uploads\/2016\/07\/13502677_841105542690742_2429403879256716186_o.jpg?fit=1000%2C666&ssl=1&resize=350%2C200","width":350,"height":200,"srcset":"https:\/\/i0.wp.com\/aynakol.org\/wp-content\/uploads\/2016\/07\/13502677_841105542690742_2429403879256716186_o.jpg?fit=1000%2C666&ssl=1&resize=350%2C200 1x, https:\/\/i0.wp.com\/aynakol.org\/wp-content\/uploads\/2016\/07\/13502677_841105542690742_2429403879256716186_o.jpg?fit=1000%2C666&ssl=1&resize=525%2C300 1.5x, https:\/\/i0.wp.com\/aynakol.org\/wp-content\/uploads\/2016\/07\/13502677_841105542690742_2429403879256716186_o.jpg?fit=1000%2C666&ssl=1&resize=700%2C400 2x"},"classes":[]}],"_links":{"self":[{"href":"https:\/\/aynakol.org\/index.php?rest_route=\/wp\/v2\/posts\/9609","targetHints":{"allow":["GET"]}}],"collection":[{"href":"https:\/\/aynakol.org\/index.php?rest_route=\/wp\/v2\/posts"}],"about":[{"href":"https:\/\/aynakol.org\/index.php?rest_route=\/wp\/v2\/types\/post"}],"author":[{"embeddable":true,"href":"https:\/\/aynakol.org\/index.php?rest_route=\/wp\/v2\/users\/1"}],"replies":[{"embeddable":true,"href":"https:\/\/aynakol.org\/index.php?rest_route=%2Fwp%2Fv2%2Fcomments&post=9609"}],"version-history":[{"count":6,"href":"https:\/\/aynakol.org\/index.php?rest_route=\/wp\/v2\/posts\/9609\/revisions"}],"predecessor-version":[{"id":9646,"href":"https:\/\/aynakol.org\/index.php?rest_route=\/wp\/v2\/posts\/9609\/revisions\/9646"}],"wp:featuredmedia":[{"embeddable":true,"href":"https:\/\/aynakol.org\/index.php?rest_route=\/wp\/v2\/media\/9598"}],"wp:attachment":[{"href":"https:\/\/aynakol.org\/index.php?rest_route=%2Fwp%2Fv2%2Fmedia&parent=9609"}],"wp:term":[{"taxonomy":"category","embeddable":true,"href":"https:\/\/aynakol.org\/index.php?rest_route=%2Fwp%2Fv2%2Fcategories&post=9609"},{"taxonomy":"post_tag","embeddable":true,"href":"https:\/\/aynakol.org\/index.php?rest_route=%2Fwp%2Fv2%2Ftags&post=9609"}],"curies":[{"name":"wp","href":"https:\/\/api.w.org\/{rel}","templated":true}]}}