{"id":9617,"date":"2025-07-24T23:32:09","date_gmt":"2025-07-24T20:32:09","guid":{"rendered":"https:\/\/aynakol.org\/?p=9617"},"modified":"2025-07-26T00:38:10","modified_gmt":"2025-07-25T21:38:10","slug":"tour-de-france-2025-19-etap-albertville-la-plagne-1299-km","status":"publish","type":"post","link":"https:\/\/aynakol.org\/?p=9617","title":{"rendered":"Tour de France 2025 19. etap: Albertville  \u203a  La Plagne, 95 km"},"content":{"rendered":"<p><span style=\"font-size: 14pt; font-family: georgia,palatino,serif;\"><strong>19. Etap incelemesi<\/strong><\/span><br \/>\n<span style=\"font-size: 12pt; font-family: georgia,palatino,serif;\">Ta\u015f atsak \u0130talyaya d\u00fc\u015fecek kadar yak\u0131nl\u0131ktay\u0131z: Frans\u0131z Alplerinde son tango g\u00fcn\u00fc: Neredeyse 130 km uzunlu\u011fundaki bu k\u0131sa g\u00f6r\u00fcn\u00fcml\u00fc etab\u0131n mesafesi daha da k\u0131salt\u0131ld\u0131: B\u00f6lgedeki b\u00fcy\u00fckba\u0219 hayvanlara musallat olan bir mikrop ve onunla m\u00fccadelede kullan\u0131lan ila\u00e7lar pelotona da sirayet etmesin diye g\u00fcn\u00fcn ilk t\u0131rman\u0131\u015f\u0131 Col des Saisies rotadan \u00e7\u0131kart\u0131ld\u0131. Bunun yerinde g\u00fcn\u00fcn ilk k\u0131r\u0131c\u0131 t\u0131rman\u0131\u015f\u0131 Col du Pre eteklerine varmak i\u00e7in dolan\u0131p da gelecek peloton ama bir 35km k\u0131salt\u0131larak.<\/span><\/p>\n<p><span style=\"font-size: 12pt; font-family: georgia, palatino, serif;\">Etab\u0131n yine de konsantre bir s\u0131k\u0131\u015f t\u0131k\u0131\u015f profili var: 2, 1, HC, 2, sonsuzluk ve \u00f6tesine galaktik bir ge\u00e7i\u015f ve La Plagne zirvesinde kapan\u0131\u015f.<\/span><\/p>\n<p><img data-recalc-dims=\"1\" loading=\"lazy\" decoding=\"async\" data-attachment-id=\"9625\" data-permalink=\"https:\/\/aynakol.org\/?attachment_id=9625\" data-orig-file=\"https:\/\/i0.wp.com\/aynakol.org\/wp-content\/uploads\/2025\/07\/tdf2025_stage19_1.jpg?fit=960%2C577&amp;ssl=1\" data-orig-size=\"960,577\" data-comments-opened=\"1\" data-image-meta=\"{&quot;aperture&quot;:&quot;0&quot;,&quot;credit&quot;:&quot;&quot;,&quot;camera&quot;:&quot;&quot;,&quot;caption&quot;:&quot;&quot;,&quot;created_timestamp&quot;:&quot;0&quot;,&quot;copyright&quot;:&quot;&quot;,&quot;focal_length&quot;:&quot;0&quot;,&quot;iso&quot;:&quot;0&quot;,&quot;shutter_speed&quot;:&quot;0&quot;,&quot;title&quot;:&quot;&quot;,&quot;orientation&quot;:&quot;0&quot;}\" data-image-title=\"tdf2025_stage19_1\" data-image-description=\"\" data-image-caption=\"\" data-large-file=\"https:\/\/i0.wp.com\/aynakol.org\/wp-content\/uploads\/2025\/07\/tdf2025_stage19_1.jpg?fit=860%2C517&amp;ssl=1\" class=\"aligncenter size-full wp-image-9625\" src=\"https:\/\/i0.wp.com\/aynakol.org\/wp-content\/uploads\/2025\/07\/tdf2025_stage19_1.jpg?resize=860%2C517\" alt=\"\" width=\"860\" height=\"517\" srcset=\"https:\/\/i0.wp.com\/aynakol.org\/wp-content\/uploads\/2025\/07\/tdf2025_stage19_1.jpg?w=960&amp;ssl=1 960w, https:\/\/i0.wp.com\/aynakol.org\/wp-content\/uploads\/2025\/07\/tdf2025_stage19_1.jpg?resize=300%2C180&amp;ssl=1 300w, https:\/\/i0.wp.com\/aynakol.org\/wp-content\/uploads\/2025\/07\/tdf2025_stage19_1.jpg?resize=768%2C462&amp;ssl=1 768w\" sizes=\"auto, (max-width: 860px) 100vw, 860px\" \/><br \/>\n<span style=\"font-size: 12pt; font-family: georgia,palatino,serif;\">Visma-lab talih d\u00f6ner mi acaba Giro d&#8217;Italia 2025&#8217;deki gibi diye hen\u00fcz bitmedi, m\u00fccadeleye devam \u015feklinde deme\u00e7ler verse de orada rakip deneyimsiz Isaac del Toro, burada ise kariyerindeki 100. etap zaferine heb\u00fcz 26 ya\u015f\u0131nda uzanan Pogacar ve 4:26 saniyelik bir zaman fark\u0131 var. <\/span><br \/>\n<span style=\"font-size: 12pt; font-family: georgia,palatino,serif;\">Alp S\u0131rada\u011flar\u0131n\u0131n bu son etab\u0131 i\u00e7in taht s\u0131ras\u0131nda 2. s\u0131rada bekleyen prens etap diyebiliriz; zira ikinci haftada prenses, d\u00fcn de krali\u00e7e etab\u0131m\u0131z geldi ge\u00e7ti. <\/span><\/p>\n<p>95 km uzunlu\u011fundaki etab\u0131n tam ortas\u0131nda yer alan Col du Pre da\u011f ge\u00e7idine dek d\u00fcn ya\u015fanan olaylar\u0131n, ka\u00e7\u0131\u015f\u0131n b\u00f6l\u00fcnmesi, takip olu\u015fmas\u0131 ve ini\u015fte birle\u015fmelerini yeniden g\u00f6recek gibiyiz. \u00c7\u00fcnk\u00fc Col du Pre ge\u00e7idinin arkas\u0131ndan La Pagne zirvesine uzanan 35 km&#8217;lik ini\u015f adeta ka\u00e7an m\u00fccadele eden herkes i\u00e7in bir kabul toplanma merkezi g\u00f6revi g\u00f6recek ve etab\u0131n ger\u00e7ek seyri burada belli olacak.<\/p>\n<p><img data-recalc-dims=\"1\" loading=\"lazy\" decoding=\"async\" data-attachment-id=\"9627\" data-permalink=\"https:\/\/aynakol.org\/?attachment_id=9627\" data-orig-file=\"https:\/\/i0.wp.com\/aynakol.org\/wp-content\/uploads\/2025\/07\/tdf2025_stage19_2.jpg?fit=534%2C800&amp;ssl=1\" data-orig-size=\"534,800\" data-comments-opened=\"1\" data-image-meta=\"{&quot;aperture&quot;:&quot;0&quot;,&quot;credit&quot;:&quot;&quot;,&quot;camera&quot;:&quot;&quot;,&quot;caption&quot;:&quot;&quot;,&quot;created_timestamp&quot;:&quot;0&quot;,&quot;copyright&quot;:&quot;&quot;,&quot;focal_length&quot;:&quot;0&quot;,&quot;iso&quot;:&quot;0&quot;,&quot;shutter_speed&quot;:&quot;0&quot;,&quot;title&quot;:&quot;&quot;,&quot;orientation&quot;:&quot;0&quot;}\" data-image-title=\"tdf2025_stage19_2\" data-image-description=\"\" data-image-caption=\"\" data-large-file=\"https:\/\/i0.wp.com\/aynakol.org\/wp-content\/uploads\/2025\/07\/tdf2025_stage19_2.jpg?fit=534%2C800&amp;ssl=1\" class=\"aligncenter size-full wp-image-9627\" src=\"https:\/\/i0.wp.com\/aynakol.org\/wp-content\/uploads\/2025\/07\/tdf2025_stage19_2.jpg?resize=534%2C800\" alt=\"\" width=\"534\" height=\"800\" srcset=\"https:\/\/i0.wp.com\/aynakol.org\/wp-content\/uploads\/2025\/07\/tdf2025_stage19_2.jpg?w=534&amp;ssl=1 534w, https:\/\/i0.wp.com\/aynakol.org\/wp-content\/uploads\/2025\/07\/tdf2025_stage19_2.jpg?resize=200%2C300&amp;ssl=1 200w\" sizes=\"auto, (max-width: 534px) 100vw, 534px\" \/><\/p>\n<p><span style=\"font-size: 12pt; font-family: georgia,palatino,serif;\">19 km uzunlu\u011fundaki La Pagne kayak ve k\u0131\u015f sporlar\u0131 merkezine ev sahipli\u011fi yapan zirvenin ortalama e\u011fimi ara \u00e7\u0131k\u0131nt\u0131lar hari\u00e7 istikrarl\u0131: %7. 2052 metre rak\u0131ma konu\u015flu zirve bu senenin ciddi son da\u011fl\u0131 etap biti\u015fine ev sahipli\u011fi yapaca\u011f\u0131ndan ete\u011finden tokas\u0131na dek \u00e7\u0131lg\u0131n bir kalabal\u0131k \u00f6nce ka\u00e7anlara, sonra kovalayanlara, derken favorilere, pe\u015finden peloton ve grupettoya e\u015flik edecek. <\/span><br \/>\n<span style=\"font-size: 12pt; font-family: georgia,palatino,serif;\">Bir de\u011fi\u015fiklik olur mu? Umudumuz de\u011fi\u015fimden yana ama rakipsizlik ve silkelenememezlikle bu sene zor.<\/span><\/p>\n<p>&nbsp;<\/p>\n<p><span style=\"font-size: 14pt; font-family: georgia, palatino, serif;\"><strong>19. Etapta neler olmu\u015ftu?<\/strong><\/span><\/p>\n<p><span style=\"font-size: 12pt; font-family: georgia, palatino, serif;\">Kazanan bir kez daha Thymen Arensman!<\/span><\/p>\n<p><img data-recalc-dims=\"1\" loading=\"lazy\" decoding=\"async\" data-attachment-id=\"9638\" data-permalink=\"https:\/\/aynakol.org\/?attachment_id=9638\" data-orig-file=\"https:\/\/i0.wp.com\/aynakol.org\/wp-content\/uploads\/2025\/07\/tdf2025_stage19_6.jpg?fit=1000%2C667&amp;ssl=1\" data-orig-size=\"1000,667\" data-comments-opened=\"1\" data-image-meta=\"{&quot;aperture&quot;:&quot;0&quot;,&quot;credit&quot;:&quot;&quot;,&quot;camera&quot;:&quot;&quot;,&quot;caption&quot;:&quot;&quot;,&quot;created_timestamp&quot;:&quot;0&quot;,&quot;copyright&quot;:&quot;&quot;,&quot;focal_length&quot;:&quot;0&quot;,&quot;iso&quot;:&quot;0&quot;,&quot;shutter_speed&quot;:&quot;0&quot;,&quot;title&quot;:&quot;&quot;,&quot;orientation&quot;:&quot;0&quot;}\" data-image-title=\"tdf2025_stage19_6\" data-image-description=\"\" data-image-caption=\"\" data-large-file=\"https:\/\/i0.wp.com\/aynakol.org\/wp-content\/uploads\/2025\/07\/tdf2025_stage19_6.jpg?fit=860%2C574&amp;ssl=1\" class=\"aligncenter size-full wp-image-9638\" src=\"https:\/\/i0.wp.com\/aynakol.org\/wp-content\/uploads\/2025\/07\/tdf2025_stage19_6.jpg?resize=860%2C574\" alt=\"\" width=\"860\" height=\"574\" srcset=\"https:\/\/i0.wp.com\/aynakol.org\/wp-content\/uploads\/2025\/07\/tdf2025_stage19_6.jpg?w=1000&amp;ssl=1 1000w, https:\/\/i0.wp.com\/aynakol.org\/wp-content\/uploads\/2025\/07\/tdf2025_stage19_6.jpg?resize=300%2C200&amp;ssl=1 300w, https:\/\/i0.wp.com\/aynakol.org\/wp-content\/uploads\/2025\/07\/tdf2025_stage19_6.jpg?resize=768%2C512&amp;ssl=1 768w\" sizes=\"auto, (max-width: 860px) 100vw, 860px\" \/><\/p>\n<p>&nbsp;<\/p>\n<p><span style=\"font-family: georgia, palatino, serif; font-size: 12pt;\">INEOS Granadiers tak\u0131m\u0131n\u0131n Hollandal\u0131 dev pedal\u0131 bu senenin ikinci Le Tour etap zaferine son metrelerde neredeyse ge\u00e7ilecek gibi olsa da zorlanarak, ac\u0131 \u00e7ekerek pedallad\u0131! \u00d6yle bir ac\u0131, yorgunluk inan\u0131lmazl\u0131k ki, biti\u015f \u00e7izgisini ge\u00e7er ge\u00e7mez bariyerlere s\u0131rt\u0131n\u0131 verip yasland\u0131: Oysa pe\u015fineden gelen genel klasman\u0131n ilk \u00fc\u00e7\u00fc Vingego, Pogi ve Lipowtiz tam gaz ge\u00e7ip so\u011fuma \u00e7ad\u0131rlar\u0131na do\u011fru yolland\u0131lar rahat\u00e7a.<\/span><\/p>\n<p>&nbsp;<\/p>\n<p><img data-recalc-dims=\"1\" loading=\"lazy\" decoding=\"async\" data-attachment-id=\"9639\" data-permalink=\"https:\/\/aynakol.org\/?attachment_id=9639\" data-orig-file=\"https:\/\/i0.wp.com\/aynakol.org\/wp-content\/uploads\/2025\/07\/tdf2025_stage19_5.jpg?fit=1000%2C667&amp;ssl=1\" data-orig-size=\"1000,667\" data-comments-opened=\"1\" data-image-meta=\"{&quot;aperture&quot;:&quot;0&quot;,&quot;credit&quot;:&quot;&quot;,&quot;camera&quot;:&quot;&quot;,&quot;caption&quot;:&quot;&quot;,&quot;created_timestamp&quot;:&quot;0&quot;,&quot;copyright&quot;:&quot;&quot;,&quot;focal_length&quot;:&quot;0&quot;,&quot;iso&quot;:&quot;0&quot;,&quot;shutter_speed&quot;:&quot;0&quot;,&quot;title&quot;:&quot;&quot;,&quot;orientation&quot;:&quot;0&quot;}\" data-image-title=\"tdf2025_stage19_5\" data-image-description=\"\" data-image-caption=\"\" data-large-file=\"https:\/\/i0.wp.com\/aynakol.org\/wp-content\/uploads\/2025\/07\/tdf2025_stage19_5.jpg?fit=860%2C574&amp;ssl=1\" class=\"aligncenter size-full wp-image-9639\" src=\"https:\/\/i0.wp.com\/aynakol.org\/wp-content\/uploads\/2025\/07\/tdf2025_stage19_5.jpg?resize=860%2C574\" alt=\"\" width=\"860\" height=\"574\" srcset=\"https:\/\/i0.wp.com\/aynakol.org\/wp-content\/uploads\/2025\/07\/tdf2025_stage19_5.jpg?w=1000&amp;ssl=1 1000w, https:\/\/i0.wp.com\/aynakol.org\/wp-content\/uploads\/2025\/07\/tdf2025_stage19_5.jpg?resize=300%2C200&amp;ssl=1 300w, https:\/\/i0.wp.com\/aynakol.org\/wp-content\/uploads\/2025\/07\/tdf2025_stage19_5.jpg?resize=768%2C512&amp;ssl=1 768w\" sizes=\"auto, (max-width: 860px) 100vw, 860px\" \/><\/p>\n<p>&nbsp;<\/p>\n<p><span style=\"font-size: 14pt; font-family: georgia, palatino, serif;\"><strong>La Flamme Rouge<\/strong><\/span><\/p>\n<p><iframe loading=\"lazy\" title=\"YouTube video player\" src=\"\/\/www.youtube.com\/embed\/TTykqcJ-Fc4?si=QaiwV7xreEC1Y-T0\" width=\"560\" height=\"315\" frameborder=\"0\" allowfullscreen=\"allowfullscreen\"><\/iframe><\/p>\n<p>&nbsp;<\/p>\n<p><span style=\"font-size: 12pt; font-family: georgia, palatino, serif;\">Ya\u011f\u0131\u015f ve b\u00f6lgedeki s\u0131\u011f\u0131rlar\u0131 etkileyen bir salg\u0131nla m\u00fccadelede kullan\u0131lan ila\u00e7lar\u0131n pelotonu etkilememesi ad\u0131na k\u0131salt\u0131lan etap 129,9 km yerine 95 km olarak iki HC t\u0131rman\u0131\u015f\u0131n yeri korunarak yeniden planland\u0131. <\/span><\/p>\n<p><span style=\"font-size: 12pt; font-family: georgia, palatino, serif;\">HC s\u0131n\u0131f\u0131 Col du Pre ge\u00e7idinde Polka Dot Mayoyu geri alabilmek i\u00e7in sava\u015fan Lenny Martinez, Roglic, Valentin Paret-Peintre, Rubio, Reyes, Admirail ka\u00e7\u0131\u015f grubunu olu\u015fturup liderli\u011fi ele alsa da Cormet de Roseland ge\u00e7idinin ini\u015finde ka\u00e7aklar takibe, takip de pelotona yakaland\u0131. Valentin bir ara ini\u015fte liderli\u011fi ele alsa da Roglic geldi ge\u00e7ti kendisini ama o da pelotona yakalan\u0131nca herkes bir arada k\u0131sa ataklarla La Plagne t\u0131rman\u0131\u015f\u0131nda ba\u015flad\u0131. <\/span><\/p>\n<p><img data-recalc-dims=\"1\" loading=\"lazy\" decoding=\"async\" data-attachment-id=\"9634\" data-permalink=\"https:\/\/aynakol.org\/?attachment_id=9634\" data-orig-file=\"https:\/\/i0.wp.com\/aynakol.org\/wp-content\/uploads\/2025\/07\/tdf2025_stage19_10.jpg?fit=1000%2C667&amp;ssl=1\" data-orig-size=\"1000,667\" data-comments-opened=\"1\" data-image-meta=\"{&quot;aperture&quot;:&quot;0&quot;,&quot;credit&quot;:&quot;&quot;,&quot;camera&quot;:&quot;&quot;,&quot;caption&quot;:&quot;&quot;,&quot;created_timestamp&quot;:&quot;0&quot;,&quot;copyright&quot;:&quot;&quot;,&quot;focal_length&quot;:&quot;0&quot;,&quot;iso&quot;:&quot;0&quot;,&quot;shutter_speed&quot;:&quot;0&quot;,&quot;title&quot;:&quot;&quot;,&quot;orientation&quot;:&quot;0&quot;}\" data-image-title=\"tdf2025_stage19_10\" data-image-description=\"\" data-image-caption=\"\" data-large-file=\"https:\/\/i0.wp.com\/aynakol.org\/wp-content\/uploads\/2025\/07\/tdf2025_stage19_10.jpg?fit=860%2C574&amp;ssl=1\" class=\"aligncenter size-full wp-image-9634\" src=\"https:\/\/i0.wp.com\/aynakol.org\/wp-content\/uploads\/2025\/07\/tdf2025_stage19_10.jpg?resize=860%2C574\" alt=\"\" width=\"860\" height=\"574\" srcset=\"https:\/\/i0.wp.com\/aynakol.org\/wp-content\/uploads\/2025\/07\/tdf2025_stage19_10.jpg?w=1000&amp;ssl=1 1000w, https:\/\/i0.wp.com\/aynakol.org\/wp-content\/uploads\/2025\/07\/tdf2025_stage19_10.jpg?resize=300%2C200&amp;ssl=1 300w, https:\/\/i0.wp.com\/aynakol.org\/wp-content\/uploads\/2025\/07\/tdf2025_stage19_10.jpg?resize=768%2C512&amp;ssl=1 768w\" sizes=\"auto, (max-width: 860px) 100vw, 860px\" \/><\/p>\n<p><span style=\"font-size: 12pt; font-family: georgia, palatino, serif;\">14 km kala ya\u011f\u0131\u015f\u0131n \u015fiddetini artt\u0131rmas\u0131yle birlikte Tadej Pogacar silkelemeden \u00e7ok g\u00fc\u00e7 yoklama ata\u011f\u0131 yap\u0131nca tek teker ikizi Vingegaard d\u0131\u015f\u0131nda tutunabilen olmad\u0131 kendisine. \u0130kili k\u0131sa bir s\u00fcre birlikte giderken f\u0131rsat penceresinin a\u00e7\u0131ld\u0131\u011f\u0131n\u0131n g\u00f6ren Hollandal\u0131 pedal Thymen Arensman ikilinim pe\u015fine tak\u0131ld\u0131 ve birbirine bakmaktan yava\u015flayan Pogi ve Veingegoyu ge\u00e7ti. <\/span><\/p>\n<p><span style=\"font-size: 12pt; font-family: georgia, palatino, serif;\">Buradan etaba pedallayaca\u011f\u0131 anla\u015f\u0131lan Arensman\u0131n geri getirmek i\u00e7in ba\u015fta Felix Gall ve tak\u0131m\u0131 Decathlon temposu fark\u0131 eriten bir unsur olsa da Pogacar yine rahat durmad\u0131 ve son 7 km kala yeniden denedi ve bu sefer kopu\u015f tam oldu: Pogi ve Vingegaard ba\u015fa ba\u015f kal\u0131rken Florian Lipowitz, podyuma 20 saniye gerideki Oscar Onley ve yukar\u0131ya \u00e7\u0131kmak i\u00e7in \u00e7abalayan Felix Gall grubu da ikilinin pe\u015fine verdi. <\/span><\/p>\n<p><img data-recalc-dims=\"1\" loading=\"lazy\" decoding=\"async\" data-attachment-id=\"9641\" data-permalink=\"https:\/\/aynakol.org\/?attachment_id=9641\" data-orig-file=\"https:\/\/i0.wp.com\/aynakol.org\/wp-content\/uploads\/2025\/07\/tdf2025_stage19_3.jpg?fit=1000%2C667&amp;ssl=1\" data-orig-size=\"1000,667\" data-comments-opened=\"1\" data-image-meta=\"{&quot;aperture&quot;:&quot;0&quot;,&quot;credit&quot;:&quot;&quot;,&quot;camera&quot;:&quot;&quot;,&quot;caption&quot;:&quot;&quot;,&quot;created_timestamp&quot;:&quot;0&quot;,&quot;copyright&quot;:&quot;&quot;,&quot;focal_length&quot;:&quot;0&quot;,&quot;iso&quot;:&quot;0&quot;,&quot;shutter_speed&quot;:&quot;0&quot;,&quot;title&quot;:&quot;&quot;,&quot;orientation&quot;:&quot;0&quot;}\" data-image-title=\"tdf2025_stage19_3\" data-image-description=\"\" data-image-caption=\"\" data-large-file=\"https:\/\/i0.wp.com\/aynakol.org\/wp-content\/uploads\/2025\/07\/tdf2025_stage19_3.jpg?fit=860%2C574&amp;ssl=1\" class=\"aligncenter size-full wp-image-9641\" src=\"https:\/\/i0.wp.com\/aynakol.org\/wp-content\/uploads\/2025\/07\/tdf2025_stage19_3.jpg?resize=860%2C574\" alt=\"\" width=\"860\" height=\"574\" srcset=\"https:\/\/i0.wp.com\/aynakol.org\/wp-content\/uploads\/2025\/07\/tdf2025_stage19_3.jpg?w=1000&amp;ssl=1 1000w, https:\/\/i0.wp.com\/aynakol.org\/wp-content\/uploads\/2025\/07\/tdf2025_stage19_3.jpg?resize=300%2C200&amp;ssl=1 300w, https:\/\/i0.wp.com\/aynakol.org\/wp-content\/uploads\/2025\/07\/tdf2025_stage19_3.jpg?resize=768%2C512&amp;ssl=1 768w\" sizes=\"auto, (max-width: 860px) 100vw, 860px\" \/><\/p>\n<p><span style=\"font-size: 12pt; font-family: georgia, palatino, serif;\">Lipowitzin temposu Oscar Onley i\u00e7in y\u00fcksek gelince geriye b\u0131rakt\u0131 kendisini ve kopop giden Lipowitz \u00f6ndeki ikiliyle bulu\u015fup Arensman\u0131 yakalamak i\u00e7in tempoyu belirlemeye ba\u015flad\u0131. Birlikte \u00e7al\u0131\u015fmaktan \u00e7ok Vingegonun <em>ne yaparsak yapal\u0131m olmuyor, olmad\u0131 da serzeni\u015fli kabullenmi\u015f takibi,<\/em> Pogacar\u0131n da <em>bitse de gitsem, \u00fc\u00e7 haftad\u0131r rakipsiz pedall\u0131yorum b\u0131kk\u0131nl\u0131\u011f\u0131yla\u00a0<\/em>Lipowitzin temposuyla bir ara yakalad\u0131lar gibi olsa da Arensman\u0131, hollandal\u0131 devasa c\u00fcssesine ald\u0131rmadan u\u00e7tu, u\u00e7tu, biti\u015f \u00e7izgisine kondu!<\/span><\/p>\n<p><span style=\"font-size: 14pt; font-family: georgia, palatino, serif;\"><strong>Etab\u0131n \u00f6ne \u00e7\u0131kan anlar\u0131<\/strong><\/span><iframe loading=\"lazy\" title=\"YouTube video player\" src=\"https:\/\/www.youtube.com\/embed\/2zw91RSssJk?si=_L_z7cfxF2zzbkt1\" width=\"560\" height=\"315\" frameborder=\"0\" allowfullscreen=\"allowfullscreen\"><\/iframe><\/p>\n<p><span style=\"font-size: 12pt; font-family: georgia, palatino, serif;\">\u0130lk ikisi zaten belli m\u00fccadelenin \u00fc\u00e7\u00fcnc\u00fcs\u00fc kim olacak diye meraklan\u0131rken Lipowitz bug\u00fcn son 3 km&#8217;de yapt\u0131\u011f\u0131 tempolu takibiyle Oscar Onleyi silkeleyip podyumun \u00fc\u00e7\u00fcnc\u00fc basama\u011f\u0131na kendisin\u015f e\u00e7kti, yerin\u015f sa\u011flamla\u015ft\u0131rd\u0131.<\/span><\/p>\n<p>&nbsp;<\/p>\n<p><span style=\"font-size: 14pt; font-family: georgia, palatino, serif;\"><strong>S\u0131ral\u0131 tam liste<\/strong><\/span><\/p>\n<p><iframe loading=\"lazy\" src=\"https:\/\/www.procyclingstats.com\/widgets\/result.php?h=0682d730919249988ca0b633111f1fd6e95efa22\" width=\"520\" height=\"320\"><\/iframe><\/p>\n<p>&nbsp;<\/p>\n","protected":false},"excerpt":{"rendered":"<p>19. Etap incelemesi Ta\u015f atsak \u0130talyaya d\u00fc\u015fecek kadar yak\u0131nl\u0131ktay\u0131z: Frans\u0131z Alplerinde son tango g\u00fcn\u00fc: Neredeyse 130 km uzunlu\u011fundaki bu k\u0131sa g\u00f6r\u00fcn\u00fcml\u00fc etab\u0131n mesafesi daha da [&#8230;]<\/p>\n","protected":false},"author":1,"featured_media":9624,"comment_status":"open","ping_status":"open","sticky":false,"template":"","format":"standard","meta":{"jetpack_post_was_ever_published":false,"_jetpack_newsletter_access":"","_jetpack_dont_email_post_to_subs":false,"_jetpack_newsletter_tier_id":0,"_jetpack_memberships_contains_paywalled_content":false,"_jetpack_memberships_contains_paid_content":false,"footnotes":"","jetpack_publicize_message":"","jetpack_publicize_feature_enabled":true,"jetpack_social_post_already_shared":true,"jetpack_social_options":{"image_generator_settings":{"template":"highway","default_image_id":0,"font":"","enabled":false},"version":2}},"categories":[89],"tags":[1636,1633],"class_list":["post-9617","post","type-post","status-publish","format-standard","has-post-thumbnail","hentry","category-tour","tag-le-tour-2025","tag-tdf2025"],"jetpack_publicize_connections":[],"jetpack_featured_media_url":"https:\/\/i0.wp.com\/aynakol.org\/wp-content\/uploads\/2025\/07\/tdf2025_stage18_11.jpg?fit=1000%2C667&ssl=1","jetpack_sharing_enabled":true,"jetpack_shortlink":"https:\/\/wp.me\/p51p4O-2v7","jetpack_likes_enabled":true,"jetpack-related-posts":[{"id":7567,"url":"https:\/\/aynakol.org\/?p=7567","url_meta":{"origin":9617,"position":0},"title":"#TdF2023tr 5. Etap: Pau > Laruns, 162,7 km","author":"Ayd\u0131n Bez","date":"5 Temmuz 2023","format":false,"excerpt":"D\u00fcnk\u00fc etapta neler olmu\u015ftu? Paul Armagnac pistinde sona eren etab\u0131n sonunda zaferin ad\u0131 yine, yeniden Jasper Philipsen! \u00a0 La Flamme Rouge \u00a0 182km uzunlu\u011fundaki etap beklendi\u011fi gibi pelotonun kendi kendisi sele \u00fczerinde transfer etti\u011fi, olays\u0131z bir g\u00fcn olacakken biti\u015f \u00e7izgisine ev sahipli\u011fi yapan Paul Armagnac Pistine girildi ortal\u0131k kar\u0131\u015ft\u0131. Piste\u2026","rel":"","context":"&quot;Tour de France&quot; i\u00e7inde","block_context":{"text":"Tour de France","link":"https:\/\/aynakol.org\/?cat=89"},"img":{"alt_text":"","src":"https:\/\/i0.wp.com\/aynakol.org\/wp-content\/uploads\/2023\/07\/tdf2023_stage4_peloton_3.jpg?fit=1000%2C666&ssl=1&resize=350%2C200","width":350,"height":200,"srcset":"https:\/\/i0.wp.com\/aynakol.org\/wp-content\/uploads\/2023\/07\/tdf2023_stage4_peloton_3.jpg?fit=1000%2C666&ssl=1&resize=350%2C200 1x, https:\/\/i0.wp.com\/aynakol.org\/wp-content\/uploads\/2023\/07\/tdf2023_stage4_peloton_3.jpg?fit=1000%2C666&ssl=1&resize=525%2C300 1.5x, https:\/\/i0.wp.com\/aynakol.org\/wp-content\/uploads\/2023\/07\/tdf2023_stage4_peloton_3.jpg?fit=1000%2C666&ssl=1&resize=700%2C400 2x"},"classes":[]},{"id":1591,"url":"https:\/\/aynakol.org\/?p=1591","url_meta":{"origin":9617,"position":1},"title":"#TDF2015 19. Etap: Saint-Jean-de-Maurienne \u2192 La Toussuire, 138 km","author":"Ayd\u0131n Bez","date":"24 Temmuz 2015","format":false,"excerpt":"18. etab\u0131n k\u0131sa bir \u00f6zeti: Da\u011flar\u0131n kral\u0131 mayosu sonunda sahibini buldu: son ikisi hari\u00e7 t\u00fcm zirvelerden ilk s\u0131rada ge\u00e7en Katusha'n\u0131n \u0130spanyol pedal\u0131 Joaquin Rodriguez polka dot mayoyu sava\u015farak ald\u0131, Ancak en yak\u0131n rakibi etab\u0131 kazanan AG2R la Mondiale tak\u0131m\u0131n\u0131n Frans\u0131z\u0131 Romain Bardet. E\u011fer 19. etapta Rodriguez puan kapt\u0131r\u0131rsa Bardet'e mayodan\u2026","rel":"","context":"&quot;Grand Tour&quot; i\u00e7inde","block_context":{"text":"Grand Tour","link":"https:\/\/aynakol.org\/?cat=92"},"img":{"alt_text":"","src":"https:\/\/i0.wp.com\/aynakol.org\/wp-content\/uploads\/2015\/07\/Banner2_Tour.jpg?fit=1200%2C390&ssl=1&resize=350%2C200","width":350,"height":200,"srcset":"https:\/\/i0.wp.com\/aynakol.org\/wp-content\/uploads\/2015\/07\/Banner2_Tour.jpg?fit=1200%2C390&ssl=1&resize=350%2C200 1x, https:\/\/i0.wp.com\/aynakol.org\/wp-content\/uploads\/2015\/07\/Banner2_Tour.jpg?fit=1200%2C390&ssl=1&resize=525%2C300 1.5x, https:\/\/i0.wp.com\/aynakol.org\/wp-content\/uploads\/2015\/07\/Banner2_Tour.jpg?fit=1200%2C390&ssl=1&resize=700%2C400 2x, https:\/\/i0.wp.com\/aynakol.org\/wp-content\/uploads\/2015\/07\/Banner2_Tour.jpg?fit=1200%2C390&ssl=1&resize=1050%2C600 3x"},"classes":[]},{"id":7843,"url":"https:\/\/aynakol.org\/?p=7843","url_meta":{"origin":9617,"position":2},"title":"#TdF2023 17. Etap: Saint-Gervais Mont-Blanc > Courchevel, 165,7 km","author":"Ayd\u0131n Bez","date":"19 Temmuz 2023","format":false,"excerpt":"Bu yaz\u0131 18 Temmuz 2023 tarih, sabah 5:30'da bir araban\u0131n vurup ka\u00e7mas\u0131yla aram\u0131zdan ayr\u0131lan sevgili abimiz DO\u011eANAY G\u00dcZELG\u00dcN'e adanm\u0131\u015ft\u0131r. Huzur seninle olsun Do\u011fanay abi. Zafer nedir nas\u0131l kazan\u0131l\u0131r dersi gibiydi 16. Etap adeta! 22,4 km uzunlu\u011fundaki bireysel zamana kar\u015f\u0131 etab\u0131nda Jonas Vingegaard, Combloux ge\u00e7idinde zaferi kendi yaratt\u0131, kendi pedallad\u0131! \u00a0\u2026","rel":"","context":"&quot;Tour de France&quot; i\u00e7inde","block_context":{"text":"Tour de France","link":"https:\/\/aynakol.org\/?cat=89"},"img":{"alt_text":"","src":"https:\/\/i0.wp.com\/aynakol.org\/wp-content\/uploads\/2023\/07\/screenshot_20230718_182138_blutv3817118263167420286.jpg?fit=1200%2C568&ssl=1&resize=350%2C200","width":350,"height":200,"srcset":"https:\/\/i0.wp.com\/aynakol.org\/wp-content\/uploads\/2023\/07\/screenshot_20230718_182138_blutv3817118263167420286.jpg?fit=1200%2C568&ssl=1&resize=350%2C200 1x, https:\/\/i0.wp.com\/aynakol.org\/wp-content\/uploads\/2023\/07\/screenshot_20230718_182138_blutv3817118263167420286.jpg?fit=1200%2C568&ssl=1&resize=525%2C300 1.5x, https:\/\/i0.wp.com\/aynakol.org\/wp-content\/uploads\/2023\/07\/screenshot_20230718_182138_blutv3817118263167420286.jpg?fit=1200%2C568&ssl=1&resize=700%2C400 2x, https:\/\/i0.wp.com\/aynakol.org\/wp-content\/uploads\/2023\/07\/screenshot_20230718_182138_blutv3817118263167420286.jpg?fit=1200%2C568&ssl=1&resize=1050%2C600 3x"},"classes":[]},{"id":3775,"url":"https:\/\/aynakol.org\/?p=3775","url_meta":{"origin":9617,"position":3},"title":"TdF2016 8. Etap: Pau \u2192 Bagn\u00e8res-de-Luchon, 184 km","author":"Ayd\u0131n Bez","date":"9 Temmuz 2016","format":false,"excerpt":"D\u00fcnk\u00fc etapta k\u0131saca neler oldu: Ka\u00e7\u0131\u015f ustas\u0131 Stephen Cummings geliyorum diye diye ka\u00e7\u0131\u015f grubu i\u00e7inden atak yap\u0131p son t\u0131rman\u0131\u015f\u0131n ete\u011finde zafere do\u011fru pedallad\u0131 ve a\u00e7\u0131l\u0131\u015f haftas\u0131nda tak\u0131m\u0131na 4. zaferini getirdi. Greg van Avermaet ise herkesi \u015fa\u015f\u0131rtarak sar\u0131 mayosunu atak yap\u0131p, ka\u00e7\u0131\u015fta yer alarak savundu ve \u00fcstelik fark atarak! Etap incelemesi\u2026","rel":"","context":"&quot;Tour de France&quot; i\u00e7inde","block_context":{"text":"Tour de France","link":"https:\/\/aynakol.org\/?cat=89"},"img":{"alt_text":"","src":"https:\/\/i0.wp.com\/aynakol.org\/wp-content\/uploads\/2016\/07\/TDF2016_stage8_winner_Chris_Froome1.jpg?fit=1139%2C553&ssl=1&resize=350%2C200","width":350,"height":200,"srcset":"https:\/\/i0.wp.com\/aynakol.org\/wp-content\/uploads\/2016\/07\/TDF2016_stage8_winner_Chris_Froome1.jpg?fit=1139%2C553&ssl=1&resize=350%2C200 1x, https:\/\/i0.wp.com\/aynakol.org\/wp-content\/uploads\/2016\/07\/TDF2016_stage8_winner_Chris_Froome1.jpg?fit=1139%2C553&ssl=1&resize=525%2C300 1.5x, https:\/\/i0.wp.com\/aynakol.org\/wp-content\/uploads\/2016\/07\/TDF2016_stage8_winner_Chris_Froome1.jpg?fit=1139%2C553&ssl=1&resize=700%2C400 2x, https:\/\/i0.wp.com\/aynakol.org\/wp-content\/uploads\/2016\/07\/TDF2016_stage8_winner_Chris_Froome1.jpg?fit=1139%2C553&ssl=1&resize=1050%2C600 3x"},"classes":[]},{"id":7588,"url":"https:\/\/aynakol.org\/?p=7588","url_meta":{"origin":9617,"position":4},"title":"#TdF2023 6. Etap: Tarbes > Cauterets-Cambasque, 144,9 km","author":"Ayd\u0131n Bez","date":"6 Temmuz 2023","format":false,"excerpt":"D\u00fcnk\u00fc etapta neler olmu\u015ftu? Pirenelerin kalibne do\u011fru pedallanan 5. etab\u0131n sonunda Laruns kom\u00fcn\u00fcnde zafere ka\u00e7an isim Jai Hindley! La Flamme Rouge \u00a0 BORA - hansgrohe tak\u0131m\u0131n\u0131n 27 ya\u015f\u0131ndaki Avustralyal\u0131 pedal\u0131 g\u00fcn\u00fcn orjinal ka\u00e7\u0131\u015f grubundan geriye kalan tek isimdi. Gariplikte burada zaten! Giro d'Italia 2020'de ikinci, 2023'de Maglia Rosaya uzan\u0131p \u015fampiyon\u2026","rel":"","context":"&quot;Tour de France&quot; i\u00e7inde","block_context":{"text":"Tour de France","link":"https:\/\/aynakol.org\/?cat=89"},"img":{"alt_text":"","src":"https:\/\/i0.wp.com\/aynakol.org\/wp-content\/uploads\/2023\/07\/tdf2023_2023_stage5_winner_jai_hindley.jpg?resize=350%2C200","width":350,"height":200,"srcset":"https:\/\/i0.wp.com\/aynakol.org\/wp-content\/uploads\/2023\/07\/tdf2023_2023_stage5_winner_jai_hindley.jpg?resize=350%2C200 1x, https:\/\/i0.wp.com\/aynakol.org\/wp-content\/uploads\/2023\/07\/tdf2023_2023_stage5_winner_jai_hindley.jpg?resize=525%2C300 1.5x, https:\/\/i0.wp.com\/aynakol.org\/wp-content\/uploads\/2023\/07\/tdf2023_2023_stage5_winner_jai_hindley.jpg?resize=700%2C400 2x"},"classes":[]},{"id":5222,"url":"https:\/\/aynakol.org\/?p=5222","url_meta":{"origin":9617,"position":5},"title":"#TdF2017 17. Etap: La Mure \u2192 Serre Chevalier, 183 km","author":"Ayd\u0131n Bez","date":"19 Temmuz 2017","format":false,"excerpt":"Art\u0131k Alplerdeyiz; genel klasman m\u00fccadelesinde son hesapla\u015fman\u0131n g\u00f6r\u00fclece\u011fi yerler... Bir sonraki g\u00fcn Col d'Izoard, pe\u015finden Marsilya ve zamana kar\u015f\u0131... Aru, Bardet, Uran ve Dan Martin d\u00f6rtl\u00fcs\u00fcn\u00fcn bir olup Froome'u bu iki g\u00fcn i\u00e7inde izole edip atak yaparak peri\u015fan etmeleri \u015fart, yoksa da\u011flarda g\u00f6remedikleri hesab\u0131 Froome, zamana kar\u015f\u0131 etab\u0131nda kendilerine \u00f6detecek!\u2026","rel":"","context":"&quot;Tour de France&quot; i\u00e7inde","block_context":{"text":"Tour de France","link":"https:\/\/aynakol.org\/?cat=89"},"img":{"alt_text":"","src":"https:\/\/i0.wp.com\/aynakol.org\/wp-content\/uploads\/2017\/07\/TDF2017_stage17_winner_Primoz_Roglic.jpg?fit=1200%2C400&ssl=1&resize=350%2C200","width":350,"height":200,"srcset":"https:\/\/i0.wp.com\/aynakol.org\/wp-content\/uploads\/2017\/07\/TDF2017_stage17_winner_Primoz_Roglic.jpg?fit=1200%2C400&ssl=1&resize=350%2C200 1x, https:\/\/i0.wp.com\/aynakol.org\/wp-content\/uploads\/2017\/07\/TDF2017_stage17_winner_Primoz_Roglic.jpg?fit=1200%2C400&ssl=1&resize=525%2C300 1.5x, https:\/\/i0.wp.com\/aynakol.org\/wp-content\/uploads\/2017\/07\/TDF2017_stage17_winner_Primoz_Roglic.jpg?fit=1200%2C400&ssl=1&resize=700%2C400 2x, https:\/\/i0.wp.com\/aynakol.org\/wp-content\/uploads\/2017\/07\/TDF2017_stage17_winner_Primoz_Roglic.jpg?fit=1200%2C400&ssl=1&resize=1050%2C600 3x"},"classes":[]}],"_links":{"self":[{"href":"https:\/\/aynakol.org\/index.php?rest_route=\/wp\/v2\/posts\/9617","targetHints":{"allow":["GET"]}}],"collection":[{"href":"https:\/\/aynakol.org\/index.php?rest_route=\/wp\/v2\/posts"}],"about":[{"href":"https:\/\/aynakol.org\/index.php?rest_route=\/wp\/v2\/types\/post"}],"author":[{"embeddable":true,"href":"https:\/\/aynakol.org\/index.php?rest_route=\/wp\/v2\/users\/1"}],"replies":[{"embeddable":true,"href":"https:\/\/aynakol.org\/index.php?rest_route=%2Fwp%2Fv2%2Fcomments&post=9617"}],"version-history":[{"count":4,"href":"https:\/\/aynakol.org\/index.php?rest_route=\/wp\/v2\/posts\/9617\/revisions"}],"predecessor-version":[{"id":9647,"href":"https:\/\/aynakol.org\/index.php?rest_route=\/wp\/v2\/posts\/9617\/revisions\/9647"}],"wp:featuredmedia":[{"embeddable":true,"href":"https:\/\/aynakol.org\/index.php?rest_route=\/wp\/v2\/media\/9624"}],"wp:attachment":[{"href":"https:\/\/aynakol.org\/index.php?rest_route=%2Fwp%2Fv2%2Fmedia&parent=9617"}],"wp:term":[{"taxonomy":"category","embeddable":true,"href":"https:\/\/aynakol.org\/index.php?rest_route=%2Fwp%2Fv2%2Fcategories&post=9617"},{"taxonomy":"post_tag","embeddable":true,"href":"https:\/\/aynakol.org\/index.php?rest_route=%2Fwp%2Fv2%2Ftags&post=9617"}],"curies":[{"name":"wp","href":"https:\/\/api.w.org\/{rel}","templated":true}]}}