{"id":9648,"date":"2025-07-26T01:03:59","date_gmt":"2025-07-25T22:03:59","guid":{"rendered":"https:\/\/aynakol.org\/?p=9648"},"modified":"2025-07-26T22:46:48","modified_gmt":"2025-07-26T19:46:48","slug":"tour-de-france-femmes-2025-acilis-etabi-vannes-plumelec-788-km","status":"publish","type":"post","link":"https:\/\/aynakol.org\/?p=9648","title":{"rendered":"Tour de France Femmes 2025 A\u00e7\u0131l\u0131\u015f Etab\u0131: Vannes > Plumelec, 78,8 km"},"content":{"rendered":"<p><span style=\"font-size: 12pt; font-family: georgia, palatino, serif;\">Tour de France Kad\u0131nlar edisyonu bu sene \u00fclkenin kuzey bat\u0131s\u0131ndan, Bretonya b\u00f6lgesinden ba\u015fl\u0131yor. Toplam 9 etaptan olu\u015fan m\u00fccadele \u00fclkeyi bir <em><strong>Ma\u015fallah Ku\u015fa\u011f\u0131<\/strong>\u00a0<\/em>misali kuzeybat\u0131dan g\u00fcneydo\u011fuya do\u011fru ge\u00e7erken zorluk tabii ki d\u00fczl\u00fcklerden Alplere do\u011fru ilerledik\u00e7e art\u0131yor.\u00a0<\/span><\/p>\n<p><span style=\"font-size: 12pt; font-family: georgia, palatino, serif;\"><img data-recalc-dims=\"1\" loading=\"lazy\" decoding=\"async\" data-attachment-id=\"9649\" data-permalink=\"https:\/\/aynakol.org\/?attachment_id=9649\" data-orig-file=\"https:\/\/i0.wp.com\/aynakol.org\/wp-content\/uploads\/2025\/07\/route.jpg?fit=728%2C353&amp;ssl=1\" data-orig-size=\"728,353\" data-comments-opened=\"1\" data-image-meta=\"{&quot;aperture&quot;:&quot;0&quot;,&quot;credit&quot;:&quot;&quot;,&quot;camera&quot;:&quot;&quot;,&quot;caption&quot;:&quot;&quot;,&quot;created_timestamp&quot;:&quot;0&quot;,&quot;copyright&quot;:&quot;&quot;,&quot;focal_length&quot;:&quot;0&quot;,&quot;iso&quot;:&quot;0&quot;,&quot;shutter_speed&quot;:&quot;0&quot;,&quot;title&quot;:&quot;&quot;,&quot;orientation&quot;:&quot;0&quot;}\" data-image-title=\"route\" data-image-description=\"\" data-image-caption=\"\" data-large-file=\"https:\/\/i0.wp.com\/aynakol.org\/wp-content\/uploads\/2025\/07\/route.jpg?fit=728%2C353&amp;ssl=1\" class=\"aligncenter size-full wp-image-9649\" src=\"https:\/\/i0.wp.com\/aynakol.org\/wp-content\/uploads\/2025\/07\/route.jpg?resize=728%2C353\" alt=\"\" width=\"728\" height=\"353\" srcset=\"https:\/\/i0.wp.com\/aynakol.org\/wp-content\/uploads\/2025\/07\/route.jpg?w=728&amp;ssl=1 728w, https:\/\/i0.wp.com\/aynakol.org\/wp-content\/uploads\/2025\/07\/route.jpg?resize=300%2C145&amp;ssl=1 300w\" sizes=\"auto, (max-width: 728px) 100vw, 728px\" \/><\/span><\/p>\n<p><span style=\"font-size: 12pt; font-family: georgia, palatino, serif;\">Bretonyadan Massif Central b\u00f6lgesine do\u011fru pay edilen ilk be\u015f etap hafif da\u011fl\u0131k ve d\u00fcz ge\u00e7ilecek \u015fekilde d\u00fczenlenmi\u015fken son 4 etap ise Sar\u0131 Mayo m\u00fccadelesinde belirleyici olacak. Erkekler edisyonunda taze ge\u00e7ilen Col de Madeleine zirvesine ev sahipli\u011fi yapan 8. etap da Krai\u00e7e Etap olarak tasarlanm\u0131\u015f. <\/span><\/p>\n<p><span style=\"font-size: 12pt; font-family: georgia, palatino, serif;\">Evet, kad\u0131nlar Fransa Bisiklet Turunda \u015fu an Pariste bitecek bir etab\u0131m\u0131z bulunmuyor. Birka\u00e7 sene ASO \u00fczerinde bask\u0131 kurulursa neden olmas\u0131n?\u00a0<\/span><span style=\"font-size: 12pt; font-family: georgia, palatino, serif;\">Ge\u00e7en seneki edisyonda Krali\u00e7e etab\u0131n biti\u015f \u00e7izgisine ev sahipli\u011fi yapan ikonik Alp d&#8217;H\u00fcez zirvesine uzanan b\u00fckl\u00fcm b\u00fckl\u00fcm t\u0131rman\u0131\u015fta Demi Vollering yaln\u0131zlar r\u0131ht\u0131m\u0131nda bir ba\u015f\u0131na pedallam\u0131\u015f, kad\u0131nlar\u0131n ilk defa yar\u0131\u015ft\u0131\u011f\u0131 Alp d&#8217;H\u00fcez zirvesini fethedip kazansa da Sar\u0131 Mayoyu 4 saniye ile Katarzyna Niewiadomaya kaybetmi\u015fti. Bu sene, t\u0131pk\u0131 Pogacar gibi g\u00f6r\u00fclecek hesaplar, al\u0131nacak intikamlar ve adaletin k\u0131l\u0131c\u0131n\u0131n sapalanaca\u011f\u0131 baz\u0131 \u00e7ekememezlikler var.\u00a0<\/span><\/p>\n<p>&nbsp;<\/p>\n<p><span style=\"font-size: 14pt; font-family: georgia, palatino, serif;\"><strong>A\u00e7\u0131l\u0131\u015f etab\u0131n\u0131n incelemesi<\/strong><\/span><\/p>\n<p><span style=\"font-size: 12pt; font-family: georgia, palatino, serif;\">4. kez pedallanacak Kad\u0131nlar i\u00e7in TdF m\u00fccadelesinde a\u00e7\u0131l\u0131\u015f etab\u0131m\u0131z erkeklerde oldu\u011fu gibi klasikvari bir profilde tasarlanm\u0131\u015f: Vannes liman\u0131ndan ba\u015flayan 78,8 km uzunlu\u011fundaki etab\u0131n sonu \u0130kinci D\u00fcnya Sava\u015f\u0131nda Frans\u0131z Direni\u015f\u00e7ilerin<\/span><span style=\"font-size: 12pt; font-family: georgia, palatino, serif;\">\u00a0kentin kurtulmas\u0131 i\u00e7in b\u00fcy\u00fck m\u00fccadelelere sahne olan Plumelec kentinde sona erecek.\u00a0<\/span><\/p>\n<p><span style=\"font-size: 12pt; font-family: georgia, palatino, serif;\"><img data-recalc-dims=\"1\" loading=\"lazy\" decoding=\"async\" data-attachment-id=\"9650\" data-permalink=\"https:\/\/aynakol.org\/?attachment_id=9650\" data-orig-file=\"https:\/\/i0.wp.com\/aynakol.org\/wp-content\/uploads\/2025\/07\/stage-1-profile.jpg?fit=728%2C599&amp;ssl=1\" data-orig-size=\"728,599\" data-comments-opened=\"1\" data-image-meta=\"{&quot;aperture&quot;:&quot;0&quot;,&quot;credit&quot;:&quot;&quot;,&quot;camera&quot;:&quot;&quot;,&quot;caption&quot;:&quot;&quot;,&quot;created_timestamp&quot;:&quot;0&quot;,&quot;copyright&quot;:&quot;&quot;,&quot;focal_length&quot;:&quot;0&quot;,&quot;iso&quot;:&quot;0&quot;,&quot;shutter_speed&quot;:&quot;0&quot;,&quot;title&quot;:&quot;&quot;,&quot;orientation&quot;:&quot;0&quot;}\" data-image-title=\"stage-1-profile\" data-image-description=\"\" data-image-caption=\"\" data-large-file=\"https:\/\/i0.wp.com\/aynakol.org\/wp-content\/uploads\/2025\/07\/stage-1-profile.jpg?fit=728%2C599&amp;ssl=1\" class=\"aligncenter size-full wp-image-9650\" src=\"https:\/\/i0.wp.com\/aynakol.org\/wp-content\/uploads\/2025\/07\/stage-1-profile.jpg?resize=728%2C599\" alt=\"\" width=\"728\" height=\"599\" srcset=\"https:\/\/i0.wp.com\/aynakol.org\/wp-content\/uploads\/2025\/07\/stage-1-profile.jpg?w=728&amp;ssl=1 728w, https:\/\/i0.wp.com\/aynakol.org\/wp-content\/uploads\/2025\/07\/stage-1-profile.jpg?resize=300%2C247&amp;ssl=1 300w\" sizes=\"auto, (max-width: 728px) 100vw, 728px\" \/><\/span><\/p>\n<p><span style=\"font-size: 12pt; font-family: georgia, palatino, serif;\">Burada \u00fc\u00e7 tur at\u0131ld\u0131ktan sona etap C\u00f4te de Cadoudal tepesinde sona erecek.\u00a0<\/span><\/p>\n","protected":false},"excerpt":{"rendered":"<p>Tour de France Kad\u0131nlar edisyonu bu sene \u00fclkenin kuzey bat\u0131s\u0131ndan, Bretonya b\u00f6lgesinden ba\u015fl\u0131yor. Toplam 9 etaptan olu\u015fan m\u00fccadele \u00fclkeyi bir Ma\u015fallah Ku\u015fa\u011f\u0131\u00a0misali kuzeybat\u0131dan g\u00fcneydo\u011fuya do\u011fru [&#8230;]<\/p>\n","protected":false},"author":1,"featured_media":8198,"comment_status":"open","ping_status":"open","sticky":false,"template":"","format":"standard","meta":{"jetpack_post_was_ever_published":false,"_jetpack_newsletter_access":"","_jetpack_dont_email_post_to_subs":false,"_jetpack_newsletter_tier_id":0,"_jetpack_memberships_contains_paywalled_content":false,"_jetpack_memberships_contains_paid_content":false,"footnotes":"","jetpack_publicize_message":"","jetpack_publicize_feature_enabled":true,"jetpack_social_post_already_shared":true,"jetpack_social_options":{"image_generator_settings":{"template":"highway","default_image_id":0,"font":"","enabled":false},"version":2}},"categories":[1548],"tags":[1641,1640],"class_list":["post-9648","post","type-post","status-publish","format-standard","has-post-thumbnail","hentry","category-tour-de-france-femmes","tag-le-tour-femmes-2925","tag-tdff2025"],"jetpack_publicize_connections":[],"jetpack_featured_media_url":"https:\/\/i0.wp.com\/aynakol.org\/wp-content\/uploads\/2023\/07\/femmes2023_stage7_peloton_1.jpeg?fit=1000%2C667&ssl=1","jetpack_sharing_enabled":true,"jetpack_shortlink":"https:\/\/wp.me\/p51p4O-2vC","jetpack_likes_enabled":true,"jetpack-related-posts":[{"id":7992,"url":"https:\/\/aynakol.org\/?p=7992","url_meta":{"origin":9648,"position":0},"title":"Tour de France Femmes 2023 1. Etap: Clermont-Ferrand \u203a Clermont-Ferrand, 124 km","author":"Ayd\u0131n Bez","date":"23 Temmuz 2023","format":false,"excerpt":"Erkekler i\u00e7in Le Tour de France bug\u00fcn sona ererken kad\u0131nlar i\u00e7in Tour de France Femmes bug\u00fcn ba\u015fl\u0131yor. Bisiklet spor ve k\u00fclt\u00fcr\u00fcn\u00fcn her alan\u0131nda kad\u0131nlar\u0131n da oldu\u011fu ger\u00e7e\u011finin bayra\u011f\u0131n\u0131 \u00f6nce La Vuelta Femenina, devrisi Giro Donne ve \u015fimdide Le Tour de France Femmes devral\u0131yor! 22 tak\u0131m, 154 pedal, 8 etap, 960\u2026","rel":"","context":"&quot;Tour de France Femmes&quot; i\u00e7inde","block_context":{"text":"Tour de France Femmes","link":"https:\/\/aynakol.org\/?cat=1548"},"img":{"alt_text":"","src":"https:\/\/i0.wp.com\/aynakol.org\/wp-content\/uploads\/2023\/07\/femmes2023_stage1_star_photo-e1690109065812.jpeg?fit=1024%2C453&ssl=1&resize=350%2C200","width":350,"height":200,"srcset":"https:\/\/i0.wp.com\/aynakol.org\/wp-content\/uploads\/2023\/07\/femmes2023_stage1_star_photo-e1690109065812.jpeg?fit=1024%2C453&ssl=1&resize=350%2C200 1x, https:\/\/i0.wp.com\/aynakol.org\/wp-content\/uploads\/2023\/07\/femmes2023_stage1_star_photo-e1690109065812.jpeg?fit=1024%2C453&ssl=1&resize=525%2C300 1.5x, https:\/\/i0.wp.com\/aynakol.org\/wp-content\/uploads\/2023\/07\/femmes2023_stage1_star_photo-e1690109065812.jpeg?fit=1024%2C453&ssl=1&resize=700%2C400 2x"},"classes":[]},{"id":8101,"url":"https:\/\/aynakol.org\/?p=8101","url_meta":{"origin":9648,"position":1},"title":"Tour de France Femmes 2023 3. Etap: Collonges-la-Rouge > Montignac-Lascaux, 147,2 km","author":"Ayd\u0131n Bez","date":"25 Temmuz 2023","format":false,"excerpt":"D\u00fcnk\u00fc Etapta Neler Olmu\u015ftu? S\u00fcrek av\u0131 misali ka\u00e7\u0131\u015f grubunun engebeli profilde kovalan\u0131p yakaland\u0131\u011f\u0131 151,7 km uzunlu\u011fundaki 2. etapta kazanan isim Liane Lippert! \u00a0 \u00a0 La Flamme Rouge \u00a0 Movistar tak\u0131m\u0131n\u0131n 25 ya\u015f\u0131ndaki Alman pedal\u0131, tak\u0131m lideri Annemiek van Vleuteni aratmayacak \u015fekilde SD Worx Protime tak\u0131m\u0131n\u0131n iki g\u00fc\u00e7l\u00fc pedal\u0131 \u00f6n\u00fcnde, Lotte\u2026","rel":"","context":"&quot;Tour de France Femmes&quot; i\u00e7inde","block_context":{"text":"Tour de France Femmes","link":"https:\/\/aynakol.org\/?cat=1548"},"img":{"alt_text":"","src":"https:\/\/i0.wp.com\/aynakol.org\/wp-content\/uploads\/2023\/07\/femmes2023_stage2_peloton_1.jpeg?fit=1000%2C666&ssl=1&resize=350%2C200","width":350,"height":200,"srcset":"https:\/\/i0.wp.com\/aynakol.org\/wp-content\/uploads\/2023\/07\/femmes2023_stage2_peloton_1.jpeg?fit=1000%2C666&ssl=1&resize=350%2C200 1x, https:\/\/i0.wp.com\/aynakol.org\/wp-content\/uploads\/2023\/07\/femmes2023_stage2_peloton_1.jpeg?fit=1000%2C666&ssl=1&resize=525%2C300 1.5x, https:\/\/i0.wp.com\/aynakol.org\/wp-content\/uploads\/2023\/07\/femmes2023_stage2_peloton_1.jpeg?fit=1000%2C666&ssl=1&resize=700%2C400 2x"},"classes":[]},{"id":8142,"url":"https:\/\/aynakol.org\/?p=8142","url_meta":{"origin":9648,"position":2},"title":"Tour de France Femmes 2023 6. Etap: Albi > Blagnac, 122,1 km","author":"Ayd\u0131n Bez","date":"28 Temmuz 2023","format":false,"excerpt":"D\u00fcnk\u00fc Etapta Neler Olmu\u015ftu? Toplu Sprint duvar\u0131n\u0131 \u0131\u015f\u0131k h\u0131z\u0131yla delip tek ki\u015filik ka\u00e7\u0131\u015f\u0131n\u0131 zaferle ta\u00e7land\u0131ran isim Ricarda Bauernfeind! \u00a0 \u00a0 La Flamme Rouge https:\/\/dai.ly\/x8mtsi1 Canyon \/\/ SRAM Racing tak\u0131m\u0131n\u0131n 23 ya\u015f\u0131ndaki Alman pedal\u0131n\u0131n Ricarda Bauernfeind, kariyerindeki ilk zafer! \u00dcstelik, Le Tour da! Pelotonun uyuyakald\u0131\u011f\u0131 zirvesinde bonus sanyelerin yer ald\u0131\u011f\u0131 Castelfadeze\u2026","rel":"","context":"&quot;Tour de France Femmes&quot; i\u00e7inde","block_context":{"text":"Tour de France Femmes","link":"https:\/\/aynakol.org\/?cat=1548"},"img":{"alt_text":"","src":"https:\/\/i0.wp.com\/aynakol.org\/wp-content\/uploads\/2023\/07\/femmes2023_stage5_peloton_1-e1690544068339.jpeg?fit=1000%2C475&ssl=1&resize=350%2C200","width":350,"height":200,"srcset":"https:\/\/i0.wp.com\/aynakol.org\/wp-content\/uploads\/2023\/07\/femmes2023_stage5_peloton_1-e1690544068339.jpeg?fit=1000%2C475&ssl=1&resize=350%2C200 1x, https:\/\/i0.wp.com\/aynakol.org\/wp-content\/uploads\/2023\/07\/femmes2023_stage5_peloton_1-e1690544068339.jpeg?fit=1000%2C475&ssl=1&resize=525%2C300 1.5x, https:\/\/i0.wp.com\/aynakol.org\/wp-content\/uploads\/2023\/07\/femmes2023_stage5_peloton_1-e1690544068339.jpeg?fit=1000%2C475&ssl=1&resize=700%2C400 2x"},"classes":[]},{"id":8191,"url":"https:\/\/aynakol.org\/?p=8191","url_meta":{"origin":9648,"position":3},"title":"Tour de France Femmes 2023 8. Etap: Pau > Pau, 22,6 km (ITT)","author":"Ayd\u0131n Bez","date":"30 Temmuz 2023","format":false,"excerpt":"D\u00fcnk\u00fc Etapta Neler Olmu\u015ftu? Krali\u00e7e etapta, zorlu Tourmalet zirvesinde sisler bulvar\u0131n\u0131 parampar\u00e7a ederek zafere pedallayan isim Demi Vollering! \u00a0 La Flamme Rouge \u00a0 Kariyerindeki tek eksik Tour de France Femmes etap zaferi olan SD Worx - Protime tak\u0131m\u0131n\u0131n 26 ya\u015f\u0131ndaki Hollandal\u0131 pedal\u0131 bu eksikli\u011fi Sar\u0131 Mayoyu s\u0131rt\u0131na ge\u00e7irerek tamamlad\u0131. \u00a0\u2026","rel":"","context":"&quot;Tour de France Femmes&quot; i\u00e7inde","block_context":{"text":"Tour de France Femmes","link":"https:\/\/aynakol.org\/?cat=1548"},"img":{"alt_text":"","src":"https:\/\/i0.wp.com\/aynakol.org\/wp-content\/uploads\/2023\/07\/femmes2023_stage7_peloton_1.jpeg?fit=1000%2C667&ssl=1&resize=350%2C200","width":350,"height":200,"srcset":"https:\/\/i0.wp.com\/aynakol.org\/wp-content\/uploads\/2023\/07\/femmes2023_stage7_peloton_1.jpeg?fit=1000%2C667&ssl=1&resize=350%2C200 1x, https:\/\/i0.wp.com\/aynakol.org\/wp-content\/uploads\/2023\/07\/femmes2023_stage7_peloton_1.jpeg?fit=1000%2C667&ssl=1&resize=525%2C300 1.5x, https:\/\/i0.wp.com\/aynakol.org\/wp-content\/uploads\/2023\/07\/femmes2023_stage7_peloton_1.jpeg?fit=1000%2C667&ssl=1&resize=700%2C400 2x"},"classes":[]},{"id":8117,"url":"https:\/\/aynakol.org\/?p=8117","url_meta":{"origin":9648,"position":4},"title":"Tour de France Femmes 2023, 4. Etap: Cahors > Rodez, 177,5 km","author":"Ayd\u0131n Bez","date":"26 Temmuz 2023","format":false,"excerpt":"D\u00fcnk\u00fc Etapta Neler Olmu\u015ftu? 147.2 km uzunlu\u011fundaki 3. Etab\u0131n sonunda ka\u00e7\u0131\u015f destan\u0131 yerine dram\u0131 izledik: Etab\u0131n sonundaki 200 metrelik fazlal\u0131k Julie van de Veldeyi zaferden etti! \u00a0 \u00a0 3. Etap, toplu sprinte a\u00e7\u0131k olsa da ka\u011f\u0131t \u00fczerinde ka\u00e7\u0131\u015f\u0131n zaferi i\u00e7in uygun \u015fartlar\u0131 da ta\u015f\u0131yordu. 58 km kala pelotondan ka\u00e7an Julie\u2026","rel":"","context":"&quot;Tour de France Femmes&quot; i\u00e7inde","block_context":{"text":"Tour de France Femmes","link":"https:\/\/aynakol.org\/?cat=1548"},"img":{"alt_text":"","src":"https:\/\/i0.wp.com\/aynakol.org\/wp-content\/uploads\/2023\/07\/femmes2023_stage3_peloton_1-e1690353051905.jpeg?fit=1000%2C555&ssl=1&resize=350%2C200","width":350,"height":200,"srcset":"https:\/\/i0.wp.com\/aynakol.org\/wp-content\/uploads\/2023\/07\/femmes2023_stage3_peloton_1-e1690353051905.jpeg?fit=1000%2C555&ssl=1&resize=350%2C200 1x, https:\/\/i0.wp.com\/aynakol.org\/wp-content\/uploads\/2023\/07\/femmes2023_stage3_peloton_1-e1690353051905.jpeg?fit=1000%2C555&ssl=1&resize=525%2C300 1.5x, https:\/\/i0.wp.com\/aynakol.org\/wp-content\/uploads\/2023\/07\/femmes2023_stage3_peloton_1-e1690353051905.jpeg?fit=1000%2C555&ssl=1&resize=700%2C400 2x"},"classes":[]},{"id":8129,"url":"https:\/\/aynakol.org\/?p=8129","url_meta":{"origin":9648,"position":5},"title":"Tour de France Femmes 2023 5. Etap: Onet-le-Ch\u00e2teau > Albi, 126,1 km","author":"Ayd\u0131n Bez","date":"27 Temmuz 2023","format":false,"excerpt":"D\u00fcnk\u00fc Etapta Neler Olmu\u015ftu? 177,5 km ile turun en uzun etab\u0131nda tek ki\u015filik ka\u00e7\u0131\u015f\u0131n\u0131 zaferle ta\u00e7land\u0131ran isim Yara Kastelijn! Biti\u015f \u00e7izgisine 19 km kala genel klasman favorilerinin etab\u0131 toplu sprinte ta\u015f\u0131ma iste\u011fini iyi okuyan Yara Kastelijn bulundu\u011fu grup i\u00e7inden kendisine etab\u0131 kazand\u0131racak ata\u011f\u0131 yapt\u0131.\u00a0 \u00a0 La Flamme Rouge \u00a0 Peloton\u2026","rel":"","context":"&quot;Tour de France Femmes&quot; i\u00e7inde","block_context":{"text":"Tour de France Femmes","link":"https:\/\/aynakol.org\/?cat=1548"},"img":{"alt_text":"","src":"https:\/\/i0.wp.com\/aynakol.org\/wp-content\/uploads\/2023\/07\/femmes2023_stage4_peloton_3-e1690405127376.jpeg?fit=1000%2C312&ssl=1&resize=350%2C200","width":350,"height":200,"srcset":"https:\/\/i0.wp.com\/aynakol.org\/wp-content\/uploads\/2023\/07\/femmes2023_stage4_peloton_3-e1690405127376.jpeg?fit=1000%2C312&ssl=1&resize=350%2C200 1x, https:\/\/i0.wp.com\/aynakol.org\/wp-content\/uploads\/2023\/07\/femmes2023_stage4_peloton_3-e1690405127376.jpeg?fit=1000%2C312&ssl=1&resize=525%2C300 1.5x, https:\/\/i0.wp.com\/aynakol.org\/wp-content\/uploads\/2023\/07\/femmes2023_stage4_peloton_3-e1690405127376.jpeg?fit=1000%2C312&ssl=1&resize=700%2C400 2x"},"classes":[]}],"_links":{"self":[{"href":"https:\/\/aynakol.org\/index.php?rest_route=\/wp\/v2\/posts\/9648","targetHints":{"allow":["GET"]}}],"collection":[{"href":"https:\/\/aynakol.org\/index.php?rest_route=\/wp\/v2\/posts"}],"about":[{"href":"https:\/\/aynakol.org\/index.php?rest_route=\/wp\/v2\/types\/post"}],"author":[{"embeddable":true,"href":"https:\/\/aynakol.org\/index.php?rest_route=\/wp\/v2\/users\/1"}],"replies":[{"embeddable":true,"href":"https:\/\/aynakol.org\/index.php?rest_route=%2Fwp%2Fv2%2Fcomments&post=9648"}],"version-history":[{"count":3,"href":"https:\/\/aynakol.org\/index.php?rest_route=\/wp\/v2\/posts\/9648\/revisions"}],"predecessor-version":[{"id":9661,"href":"https:\/\/aynakol.org\/index.php?rest_route=\/wp\/v2\/posts\/9648\/revisions\/9661"}],"wp:featuredmedia":[{"embeddable":true,"href":"https:\/\/aynakol.org\/index.php?rest_route=\/wp\/v2\/media\/8198"}],"wp:attachment":[{"href":"https:\/\/aynakol.org\/index.php?rest_route=%2Fwp%2Fv2%2Fmedia&parent=9648"}],"wp:term":[{"taxonomy":"category","embeddable":true,"href":"https:\/\/aynakol.org\/index.php?rest_route=%2Fwp%2Fv2%2Fcategories&post=9648"},{"taxonomy":"post_tag","embeddable":true,"href":"https:\/\/aynakol.org\/index.php?rest_route=%2Fwp%2Fv2%2Ftags&post=9648"}],"curies":[{"name":"wp","href":"https:\/\/api.w.org\/{rel}","templated":true}]}}