{"id":968,"date":"2015-04-29T09:36:36","date_gmt":"2015-04-29T06:36:36","guid":{"rendered":"http:\/\/aynakol.org\/?p=968"},"modified":"2015-04-30T10:58:05","modified_gmt":"2015-04-30T07:58:05","slug":"tur2015-4-etap-fethiye-marmaris","status":"publish","type":"post","link":"https:\/\/aynakol.org\/?p=968","title":{"rendered":"#TUR2015 4. Etap: Fethiye &#8211; Marmaris"},"content":{"rendered":"<p><strong>4. etap: Fethiye &#8211; Marmaris: 132 km (29 Nisan)<\/strong><\/p>\n<p>D\u00fcn pedallanan Kemer &#8211; Elmal\u0131 krali\u00e7e etab\u0131n\u0131 ilk s\u0131rada tamamlayanlar ayn\u0131 zamanda TUR2015&#8217;in genel klasman\u0131n\u0131 da <a href=\"http:\/\/aynakol.org\/?p=945\" target=\"_blank\">olu\u015fturdular<\/a>. Davide Rebellin bug\u00fcn pedallanacak 132 km uzunlu\u011fundaki etaba turkuaz mayoyla \u00e7\u0131kacak. Mark Cavendish ise en h\u0131zl\u0131 pedal mayosu (ye\u015fil) ile etaba ba\u015flayacak.<\/p>\n<p><a href=\"https:\/\/i0.wp.com\/aynakol.org\/wp-content\/uploads\/2015\/04\/Tour_of_Turkey_stage_4_Fethiye_Marmaris_flat_and_hilly.png\"><img data-recalc-dims=\"1\" loading=\"lazy\" decoding=\"async\" data-attachment-id=\"893\" data-permalink=\"https:\/\/aynakol.org\/?attachment_id=893\" data-orig-file=\"https:\/\/i0.wp.com\/aynakol.org\/wp-content\/uploads\/2015\/04\/Tour_of_Turkey_stage_4_Fethiye_Marmaris_flat_and_hilly.png?fit=1600%2C840&amp;ssl=1\" data-orig-size=\"1600,840\" data-comments-opened=\"1\" data-image-meta=\"{&quot;aperture&quot;:&quot;0&quot;,&quot;credit&quot;:&quot;&quot;,&quot;camera&quot;:&quot;&quot;,&quot;caption&quot;:&quot;&quot;,&quot;created_timestamp&quot;:&quot;0&quot;,&quot;copyright&quot;:&quot;&quot;,&quot;focal_length&quot;:&quot;0&quot;,&quot;iso&quot;:&quot;0&quot;,&quot;shutter_speed&quot;:&quot;0&quot;,&quot;title&quot;:&quot;&quot;,&quot;orientation&quot;:&quot;0&quot;}\" data-image-title=\"Tour_of_Turkey_stage_4_Fethiye_Marmaris_flat_and_hilly\" data-image-description=\"\" data-image-caption=\"\" data-large-file=\"https:\/\/i0.wp.com\/aynakol.org\/wp-content\/uploads\/2015\/04\/Tour_of_Turkey_stage_4_Fethiye_Marmaris_flat_and_hilly.png?fit=860%2C452&amp;ssl=1\" class=\"alignnone size-large wp-image-893\" src=\"https:\/\/i0.wp.com\/aynakol.org\/wp-content\/uploads\/2015\/04\/Tour_of_Turkey_stage_4_Fethiye_Marmaris_flat_and_hilly.png?resize=705%2C370\" alt=\"Tour_of_Turkey_stage_4_Fethiye_Marmaris_flat_and_hilly\" width=\"705\" height=\"370\" srcset=\"https:\/\/i0.wp.com\/aynakol.org\/wp-content\/uploads\/2015\/04\/Tour_of_Turkey_stage_4_Fethiye_Marmaris_flat_and_hilly.png?resize=1024%2C538&amp;ssl=1 1024w, https:\/\/i0.wp.com\/aynakol.org\/wp-content\/uploads\/2015\/04\/Tour_of_Turkey_stage_4_Fethiye_Marmaris_flat_and_hilly.png?resize=300%2C158&amp;ssl=1 300w, https:\/\/i0.wp.com\/aynakol.org\/wp-content\/uploads\/2015\/04\/Tour_of_Turkey_stage_4_Fethiye_Marmaris_flat_and_hilly.png?resize=705%2C370&amp;ssl=1 705w, https:\/\/i0.wp.com\/aynakol.org\/wp-content\/uploads\/2015\/04\/Tour_of_Turkey_stage_4_Fethiye_Marmaris_flat_and_hilly.png?w=1600&amp;ssl=1 1600w\" sizes=\"auto, (max-width: 705px) 100vw, 705px\" \/><\/a><\/p>\n<p>D\u00fcnk\u00fc Elmal\u0131 t\u0131rman\u0131\u015f\u0131 sonras\u0131 pelotonun dinlenmesi ad\u0131na tek t\u0131rman\u0131\u015fl\u0131 ve 132 km <em>&#8220;k\u0131sal\u0131\u011f\u0131ndaki&#8221;<\/em> etapta ge\u00e7en seneki gibi bahar ya\u011fmuru ya\u011fmazsa 3 saat gibi k\u0131sa bir s\u00fcrede tamamlan\u0131r.<\/p>\n<p>TUR2015&#8217;in 4. etab\u0131 132 km uzunlu\u011funda olup Fethiye &#8211; Marmaris aras\u0131nda pedallanacak. <a href=\"http:\/\/f.jwwb.nl\/public\/4\/7\/0\/caretta\/june-met-caretta1.large.jpg\" target=\"_blank\">Caretta Carettalara<\/a> dikkat! Zaten g\u00fczellik primi de bug\u00fcnlerde yap\u0131 ve imara a\u00e7\u0131lan <a href=\"http:\/\/t24.com.tr\/haber\/92-yasindaki-kaptan-june-iztuzu-icin-savasiyor,283403\" target=\"_blank\">\u0130ztuzu Kumsal\u0131n\u0131<\/a> mesken tutan <a href=\"http:\/\/tr.wikipedia.org\/wiki\/June_Haimoff\" target=\"_blank\"><strong>Kaptan June<\/strong><\/a>&#8216;un (<a href=\"'Hi\u00e7%20anne olmad\u0131m ama kendimi bir anne gibi hissediyorum. \u00c7ocuklar\u0131 tehlikede olan bir anne gibi hissediyorum'\" target=\"_blank\">Haimoff<\/a>) sevdal\u0131s\u0131 kaplumba\u011falar ad\u0131na verilecek.<\/p>\n<div id=\"attachment_902\" style=\"width: 970px\" class=\"wp-caption alignnone\"><a href=\"https:\/\/i0.wp.com\/aynakol.org\/wp-content\/uploads\/2015\/04\/10492307_692840547469884_943520891162913063_n.jpg\"><img data-recalc-dims=\"1\" loading=\"lazy\" decoding=\"async\" aria-describedby=\"caption-attachment-902\" data-attachment-id=\"902\" data-permalink=\"https:\/\/aynakol.org\/?attachment_id=902\" data-orig-file=\"https:\/\/i0.wp.com\/aynakol.org\/wp-content\/uploads\/2015\/04\/10492307_692840547469884_943520891162913063_n.jpg?fit=960%2C707&amp;ssl=1\" data-orig-size=\"960,707\" data-comments-opened=\"1\" data-image-meta=\"{&quot;aperture&quot;:&quot;0&quot;,&quot;credit&quot;:&quot;&quot;,&quot;camera&quot;:&quot;&quot;,&quot;caption&quot;:&quot;&quot;,&quot;created_timestamp&quot;:&quot;0&quot;,&quot;copyright&quot;:&quot;&quot;,&quot;focal_length&quot;:&quot;0&quot;,&quot;iso&quot;:&quot;0&quot;,&quot;shutter_speed&quot;:&quot;0&quot;,&quot;title&quot;:&quot;&quot;,&quot;orientation&quot;:&quot;0&quot;}\" data-image-title=\"10492307_692840547469884_943520891162913063_n\" data-image-description=\"\" data-image-caption=\"&lt;p&gt;Foto\u011fraf Kaptan June Sea Turtle Conservation Foundation &amp;#8216;a aittir.&lt;\/p&gt;\n\" data-large-file=\"https:\/\/i0.wp.com\/aynakol.org\/wp-content\/uploads\/2015\/04\/10492307_692840547469884_943520891162913063_n.jpg?fit=860%2C633&amp;ssl=1\" class=\"size-full wp-image-902\" src=\"https:\/\/i0.wp.com\/aynakol.org\/wp-content\/uploads\/2015\/04\/10492307_692840547469884_943520891162913063_n.jpg?resize=860%2C633\" alt=\"Foto\u011fraf Kaptan June Sea Turtle Conservation Foundation 'a aittir.\" width=\"860\" height=\"633\" srcset=\"https:\/\/i0.wp.com\/aynakol.org\/wp-content\/uploads\/2015\/04\/10492307_692840547469884_943520891162913063_n.jpg?w=960&amp;ssl=1 960w, https:\/\/i0.wp.com\/aynakol.org\/wp-content\/uploads\/2015\/04\/10492307_692840547469884_943520891162913063_n.jpg?resize=300%2C221&amp;ssl=1 300w, https:\/\/i0.wp.com\/aynakol.org\/wp-content\/uploads\/2015\/04\/10492307_692840547469884_943520891162913063_n.jpg?resize=705%2C519&amp;ssl=1 705w\" sizes=\"auto, (max-width: 860px) 100vw, 860px\" \/><\/a><p id=\"caption-attachment-902\" class=\"wp-caption-text\">Foto\u011fraf Kaptan June Sea Turtle Conservation Foundation &#8216;a aittir.<\/p><\/div>\n<p>B\u0131rakal\u0131m etab\u0131 kaplumba\u011falar, <a href=\"http:\/\/en.wikipedia.org\/wiki\/June_Haimoff\" target=\"_blank\">Kaptan June<\/a> ve sava\u015ft\u0131\u011f\u0131 de\u011ferler ile birlikte vah\u015fi ya\u015fam\u0131n, mavi yenge\u00e7lerin, do\u011fan\u0131n, denizin korunmas\u0131, gelecek ku\u015faklara b\u0131rak\u0131lmas\u0131 ve toplumsal belle\u011fin ya\u015fat\u0131lmas\u0131 ZORUNLU!<\/p>\n<blockquote>\n<h2>&#8220;Hi\u00e7 anne olmad\u0131m ama kendimi bir anne gibi hissediyorum. \u00c7ocuklar\u0131 tehlikede olan bir anne gibi hissediyorum&#8221; Kaptan June (Haimoff)<\/h2>\n<\/blockquote>\n<p>TUR2014&#8217;de <a href=\"http:\/\/www.procyclingstats.com\/race\/Presidential_Cycling_Tour_of_Turkey_2014_Stage_4_Marmaris\" target=\"_blank\">birebir ayn\u0131s\u0131 pedallanan etapta<\/a> zafer yine Omega Pharma &#8211; Quick Step tak\u0131m\u0131n\u0131n \u0130ngiliz pedal\u0131 <a href=\"http:\/\/www.procyclingstats.com\/rider\/Mark_Cavendish\" target=\"_blank\">Mark Cavendish<\/a>&#8216;in olmu\u015ftu.<\/p>\n<div id=\"attachment_970\" style=\"width: 1011px\" class=\"wp-caption alignnone\"><a href=\"https:\/\/i0.wp.com\/aynakol.org\/wp-content\/uploads\/2015\/04\/TUR2014_stage_4_after_rain_slick_road.jpg\"><img data-recalc-dims=\"1\" loading=\"lazy\" decoding=\"async\" aria-describedby=\"caption-attachment-970\" data-attachment-id=\"970\" data-permalink=\"https:\/\/aynakol.org\/?attachment_id=970\" data-orig-file=\"https:\/\/i0.wp.com\/aynakol.org\/wp-content\/uploads\/2015\/04\/TUR2014_stage_4_after_rain_slick_road.jpg?fit=1001%2C440&amp;ssl=1\" data-orig-size=\"1001,440\" data-comments-opened=\"1\" data-image-meta=\"{&quot;aperture&quot;:&quot;5.6&quot;,&quot;credit&quot;:&quot;&quot;,&quot;camera&quot;:&quot;NIKON D300S&quot;,&quot;caption&quot;:&quot;&quot;,&quot;created_timestamp&quot;:&quot;1398897840&quot;,&quot;copyright&quot;:&quot;&quot;,&quot;focal_length&quot;:&quot;200&quot;,&quot;iso&quot;:&quot;400&quot;,&quot;shutter_speed&quot;:&quot;0.000625&quot;,&quot;title&quot;:&quot;&quot;,&quot;orientation&quot;:&quot;1&quot;}\" data-image-title=\"TUR2014_stage_4_after_rain_slick_road\" data-image-description=\"\" data-image-caption=\"&lt;p&gt;TUR2014, 4. etaba damgas\u0131n\u0131 as\u0131l vuran bir anda bast\u0131ran ve yar\u0131\u015f\u0131 neredeyse durduracak kadar kuvvetlenen ya\u011fmurdu. Peloton baya\u011f\u0131 zorlanm\u0131\u015f, kazalar olmu\u015ftu. )Foto\u011fraf: SteepHill.TV\/@veloimages)&lt;\/p&gt;\n\" data-large-file=\"https:\/\/i0.wp.com\/aynakol.org\/wp-content\/uploads\/2015\/04\/TUR2014_stage_4_after_rain_slick_road.jpg?fit=860%2C378&amp;ssl=1\" class=\"size-full wp-image-970\" src=\"https:\/\/i0.wp.com\/aynakol.org\/wp-content\/uploads\/2015\/04\/TUR2014_stage_4_after_rain_slick_road.jpg?resize=860%2C378\" alt=\"TUR2014, 4. etaba damgas\u0131n\u0131 as\u0131l vuran bir anda bast\u0131ran ve yar\u0131\u015f\u0131 neredeyse durduracak kadar kuvvetlenen ya\u011fmurdu. Peloton baya\u011f\u0131 zorlanm\u0131\u015f, kazalar olmu\u015ftu. )Foto\u011fraf: SteepHill.TV\/@veloimages)\" width=\"860\" height=\"378\" srcset=\"https:\/\/i0.wp.com\/aynakol.org\/wp-content\/uploads\/2015\/04\/TUR2014_stage_4_after_rain_slick_road.jpg?w=1001&amp;ssl=1 1001w, https:\/\/i0.wp.com\/aynakol.org\/wp-content\/uploads\/2015\/04\/TUR2014_stage_4_after_rain_slick_road.jpg?resize=300%2C132&amp;ssl=1 300w, https:\/\/i0.wp.com\/aynakol.org\/wp-content\/uploads\/2015\/04\/TUR2014_stage_4_after_rain_slick_road.jpg?resize=705%2C310&amp;ssl=1 705w\" sizes=\"auto, (max-width: 860px) 100vw, 860px\" \/><\/a><p id=\"caption-attachment-970\" class=\"wp-caption-text\">TUR2014, 4. etaba damgas\u0131n\u0131 as\u0131l vuran bir anda bast\u0131ran ve yar\u0131\u015f\u0131 neredeyse durduracak kadar kuvvetlenen ya\u011fmurdu. Peloton baya\u011f\u0131 zorlanm\u0131\u015f, kazalar olmu\u015ftu. <strong><a href=\"http:\/\/www.steephill.tv\/2014\/tour-of-turkey\/photos\/stage-04\/154400__VEG9739.jpg\" target=\"_blank\">(Foto\u011fraf: SteepHill.TV\/@veloimages)<\/a><\/strong><\/p><\/div>\n<p>Etap primleri \u015fu \u015fekilde<\/p>\n<ul class=\"list-unstyled\">\n<li><strong>32.4 km:<\/strong> T\u0131rman\u0131\u015f Primi (Kategori 3)<\/li>\n<li><strong>48.9 km:<\/strong> Sprint Primi<\/li>\n<li><strong>100.8 km:<\/strong> T\u00fcrkiye G\u00fczellikleri Primi: Caretta Caretta<\/li>\n<\/ul>\n<p><a href=\"https:\/\/i0.wp.com\/aynakol.org\/wp-content\/uploads\/2015\/04\/TUR2015_stage_4_poster_peloton.jpg\"><img data-recalc-dims=\"1\" loading=\"lazy\" decoding=\"async\" data-attachment-id=\"976\" data-permalink=\"https:\/\/aynakol.org\/?attachment_id=976\" data-orig-file=\"https:\/\/i0.wp.com\/aynakol.org\/wp-content\/uploads\/2015\/04\/TUR2015_stage_4_poster_peloton.jpg?fit=800%2C394&amp;ssl=1\" data-orig-size=\"800,394\" data-comments-opened=\"1\" data-image-meta=\"{&quot;aperture&quot;:&quot;0&quot;,&quot;credit&quot;:&quot;&quot;,&quot;camera&quot;:&quot;&quot;,&quot;caption&quot;:&quot;&quot;,&quot;created_timestamp&quot;:&quot;0&quot;,&quot;copyright&quot;:&quot;&quot;,&quot;focal_length&quot;:&quot;0&quot;,&quot;iso&quot;:&quot;0&quot;,&quot;shutter_speed&quot;:&quot;0&quot;,&quot;title&quot;:&quot;&quot;,&quot;orientation&quot;:&quot;1&quot;}\" data-image-title=\"TUR2015_stage_4_poster_peloton\" data-image-description=\"\" data-image-caption=\"\" data-large-file=\"https:\/\/i0.wp.com\/aynakol.org\/wp-content\/uploads\/2015\/04\/TUR2015_stage_4_poster_peloton.jpg?fit=800%2C394&amp;ssl=1\" class=\"alignnone size-full wp-image-976\" src=\"https:\/\/i0.wp.com\/aynakol.org\/wp-content\/uploads\/2015\/04\/TUR2015_stage_4_poster_peloton.jpg?resize=800%2C394\" alt=\"TUR2015_stage_4_poster_peloton\" width=\"800\" height=\"394\" srcset=\"https:\/\/i0.wp.com\/aynakol.org\/wp-content\/uploads\/2015\/04\/TUR2015_stage_4_poster_peloton.jpg?w=800&amp;ssl=1 800w, https:\/\/i0.wp.com\/aynakol.org\/wp-content\/uploads\/2015\/04\/TUR2015_stage_4_poster_peloton.jpg?resize=300%2C148&amp;ssl=1 300w, https:\/\/i0.wp.com\/aynakol.org\/wp-content\/uploads\/2015\/04\/TUR2015_stage_4_poster_peloton.jpg?resize=705%2C347&amp;ssl=1 705w\" sizes=\"auto, (max-width: 800px) 100vw, 800px\" \/><\/a><\/p>\n<p>Mark Cavendish her zamanki gibi etab\u0131n favorisi, Greipel&#8217;in de burada etap kazand\u0131\u011f\u0131n\u0131 belirtelim, yine alabilir. Ancak as\u0131l etab\u0131n y\u0131ld\u0131z\u0131 <a href=\"https:\/\/www.google.com.tr\/search?q=dalyan+kral+mezarlar%C4%B1&amp;source=lnms&amp;tbm=isch&amp;sa=X&amp;ei=VX5AVYm9NsToUs_mgNAE&amp;ved=0CAcQ_AUoAQ&amp;biw=1440&amp;bih=764#tbm=isch&amp;q=dalyan+iztuzu&amp;revid=1684715401\" target=\"_blank\">\u0130ztuzu Kumsal\u0131,<\/a> Caretta Ceretta Kaplumba\u011falar\u0131 ve onlar\u0131 koruyucu mele\u011fi <a href=\"https:\/\/www.google.com.tr\/search?q=kaptan+june&amp;biw=1440&amp;bih=764&amp;source=lnms&amp;sa=X&amp;ei=nX5AVeq5DYzXUc3ngOgL&amp;ved=0CAUQ_AUoAA&amp;dpr=1\" target=\"_blank\">Kaptan June (Haimoff)<\/a>, <a href=\"https:\/\/www.google.com.tr\/search?q=dalyan+kral+mezarlar%C4%B1&amp;source=lnms&amp;tbm=isch&amp;sa=X&amp;ei=VX5AVYm9NsToUs_mgNAE&amp;ved=0CAcQ_AUoAQ&amp;biw=1440&amp;bih=764#tbm=isch&amp;q=dalyan+kral+mezarlar%C4%B1+hikayesi&amp;revid=1684715401\" target=\"_blank\">Dalyan\u0131n me\u015fhur Kral mezarlar\u0131<\/a> ve Fethiye ile Marmarisin h\u00e2l\u00e2 bakir kalabilmi\u015f koylar\u0131, g\u00fczellikleri.<\/p>\n<p>Etap hakk\u0131nda daha \u00e7ok bilgi i\u00e7in, <a href=\"https:\/\/tourofturkey.org\/2015\/TR\/etap\/4-fethiye-marmaris\" target=\"_blank\">hem T\u00fcrk\u00e7e hem \u0130ngilizce<\/a>, #TUR2015 resmi sayfas\u0131na bakabilirsiniz.<\/p>\n<p><strong>Etap sonras\u0131<\/strong><\/p>\n<p><strong><a href=\"https:\/\/i0.wp.com\/aynakol.org\/wp-content\/uploads\/2015\/04\/TUR2015_stage_4_winner_andre_greipel.jpg\"><img data-recalc-dims=\"1\" loading=\"lazy\" decoding=\"async\" data-attachment-id=\"981\" data-permalink=\"https:\/\/aynakol.org\/?attachment_id=981\" data-orig-file=\"https:\/\/i0.wp.com\/aynakol.org\/wp-content\/uploads\/2015\/04\/TUR2015_stage_4_winner_andre_greipel.jpg?fit=1600%2C900&amp;ssl=1\" data-orig-size=\"1600,900\" data-comments-opened=\"1\" data-image-meta=\"{&quot;aperture&quot;:&quot;8&quot;,&quot;credit&quot;:&quot;HODES\/VeloImages&quot;,&quot;camera&quot;:&quot;NIKON D3&quot;,&quot;caption&quot;:&quot;&quot;,&quot;created_timestamp&quot;:&quot;1430324906&quot;,&quot;copyright&quot;:&quot;HODES&quot;,&quot;focal_length&quot;:&quot;300&quot;,&quot;iso&quot;:&quot;800&quot;,&quot;shutter_speed&quot;:&quot;0.000625&quot;,&quot;title&quot;:&quot;&quot;,&quot;orientation&quot;:&quot;1&quot;}\" data-image-title=\"TUR2015_stage_4_winner_andre_greipel\" data-image-description=\"\" data-image-caption=\"\" data-large-file=\"https:\/\/i0.wp.com\/aynakol.org\/wp-content\/uploads\/2015\/04\/TUR2015_stage_4_winner_andre_greipel.jpg?fit=860%2C484&amp;ssl=1\" class=\"alignnone size-large wp-image-981\" src=\"https:\/\/i0.wp.com\/aynakol.org\/wp-content\/uploads\/2015\/04\/TUR2015_stage_4_winner_andre_greipel.jpg?resize=705%2C397\" alt=\"TUR2015_stage_4_winner_andre_greipel\" width=\"705\" height=\"397\" srcset=\"https:\/\/i0.wp.com\/aynakol.org\/wp-content\/uploads\/2015\/04\/TUR2015_stage_4_winner_andre_greipel.jpg?resize=1024%2C576&amp;ssl=1 1024w, https:\/\/i0.wp.com\/aynakol.org\/wp-content\/uploads\/2015\/04\/TUR2015_stage_4_winner_andre_greipel.jpg?resize=300%2C169&amp;ssl=1 300w, https:\/\/i0.wp.com\/aynakol.org\/wp-content\/uploads\/2015\/04\/TUR2015_stage_4_winner_andre_greipel.jpg?resize=705%2C397&amp;ssl=1 705w, https:\/\/i0.wp.com\/aynakol.org\/wp-content\/uploads\/2015\/04\/TUR2015_stage_4_winner_andre_greipel.jpg?w=1600&amp;ssl=1 1600w\" sizes=\"auto, (max-width: 705px) 100vw, 705px\" \/><\/a><\/strong><\/p>\n<p>132 km boyunca s\u00fcren taktik sava\u015f\u0131n\u0131n galibi Lotto-Soudal tak\u0131m\u0131n\u0131n Alman pedal\u0131 Andre Greipel kazand\u0131. Etapta Vini Fantini Nippo tak\u0131m\u0131ndan Daniele Colli ikinci,\u00a0 UnidetHealthcare tak\u0131m\u0131ndan Danile Rotto \u00fc\u00e7\u00fcnc\u00fc olurken 3. etapta turkuaz mayoyu s\u0131rt\u0131na ge\u00e7iren Dacide Rebellin genel ferdi klasman liderli\u011fini s\u00fcrd\u00fcrmeye devam etti.<\/p>\n<p><strong>Etab\u0131n son 10 kilometresi<\/strong><\/p>\n<p><iframe loading=\"lazy\" src=\"https:\/\/www.youtube.com\/embed\/IgZ__YnH82w\" width=\"560\" height=\"315\" frameborder=\"0\" allowfullscreen=\"allowfullscreen\"><\/iframe><\/p>\n<p>Etap sonras\u0131 yap\u0131lan bas\u0131n toplant\u0131s\u0131nda Andre Graipel tak\u0131m arkada\u015flar\u0131n\u0131n b\u00fcy\u00fck deste\u011fi ile fini\u015fe geldi\u011fi bundan sonra kendi deneyimini ortaya koydu\u011funu ifade ederek \u015funlar\u0131 s\u00f6yledi:<\/p>\n<blockquote><p>&#8220;Zorlu bir fini\u015f oldu. \u00c7ok iyi sprinterler vard\u0131. Son metrelere kadar b\u00fcy\u00fck bir \u00e7eki\u015fme vard\u0131. Bende biti\u015fe birka\u00e7 metre kala \u00e7ok iyi bir yer buldum ve \u00e7izgiyi ge\u00e7tim. Bundan sonra Genel Ferdi Klasman Birincili\u011fi i\u00e7in \u00e7al\u0131\u015fmaya devam edece\u011fim&#8221;<\/p><\/blockquote>\n<div id=\"attachment_986\" style=\"width: 889px\" class=\"wp-caption alignnone\"><a href=\"https:\/\/i0.wp.com\/aynakol.org\/wp-content\/uploads\/2015\/04\/TUR2015_stage_4_photo_finish.jpg\"><img data-recalc-dims=\"1\" loading=\"lazy\" decoding=\"async\" aria-describedby=\"caption-attachment-986\" data-attachment-id=\"986\" data-permalink=\"https:\/\/aynakol.org\/?attachment_id=986\" data-orig-file=\"https:\/\/i0.wp.com\/aynakol.org\/wp-content\/uploads\/2015\/04\/TUR2015_stage_4_photo_finish.jpg?fit=879%2C506&amp;ssl=1\" data-orig-size=\"879,506\" data-comments-opened=\"1\" data-image-meta=\"{&quot;aperture&quot;:&quot;0&quot;,&quot;credit&quot;:&quot;&quot;,&quot;camera&quot;:&quot;&quot;,&quot;caption&quot;:&quot;&quot;,&quot;created_timestamp&quot;:&quot;0&quot;,&quot;copyright&quot;:&quot;&quot;,&quot;focal_length&quot;:&quot;0&quot;,&quot;iso&quot;:&quot;0&quot;,&quot;shutter_speed&quot;:&quot;0&quot;,&quot;title&quot;:&quot;&quot;,&quot;orientation&quot;:&quot;0&quot;}\" data-image-title=\"TUR2015_stage_4_photo_finish\" data-image-description=\"\" data-image-caption=\"&lt;p&gt;Foto-Biti\u015fe bak\u0131l\u0131rsa Greipel son anda iyece pedala as\u0131lmas\u0131n\u0131n \u00f6d\u00fcl\u00fcn\u00fc alm\u0131\u015f&amp;#8230;&lt;\/p&gt;\n\" data-large-file=\"https:\/\/i0.wp.com\/aynakol.org\/wp-content\/uploads\/2015\/04\/TUR2015_stage_4_photo_finish.jpg?fit=860%2C495&amp;ssl=1\" class=\"size-full wp-image-986\" src=\"https:\/\/i0.wp.com\/aynakol.org\/wp-content\/uploads\/2015\/04\/TUR2015_stage_4_photo_finish.jpg?resize=860%2C495\" alt=\"Foto-Biti\u015fe bak\u0131l\u0131rsa Greipel son anda iyece pedala as\u0131lmas\u0131n\u0131n \u00f6d\u00fcl\u00fcn\u00fc alm\u0131\u015f... \" width=\"860\" height=\"495\" srcset=\"https:\/\/i0.wp.com\/aynakol.org\/wp-content\/uploads\/2015\/04\/TUR2015_stage_4_photo_finish.jpg?w=879&amp;ssl=1 879w, https:\/\/i0.wp.com\/aynakol.org\/wp-content\/uploads\/2015\/04\/TUR2015_stage_4_photo_finish.jpg?resize=300%2C173&amp;ssl=1 300w, https:\/\/i0.wp.com\/aynakol.org\/wp-content\/uploads\/2015\/04\/TUR2015_stage_4_photo_finish.jpg?resize=705%2C406&amp;ssl=1 705w\" sizes=\"auto, (max-width: 860px) 100vw, 860px\" \/><\/a><p id=\"caption-attachment-986\" class=\"wp-caption-text\">Foto-Biti\u015fe bak\u0131l\u0131rsa Greipel son anda iyece pedala as\u0131lmas\u0131n\u0131n \u00f6d\u00fcl\u00fcn\u00fc alm\u0131\u015f&#8230;<\/p><\/div>\n<p>\u00d6zellikle;<\/p>\n<ul>\n<li>Marmarise son 10 km kala t\u0131rman\u0131lan %7 e\u011fimli rampa ge\u00e7ilip ini\u015fe ge\u00e7ilince Tinkoff-Saxo&#8217;nun Genel Klasman aday\u0131 Jay McCarty zaman fark\u0131 yaratamyan ama yine de ka\u00e7an be\u015flinin i\u00e7inde yer almay\u0131 f\u0131rsat bilerek tempoyu Astanal\u0131 Valerio Agnoli ile artt\u0131rd\u0131.<\/li>\n<li>CCC Sprandi Polkowice&#8217;de bo\u015f durmayarak turkuaz mayoyu ta\u015f\u0131yan sporcular\u0131 Davide Rebellin&#8217;in daha fazla zaman kaybetmesini engellemek i\u00e7in tempo yapt\u0131.<\/li>\n<li>son 2 km kala etab\u0131n bitmesine Etixx-QuickStep&#8217;in etab\u0131 almak i\u00e7in m\u00fccadele etmedi\u011fini g\u00f6ren tak\u0131mlar etap galibiyeti i\u00e7in tempoyu artt\u0131r\u0131rken,<\/li>\n<li>Sprint treni iyi olan bir ba\u015fka tak\u0131m Orice-GreenEdge ve Lotto-Soudal etab\u0131 almak i\u00e7in pelotonun \u00f6n\u00fcne do\u011fru tempo yapt\u0131lar,<\/li>\n<li>Artan tempo y\u00fcz\u00fcnden ka\u00e7\u0131\u015f grubundan geriye kalan Jay McCarthy (Tinkoff-Saxo) ve Luis Mas Bonet (Caja-Rural Seguros RGA) son 500 metre kala biti\u015fe yakaland\u0131lar.<\/li>\n<li>Tak\u0131m\u0131n\u0131n deste\u011fini al\u0131p Orica-GreenEdge treni i\u00e7ine saklanan Andre Greipel patlay\u0131c\u0131 g\u00fcc\u00fcn\u00fc a\u00e7\u0131\u011fa \u00e7\u0131kartarak etab\u0131 almas\u0131n\u0131 bildi.<\/li>\n<\/ul>\n<p><strong>4. etap sonu\u00e7lar\u0131<\/strong><\/p>\n<p>GER\u00a0 1\u00a0 GREIPEL, Andr\u00e9 (LOTTO SOUDAL)\u00a0\u00a0\u00a0\u00a0\u00a0\u00a0\u00a0\u00a0\u00a0\u00a0\u00a0\u00a0\u00a0\u00a0\u00a0\u00a0\u00a0\u00a0\u00a0\u00a0\u00a0\u00a0\u00a0\u00a0 3:22:08<br \/>\nITA\u00a0 2\u00a0 COLLI, Daniele (NIPPO &#8211; VINI FANTINI)<br \/>\nITA\u00a0 3\u00a0 RATTO, Daniele (UNITEDHEALTHCARE)<br \/>\nDEN\u00a0 4\u00a0 NIELSEN, Magnus Cort (ORICA GreenEDGE)<br \/>\nITA\u00a0 5\u00a0 BELLETTI, Manuel (SOUTHEAST)<br \/>\nITA\u00a0 6\u00a0 FERRARI, Roberto (LAMPRE &#8211; MERIDA)<br \/>\nESP\u00a0 7\u00a0 BARBERO CUESTA, Carlos (CAJA RURAL-SEGUROS RGA)<br \/>\nITA\u00a0 8\u00a0 SBARAGLI, Kristian (MTN &#8211; QHUBEKA)<br \/>\nITA\u00a0 9\u00a0 BENNATI, Daniele (TINKOFF &#8211; SAXO)<br \/>\nTUR\u00a0 10 ORKEN, Ahmet (TORKU SEKERSPOR)<\/p>\n<p><strong>TUR2015 4. etap sonras\u0131 mayo s\u0131ralamas\u0131 \u015fu \u015fekilde<\/strong><\/p>\n<p><a href=\"https:\/\/i0.wp.com\/aynakol.org\/wp-content\/uploads\/2015\/04\/TUR2015_stage_4_jersey_classification.jpg\"><img data-recalc-dims=\"1\" loading=\"lazy\" decoding=\"async\" data-attachment-id=\"980\" data-permalink=\"https:\/\/aynakol.org\/?attachment_id=980\" data-orig-file=\"https:\/\/i0.wp.com\/aynakol.org\/wp-content\/uploads\/2015\/04\/TUR2015_stage_4_jersey_classification.jpg?fit=884%2C231&amp;ssl=1\" data-orig-size=\"884,231\" data-comments-opened=\"1\" data-image-meta=\"{&quot;aperture&quot;:&quot;0&quot;,&quot;credit&quot;:&quot;&quot;,&quot;camera&quot;:&quot;&quot;,&quot;caption&quot;:&quot;&quot;,&quot;created_timestamp&quot;:&quot;0&quot;,&quot;copyright&quot;:&quot;&quot;,&quot;focal_length&quot;:&quot;0&quot;,&quot;iso&quot;:&quot;0&quot;,&quot;shutter_speed&quot;:&quot;0&quot;,&quot;title&quot;:&quot;&quot;,&quot;orientation&quot;:&quot;1&quot;}\" data-image-title=\"TUR2015_stage_4_jersey_classification\" data-image-description=\"\" data-image-caption=\"\" data-large-file=\"https:\/\/i0.wp.com\/aynakol.org\/wp-content\/uploads\/2015\/04\/TUR2015_stage_4_jersey_classification.jpg?fit=860%2C225&amp;ssl=1\" class=\"alignnone size-full wp-image-980\" src=\"https:\/\/i0.wp.com\/aynakol.org\/wp-content\/uploads\/2015\/04\/TUR2015_stage_4_jersey_classification.jpg?resize=860%2C225\" alt=\"TUR2015_stage_4_jersey_classification\" width=\"860\" height=\"225\" srcset=\"https:\/\/i0.wp.com\/aynakol.org\/wp-content\/uploads\/2015\/04\/TUR2015_stage_4_jersey_classification.jpg?w=884&amp;ssl=1 884w, https:\/\/i0.wp.com\/aynakol.org\/wp-content\/uploads\/2015\/04\/TUR2015_stage_4_jersey_classification.jpg?resize=300%2C78&amp;ssl=1 300w, https:\/\/i0.wp.com\/aynakol.org\/wp-content\/uploads\/2015\/04\/TUR2015_stage_4_jersey_classification.jpg?resize=705%2C184&amp;ssl=1 705w\" sizes=\"auto, (max-width: 860px) 100vw, 860px\" \/><\/a><\/p>\n<p><strong>4. etap sonras\u0131 genel ferdi klasman<\/strong><\/p>\n<p>ITA\u00a0 1\u00a0 REBELLIN, Davide (CCC SPRANDI POLKOWICE)\u00a0\u00a0\u00a0\u00a0\u00a0\u00a0\u00a0\u00a0\u00a0\u00a0\u00a0 15:35:49<br \/>\nCRO\u00a0 2\u00a0 DURASEK, Kristijan (LAMPRE &#8211; MERIDA)\u00a0\u00a0\u00a0\u00a0\u00a0\u00a0\u00a0\u00a0\u00a0\u00a0\u00a0\u00a0\u00a0\u00a0\u00a0\u00a0\u00a0 +\u00a0\u00a0\u00a0 7<br \/>\nARG\u00a0 3\u00a0 SEPULVEDA, Eduardo (BRETAGNE-SECHE ENVIRONNEMENT)\u00a0\u00a0\u00a0\u00a0 +\u00a0\u00a0 50<br \/>\nAUS\u00a0 4\u00a0 MCCARTHY, Jay (TINKOFF &#8211; SAXO)\u00a0\u00a0\u00a0\u00a0\u00a0\u00a0\u00a0\u00a0\u00a0\u00a0\u00a0\u00a0\u00a0\u00a0\u00a0\u00a0\u00a0\u00a0\u00a0\u00a0\u00a0\u00a0\u00a0 + 1:20<br \/>\nBEL\u00a0 5\u00a0 PAUWELS, Serge (MTN &#8211; QHUBEKA)\u00a0\u00a0\u00a0\u00a0\u00a0\u00a0\u00a0\u00a0\u00a0\u00a0\u00a0\u00a0\u00a0\u00a0\u00a0\u00a0\u00a0\u00a0\u00a0\u00a0\u00a0\u00a0\u00a0 + 1:23<br \/>\nITA\u00a0 6\u00a0 BARBIN, Enrico (BARDIANI CSF)\u00a0\u00a0\u00a0\u00a0\u00a0\u00a0\u00a0\u00a0\u00a0\u00a0\u00a0\u00a0\u00a0\u00a0\u00a0\u00a0\u00a0\u00a0\u00a0\u00a0\u00a0\u00a0\u00a0\u00a0 + 1:29<br \/>\nITA\u00a0 7\u00a0 RATTO, Daniele (UNITEDHEALTHCARE)\u00a0\u00a0\u00a0\u00a0\u00a0\u00a0\u00a0\u00a0\u00a0\u00a0\u00a0\u00a0\u00a0\u00a0\u00a0\u00a0\u00a0\u00a0\u00a0\u00a0 + 1:42<br \/>\nCOL\u00a0 8\u00a0 CANO ARDILA, Alex (COLOMBIA)\u00a0\u00a0\u00a0\u00a0\u00a0\u00a0\u00a0\u00a0\u00a0\u00a0\u00a0\u00a0\u00a0\u00a0\u00a0\u00a0\u00a0\u00a0\u00a0\u00a0\u00a0\u00a0\u00a0\u00a0\u00a0 + 1:46<br \/>\nAUS\u00a0 9\u00a0 HANSEN, Adam (LOTTO SOUDAL)\u00a0\u00a0\u00a0\u00a0\u00a0\u00a0\u00a0\u00a0\u00a0\u00a0\u00a0\u00a0\u00a0\u00a0\u00a0\u00a0\u00a0\u00a0\u00a0\u00a0\u00a0\u00a0\u00a0\u00a0\u00a0\u00a0 + 1:57<br \/>\nITA\u00a0 10 SELVAGGI, Mirko (WANTY &#8211; GROUPE GOBERT)\u00a0\u00a0\u00a0\u00a0\u00a0\u00a0\u00a0\u00a0\u00a0\u00a0\u00a0\u00a0\u00a0\u00a0 + 2:04<\/p>\n<p><strong>Daha fazlas\u0131 i\u00e7in<\/strong><\/p>\n<ul>\n<li><a href=\"http:\/\/cyclistmag.com.tr\/haberler\/tur2015-etap-4-fethiye-marmaris\/\" target=\"_blank\">Cyclist T\u00fcrkiyeden <\/a>Mutlu Ba\u015fda\u015f&#8217;\u0131n etap sonras\u0131 yaz\u0131s\u0131<\/li>\n<li><a href=\"http:\/\/mtbtr.com\/haber\/haber.asp?kayitno=3244\" target=\"_blank\">mtbTR.com&#8217;dan<\/a> 4. etap incelemesi<\/li>\n<li>Her zamanki gibi <a href=\"http:\/\/www.steephill.tv\/tour-of-turkey\/#spoiler\" target=\"_blank\">SteepHill.TV<\/a><\/li>\n<li>TUR2015 bas\u0131n <a href=\"https:\/\/tourofturkey.org\/2015\/TR\/haberler\/fethiye-marmaris-etabini-lotto-soudal-takimindan-andrei-greipel-kazandi\" target=\"_blank\">toplant\u0131s\u0131<\/a><\/li>\n<li><a href=\"https:\/\/twitter.com\/keitsuji\" target=\"_blank\">Kei Tsuji<\/a>&#8216;nin objektifinden <a href=\"http:\/\/www.cyclowired.jp\/image\/tid\/9299\" target=\"_blank\">4. etap<\/a><\/li>\n<li>Etap sonras\u0131 <a href=\"https:\/\/tourofturkey.org\/2015\/media\/documents\/newspaper-0430.pdf\" target=\"_blank\">TUR resmi gazetesi<\/a><\/li>\n<\/ul>\n","protected":false},"excerpt":{"rendered":"<p>4. etap: Fethiye &#8211; Marmaris: 132 km (29 Nisan) D\u00fcn pedallanan Kemer &#8211; Elmal\u0131 krali\u00e7e etab\u0131n\u0131 ilk s\u0131rada tamamlayanlar ayn\u0131 zamanda TUR2015&#8217;in genel klasman\u0131n\u0131 da [&#8230;]<\/p>\n","protected":false},"author":1,"featured_media":975,"comment_status":"open","ping_status":"open","sticky":false,"template":"","format":"standard","meta":{"jetpack_post_was_ever_published":false,"_jetpack_newsletter_access":"","_jetpack_dont_email_post_to_subs":false,"_jetpack_newsletter_tier_id":0,"_jetpack_memberships_contains_paywalled_content":false,"_jetpack_memberships_contains_paid_content":false,"footnotes":"","jetpack_publicize_message":"","jetpack_publicize_feature_enabled":true,"jetpack_social_post_already_shared":true,"jetpack_social_options":{"image_generator_settings":{"template":"highway","default_image_id":0,"font":"","enabled":false},"version":2}},"categories":[704],"tags":[728,720,722,688,689,683,690,721,726,687,625,485,724,725,723,727,675,706,676,677,679],"class_list":["post-968","post","type-post","status-publish","format-standard","has-post-thumbnail","hentry","category-tur","tag-andre-greipel","tag-captain-june","tag-caretta","tag-caretta-caretta","tag-dalyan","tag-fethiye","tag-iztuzu-kumsali","tag-june-haimoff","tag-kaplumbaga","tag-kaptan-june","tag-lotto-soudal","tag-mark-cavendish","tag-marmaris","tag-mavi-yengec","tag-mugla","tag-sprint","tag-tour-of-turkey","tag-tourofturkey","tag-tur2014","tag-tur2015","tag-turkiye-bisiklet-turu"],"jetpack_publicize_connections":[],"jetpack_featured_media_url":"https:\/\/i0.wp.com\/aynakol.org\/wp-content\/uploads\/2015\/04\/TUR2015_stage_4_poster_home_of_fethiye_marmaris.jpg?fit=800%2C343&ssl=1","jetpack_sharing_enabled":true,"jetpack_shortlink":"https:\/\/wp.me\/p51p4O-fC","jetpack_likes_enabled":true,"jetpack-related-posts":[{"id":887,"url":"https:\/\/aynakol.org\/?p=887","url_meta":{"origin":968,"position":0},"title":"51. Cumhurba\u015fkanl\u0131\u011f\u0131 T\u00fcrkiye Bisiklet Turu etap incelemeleri","author":"Ayd\u0131n Bez","date":"24 Nisan 2015","format":false,"excerpt":"TUR 2015 tan\u0131t\u0131m filmi - Tour of Turkey - Vimeo. 51. kez pedallanacak 8 g\u00fcn s\u00fcrecek Cumhurba\u015fkanl\u0131\u011f\u0131 Bisiklet Turu (k\u0131saca TUR2015 diyece\u011fiz) bu sene de Alanyadan ba\u015flay\u0131p tarihin de\u011fil de in\u015faat\u00e7\u0131lar\u0131n, hafriyat kamyonlar\u0131n\u0131n ve rant\u00e7\u0131lar\u0131n bulu\u015fma noktas\u0131 \u0130stanbulda sona erecek. 21 tak\u0131mdan 168 sporcunun 8 g\u00fcn s\u00fcresince yakla\u015f\u0131k 1260 km\u2026","rel":"","context":"&quot;Tour of Turkey&quot; i\u00e7inde","block_context":{"text":"Tour of Turkey","link":"https:\/\/aynakol.org\/?cat=704"},"img":{"alt_text":"","src":"https:\/\/i0.wp.com\/aynakol.org\/wp-content\/uploads\/2015\/04\/Tour_of_turkey_2014_stage_8_istanbul_istanbul.jpg?fit=1001%2C655&ssl=1&resize=350%2C200","width":350,"height":200,"srcset":"https:\/\/i0.wp.com\/aynakol.org\/wp-content\/uploads\/2015\/04\/Tour_of_turkey_2014_stage_8_istanbul_istanbul.jpg?fit=1001%2C655&ssl=1&resize=350%2C200 1x, https:\/\/i0.wp.com\/aynakol.org\/wp-content\/uploads\/2015\/04\/Tour_of_turkey_2014_stage_8_istanbul_istanbul.jpg?fit=1001%2C655&ssl=1&resize=525%2C300 1.5x, https:\/\/i0.wp.com\/aynakol.org\/wp-content\/uploads\/2015\/04\/Tour_of_turkey_2014_stage_8_istanbul_istanbul.jpg?fit=1001%2C655&ssl=1&resize=700%2C400 2x"},"classes":[]},{"id":984,"url":"https:\/\/aynakol.org\/?p=984","url_meta":{"origin":968,"position":1},"title":"#TUR2015 5. etap: Mu\u011fla &#8211; Pamukkale","author":"Ayd\u0131n Bez","date":"30 Nisan 2015","format":false,"excerpt":"5. etap: Mu\u011fla - Pamukkale: 160 km (30 Nisan) TUR2015'de bir \u00f6nceki g\u00fcn Elmal\u0131 t\u0131rman\u0131\u015f\u0131 sonras\u0131 dinlenme g\u00fcn\u00fc niteli\u011findeki Fethiye - Marmaris aras\u0131nda pedallanan 132 km uzunul\u011fundaki 4. etab\u0131 Lotto-Soudal tak\u0131m\u0131n\u0131n alman pedal\u0131 nam-\u0131di\u011fer Gorilla Andre Greipel alm\u0131\u015ft\u0131. Etap tam anlam\u0131yla son 10 km'den sonra bir taktik sava\u015f\u0131na sahne olmu\u015ftu.\u2026","rel":"","context":"&quot;Tour of Turkey&quot; i\u00e7inde","block_context":{"text":"Tour of Turkey","link":"https:\/\/aynakol.org\/?cat=704"},"img":{"alt_text":"","src":"https:\/\/i0.wp.com\/aynakol.org\/wp-content\/uploads\/2015\/04\/TUR2015_stage_5_poster_home_of_mugla_pamukkale.jpg?fit=800%2C352&ssl=1&resize=350%2C200","width":350,"height":200,"srcset":"https:\/\/i0.wp.com\/aynakol.org\/wp-content\/uploads\/2015\/04\/TUR2015_stage_5_poster_home_of_mugla_pamukkale.jpg?fit=800%2C352&ssl=1&resize=350%2C200 1x, https:\/\/i0.wp.com\/aynakol.org\/wp-content\/uploads\/2015\/04\/TUR2015_stage_5_poster_home_of_mugla_pamukkale.jpg?fit=800%2C352&ssl=1&resize=525%2C300 1.5x, https:\/\/i0.wp.com\/aynakol.org\/wp-content\/uploads\/2015\/04\/TUR2015_stage_5_poster_home_of_mugla_pamukkale.jpg?fit=800%2C352&ssl=1&resize=700%2C400 2x"},"classes":[]},{"id":2462,"url":"https:\/\/aynakol.org\/?p=2462","url_meta":{"origin":968,"position":2},"title":"Cumhurba\u015fkanl\u0131\u011f\u0131 Bisiklet Turu Rotas\u0131nda De\u011fi\u015fiklik Var!","author":"Ayd\u0131n Bez","date":"14 \u015eubat 2016","format":false,"excerpt":"#TUR2016 52. Cumhurba\u015fkanl\u0131\u011f\u0131 Bisiklet Turunda de\u011fi\u015fiklikler var, hem de ciddi de\u011fi\u015fiklikler. S\u0131zan son bilgilere g\u00f6re 2012 y\u0131l\u0131ndan beri Alanyadan ba\u015flay\u0131p Akdeniz ve Ege K\u0131y\u0131lar\u0131 boyunca ilerleyen, \u0130stanbulda sona eren Cumhurba\u015fkanl\u0131\u011f\u0131 Bisiklet Turu bu sene \u0130stanbulda ba\u015flay\u0131p Egeden \u0130\u00e7 Anadoluya, buradan da Akdeniz k\u0131y\u0131lar\u0131na uzan\u0131p Alanyada sona erecek. \u0130stanbulda ba\u015flayacak TUR2016\u2026","rel":"","context":"&quot;Tour of Turkey&quot; i\u00e7inde","block_context":{"text":"Tour of Turkey","link":"https:\/\/aynakol.org\/?cat=704"},"img":{"alt_text":"","src":"https:\/\/i0.wp.com\/aynakol.org\/wp-content\/uploads\/2016\/02\/54fad9d37b998460459b95f1.jpg?fit=719%2C440&ssl=1&resize=350%2C200","width":350,"height":200,"srcset":"https:\/\/i0.wp.com\/aynakol.org\/wp-content\/uploads\/2016\/02\/54fad9d37b998460459b95f1.jpg?fit=719%2C440&ssl=1&resize=350%2C200 1x, https:\/\/i0.wp.com\/aynakol.org\/wp-content\/uploads\/2016\/02\/54fad9d37b998460459b95f1.jpg?fit=719%2C440&ssl=1&resize=525%2C300 1.5x, https:\/\/i0.wp.com\/aynakol.org\/wp-content\/uploads\/2016\/02\/54fad9d37b998460459b95f1.jpg?fit=719%2C440&ssl=1&resize=700%2C400 2x"},"classes":[]},{"id":928,"url":"https:\/\/aynakol.org\/?p=928","url_meta":{"origin":968,"position":3},"title":"#TUR2015 2. Etap: Alanya &#8211; Antalya","author":"Ayd\u0131n Bez","date":"27 Nisan 2015","format":false,"excerpt":"\u00a0 2. etap: Alanya - Antalya: 182 km (27 Nisan) Alanya - Antalya aras\u0131nda pedallanacak 182 km uzunlu\u011fundaki 2. etapta t\u0131rman\u0131\u015f primi bulunmuyor. Ge\u00e7en seneki etapla ayn\u0131, bildi\u011fimiz sprint etab\u0131, tek fark Kemer yerine Antalyada bitecek olmas\u0131 ve uzunlu\u011fu. TUR2014'de Alanya - Kemer aras\u0131 pedallanan etapta zafer Omega Pharma -\u2026","rel":"","context":"&quot;Tour of Turkey&quot; i\u00e7inde","block_context":{"text":"Tour of Turkey","link":"https:\/\/aynakol.org\/?cat=704"},"img":{"alt_text":"","src":"https:\/\/i0.wp.com\/aynakol.org\/wp-content\/uploads\/2015\/04\/TUR2015_stage_2_poster_alanya_antalya.jpg?fit=800%2C294&ssl=1&resize=350%2C200","width":350,"height":200,"srcset":"https:\/\/i0.wp.com\/aynakol.org\/wp-content\/uploads\/2015\/04\/TUR2015_stage_2_poster_alanya_antalya.jpg?fit=800%2C294&ssl=1&resize=350%2C200 1x, https:\/\/i0.wp.com\/aynakol.org\/wp-content\/uploads\/2015\/04\/TUR2015_stage_2_poster_alanya_antalya.jpg?fit=800%2C294&ssl=1&resize=525%2C300 1.5x, https:\/\/i0.wp.com\/aynakol.org\/wp-content\/uploads\/2015\/04\/TUR2015_stage_2_poster_alanya_antalya.jpg?fit=800%2C294&ssl=1&resize=700%2C400 2x"},"classes":[]},{"id":945,"url":"https:\/\/aynakol.org\/?p=945","url_meta":{"origin":968,"position":4},"title":"#TUR2015 3. Etap Kemer &#8211; Elmal\u0131","author":"Ayd\u0131n Bez","date":"27 Nisan 2015","format":false,"excerpt":"3. etap: Kemer - Elmal\u0131: 165 km (28 Nisan) \u0130lk iki d\u00fcz etaptan sonra biraz da t\u0131rman\u0131\u015f etab\u0131 izlemek herkesi heyecanland\u0131racakt\u0131r. TUR2015'in 165 km uzunlu\u011fundaki Kemer - Elmal\u0131 3. etab\u0131 milli ve efsanevi bisiklet\u00e7imiz R\u0131fat \u00c7al\u0131\u015fkan onuruna pedallanacak. Canl\u0131 yay\u0131n ekibi \u00e7ekerse dikkatli g\u00f6zler zirveye do\u011fru R\u0131fat \u00c7al\u0131\u015fkan isminin yollara\u2026","rel":"","context":"&quot;Tour of Turkey&quot; i\u00e7inde","block_context":{"text":"Tour of Turkey","link":"https:\/\/aynakol.org\/?cat=704"},"img":{"alt_text":"","src":"https:\/\/i0.wp.com\/aynakol.org\/wp-content\/uploads\/2015\/04\/TUR2015_stage_3_poster_kemer_elmali.png?fit=800%2C554&ssl=1&resize=350%2C200","width":350,"height":200,"srcset":"https:\/\/i0.wp.com\/aynakol.org\/wp-content\/uploads\/2015\/04\/TUR2015_stage_3_poster_kemer_elmali.png?fit=800%2C554&ssl=1&resize=350%2C200 1x, https:\/\/i0.wp.com\/aynakol.org\/wp-content\/uploads\/2015\/04\/TUR2015_stage_3_poster_kemer_elmali.png?fit=800%2C554&ssl=1&resize=525%2C300 1.5x, https:\/\/i0.wp.com\/aynakol.org\/wp-content\/uploads\/2015\/04\/TUR2015_stage_3_poster_kemer_elmali.png?fit=800%2C554&ssl=1&resize=700%2C400 2x"},"classes":[]},{"id":1033,"url":"https:\/\/aynakol.org\/?p=1033","url_meta":{"origin":968,"position":5},"title":"#TUR2015 8. Etap: \u0130stanbul &#8211; istanbul","author":"Ayd\u0131n Bez","date":"2 May\u0131s 2015","format":false,"excerpt":"7. etab\u0131n k\u0131sa \u00f6zeti Etixx-QuickStep tak\u0131m\u0131n\u0131n son 10 km'de b\u00f6l\u00fcnen pelotonu birle\u015ftirip Mark Cavendish'i etap galibiyetine ta\u015f\u0131d\u0131klar\u0131 168 km uzunlu\u011fundaki Sel\u00e7uk - \u0130zmir aras\u0131nda pedallanan TUR2015 7. etab\u0131nda adeta di\u011fer tak\u0131mlara ders verdiler. B\u00f6ylece Mark Cavendish ge\u00e7en senede dahil olmak \u00fczere TUR boyunca 7 etap zaferi elde etti. Biti\u015fe son\u2026","rel":"","context":"&quot;Tour of Turkey&quot; i\u00e7inde","block_context":{"text":"Tour of Turkey","link":"https:\/\/aynakol.org\/?cat=704"},"img":{"alt_text":"","src":"https:\/\/i0.wp.com\/aynakol.org\/wp-content\/uploads\/2015\/05\/TUR2015_stage_8_home_of_istanbul_poster.jpg?fit=1200%2C675&ssl=1&resize=350%2C200","width":350,"height":200,"srcset":"https:\/\/i0.wp.com\/aynakol.org\/wp-content\/uploads\/2015\/05\/TUR2015_stage_8_home_of_istanbul_poster.jpg?fit=1200%2C675&ssl=1&resize=350%2C200 1x, https:\/\/i0.wp.com\/aynakol.org\/wp-content\/uploads\/2015\/05\/TUR2015_stage_8_home_of_istanbul_poster.jpg?fit=1200%2C675&ssl=1&resize=525%2C300 1.5x, https:\/\/i0.wp.com\/aynakol.org\/wp-content\/uploads\/2015\/05\/TUR2015_stage_8_home_of_istanbul_poster.jpg?fit=1200%2C675&ssl=1&resize=700%2C400 2x, https:\/\/i0.wp.com\/aynakol.org\/wp-content\/uploads\/2015\/05\/TUR2015_stage_8_home_of_istanbul_poster.jpg?fit=1200%2C675&ssl=1&resize=1050%2C600 3x"},"classes":[]}],"_links":{"self":[{"href":"https:\/\/aynakol.org\/index.php?rest_route=\/wp\/v2\/posts\/968","targetHints":{"allow":["GET"]}}],"collection":[{"href":"https:\/\/aynakol.org\/index.php?rest_route=\/wp\/v2\/posts"}],"about":[{"href":"https:\/\/aynakol.org\/index.php?rest_route=\/wp\/v2\/types\/post"}],"author":[{"embeddable":true,"href":"https:\/\/aynakol.org\/index.php?rest_route=\/wp\/v2\/users\/1"}],"replies":[{"embeddable":true,"href":"https:\/\/aynakol.org\/index.php?rest_route=%2Fwp%2Fv2%2Fcomments&post=968"}],"version-history":[{"count":8,"href":"https:\/\/aynakol.org\/index.php?rest_route=\/wp\/v2\/posts\/968\/revisions"}],"predecessor-version":[{"id":994,"href":"https:\/\/aynakol.org\/index.php?rest_route=\/wp\/v2\/posts\/968\/revisions\/994"}],"wp:featuredmedia":[{"embeddable":true,"href":"https:\/\/aynakol.org\/index.php?rest_route=\/wp\/v2\/media\/975"}],"wp:attachment":[{"href":"https:\/\/aynakol.org\/index.php?rest_route=%2Fwp%2Fv2%2Fmedia&parent=968"}],"wp:term":[{"taxonomy":"category","embeddable":true,"href":"https:\/\/aynakol.org\/index.php?rest_route=%2Fwp%2Fv2%2Fcategories&post=968"},{"taxonomy":"post_tag","embeddable":true,"href":"https:\/\/aynakol.org\/index.php?rest_route=%2Fwp%2Fv2%2Ftags&post=968"}],"curies":[{"name":"wp","href":"https:\/\/api.w.org\/{rel}","templated":true}]}}