{"id":984,"date":"2015-04-30T10:56:45","date_gmt":"2015-04-30T07:56:45","guid":{"rendered":"http:\/\/aynakol.org\/?p=984"},"modified":"2015-05-01T00:09:05","modified_gmt":"2015-04-30T21:09:05","slug":"tur2015-5-etap-mugla-pamukkale","status":"publish","type":"post","link":"https:\/\/aynakol.org\/?p=984","title":{"rendered":"#TUR2015 5. etap: Mu\u011fla &#8211; Pamukkale"},"content":{"rendered":"<p><strong>5. etap: Mu\u011fla &#8211; Pamukkale: 160 km (30 Nisan)<\/strong><\/p>\n<p>TUR2015&#8217;de bir \u00f6nceki g\u00fcn Elmal\u0131 t\u0131rman\u0131\u015f\u0131 sonras\u0131 dinlenme g\u00fcn\u00fc niteli\u011findeki Fethiye &#8211; Marmaris aras\u0131nda pedallanan 132 km uzunul\u011fundaki 4. etab\u0131 Lotto-Soudal tak\u0131m\u0131n\u0131n alman pedal\u0131 nam-\u0131di\u011fer <a href=\"http:\/\/aynakol.org\/?p=968\" target=\"_blank\"><em>Gorilla <\/em>Andre Greipel alm\u0131\u015ft\u0131.<\/a> Etap tam anlam\u0131yla son 10 km&#8217;den sonra bir taktik sava\u015f\u0131na sahne olmu\u015ftu.<\/p>\n<p><a href=\"https:\/\/i0.wp.com\/aynakol.org\/wp-content\/uploads\/2015\/04\/Tour_of_Turkey_stage_5_Mugla_Pamukkale_mid_hilly.png\"><img data-recalc-dims=\"1\" loading=\"lazy\" decoding=\"async\" data-attachment-id=\"894\" data-permalink=\"https:\/\/aynakol.org\/?attachment_id=894\" data-orig-file=\"https:\/\/i0.wp.com\/aynakol.org\/wp-content\/uploads\/2015\/04\/Tour_of_Turkey_stage_5_Mugla_Pamukkale_mid_hilly.png?fit=1600%2C840&amp;ssl=1\" data-orig-size=\"1600,840\" data-comments-opened=\"1\" data-image-meta=\"{&quot;aperture&quot;:&quot;0&quot;,&quot;credit&quot;:&quot;&quot;,&quot;camera&quot;:&quot;&quot;,&quot;caption&quot;:&quot;&quot;,&quot;created_timestamp&quot;:&quot;0&quot;,&quot;copyright&quot;:&quot;&quot;,&quot;focal_length&quot;:&quot;0&quot;,&quot;iso&quot;:&quot;0&quot;,&quot;shutter_speed&quot;:&quot;0&quot;,&quot;title&quot;:&quot;&quot;,&quot;orientation&quot;:&quot;0&quot;}\" data-image-title=\"Tour_of_Turkey_stage_5_Mugla_Pamukkale_mid_hilly\" data-image-description=\"\" data-image-caption=\"\" data-large-file=\"https:\/\/i0.wp.com\/aynakol.org\/wp-content\/uploads\/2015\/04\/Tour_of_Turkey_stage_5_Mugla_Pamukkale_mid_hilly.png?fit=860%2C452&amp;ssl=1\" class=\"alignnone size-large wp-image-894\" src=\"https:\/\/i0.wp.com\/aynakol.org\/wp-content\/uploads\/2015\/04\/Tour_of_Turkey_stage_5_Mugla_Pamukkale_mid_hilly.png?resize=705%2C370\" alt=\"Tour_of_Turkey_stage_5_Mugla_Pamukkale_mid_hilly\" width=\"705\" height=\"370\" srcset=\"https:\/\/i0.wp.com\/aynakol.org\/wp-content\/uploads\/2015\/04\/Tour_of_Turkey_stage_5_Mugla_Pamukkale_mid_hilly.png?resize=1024%2C538&amp;ssl=1 1024w, https:\/\/i0.wp.com\/aynakol.org\/wp-content\/uploads\/2015\/04\/Tour_of_Turkey_stage_5_Mugla_Pamukkale_mid_hilly.png?resize=300%2C158&amp;ssl=1 300w, https:\/\/i0.wp.com\/aynakol.org\/wp-content\/uploads\/2015\/04\/Tour_of_Turkey_stage_5_Mugla_Pamukkale_mid_hilly.png?resize=705%2C370&amp;ssl=1 705w, https:\/\/i0.wp.com\/aynakol.org\/wp-content\/uploads\/2015\/04\/Tour_of_Turkey_stage_5_Mugla_Pamukkale_mid_hilly.png?w=1600&amp;ssl=1 1600w\" sizes=\"auto, (max-width: 705px) 100vw, 705px\" \/><\/a><\/p>\n<p>5. etapla birlikte TUR \u015f\u00fck\u00fcrler olsun ki k\u0131y\u0131lardan uzakla\u015f\u0131p biraz olsun Anadolunun i\u00e7ine uzan\u0131yor: rotam\u0131z Denizli Pamukkale! Ge\u00e7en seneki bir di\u011fer turistik rota Turgutreis yerine tercih edilen <a href=\"https:\/\/www.tourofturkey.org\/2015\/TR\/etap\/5-mugla-pamukkale\" target=\"_blank\">Mu\u011fla &#8211; Pamukkale etab\u0131n\u0131n uzunlu\u011fu 160 km <\/a>ve do\u011frudan 700 rak\u0131mdan ba\u015fl\u0131yor, bu haliyle bile orta seviye da\u011fl\u0131k etap diyebiliriz, \u00e7\u00fcnk\u00fc 2. ve 3. kategoriden t\u0131rman\u0131\u015flar\u0131 bar\u0131nd\u0131r\u0131yor. t\u0131rman\u0131\u015flardan sonra neredeyse 40 km uzunlu\u011funda bir ini\u015f ve sprint biti\u015fi var.<\/p>\n<div id=\"attachment_988\" style=\"width: 1011px\" class=\"wp-caption alignnone\"><a href=\"https:\/\/i0.wp.com\/aynakol.org\/wp-content\/uploads\/2015\/04\/TUR2014_stage_5_peloton_turn_the_corner.jpg\"><img data-recalc-dims=\"1\" loading=\"lazy\" decoding=\"async\" aria-describedby=\"caption-attachment-988\" data-attachment-id=\"988\" data-permalink=\"https:\/\/aynakol.org\/?attachment_id=988\" data-orig-file=\"https:\/\/i0.wp.com\/aynakol.org\/wp-content\/uploads\/2015\/04\/TUR2014_stage_5_peloton_turn_the_corner.jpg?fit=1001%2C444&amp;ssl=1\" data-orig-size=\"1001,444\" data-comments-opened=\"1\" data-image-meta=\"{&quot;aperture&quot;:&quot;4.5&quot;,&quot;credit&quot;:&quot;&quot;,&quot;camera&quot;:&quot;NIKON D3&quot;,&quot;caption&quot;:&quot;&quot;,&quot;created_timestamp&quot;:&quot;1398971530&quot;,&quot;copyright&quot;:&quot;&quot;,&quot;focal_length&quot;:&quot;16&quot;,&quot;iso&quot;:&quot;500&quot;,&quot;shutter_speed&quot;:&quot;0.0005&quot;,&quot;title&quot;:&quot;&quot;,&quot;orientation&quot;:&quot;1&quot;}\" data-image-title=\"TUR2014_stage_5_peloton_turn_the_corner\" data-image-description=\"\" data-image-caption=\"\" data-large-file=\"https:\/\/i0.wp.com\/aynakol.org\/wp-content\/uploads\/2015\/04\/TUR2014_stage_5_peloton_turn_the_corner.jpg?fit=860%2C381&amp;ssl=1\" class=\"wp-image-988 size-full\" src=\"https:\/\/i0.wp.com\/aynakol.org\/wp-content\/uploads\/2015\/04\/TUR2014_stage_5_peloton_turn_the_corner.jpg?resize=860%2C381\" alt=\"TUR2014_stage_5_peloton_turn_the_corner\" width=\"860\" height=\"381\" srcset=\"https:\/\/i0.wp.com\/aynakol.org\/wp-content\/uploads\/2015\/04\/TUR2014_stage_5_peloton_turn_the_corner.jpg?w=1001&amp;ssl=1 1001w, https:\/\/i0.wp.com\/aynakol.org\/wp-content\/uploads\/2015\/04\/TUR2014_stage_5_peloton_turn_the_corner.jpg?resize=300%2C133&amp;ssl=1 300w, https:\/\/i0.wp.com\/aynakol.org\/wp-content\/uploads\/2015\/04\/TUR2014_stage_5_peloton_turn_the_corner.jpg?resize=705%2C313&amp;ssl=1 705w\" sizes=\"auto, (max-width: 860px) 100vw, 860px\" \/><\/a><p id=\"caption-attachment-988\" class=\"wp-caption-text\">Ge\u00e7en sene pedallanan Turgutreis etab\u0131ndan bir kare&#8230;<\/p><\/div>\n<p>TUR2014&#8217;de <a href=\"http:\/\/www.procyclingstats.com\/race\/Presidential_Cycling_Tour_of_Turkey_2014_Stage_5_Turgutreis\" target=\"_blank\">Marmaris &#8211; Turgutreis<\/a> aras\u0131 pedallanan 177 km uzunulu\u011fundaki etapta zafer o zamanlar Cannondale tak\u0131m\u0131nda yer alan \u0130talyan pedal <a href=\"http:\/\/www.procyclingstats.com\/rider\/Elia_Viviani\" target=\"_blank\">Elia Viviani&#8217;<\/a>nin olmu\u015ftu.<\/p>\n<p><a href=\"https:\/\/i0.wp.com\/aynakol.org\/wp-content\/uploads\/2015\/04\/TUR2015_stage_5_poster_footer.jpg\"><img data-recalc-dims=\"1\" loading=\"lazy\" decoding=\"async\" data-attachment-id=\"990\" data-permalink=\"https:\/\/aynakol.org\/?attachment_id=990\" data-orig-file=\"https:\/\/i0.wp.com\/aynakol.org\/wp-content\/uploads\/2015\/04\/TUR2015_stage_5_poster_footer.jpg?fit=800%2C278&amp;ssl=1\" data-orig-size=\"800,278\" data-comments-opened=\"1\" data-image-meta=\"{&quot;aperture&quot;:&quot;0&quot;,&quot;credit&quot;:&quot;&quot;,&quot;camera&quot;:&quot;&quot;,&quot;caption&quot;:&quot;&quot;,&quot;created_timestamp&quot;:&quot;0&quot;,&quot;copyright&quot;:&quot;&quot;,&quot;focal_length&quot;:&quot;0&quot;,&quot;iso&quot;:&quot;0&quot;,&quot;shutter_speed&quot;:&quot;0&quot;,&quot;title&quot;:&quot;&quot;,&quot;orientation&quot;:&quot;1&quot;}\" data-image-title=\"TUR2015_stage_5_poster_footer\" data-image-description=\"\" data-image-caption=\"\" data-large-file=\"https:\/\/i0.wp.com\/aynakol.org\/wp-content\/uploads\/2015\/04\/TUR2015_stage_5_poster_footer.jpg?fit=800%2C278&amp;ssl=1\" class=\"alignnone size-full wp-image-990\" src=\"https:\/\/i0.wp.com\/aynakol.org\/wp-content\/uploads\/2015\/04\/TUR2015_stage_5_poster_footer.jpg?resize=800%2C278\" alt=\"TUR2015_stage_5_poster_footer\" width=\"800\" height=\"278\" srcset=\"https:\/\/i0.wp.com\/aynakol.org\/wp-content\/uploads\/2015\/04\/TUR2015_stage_5_poster_footer.jpg?w=800&amp;ssl=1 800w, https:\/\/i0.wp.com\/aynakol.org\/wp-content\/uploads\/2015\/04\/TUR2015_stage_5_poster_footer.jpg?resize=300%2C104&amp;ssl=1 300w, https:\/\/i0.wp.com\/aynakol.org\/wp-content\/uploads\/2015\/04\/TUR2015_stage_5_poster_footer.jpg?resize=705%2C245&amp;ssl=1 705w\" sizes=\"auto, (max-width: 800px) 100vw, 800px\" \/><\/a><\/p>\n<p>Etap primleri ise \u015fu \u015fekilde:<\/p>\n<ul class=\"list-unstyled\">\n<li><strong>74.9 km:<\/strong> T\u0131rman\u0131\u015f Primi (Kategori 2)<\/li>\n<li><strong>100.4 km:<\/strong> Sprint Primi<\/li>\n<li><strong>111.5 km:<\/strong> T\u0131rman\u0131\u015f Primi: Tekkek\u00f6y (Kategori 3)<\/li>\n<li><strong>139.0 km:<\/strong> T\u00fcrkiye G\u00fczellikleri Primi: Hierapolis &#8211; Afrodisyas<\/li>\n<\/ul>\n<p><strong>Canl\u0131 yay\u0131n saatleri (TS\u0130) :<\/strong><\/p>\n<p>160 km uzunlu\u011fundaki etap 10:30&#8217;da ba\u015flayacak, canl\u0131 yay\u0131n ise ne yaz\u0131k ki LiveFeed anla\u015fmala\u0131 gere\u011fi ge\u00e7 geliyor:<\/p>\n<ul>\n<li>TRT Sport, 12:45-13:00 (Canl\u0131),<\/li>\n<li>TRT 3, 12:45-13:00 (Canl\u0131)<\/li>\n<li>TRT Sport HD, 12:45-13:00 (Canl\u0131)<\/li>\n<li>Eurosport, 13:30-15:00 (Canl\u0131)<\/li>\n<\/ul>\n<p><strong>Son dakika:<\/strong><\/p>\n<blockquote class=\"twitter-tweet\" lang=\"tr\">\n<p dir=\"ltr\" lang=\"tr\">Giro i\u00e7in biraz dinlenmek ve haz\u0131rl\u0131k yapmak isteyen Andre Greipel d\u00fcnk\u00fc etap galibiyetinin ard\u0131ndan TUR&#8217; dan ayr\u0131ld\u0131. Bug\u00fcn startta yok<\/p>\n<p>\u2014 TUR (@tourofturkey) <a href=\"https:\/\/twitter.com\/tourofturkey\/status\/593679349536202752\">30 Nisan 2015<\/a><\/p><\/blockquote>\n<p><script src=\"\/\/platform.twitter.com\/widgets.js\" async=\"\" charset=\"utf-8\"><\/script><br \/>\n<strong>Etap sonras\u0131<\/strong><\/p>\n<p><a href=\"https:\/\/i0.wp.com\/aynakol.org\/wp-content\/uploads\/2015\/04\/TUR2015_stage_5_winner_sacha_modolo.jpg\"><img data-recalc-dims=\"1\" loading=\"lazy\" decoding=\"async\" data-attachment-id=\"997\" data-permalink=\"https:\/\/aynakol.org\/?attachment_id=997\" data-orig-file=\"https:\/\/i0.wp.com\/aynakol.org\/wp-content\/uploads\/2015\/04\/TUR2015_stage_5_winner_sacha_modolo.jpg?fit=800%2C533&amp;ssl=1\" data-orig-size=\"800,533\" data-comments-opened=\"1\" data-image-meta=\"{&quot;aperture&quot;:&quot;0&quot;,&quot;credit&quot;:&quot;&quot;,&quot;camera&quot;:&quot;&quot;,&quot;caption&quot;:&quot;&quot;,&quot;created_timestamp&quot;:&quot;0&quot;,&quot;copyright&quot;:&quot;&quot;,&quot;focal_length&quot;:&quot;0&quot;,&quot;iso&quot;:&quot;0&quot;,&quot;shutter_speed&quot;:&quot;0&quot;,&quot;title&quot;:&quot;&quot;,&quot;orientation&quot;:&quot;0&quot;}\" data-image-title=\"TUR2015_stage_5_winner_sacha_modolo\" data-image-description=\"\" data-image-caption=\"\" data-large-file=\"https:\/\/i0.wp.com\/aynakol.org\/wp-content\/uploads\/2015\/04\/TUR2015_stage_5_winner_sacha_modolo.jpg?fit=800%2C533&amp;ssl=1\" class=\"alignnone size-full wp-image-997\" src=\"https:\/\/i0.wp.com\/aynakol.org\/wp-content\/uploads\/2015\/04\/TUR2015_stage_5_winner_sacha_modolo.jpg?resize=800%2C533\" alt=\"TUR2015_stage_5_winner_sacha_modolo\" width=\"800\" height=\"533\" srcset=\"https:\/\/i0.wp.com\/aynakol.org\/wp-content\/uploads\/2015\/04\/TUR2015_stage_5_winner_sacha_modolo.jpg?w=800&amp;ssl=1 800w, https:\/\/i0.wp.com\/aynakol.org\/wp-content\/uploads\/2015\/04\/TUR2015_stage_5_winner_sacha_modolo.jpg?resize=300%2C200&amp;ssl=1 300w, https:\/\/i0.wp.com\/aynakol.org\/wp-content\/uploads\/2015\/04\/TUR2015_stage_5_winner_sacha_modolo.jpg?resize=705%2C470&amp;ssl=1 705w\" sizes=\"auto, (max-width: 800px) 100vw, 800px\" \/><\/a><\/p>\n<p><a class=\"_58cn\" href=\"https:\/\/www.facebook.com\/hashtag\/tur2015?source=feed_text&amp;story_id=642456965888935\" data-ft=\"{&quot;tn&quot;:&quot;*N&quot;,&quot;type&quot;:104}\"><span class=\"_58cl\">#\u200e<\/span><span class=\"_58cm\">TUR2015\u202c<\/span><\/a> 51. Cumhurba\u015fkanl\u0131\u011f\u0131 T\u00fcrkiye Bisiklet Turunun Mu\u011fla &#8211; Pamukkale aras\u0131nda pedallanan 165 km uzunlu\u011fundaki 5. etab\u0131nda galibiyet son metrelere dek k\u0131ran k\u0131rana s\u00fcren bir m\u00fccadeleyle <a href=\"http:\/\/www.procyclingstats.com\/team\/Lampre_Merida_2015\" target=\"_blank\">Lampre-Merida<\/a> Tak\u0131m\u0131ndan <a href=\"http:\/\/www.procyclingstats.com\/rider\/Sacha_Modolo\" target=\"_blank\">Sacha Modolo<\/a>&#8216;nun <a href=\"https:\/\/instagram.com\/p\/2GWqQQhn_1\/\" target=\"_blank\">oldu<\/a>. \u0130kincili\u011fi Caja Rural Seguros Tak\u0131m\u0131ndan Carlos Barbero Cuesta, T\u0131nkoff-Saxo Tak\u0131m\u0131ndan Jay Mccarthy biti\u015fte iyi tak\u0131m olarak iyi \u00e7al\u0131\u015fmalar\u0131na kar\u015f\u0131n ge\u00e7 sprinte ge\u00e7 \u00e7\u0131kt\u0131\u011f\u0131ndan teker fark\u0131yla \u00fc\u00e7\u00fcnc\u00fc oldu, ancak kalan son 3 g\u00fcnde genel ferdi klasman birincili\u011fi i\u00e7in yerini sa\u011flamla\u015ft\u0131rd\u0131.<\/p>\n<p><a href=\"https:\/\/i0.wp.com\/aynakol.org\/wp-content\/uploads\/2015\/04\/TUR2015_stage_5_photo_finish.jpg\"><img data-recalc-dims=\"1\" loading=\"lazy\" decoding=\"async\" data-attachment-id=\"996\" data-permalink=\"https:\/\/aynakol.org\/?attachment_id=996\" data-orig-file=\"https:\/\/i0.wp.com\/aynakol.org\/wp-content\/uploads\/2015\/04\/TUR2015_stage_5_photo_finish.jpg?fit=800%2C600&amp;ssl=1\" data-orig-size=\"800,600\" data-comments-opened=\"1\" data-image-meta=\"{&quot;aperture&quot;:&quot;0&quot;,&quot;credit&quot;:&quot;&quot;,&quot;camera&quot;:&quot;&quot;,&quot;caption&quot;:&quot;&quot;,&quot;created_timestamp&quot;:&quot;0&quot;,&quot;copyright&quot;:&quot;&quot;,&quot;focal_length&quot;:&quot;0&quot;,&quot;iso&quot;:&quot;0&quot;,&quot;shutter_speed&quot;:&quot;0&quot;,&quot;title&quot;:&quot;&quot;,&quot;orientation&quot;:&quot;0&quot;}\" data-image-title=\"TUR2015_stage_5_photo_finish\" data-image-description=\"\" data-image-caption=\"\" data-large-file=\"https:\/\/i0.wp.com\/aynakol.org\/wp-content\/uploads\/2015\/04\/TUR2015_stage_5_photo_finish.jpg?fit=800%2C600&amp;ssl=1\" class=\"alignnone size-full wp-image-996\" src=\"https:\/\/i0.wp.com\/aynakol.org\/wp-content\/uploads\/2015\/04\/TUR2015_stage_5_photo_finish.jpg?resize=800%2C600\" alt=\"TUR2015_stage_5_photo_finish\" width=\"800\" height=\"600\" srcset=\"https:\/\/i0.wp.com\/aynakol.org\/wp-content\/uploads\/2015\/04\/TUR2015_stage_5_photo_finish.jpg?w=800&amp;ssl=1 800w, https:\/\/i0.wp.com\/aynakol.org\/wp-content\/uploads\/2015\/04\/TUR2015_stage_5_photo_finish.jpg?resize=300%2C225&amp;ssl=1 300w, https:\/\/i0.wp.com\/aynakol.org\/wp-content\/uploads\/2015\/04\/TUR2015_stage_5_photo_finish.jpg?resize=705%2C529&amp;ssl=1 705w\" sizes=\"auto, (max-width: 800px) 100vw, 800px\" \/><\/a><\/p>\n<p>TUR2015 resmi sayfas\u0131ndan yay\u0131nlanan <a href=\"http:\/\/Greipel Starta Gelmedi  161 bisiklet\u00e7inin start ald\u0131\u011f\u0131 bu etaba 10'uncu T\u00fcrkiye Tur'u zaferini Fethiye - Marmaris etab\u0131nda elde eden Lotto Soudal Tak\u0131m\u0131ndan Andre Greipel kat\u0131lmad\u0131. Alman bisiklet\u00e7i ani bir kararla Giro De Italia i\u00e7in haz\u0131rl\u0131k yapaca\u011f\u0131n\u0131 ileri s\u00fcrerek Tur'dan ayr\u0131ld\u0131. Etapta Kavga  Marmaris rampas\u0131 \u00e7\u0131k\u0131l\u0131rken ana grupta iki sporcunun bisikletlerinden inerek birbirleri ile kavga ettikleri g\u00f6zlendi. Astana Tak\u0131m\u0131'ndan Dimitry Gruzdev'in, Southest Tak\u0131m\u0131'ndan Eugert Zhupa'ya yumruk att\u0131\u011f\u0131 tespit edildi. Komiserler kurulu bu iki bisiklet\u00e7iye ceza vermesi bekleniyor. \u0130lk Ka\u00e7\u0131\u015f 22. Kilometrede  Marmaris'ten verilen start\u0131n ilk kilometreleri toplu halde ge\u00e7ildi. 9'uncu kilometre ge\u00e7ilirken \u00e7ok say\u0131da ataklar\u0131n ger\u00e7ekle\u015fti\u011fi g\u00f6zlendi. 15'inci kilometre gelindi\u011finde 3 sporcu atak yapt\u0131. \u00d6ndeki ka\u00e7\u0131\u015f grubunu Lotto Soudal'dan Thomas De Gendt, United Healthcare Tak\u0131m\u0131ndan Alessandro Bazzana, Wanty-Groupe Gobert Tak\u0131m\u0131ndan Frederick Veuchelen olu\u015fturdu. Bu \u00fc\u00e7l\u00fc 22'inci kilometre ge\u00e7ilirken ana grupla (Peleton) aray\u0131 4 dakika 35 saniye a\u00e7t\u0131. 40'\u0131nc\u0131 kilometre geride kal\u0131rken \u00f6ndeki \u00fc\u00e7l\u00fcn\u00fcn aray\u0131 iyice a\u00e7t\u0131\u011f\u0131 g\u00f6zlendi. Fark 7 dakika 11 saniye olmu\u015ftu. Bu zaman fark\u0131 Tur'un ba\u015f\u0131ndan bu yana elde edilen y\u00fcksek rakamd\u0131. 61'inci kilometrede \u00f6ndeki \u00fc\u00e7l\u00fcn\u00fcn ard\u0131ndan CCC Sprandi Polkowice Tak\u0131m\u0131 ana gruba liderlik edersen Rebellin'i de koruma alt\u0131na almadan edemiyorlard\u0131. G\u00f6zler Petacchi'de  Etab\u0131n ilk t\u0131rman\u0131\u015f\u0131na (KOM) Mtn-Qhubeka tak\u0131m\u0131n\u0131n liderli\u011finde girildi. G\u00f6zler daha \u00f6nce Pamukkale etab\u0131n\u0131 kazanan Southeast Tak\u0131m\u0131ndan Alessandro Petacchi'deydi. Petacchi'nin tak\u0131m arkada\u015f\u0131 Jakub Mareczko'nun Fethiye-Marmaris etab\u0131nda \u00e7ok \u00e7al\u0131\u015ft\u0131\u011f\u0131 g\u00f6zlenirken Pamukkale etab\u0131nda yorgunlu\u011fu dikkat \u00e7ekiyordu. R\u00fczgar\u0131n Etkisi  71'inci kilometre ge\u00e7ilirken r\u00fczgar\u0131nda etkisiyle zaman fark\u0131 erimeye ba\u015flad\u0131. Buna ana grubun tempo yapmas\u0131n\u0131 da eklersek fark\u0131n 3 dakika 35 saniyeye kadar d\u00fc\u015ft\u00fc\u011f\u00fcn\u00fc s\u00f6yleyebiliriz. \u0130lk T\u0131rman\u0131\u015f Primi Sonu\u00e7lar\u0131  74'\u00fcnc\u00fc kilometre ge\u00e7ilirken etab\u0131n ilk t\u0131rman\u0131\u015f primi ger\u00e7ekle\u015fti ve \u015fu sonu\u00e7lar al\u0131nd\u0131: 1-Thomas De Gendt (Lotto Soudal), 2-Frederik Veuvhelen (Wanty-Groupe Gobert), 3-Eduardo Sepulveda (Retagne-SecheEnv\u0131rronnemen), 4-Juan Pablo Valencia (Colombia). Prim kap\u0131s\u0131 ge\u00e7ilirken zaman fark\u0131 daha kapand\u0131. Yeni zaman fark\u0131 2 dakika 25 saniye olarak \u00f6l\u00e7\u00fcld\u00fc. Sprint Primi Sonu\u00e7lar\u0131  Afrodit kav\u015fa\u011f\u0131 ge\u00e7ilirken etab\u0131n sprint primi de ger\u00e7ekle\u015fti. Ye\u015fil mayo i\u00e7in m\u00fccadele sporcular prim kap\u0131s\u0131ndan ge\u00e7erken \u015fu sonu\u00e7lar al\u0131nd\u0131: 1-Alessandro Bazzana (Un\u0131dethelatcare), , 2-Frederik Veuchelen (Wanty-Groupe-Gobert), 3-Thomas Dendt (Lotto Soudal) Prim kap\u0131s\u0131ndan ge\u00e7ilirken \u00f6ndeki ka\u00e7\u0131\u015f grubu ile, ana grup aras\u0131ndaki zaman fark\u0131 1 dakika 56 saniye olarak \u00f6l\u00e7\u00fcld\u00fc. 105'inci kilometre ge\u00e7ilirken ka\u00e7\u0131\u015f grubu peleton ile birle\u015fti. Art\u0131k grup tek par\u00e7a idi ve \u00f6nlerinde etab\u0131n ikinci t\u0131rman\u0131\u015f prim kap\u0131s\u0131 vard\u0131. \u0130kinci T\u0131rman\u0131\u015f Primi Sonu\u00e7lar\u0131  K\u0131n\u0131kl\u0131 rampas\u0131 geride kal\u0131rken 111'inci kilometrede etab\u0131n ikinci t\u0131rman\u0131\u015f primi ger\u00e7ekle\u015fti ve \u015fu sonu\u00e7lar al\u0131nd\u0131. 1- Alessandro Bazzana (Un\u0131dethealtcare), 2-Frederik Veuchelen (Wanty Groupe-Gobert), 3-Thomas De Gendt (Lotto Soudal). Prim kap\u0131s\u0131 ge\u00e7ildikten sonra dokuz sporcu yeni bir ka\u00e7\u0131\u015f grubu olu\u015fturdu. Ana grupla zaman fark\u0131 fazla a\u00e7\u0131lmad\u0131, ancak \u00f6n grupta pedal bast\u0131lar. Zaman fark\u0131 20 saniye i\u00e7inde gitti-geldi. Bu arada Novo Nordsik'ten Kevin De Maesmaker yar\u0131\u015f\u0131 terk etti. 123'nc\u00fc kilometre ge\u00e7ilirken kala ka\u00e7\u0131\u015f grubu ana grupla birle\u015fti. Denizli \u015fehir i\u00e7i kat edilirken ana grupta fini\u015f i\u00e7in hen\u00fcz bir kopma yoktu. Anla\u015f\u0131l\u0131yor ki, Pamukkale'ye t\u0131rman\u0131\u015fta k\u0131yamet kopacak. T\u00fcrkiye G\u00fczellikleri Prim Kap\u0131s\u0131 B\u00fcy\u00fck \u00c7eki\u015fmeye Sahne Oldu  139'uncu kilometredeki etab\u0131n son prim kap\u0131s\u0131 b\u00fcy\u00fck bir m\u00fccadeleye neden oldu. Beyaz mayonun sahibi Luis Mas Bonet prim kap\u0131s\u0131n\u0131 ilk ge\u00e7en sporcu olurken ayn\u0131 zamanda konumunu korumu\u015f oldu. Un\u0131dethealtcare Tak\u0131m\u0131'ndan Ken Hanson, son metreye kadar bast\u0131 ama, rakibini ge\u00e7meye muvaffak olamay\u0131nca b\u00fcy\u00fck \u00fcz\u00fcnt\u00fc ya\u015fad\u0131. \u00dc\u00e7\u00fcnc\u00fcl\u00fc\u011f\u00fc de Topsport Vlaanderen Tak\u0131m\u0131'ndan Jef Van Me\u0131rhaeghe elde etti. Grup toplu halde Pamukkale'ye do\u011fru pedal basmaya devam etti. Son 5 kilometrede herhangi bir par\u00e7alanma olmad\u0131. T\u00fcm tak\u0131mlar sprinterlerini g\u00fc\u00e7l\u00fc getirebilmek i\u00e7in r\u00fczgara g\u00f6\u011f\u00fcs germeyi s\u00fcrd\u00fcrd\u00fcler. Naz\u0131m Bak\u0131rc\u0131 bu y\u0131ld\u0131zlar\u0131n i\u00e7inde grubun i\u00e7inde kal\u0131p inatla pedal basmaya devam etti. Tek kelimeyle bravo do\u011frusu. Fini\u015fe 500 metre kala talihsiz bir kaza ya\u015fanmas\u0131na ra\u011fmen yine m\u00fccadele g\u00f6r\u00fclmeye de\u011ferdi. Son metrede Lampre Merida Tak\u0131m\u0131'ndan Sacha Modolo 4 saat 6 dakika 19 saniye ile ilk ge\u00e7en sporcu oldu. TUR'a Yar\u0131n Denizli-Sel\u00e7uk Etab\u0131 ile Devam Edilecek  51'inci Cumhurba\u015fkanl\u0131\u011f\u0131 T\u00fcrkiye Bisiklet Tur'una yar\u0131n 184 kilometrelik Denizli-Sel\u00e7uk etab\u0131 ile devam edilecek.\" target=\"_blank\">bas\u0131n \u00f6zeti ile etap hakk\u0131nda bilgi edinebilir<\/a> veya etab\u0131n son 2 kilometresini izleyebilirsiniz.<\/p>\n<p><iframe loading=\"lazy\" src=\"https:\/\/www.youtube.com\/embed\/xcgEzInwvOY\" width=\"560\" height=\"315\" frameborder=\"0\" allowfullscreen=\"allowfullscreen\"><\/iframe><\/p>\n<p>Bitirmeden \u00f6nce etapta bir de <a href=\"https:\/\/www.youtube.com\/watch?v=Dtr7elr8Lys\" target=\"_blank\">kavga ya\u015fand\u0131\u011f\u0131n\u0131 eklemek gerek:<\/a><\/p>\n<blockquote><p>Marmaris rampas\u0131 \u00e7\u0131k\u0131l\u0131rken ana grupta iki sporcunun bisikletlerinden inerek birbirleri ile kavga ettikleri g\u00f6zlendi. Astana Tak\u0131m\u0131&#8217;ndan Dimitry Gruzdev&#8217;in, Southest Tak\u0131m\u0131&#8217;ndan Eugert Zhupa&#8217;ya yumruk att\u0131\u011f\u0131 tespit edildi. Komiserler kurulu bu iki bisiklet\u00e7iye ceza vermesi bekleniyor.<\/p><\/blockquote>\n<p><strong>5. etap sonu\u00e7lar\u0131:<\/strong><\/p>\n<p>ITA\u00a0 1\u00a0 MODOLO, Sacha (LAMPRE &#8211; MERIDA)\u00a0\u00a0\u00a0\u00a0\u00a0\u00a0\u00a0\u00a0\u00a0\u00a0\u00a0\u00a0\u00a0\u00a0\u00a0\u00a0\u00a0\u00a0\u00a0\u00a0\u00a0\u00a0\u00a0\u00a0\u00a0\u00a0\u00a0 4:06:19<br \/>\nESP\u00a0 2\u00a0 BARBERO CUESTA, Carlos (CAJA RURAL-SEGUROS RGA)<br \/>\nAUS\u00a0 3\u00a0 MCCARTHY, Jay (TINKOFF &#8211; SAXO)<br \/>\nSVK\u00a0 4\u00a0 KOL\u00c1R, Michal (TINKOFF &#8211; SAXO)<br \/>\nITA\u00a0 5\u00a0 BELLETTI, Manuel (SOUTHEAST)<br \/>\nBEL\u00a0 6\u00a0 DE BUYST, Jasper (LOTTO SOUDAL)<br \/>\nESP\u00a0 7\u00a0 PRADES REVERTE, Eduard (CAJA RURAL-SEGUROS RGA)<br \/>\nITA\u00a0 8\u00a0 RATTO, Daniele (UNITEDHEALTHCARE)<br \/>\nITA\u00a0 9\u00a0 REBELLIN, Davide (CCC SPRANDI POLKOWICE)<br \/>\nESP\u00a0 10 BILBAO LOPEZ DE ARMENTIA, Pello (CAJA RURAL-SEGUROS RGA)<\/p>\n<p>5. etap sonunda CCC Sprandi Polkowice tak\u0131m\u0131ndan Davide Rebellin turkuaz mayoyu korumay\u0131 ba\u015fard\u0131. B\u00fcy\u00fck ihtimalle yar\u0131nki Meryem Ana Kilisesi t\u0131rman\u0131\u015f\u0131nda \u00f6n s\u0131ralarda yer alacak ve TUR2015 genel ferdi klasman birincili\u011fini kazanacak.<\/p>\n<p><a href=\"https:\/\/i0.wp.com\/aynakol.org\/wp-content\/uploads\/2015\/04\/TUR2015_stage_5_jersey_classification.jpg\"><img data-recalc-dims=\"1\" loading=\"lazy\" decoding=\"async\" data-attachment-id=\"999\" data-permalink=\"https:\/\/aynakol.org\/?attachment_id=999\" data-orig-file=\"https:\/\/i0.wp.com\/aynakol.org\/wp-content\/uploads\/2015\/04\/TUR2015_stage_5_jersey_classification.jpg?fit=880%2C240&amp;ssl=1\" data-orig-size=\"880,240\" data-comments-opened=\"1\" data-image-meta=\"{&quot;aperture&quot;:&quot;0&quot;,&quot;credit&quot;:&quot;&quot;,&quot;camera&quot;:&quot;&quot;,&quot;caption&quot;:&quot;&quot;,&quot;created_timestamp&quot;:&quot;0&quot;,&quot;copyright&quot;:&quot;&quot;,&quot;focal_length&quot;:&quot;0&quot;,&quot;iso&quot;:&quot;0&quot;,&quot;shutter_speed&quot;:&quot;0&quot;,&quot;title&quot;:&quot;&quot;,&quot;orientation&quot;:&quot;0&quot;}\" data-image-title=\"TUR2015_stage_5_jersey_classification\" data-image-description=\"\" data-image-caption=\"\" data-large-file=\"https:\/\/i0.wp.com\/aynakol.org\/wp-content\/uploads\/2015\/04\/TUR2015_stage_5_jersey_classification.jpg?fit=860%2C235&amp;ssl=1\" class=\"alignnone size-full wp-image-999\" src=\"https:\/\/i0.wp.com\/aynakol.org\/wp-content\/uploads\/2015\/04\/TUR2015_stage_5_jersey_classification.jpg?resize=860%2C235\" alt=\"TUR2015_stage_5_jersey_classification\" width=\"860\" height=\"235\" srcset=\"https:\/\/i0.wp.com\/aynakol.org\/wp-content\/uploads\/2015\/04\/TUR2015_stage_5_jersey_classification.jpg?w=880&amp;ssl=1 880w, https:\/\/i0.wp.com\/aynakol.org\/wp-content\/uploads\/2015\/04\/TUR2015_stage_5_jersey_classification.jpg?resize=300%2C82&amp;ssl=1 300w, https:\/\/i0.wp.com\/aynakol.org\/wp-content\/uploads\/2015\/04\/TUR2015_stage_5_jersey_classification.jpg?resize=705%2C192&amp;ssl=1 705w\" sizes=\"auto, (max-width: 860px) 100vw, 860px\" \/><\/a><\/p>\n<p>5 etap sonras\u0131 genel gerdi klasman<\/p>\n<p>ITA\u00a0 1\u00a0 REBELLIN, Davide (CCC SPRANDI POLKOWICE)\u00a0\u00a0\u00a0\u00a0\u00a0\u00a0\u00a0\u00a0\u00a0\u00a0\u00a0 19:42:08<br \/>\nCRO\u00a0 2\u00a0 DURASEK, Kristijan (LAMPRE &#8211; MERIDA)\u00a0\u00a0\u00a0\u00a0\u00a0\u00a0\u00a0\u00a0\u00a0\u00a0\u00a0\u00a0\u00a0\u00a0\u00a0\u00a0\u00a0 +\u00a0\u00a0 22<br \/>\nARG\u00a0 3\u00a0 SEPULVEDA, Eduardo (BRETAGNE-SECHE ENVIRONNEMENT)\u00a0\u00a0\u00a0\u00a0 +\u00a0\u00a0 54<br \/>\nAUS\u00a0 4\u00a0 MCCARTHY, Jay (TINKOFF &#8211; SAXO)\u00a0\u00a0\u00a0\u00a0\u00a0\u00a0\u00a0\u00a0\u00a0\u00a0\u00a0\u00a0\u00a0\u00a0\u00a0\u00a0\u00a0\u00a0\u00a0\u00a0\u00a0\u00a0\u00a0 + 1:20<br \/>\nBEL\u00a0 5\u00a0 PAUWELS, Serge (MTN &#8211; QHUBEKA)\u00a0\u00a0\u00a0\u00a0\u00a0\u00a0\u00a0\u00a0\u00a0\u00a0\u00a0\u00a0\u00a0\u00a0\u00a0\u00a0\u00a0\u00a0\u00a0\u00a0\u00a0\u00a0\u00a0 + 1:38<br \/>\nITA\u00a0 6\u00a0 BARBIN, Enrico (BARDIANI CSF)\u00a0\u00a0\u00a0\u00a0\u00a0\u00a0\u00a0\u00a0\u00a0\u00a0\u00a0\u00a0\u00a0\u00a0\u00a0\u00a0\u00a0\u00a0\u00a0\u00a0\u00a0\u00a0\u00a0\u00a0 + 1:39<br \/>\nITA\u00a0 7\u00a0 RATTO, Daniele (UNITEDHEALTHCARE)\u00a0\u00a0\u00a0\u00a0\u00a0\u00a0\u00a0\u00a0\u00a0\u00a0\u00a0\u00a0\u00a0\u00a0\u00a0\u00a0\u00a0\u00a0\u00a0\u00a0 + 1:42<br \/>\nCOL\u00a0 8\u00a0 CANO ARDILA, Alex (COLOMBIA)\u00a0\u00a0\u00a0\u00a0\u00a0\u00a0\u00a0\u00a0\u00a0\u00a0\u00a0\u00a0\u00a0\u00a0\u00a0\u00a0\u00a0\u00a0\u00a0\u00a0\u00a0\u00a0\u00a0\u00a0\u00a0 + 1:56<br \/>\nITA\u00a0 9\u00a0 SELVAGGI, Mirko (WANTY &#8211; GROUPE GOBERT)\u00a0\u00a0\u00a0\u00a0\u00a0\u00a0\u00a0\u00a0\u00a0\u00a0\u00a0\u00a0\u00a0\u00a0 + 2:11<br \/>\nAUS\u00a0 10 HANSEN, Adam (LOTTO SOUDAL)\u00a0\u00a0\u00a0\u00a0\u00a0\u00a0\u00a0\u00a0\u00a0\u00a0\u00a0\u00a0\u00a0\u00a0\u00a0\u00a0\u00a0\u00a0\u00a0\u00a0\u00a0\u00a0\u00a0\u00a0\u00a0\u00a0 + 2:12<\/p>\n<p>Tinkoff-Saxo 6 ve 7. etaplarda taktiksel \u00e7al\u0131\u015f\u0131p di\u011fer tak\u0131mlar\u0131 oyundan d\u00fc\u015f\u00fcr\u00fcr ve McCarty&#8217;i \u00f6ne ta\u015f\u0131rsa turkuaz mayo i\u00e7in \u015fans\u0131 olur.<\/p>\n<p><a href=\"https:\/\/i0.wp.com\/aynakol.org\/wp-content\/uploads\/2015\/04\/TUR2015_stage_5_peloton_0.jpeg\"><img data-recalc-dims=\"1\" loading=\"lazy\" decoding=\"async\" data-attachment-id=\"1002\" data-permalink=\"https:\/\/aynakol.org\/?attachment_id=1002\" data-orig-file=\"https:\/\/i0.wp.com\/aynakol.org\/wp-content\/uploads\/2015\/04\/TUR2015_stage_5_peloton_0.jpeg?fit=1000%2C646&amp;ssl=1\" data-orig-size=\"1000,646\" data-comments-opened=\"1\" data-image-meta=\"{&quot;aperture&quot;:&quot;0&quot;,&quot;credit&quot;:&quot;&quot;,&quot;camera&quot;:&quot;&quot;,&quot;caption&quot;:&quot;&quot;,&quot;created_timestamp&quot;:&quot;0&quot;,&quot;copyright&quot;:&quot;&quot;,&quot;focal_length&quot;:&quot;0&quot;,&quot;iso&quot;:&quot;0&quot;,&quot;shutter_speed&quot;:&quot;0&quot;,&quot;title&quot;:&quot;&quot;,&quot;orientation&quot;:&quot;0&quot;}\" data-image-title=\"TUR2015_stage_5_peloton_0\" data-image-description=\"\" data-image-caption=\"\" data-large-file=\"https:\/\/i0.wp.com\/aynakol.org\/wp-content\/uploads\/2015\/04\/TUR2015_stage_5_peloton_0.jpeg?fit=860%2C556&amp;ssl=1\" class=\"alignnone size-full wp-image-1002\" src=\"https:\/\/i0.wp.com\/aynakol.org\/wp-content\/uploads\/2015\/04\/TUR2015_stage_5_peloton_0.jpeg?resize=860%2C556\" alt=\"TUR2015_stage_5_peloton_0\" width=\"860\" height=\"556\" srcset=\"https:\/\/i0.wp.com\/aynakol.org\/wp-content\/uploads\/2015\/04\/TUR2015_stage_5_peloton_0.jpeg?w=1000&amp;ssl=1 1000w, https:\/\/i0.wp.com\/aynakol.org\/wp-content\/uploads\/2015\/04\/TUR2015_stage_5_peloton_0.jpeg?resize=300%2C194&amp;ssl=1 300w, https:\/\/i0.wp.com\/aynakol.org\/wp-content\/uploads\/2015\/04\/TUR2015_stage_5_peloton_0.jpeg?resize=705%2C455&amp;ssl=1 705w\" sizes=\"auto, (max-width: 860px) 100vw, 860px\" \/><\/a><\/p>\n<p>Daha fazlas\u0131 i\u00e7in<\/p>\n<ul>\n<li>#TUR2015 5. etaptan <a href=\"https:\/\/tourofturkey.org\/2015\/gallery\/tur-2015-stage-5-mugla-pamukkale\" target=\"_blank\">foto\u011fraflar&#8230;<\/a><\/li>\n<li><a href=\"https:\/\/tourofturkey.org\/2015\/media\/documents\/basin-bulteni-0430.pdf\" target=\"_blank\">Bas\u0131n b\u00fclteni<\/a><\/li>\n<li><a href=\"https:\/\/tourofturkey.org\/2015\/TR\/sonuclar\" target=\"_blank\">Resmi sonu\u00e7lar<\/a><\/li>\n<li>5. etap hakk\u0131nda her \u015fey: <a href=\"http:\/\/www.steephill.tv\/tour-of-turkey\/#spoiler\" target=\"_blank\">SteepHill.TV<\/a><\/li>\n<li>Twitter&#8217;da tuttu\u011fum TUR2015 odakl\u0131 <a href=\"https:\/\/twitter.com\/aynakol_\/lists\/tur2015\" target=\"_blank\">tweet listesi<\/a><\/li>\n<li><a href=\"https:\/\/www.youtube.com\/watch?v=pqi6v_9eLyY\" target=\"_blank\">Etab\u0131n son 5 km&#8217;si<\/a><\/li>\n<li>Ek\u015fi S\u00f6zl\u00fck yazar\u0131 bay b&#8217;nin TUR2015&#8217;in <a href=\"https:\/\/eksisozluk.com\/entry\/50938450\" target=\"_blank\">TRT yay\u0131n\u0131 hakk\u0131ndaki g\u00f6r\u00fc\u015fleri&#8230; <\/a><\/li>\n<\/ul>\n<p>#TUR2015 yar\u0131n Denizliden yola \u00e7\u0131k\u0131p Sel\u00e7uk <a href=\"http:\/\/veloviewer.com\/segments\/5780315\" target=\"_blank\">Meryem Ana Kilisesinde<\/a> sona erecek. T\u0131rman\u0131\u015f\u0131m\u0131z var a dostlar b\u00fct\u00fcn pelotonu bekleriz!<\/p>\n","protected":false},"excerpt":{"rendered":"<p>5. etap: Mu\u011fla &#8211; Pamukkale: 160 km (30 Nisan) TUR2015&#8217;de bir \u00f6nceki g\u00fcn Elmal\u0131 t\u0131rman\u0131\u015f\u0131 sonras\u0131 dinlenme g\u00fcn\u00fc niteli\u011findeki Fethiye &#8211; Marmaris aras\u0131nda pedallanan 132 [&#8230;]<\/p>\n","protected":false},"author":1,"featured_media":991,"comment_status":"open","ping_status":"open","sticky":false,"template":"","format":"standard","meta":{"jetpack_post_was_ever_published":false,"_jetpack_newsletter_access":"","_jetpack_dont_email_post_to_subs":false,"_jetpack_newsletter_tier_id":0,"_jetpack_memberships_contains_paywalled_content":false,"_jetpack_memberships_contains_paid_content":false,"footnotes":"","jetpack_publicize_message":"","jetpack_publicize_feature_enabled":true,"jetpack_social_post_already_shared":true,"jetpack_social_options":{"image_generator_settings":{"template":"highway","default_image_id":0,"font":"","enabled":false},"version":2}},"categories":[704],"tags":[728,17,731,733,729,684,33,732,723,694,730,18,706,676,677,679],"class_list":["post-984","post","type-post","status-publish","format-standard","has-post-thumbnail","hentry","category-tur","tag-andre-greipel","tag-bisiklet-turu","tag-caja-rural-seguros","tag-carlos-barbero-cuesta","tag-cotton-castle","tag-denizli","tag-giro-ditalia","tag-jay-mccarty","tag-mugla","tag-pamukkale","tag-sacha-modolo","tag-tinkoff-saxo","tag-tourofturkey","tag-tur2014","tag-tur2015","tag-turkiye-bisiklet-turu"],"jetpack_publicize_connections":[],"jetpack_featured_media_url":"https:\/\/i0.wp.com\/aynakol.org\/wp-content\/uploads\/2015\/04\/TUR2015_stage_5_poster_home_of_mugla_pamukkale.jpg?fit=800%2C352&ssl=1","jetpack_sharing_enabled":true,"jetpack_shortlink":"https:\/\/wp.me\/p51p4O-fS","jetpack_likes_enabled":true,"jetpack-related-posts":[{"id":887,"url":"https:\/\/aynakol.org\/?p=887","url_meta":{"origin":984,"position":0},"title":"51. Cumhurba\u015fkanl\u0131\u011f\u0131 T\u00fcrkiye Bisiklet Turu etap incelemeleri","author":"Ayd\u0131n Bez","date":"24 Nisan 2015","format":false,"excerpt":"TUR 2015 tan\u0131t\u0131m filmi - Tour of Turkey - Vimeo. 51. kez pedallanacak 8 g\u00fcn s\u00fcrecek Cumhurba\u015fkanl\u0131\u011f\u0131 Bisiklet Turu (k\u0131saca TUR2015 diyece\u011fiz) bu sene de Alanyadan ba\u015flay\u0131p tarihin de\u011fil de in\u015faat\u00e7\u0131lar\u0131n, hafriyat kamyonlar\u0131n\u0131n ve rant\u00e7\u0131lar\u0131n bulu\u015fma noktas\u0131 \u0130stanbulda sona erecek. 21 tak\u0131mdan 168 sporcunun 8 g\u00fcn s\u00fcresince yakla\u015f\u0131k 1260 km\u2026","rel":"","context":"&quot;Tour of Turkey&quot; i\u00e7inde","block_context":{"text":"Tour of Turkey","link":"https:\/\/aynakol.org\/?cat=704"},"img":{"alt_text":"","src":"https:\/\/i0.wp.com\/aynakol.org\/wp-content\/uploads\/2015\/04\/Tour_of_turkey_2014_stage_8_istanbul_istanbul.jpg?fit=1001%2C655&ssl=1&resize=350%2C200","width":350,"height":200,"srcset":"https:\/\/i0.wp.com\/aynakol.org\/wp-content\/uploads\/2015\/04\/Tour_of_turkey_2014_stage_8_istanbul_istanbul.jpg?fit=1001%2C655&ssl=1&resize=350%2C200 1x, https:\/\/i0.wp.com\/aynakol.org\/wp-content\/uploads\/2015\/04\/Tour_of_turkey_2014_stage_8_istanbul_istanbul.jpg?fit=1001%2C655&ssl=1&resize=525%2C300 1.5x, https:\/\/i0.wp.com\/aynakol.org\/wp-content\/uploads\/2015\/04\/Tour_of_turkey_2014_stage_8_istanbul_istanbul.jpg?fit=1001%2C655&ssl=1&resize=700%2C400 2x"},"classes":[]},{"id":1000,"url":"https:\/\/aynakol.org\/?p=1000","url_meta":{"origin":984,"position":1},"title":"#TUR2015 6. Etap Denizli &#8211; Sel\u00e7uk","author":"Ayd\u0131n Bez","date":"1 May\u0131s 2015","format":false,"excerpt":"5. etap k\u0131sa \u00f6zeti D\u00fcn Mu\u011fla - Pamukkale aras\u0131 pedallanan 160 km uzunlu\u011fundaki 5. etab\u0131n galibi son metrelere dek k\u0131ran k\u0131rana m\u00fccadele veren Lampre-Merida tak\u0131m\u0131n \u0130talyan pedal\u0131 Sacha Modolo olmu\u015ftu. Modolo etap galibiyeti ile birlikte ye\u015fil mayoyu (Ferdi Puan Mayosu) yorgun d\u00fc\u015fen ve son iki g\u00fcnd\u00fcr istedi\u011fi sonucu alamayan Mark\u2026","rel":"","context":"&quot;Tour of Turkey&quot; i\u00e7inde","block_context":{"text":"Tour of Turkey","link":"https:\/\/aynakol.org\/?cat=704"},"img":{"alt_text":"","src":"https:\/\/i0.wp.com\/aynakol.org\/wp-content\/uploads\/2015\/04\/TUR2015_stage_6_home_of_turkey_header.jpg?fit=799%2C400&ssl=1&resize=350%2C200","width":350,"height":200,"srcset":"https:\/\/i0.wp.com\/aynakol.org\/wp-content\/uploads\/2015\/04\/TUR2015_stage_6_home_of_turkey_header.jpg?fit=799%2C400&ssl=1&resize=350%2C200 1x, https:\/\/i0.wp.com\/aynakol.org\/wp-content\/uploads\/2015\/04\/TUR2015_stage_6_home_of_turkey_header.jpg?fit=799%2C400&ssl=1&resize=525%2C300 1.5x, https:\/\/i0.wp.com\/aynakol.org\/wp-content\/uploads\/2015\/04\/TUR2015_stage_6_home_of_turkey_header.jpg?fit=799%2C400&ssl=1&resize=700%2C400 2x"},"classes":[]},{"id":968,"url":"https:\/\/aynakol.org\/?p=968","url_meta":{"origin":984,"position":2},"title":"#TUR2015 4. Etap: Fethiye &#8211; Marmaris","author":"Ayd\u0131n Bez","date":"29 Nisan 2015","format":false,"excerpt":"4. etap: Fethiye - Marmaris: 132 km (29 Nisan) D\u00fcn pedallanan Kemer - Elmal\u0131 krali\u00e7e etab\u0131n\u0131 ilk s\u0131rada tamamlayanlar ayn\u0131 zamanda TUR2015'in genel klasman\u0131n\u0131 da olu\u015fturdular. Davide Rebellin bug\u00fcn pedallanacak 132 km uzunlu\u011fundaki etaba turkuaz mayoyla \u00e7\u0131kacak. Mark Cavendish ise en h\u0131zl\u0131 pedal mayosu (ye\u015fil) ile etaba ba\u015flayacak. D\u00fcnk\u00fc Elmal\u0131\u2026","rel":"","context":"&quot;Tour of Turkey&quot; i\u00e7inde","block_context":{"text":"Tour of Turkey","link":"https:\/\/aynakol.org\/?cat=704"},"img":{"alt_text":"","src":"https:\/\/i0.wp.com\/aynakol.org\/wp-content\/uploads\/2015\/04\/TUR2015_stage_4_poster_home_of_fethiye_marmaris.jpg?fit=800%2C343&ssl=1&resize=350%2C200","width":350,"height":200,"srcset":"https:\/\/i0.wp.com\/aynakol.org\/wp-content\/uploads\/2015\/04\/TUR2015_stage_4_poster_home_of_fethiye_marmaris.jpg?fit=800%2C343&ssl=1&resize=350%2C200 1x, https:\/\/i0.wp.com\/aynakol.org\/wp-content\/uploads\/2015\/04\/TUR2015_stage_4_poster_home_of_fethiye_marmaris.jpg?fit=800%2C343&ssl=1&resize=525%2C300 1.5x, https:\/\/i0.wp.com\/aynakol.org\/wp-content\/uploads\/2015\/04\/TUR2015_stage_4_poster_home_of_fethiye_marmaris.jpg?fit=800%2C343&ssl=1&resize=700%2C400 2x"},"classes":[]},{"id":1033,"url":"https:\/\/aynakol.org\/?p=1033","url_meta":{"origin":984,"position":3},"title":"#TUR2015 8. Etap: \u0130stanbul &#8211; istanbul","author":"Ayd\u0131n Bez","date":"2 May\u0131s 2015","format":false,"excerpt":"7. etab\u0131n k\u0131sa \u00f6zeti Etixx-QuickStep tak\u0131m\u0131n\u0131n son 10 km'de b\u00f6l\u00fcnen pelotonu birle\u015ftirip Mark Cavendish'i etap galibiyetine ta\u015f\u0131d\u0131klar\u0131 168 km uzunlu\u011fundaki Sel\u00e7uk - \u0130zmir aras\u0131nda pedallanan TUR2015 7. etab\u0131nda adeta di\u011fer tak\u0131mlara ders verdiler. B\u00f6ylece Mark Cavendish ge\u00e7en senede dahil olmak \u00fczere TUR boyunca 7 etap zaferi elde etti. Biti\u015fe son\u2026","rel":"","context":"&quot;Tour of Turkey&quot; i\u00e7inde","block_context":{"text":"Tour of Turkey","link":"https:\/\/aynakol.org\/?cat=704"},"img":{"alt_text":"","src":"https:\/\/i0.wp.com\/aynakol.org\/wp-content\/uploads\/2015\/05\/TUR2015_stage_8_home_of_istanbul_poster.jpg?fit=1200%2C675&ssl=1&resize=350%2C200","width":350,"height":200,"srcset":"https:\/\/i0.wp.com\/aynakol.org\/wp-content\/uploads\/2015\/05\/TUR2015_stage_8_home_of_istanbul_poster.jpg?fit=1200%2C675&ssl=1&resize=350%2C200 1x, https:\/\/i0.wp.com\/aynakol.org\/wp-content\/uploads\/2015\/05\/TUR2015_stage_8_home_of_istanbul_poster.jpg?fit=1200%2C675&ssl=1&resize=525%2C300 1.5x, https:\/\/i0.wp.com\/aynakol.org\/wp-content\/uploads\/2015\/05\/TUR2015_stage_8_home_of_istanbul_poster.jpg?fit=1200%2C675&ssl=1&resize=700%2C400 2x, https:\/\/i0.wp.com\/aynakol.org\/wp-content\/uploads\/2015\/05\/TUR2015_stage_8_home_of_istanbul_poster.jpg?fit=1200%2C675&ssl=1&resize=1050%2C600 3x"},"classes":[]},{"id":928,"url":"https:\/\/aynakol.org\/?p=928","url_meta":{"origin":984,"position":4},"title":"#TUR2015 2. Etap: Alanya &#8211; Antalya","author":"Ayd\u0131n Bez","date":"27 Nisan 2015","format":false,"excerpt":"\u00a0 2. etap: Alanya - Antalya: 182 km (27 Nisan) Alanya - Antalya aras\u0131nda pedallanacak 182 km uzunlu\u011fundaki 2. etapta t\u0131rman\u0131\u015f primi bulunmuyor. Ge\u00e7en seneki etapla ayn\u0131, bildi\u011fimiz sprint etab\u0131, tek fark Kemer yerine Antalyada bitecek olmas\u0131 ve uzunlu\u011fu. TUR2014'de Alanya - Kemer aras\u0131 pedallanan etapta zafer Omega Pharma -\u2026","rel":"","context":"&quot;Tour of Turkey&quot; i\u00e7inde","block_context":{"text":"Tour of Turkey","link":"https:\/\/aynakol.org\/?cat=704"},"img":{"alt_text":"","src":"https:\/\/i0.wp.com\/aynakol.org\/wp-content\/uploads\/2015\/04\/TUR2015_stage_2_poster_alanya_antalya.jpg?fit=800%2C294&ssl=1&resize=350%2C200","width":350,"height":200,"srcset":"https:\/\/i0.wp.com\/aynakol.org\/wp-content\/uploads\/2015\/04\/TUR2015_stage_2_poster_alanya_antalya.jpg?fit=800%2C294&ssl=1&resize=350%2C200 1x, https:\/\/i0.wp.com\/aynakol.org\/wp-content\/uploads\/2015\/04\/TUR2015_stage_2_poster_alanya_antalya.jpg?fit=800%2C294&ssl=1&resize=525%2C300 1.5x, https:\/\/i0.wp.com\/aynakol.org\/wp-content\/uploads\/2015\/04\/TUR2015_stage_2_poster_alanya_antalya.jpg?fit=800%2C294&ssl=1&resize=700%2C400 2x"},"classes":[]},{"id":915,"url":"https:\/\/aynakol.org\/?p=915","url_meta":{"origin":984,"position":5},"title":"#TUR2015 1. Etap Alanya &#8211; Alanya","author":"Ayd\u0131n Bez","date":"26 Nisan 2015","format":false,"excerpt":"Bu y\u0131l 51. kez\u0131 pedallanacak Cumhurba\u015fkanl\u0131\u011f\u0131 Bisiklet Turunun a\u00e7\u0131l\u0131\u015f\u0131 i\u00e7in 21 tak\u0131mdan 168 pedalAlanya - Alanya sprint etab\u0131nda turkuaz mayo i\u00e7in m\u00fccadele edecek! 1. etap saat 11:30'da ba\u015flayacak olup g\u00f6zleriniz TRT ve EuroSport ekranlar\u0131nda olsun. 1. etap: Alanya - Alanya: 145 km (26 Nisan) TUR2015'in a\u00e7\u0131l\u0131\u015f etab\u0131 145 km uzunlu\u011funda\u2026","rel":"","context":"&quot;Tour of Turkey&quot; i\u00e7inde","block_context":{"text":"Tour of Turkey","link":"https:\/\/aynakol.org\/?cat=704"},"img":{"alt_text":"","src":"https:\/\/i0.wp.com\/aynakol.org\/wp-content\/uploads\/2015\/04\/TUR2015_stage_1_alanya_alanya_header.jpg?fit=800%2C251&ssl=1&resize=350%2C200","width":350,"height":200,"srcset":"https:\/\/i0.wp.com\/aynakol.org\/wp-content\/uploads\/2015\/04\/TUR2015_stage_1_alanya_alanya_header.jpg?fit=800%2C251&ssl=1&resize=350%2C200 1x, https:\/\/i0.wp.com\/aynakol.org\/wp-content\/uploads\/2015\/04\/TUR2015_stage_1_alanya_alanya_header.jpg?fit=800%2C251&ssl=1&resize=525%2C300 1.5x, https:\/\/i0.wp.com\/aynakol.org\/wp-content\/uploads\/2015\/04\/TUR2015_stage_1_alanya_alanya_header.jpg?fit=800%2C251&ssl=1&resize=700%2C400 2x"},"classes":[]}],"_links":{"self":[{"href":"https:\/\/aynakol.org\/index.php?rest_route=\/wp\/v2\/posts\/984","targetHints":{"allow":["GET"]}}],"collection":[{"href":"https:\/\/aynakol.org\/index.php?rest_route=\/wp\/v2\/posts"}],"about":[{"href":"https:\/\/aynakol.org\/index.php?rest_route=\/wp\/v2\/types\/post"}],"author":[{"embeddable":true,"href":"https:\/\/aynakol.org\/index.php?rest_route=\/wp\/v2\/users\/1"}],"replies":[{"embeddable":true,"href":"https:\/\/aynakol.org\/index.php?rest_route=%2Fwp%2Fv2%2Fcomments&post=984"}],"version-history":[{"count":7,"href":"https:\/\/aynakol.org\/index.php?rest_route=\/wp\/v2\/posts\/984\/revisions"}],"predecessor-version":[{"id":1004,"href":"https:\/\/aynakol.org\/index.php?rest_route=\/wp\/v2\/posts\/984\/revisions\/1004"}],"wp:featuredmedia":[{"embeddable":true,"href":"https:\/\/aynakol.org\/index.php?rest_route=\/wp\/v2\/media\/991"}],"wp:attachment":[{"href":"https:\/\/aynakol.org\/index.php?rest_route=%2Fwp%2Fv2%2Fmedia&parent=984"}],"wp:term":[{"taxonomy":"category","embeddable":true,"href":"https:\/\/aynakol.org\/index.php?rest_route=%2Fwp%2Fv2%2Fcategories&post=984"},{"taxonomy":"post_tag","embeddable":true,"href":"https:\/\/aynakol.org\/index.php?rest_route=%2Fwp%2Fv2%2Ftags&post=984"}],"curies":[{"name":"wp","href":"https:\/\/api.w.org\/{rel}","templated":true}]}}